{"id":90405,"date":"2026-08-31T12:42:41","date_gmt":"2026-08-31T10:42:41","guid":{"rendered":"https:\/\/www.vfplus.org.za\/?p=90405"},"modified":"2026-08-31T12:46:02","modified_gmt":"2026-08-31T10:46:02","slug":"wes-kaap-stel-ad-hoc-komitee-in-om-misdaadkrisis-te-ondersoek","status":"publish","type":"post","link":"https:\/\/www.vfplus.org.za\/af\/mediaverklarings\/wes-kaap-stel-ad-hoc-komitee-in-om-misdaadkrisis-te-ondersoek\/","title":{"rendered":"Wes-Kaap stel ad hoc komitee in om misdaadkrisis te ondersoek"},"content":{"rendered":"\n<p class=\"wp-block-paragraph\">Die VF Plus verwelkom die besluit van die Wes-Kaap se provinsiale parlement om \u2019n ad hoc-komitee in te stel wat die patrone en tendense van misdaad in die provinsie gaan ondersoek.<\/p>\n\n\n\n<p class=\"wp-block-paragraph\">Hierdie stap volg op \u2019n vraag wat die VF Plus onlangs aan die premier, Alan Winde, gestel het oor waarom sy belofte om polisiebevoegdhede na die Wes-Kaap af te wentel, n\u00e1 sewe jaar nog nie gerealiseer het nie. Volgens die premier word \u0149 nuwe polisi\u00ebringsmodel oorweeg.<\/p>\n\n\n\n<p class=\"wp-block-paragraph\">Alhoewel die mosie wat die komitee instel nie uitdruklik na die devolusie van polisiebevoegdhede verwys nie, beskou die VF Plus dit as \u2019n stap in die regte rigting.<\/p>\n\n\n\n<p class=\"wp-block-paragraph\">Die komitee se bevindinge kan waardevolle bewyse lewer van waar die huidige stelsel faal en watter bykomende magte, hulpbronne en funksies die Wes-Kaap nodig het om geweldsmisdaad meer doeltreffend te bekamp.<\/p>\n\n\n\n<p class=\"wp-block-paragraph\">Die VF Plus is bemoedig deur die bre\u00eb steun wat tydens die sitting uitgespreek is vir die aanbevelings wat die party gemaak het. Dit toon dat daar \u2019n groeiende bereidwilligheid is om gemeenskaplike grond te vind en saam te werk aan oplossings wat die veiligheid van inwoners eerste stel.<\/p>\n\n\n\n<p class=\"wp-block-paragraph\">Die stryd teen geweldsmisdaad moet groter wees as partypolitiek. Waar daar gemeenskaplike grond is, moet partye saamstaan om die veiligheid van gemeenskappe te beskerm.<\/p>\n","protected":false},"excerpt":{"rendered":"<p>Die VF Plus verwelkom die besluit van die Wes-Kaap se provinsiale parlement om \u2019n ad hoc-komitee in te stel wat die patrone en tendense van misdaad in die provinsie gaan ondersoek. Hierdie stap volg op \u2019n vraag wat die VF Plus onlangs aan die premier, Alan Winde, gestel het oor waarom sy belofte om polisiebevoegdhede [&hellip;]<\/p>\n","protected":false},"author":5,"featured_media":90406,"comment_status":"closed","ping_status":"closed","sticky":false,"template":"","format":"standard","meta":{"_acf_changed":false,"_relevanssi_hide_post":"","_relevanssi_hide_content":"","_relevanssi_pin_for_all":"","_relevanssi_pin_keywords":"","_relevanssi_unpin_keywords":"","_relevanssi_related_keywords":"","_relevanssi_related_include_ids":"","_relevanssi_related_exclude_ids":"","_relevanssi_related_no_append":"","_relevanssi_related_not_related":"","_relevanssi_related_posts":"65909,79065,84118,59926,17514,63836","_relevanssi_noindex_reason":"","footnotes":""},"categories":[100],"tags":[],"ppma_author":[197],"class_list":["post-90405","post","type-post","status-publish","format-standard","has-post-thumbnail","hentry","category-mediaverklarings"],"acf":[],"yoast_head":"<!-- This site is optimized with the Yoast SEO plugin v28.3 - https:\/\/yoast.com\/product\/yoast-seo-wordpress\/ -->\n<title>Wes-Kaap stel ad hoc komitee in om misdaadkrisis te ondersoek | Vryheidsfront Plus<\/title>\n<meta name=\"description\" content=\"Die VF Plus verwelkom die besluit van die Wes-Kaap se provinsiale parlement om \u2019n ad hoc-komitee in te stel wat die patrone en tendense van misdaad in die\" \/>\n<meta name=\"robots\" content=\"index, follow, max-snippet:-1, max-image-preview:large, max-video-preview:-1\" \/>\n<link rel=\"canonical\" href=\"https:\/\/www.vfplus.org.za\/af\/mediaverklarings\/wes-kaap-stel-ad-hoc-komitee-in-om-misdaadkrisis-te-ondersoek\/\" \/>\n<meta property=\"og:locale\" content=\"af_ZA\" \/>\n<meta property=\"og:type\" content=\"article\" \/>\n<meta property=\"og:title\" content=\"Wes-Kaap stel ad hoc komitee in om misdaadkrisis te ondersoek | Vryheidsfront Plus\" \/>\n<meta property=\"og:description\" content=\"Die VF Plus verwelkom die besluit van die Wes-Kaap se provinsiale parlement om \u2019n ad hoc-komitee in te stel wat die patrone en tendense van misdaad in die\" \/>\n<meta property=\"og:url\" content=\"https:\/\/www.vfplus.org.za\/af\/mediaverklarings\/wes-kaap-stel-ad-hoc-komitee-in-om-misdaadkrisis-te-ondersoek\/\" \/>\n<meta property=\"og:site_name\" content=\"Vryheidsfront Plus\" \/>\n<meta property=\"article:publisher\" content=\"https:\/\/www.facebook.com\/VFplus?fref=ts\" \/>\n<meta property=\"article:published_time\" content=\"2026-08-31T10:42:41+00:00\" \/>\n<meta property=\"article:modified_time\" content=\"2026-08-31T10:46:02+00:00\" \/>\n<meta property=\"og:image\" content=\"https:\/\/www.vfplus.org.za\/wp-content\/uploads\/2026\/08\/freedomfront_plus_Wes-Kaap-stel-ad-hoc-komitee-in-om-misdaadkrisis-te-ondersoek.png\" \/>\n\t<meta property=\"og:image:width\" content=\"1024\" \/>\n\t<meta property=\"og:image:height\" content=\"768\" \/>\n\t<meta property=\"og:image:type\" content=\"image\/png\" \/>\n<meta name=\"author\" content=\"Grant Marais\" \/>\n<meta name=\"twitter:card\" content=\"summary_large_image\" \/>\n<meta name=\"twitter:creator\" content=\"@VFplus\" \/>\n<meta name=\"twitter:site\" content=\"@VFplus\" \/>\n<meta name=\"twitter:label1\" content=\"Written by\" \/>\n\t<meta name=\"twitter:data1\" content=\"brand_candy_amy\" \/>\n\t<meta name=\"twitter:label2\" content=\"Est. reading time\" \/>\n\t<meta name=\"twitter:data2\" content=\"2 minutes\" \/>\n<script type=\"application\/ld+json\" class=\"yoast-schema-graph\">{\"@context\":\"https:\\\/\\\/schema.org\",\"@graph\":[{\"@type\":\"Article\",\"@id\":\"https:\\\/\\\/www.vfplus.org.za\\\/af\\\/mediaverklarings\\\/wes-kaap-stel-ad-hoc-komitee-in-om-misdaadkrisis-te-ondersoek\\\/#article\",\"isPartOf\":{\"@id\":\"https:\\\/\\\/www.vfplus.org.za\\\/af\\\/mediaverklarings\\\/wes-kaap-stel-ad-hoc-komitee-in-om-misdaadkrisis-te-ondersoek\\\/\"},\"author\":{\"name\":\"brand_candy_amy\",\"@id\":\"https:\\\/\\\/www.vfplus.org.za\\\/af\\\/#\\\/schema\\\/person\\\/2c3e703fc713d95efd7b7bf7b34646f4\"},\"headline\":\"Wes-Kaap stel ad hoc komitee in om misdaadkrisis te ondersoek\",\"datePublished\":\"2026-08-31T10:42:41+00:00\",\"dateModified\":\"2026-08-31T10:46:02+00:00\",\"mainEntityOfPage\":{\"@id\":\"https:\\\/\\\/www.vfplus.org.za\\\/af\\\/mediaverklarings\\\/wes-kaap-stel-ad-hoc-komitee-in-om-misdaadkrisis-te-ondersoek\\\/\"},\"wordCount\":219,\"publisher\":{\"@id\":\"https:\\\/\\\/www.vfplus.org.za\\\/af\\\/#organization\"},\"image\":{\"@id\":\"https:\\\/\\\/www.vfplus.org.za\\\/af\\\/mediaverklarings\\\/wes-kaap-stel-ad-hoc-komitee-in-om-misdaadkrisis-te-ondersoek\\\/#primaryimage\"},\"thumbnailUrl\":\"https:\\\/\\\/www.vfplus.org.za\\\/wp-content\\\/uploads\\\/2026\\\/08\\\/freedomfront_plus_Wes-Kaap-stel-ad-hoc-komitee-in-om-misdaadkrisis-te-ondersoek.png\",\"articleSection\":[\"Mediaverklarings\"],\"inLanguage\":\"af-ZA\"},{\"@type\":\"WebPage\",\"@id\":\"https:\\\/\\\/www.vfplus.org.za\\\/af\\\/mediaverklarings\\\/wes-kaap-stel-ad-hoc-komitee-in-om-misdaadkrisis-te-ondersoek\\\/\",\"url\":\"https:\\\/\\\/www.vfplus.org.za\\\/af\\\/mediaverklarings\\\/wes-kaap-stel-ad-hoc-komitee-in-om-misdaadkrisis-te-ondersoek\\\/\",\"name\":\"Wes-Kaap stel ad hoc komitee in om misdaadkrisis te ondersoek | Vryheidsfront Plus\",\"isPartOf\":{\"@id\":\"https:\\\/\\\/www.vfplus.org.za\\\/af\\\/#website\"},\"primaryImageOfPage\":{\"@id\":\"https:\\\/\\\/www.vfplus.org.za\\\/af\\\/mediaverklarings\\\/wes-kaap-stel-ad-hoc-komitee-in-om-misdaadkrisis-te-ondersoek\\\/#primaryimage\"},\"image\":{\"@id\":\"https:\\\/\\\/www.vfplus.org.za\\\/af\\\/mediaverklarings\\\/wes-kaap-stel-ad-hoc-komitee-in-om-misdaadkrisis-te-ondersoek\\\/#primaryimage\"},\"thumbnailUrl\":\"https:\\\/\\\/www.vfplus.org.za\\\/wp-content\\\/uploads\\\/2026\\\/08\\\/freedomfront_plus_Wes-Kaap-stel-ad-hoc-komitee-in-om-misdaadkrisis-te-ondersoek.png\",\"datePublished\":\"2026-08-31T10:42:41+00:00\",\"dateModified\":\"2026-08-31T10:46:02+00:00\",\"description\":\"Die VF Plus verwelkom die besluit van die Wes-Kaap se provinsiale parlement om \u2019n ad hoc-komitee in te stel wat die patrone en tendense van misdaad in die\",\"breadcrumb\":{\"@id\":\"https:\\\/\\\/www.vfplus.org.za\\\/af\\\/mediaverklarings\\\/wes-kaap-stel-ad-hoc-komitee-in-om-misdaadkrisis-te-ondersoek\\\/#breadcrumb\"},\"inLanguage\":\"af-ZA\",\"potentialAction\":[{\"@type\":\"ReadAction\",\"target\":[\"https:\\\/\\\/www.vfplus.org.za\\\/af\\\/mediaverklarings\\\/wes-kaap-stel-ad-hoc-komitee-in-om-misdaadkrisis-te-ondersoek\\\/\"]}]},{\"@type\":\"ImageObject\",\"inLanguage\":\"af-ZA\",\"@id\":\"https:\\\/\\\/www.vfplus.org.za\\\/af\\\/mediaverklarings\\\/wes-kaap-stel-ad-hoc-komitee-in-om-misdaadkrisis-te-ondersoek\\\/#primaryimage\",\"url\":\"https:\\\/\\\/www.vfplus.org.za\\\/wp-content\\\/uploads\\\/2026\\\/08\\\/freedomfront_plus_Wes-Kaap-stel-ad-hoc-komitee-in-om-misdaadkrisis-te-ondersoek.png\",\"contentUrl\":\"https:\\\/\\\/www.vfplus.org.za\\\/wp-content\\\/uploads\\\/2026\\\/08\\\/freedomfront_plus_Wes-Kaap-stel-ad-hoc-komitee-in-om-misdaadkrisis-te-ondersoek.png\",\"width\":1024,\"height\":768},{\"@type\":\"BreadcrumbList\",\"@id\":\"https:\\\/\\\/www.vfplus.org.za\\\/af\\\/mediaverklarings\\\/wes-kaap-stel-ad-hoc-komitee-in-om-misdaadkrisis-te-ondersoek\\\/#breadcrumb\",\"itemListElement\":[{\"@type\":\"ListItem\",\"position\":1,\"name\":\"Tuis\",\"item\":\"https:\\\/\\\/www.vfplus.org.za\\\/af\\\/\"},{\"@type\":\"ListItem\",\"position\":2,\"name\":\"Wes-Kaap stel ad hoc komitee in om misdaadkrisis te ondersoek\"}]},{\"@type\":\"WebSite\",\"@id\":\"https:\\\/\\\/www.vfplus.org.za\\\/af\\\/#website\",\"url\":\"https:\\\/\\\/www.vfplus.org.za\\\/af\\\/\",\"name\":\"Freedom Front Plus\",\"description\":\"Stand Up | Stand Together | Stand Strong\",\"publisher\":{\"@id\":\"https:\\\/\\\/www.vfplus.org.za\\\/af\\\/#organization\"},\"potentialAction\":[{\"@type\":\"SearchAction\",\"target\":{\"@type\":\"EntryPoint\",\"urlTemplate\":\"https:\\\/\\\/www.vfplus.org.za\\\/af\\\/?s={search_term_string}\"},\"query-input\":{\"@type\":\"PropertyValueSpecification\",\"valueRequired\":true,\"valueName\":\"search_term_string\"}}],\"inLanguage\":\"af-ZA\"},{\"@type\":\"Organization\",\"@id\":\"https:\\\/\\\/www.vfplus.org.za\\\/af\\\/#organization\",\"name\":\"Vryheidsfront Plus\",\"alternateName\":\"VF Plus\",\"url\":\"https:\\\/\\\/www.vfplus.org.za\\\/af\\\/\",\"logo\":{\"@type\":\"ImageObject\",\"inLanguage\":\"af-ZA\",\"@id\":\"https:\\\/\\\/www.vfplus.org.za\\\/af\\\/#\\\/schema\\\/logo\\\/image\\\/\",\"url\":\"https:\\\/\\\/www.vfplus.org.za\\\/wp-content\\\/uploads\\\/2022\\\/11\\\/vfplus-logo-01.png\",\"contentUrl\":\"https:\\\/\\\/www.vfplus.org.za\\\/wp-content\\\/uploads\\\/2022\\\/11\\\/vfplus-logo-01.png\",\"width\":130,\"height\":130,\"caption\":\"Vryheidsfront Plus\"},\"image\":{\"@id\":\"https:\\\/\\\/www.vfplus.org.za\\\/af\\\/#\\\/schema\\\/logo\\\/image\\\/\"},\"sameAs\":[\"https:\\\/\\\/www.facebook.com\\\/VFplus?fref=ts\",\"https:\\\/\\\/x.com\\\/VFplus\",\"https:\\\/\\\/www.instagram.com\\\/vfplus_ffplus\\\/?hl=en\",\"https:\\\/\\\/www.youtube.com\\\/user\\\/VRYHEIDSFRONTplus\"]},{\"@type\":\"Person\",\"@id\":\"https:\\\/\\\/www.vfplus.org.za\\\/af\\\/#\\\/schema\\\/person\\\/2c3e703fc713d95efd7b7bf7b34646f4\",\"name\":\"brand_candy_amy\",\"image\":{\"@type\":\"ImageObject\",\"inLanguage\":\"af-ZA\",\"@id\":\"https:\\\/\\\/secure.gravatar.com\\\/avatar\\\/d295c22bd41c5cb61e8aa7fcafe90d2d2302363bc123897b40165ee0165d4f6b?s=96&d=mm&r=g45c99b902ec3fd12cf6977a6b6edf27a\",\"url\":\"https:\\\/\\\/secure.gravatar.com\\\/avatar\\\/d295c22bd41c5cb61e8aa7fcafe90d2d2302363bc123897b40165ee0165d4f6b?s=96&d=mm&r=g\",\"contentUrl\":\"https:\\\/\\\/secure.gravatar.com\\\/avatar\\\/d295c22bd41c5cb61e8aa7fcafe90d2d2302363bc123897b40165ee0165d4f6b?s=96&d=mm&r=g\",\"caption\":\"brand_candy_amy\"},\"sameAs\":[\"https:\\\/\\\/brandcandy.co.za\"],\"url\":\"https:\\\/\\\/www.vfplus.org.za\\\/af\\\/author\\\/brand_candy_amy\\\/\"}]}<\/script>\n<!-- \/ Yoast SEO plugin. -->","yoast_head_json":{"title":"Wes-Kaap stel ad hoc komitee in om misdaadkrisis te ondersoek | Vryheidsfront Plus","description":"Die VF Plus verwelkom die besluit van die Wes-Kaap se provinsiale parlement om \u2019n ad hoc-komitee in te stel wat die patrone en tendense van misdaad in die","robots":{"index":"index","follow":"follow","max-snippet":"max-snippet:-1","max-image-preview":"max-image-preview:large","max-video-preview":"max-video-preview:-1"},"canonical":"https:\/\/www.vfplus.org.za\/af\/mediaverklarings\/wes-kaap-stel-ad-hoc-komitee-in-om-misdaadkrisis-te-ondersoek\/","og_locale":"af_ZA","og_type":"article","og_title":"Wes-Kaap stel ad hoc komitee in om misdaadkrisis te ondersoek | Vryheidsfront Plus","og_description":"Die VF Plus verwelkom die besluit van die Wes-Kaap se provinsiale parlement om \u2019n ad hoc-komitee in te stel wat die patrone en tendense van misdaad in die","og_url":"https:\/\/www.vfplus.org.za\/af\/mediaverklarings\/wes-kaap-stel-ad-hoc-komitee-in-om-misdaadkrisis-te-ondersoek\/","og_site_name":"Vryheidsfront Plus","article_publisher":"https:\/\/www.facebook.com\/VFplus?fref=ts","article_published_time":"2026-08-31T10:42:41+00:00","article_modified_time":"2026-08-31T10:46:02+00:00","og_image":[{"width":1024,"height":768,"url":"https:\/\/www.vfplus.org.za\/wp-content\/uploads\/2026\/08\/freedomfront_plus_Wes-Kaap-stel-ad-hoc-komitee-in-om-misdaadkrisis-te-ondersoek.png","type":"image\/png"}],"author":"Grant Marais","twitter_card":"summary_large_image","twitter_creator":"@VFplus","twitter_site":"@VFplus","twitter_misc":{"Written by":"brand_candy_amy","Est. reading time":"2 minutes"},"schema":{"@context":"https:\/\/schema.org","@graph":[{"@type":"Article","@id":"https:\/\/www.vfplus.org.za\/af\/mediaverklarings\/wes-kaap-stel-ad-hoc-komitee-in-om-misdaadkrisis-te-ondersoek\/#article","isPartOf":{"@id":"https:\/\/www.vfplus.org.za\/af\/mediaverklarings\/wes-kaap-stel-ad-hoc-komitee-in-om-misdaadkrisis-te-ondersoek\/"},"author":{"name":"brand_candy_amy","@id":"https:\/\/www.vfplus.org.za\/af\/#\/schema\/person\/2c3e703fc713d95efd7b7bf7b34646f4"},"headline":"Wes-Kaap stel ad hoc komitee in om misdaadkrisis te ondersoek","datePublished":"2026-08-31T10:42:41+00:00","dateModified":"2026-08-31T10:46:02+00:00","mainEntityOfPage":{"@id":"https:\/\/www.vfplus.org.za\/af\/mediaverklarings\/wes-kaap-stel-ad-hoc-komitee-in-om-misdaadkrisis-te-ondersoek\/"},"wordCount":219,"publisher":{"@id":"https:\/\/www.vfplus.org.za\/af\/#organization"},"image":{"@id":"https:\/\/www.vfplus.org.za\/af\/mediaverklarings\/wes-kaap-stel-ad-hoc-komitee-in-om-misdaadkrisis-te-ondersoek\/#primaryimage"},"thumbnailUrl":"https:\/\/www.vfplus.org.za\/wp-content\/uploads\/2026\/08\/freedomfront_plus_Wes-Kaap-stel-ad-hoc-komitee-in-om-misdaadkrisis-te-ondersoek.png","articleSection":["Mediaverklarings"],"inLanguage":"af-ZA"},{"@type":"WebPage","@id":"https:\/\/www.vfplus.org.za\/af\/mediaverklarings\/wes-kaap-stel-ad-hoc-komitee-in-om-misdaadkrisis-te-ondersoek\/","url":"https:\/\/www.vfplus.org.za\/af\/mediaverklarings\/wes-kaap-stel-ad-hoc-komitee-in-om-misdaadkrisis-te-ondersoek\/","name":"Wes-Kaap stel ad hoc komitee in om misdaadkrisis te ondersoek | Vryheidsfront Plus","isPartOf":{"@id":"https:\/\/www.vfplus.org.za\/af\/#website"},"primaryImageOfPage":{"@id":"https:\/\/www.vfplus.org.za\/af\/mediaverklarings\/wes-kaap-stel-ad-hoc-komitee-in-om-misdaadkrisis-te-ondersoek\/#primaryimage"},"image":{"@id":"https:\/\/www.vfplus.org.za\/af\/mediaverklarings\/wes-kaap-stel-ad-hoc-komitee-in-om-misdaadkrisis-te-ondersoek\/#primaryimage"},"thumbnailUrl":"https:\/\/www.vfplus.org.za\/wp-content\/uploads\/2026\/08\/freedomfront_plus_Wes-Kaap-stel-ad-hoc-komitee-in-om-misdaadkrisis-te-ondersoek.png","datePublished":"2026-08-31T10:42:41+00:00","dateModified":"2026-08-31T10:46:02+00:00","description":"Die VF Plus verwelkom die besluit van die Wes-Kaap se provinsiale parlement om \u2019n ad hoc-komitee in te stel wat die patrone en tendense van misdaad in die","breadcrumb":{"@id":"https:\/\/www.vfplus.org.za\/af\/mediaverklarings\/wes-kaap-stel-ad-hoc-komitee-in-om-misdaadkrisis-te-ondersoek\/#breadcrumb"},"inLanguage":"af-ZA","potentialAction":[{"@type":"ReadAction","target":["https:\/\/www.vfplus.org.za\/af\/mediaverklarings\/wes-kaap-stel-ad-hoc-komitee-in-om-misdaadkrisis-te-ondersoek\/"]}]},{"@type":"ImageObject","inLanguage":"af-ZA","@id":"https:\/\/www.vfplus.org.za\/af\/mediaverklarings\/wes-kaap-stel-ad-hoc-komitee-in-om-misdaadkrisis-te-ondersoek\/#primaryimage","url":"https:\/\/www.vfplus.org.za\/wp-content\/uploads\/2026\/08\/freedomfront_plus_Wes-Kaap-stel-ad-hoc-komitee-in-om-misdaadkrisis-te-ondersoek.png","contentUrl":"https:\/\/www.vfplus.org.za\/wp-content\/uploads\/2026\/08\/freedomfront_plus_Wes-Kaap-stel-ad-hoc-komitee-in-om-misdaadkrisis-te-ondersoek.png","width":1024,"height":768},{"@type":"BreadcrumbList","@id":"https:\/\/www.vfplus.org.za\/af\/mediaverklarings\/wes-kaap-stel-ad-hoc-komitee-in-om-misdaadkrisis-te-ondersoek\/#breadcrumb","itemListElement":[{"@type":"ListItem","position":1,"name":"Tuis","item":"https:\/\/www.vfplus.org.za\/af\/"},{"@type":"ListItem","position":2,"name":"Wes-Kaap stel ad hoc komitee in om misdaadkrisis te ondersoek"}]},{"@type":"WebSite","@id":"https:\/\/www.vfplus.org.za\/af\/#website","url":"https:\/\/www.vfplus.org.za\/af\/","name":"Freedom Front Plus","description":"Stand Up | Stand Together | Stand Strong","publisher":{"@id":"https:\/\/www.vfplus.org.za\/af\/#organization"},"potentialAction":[{"@type":"SearchAction","target":{"@type":"EntryPoint","urlTemplate":"https:\/\/www.vfplus.org.za\/af\/?s={search_term_string}"},"query-input":{"@type":"PropertyValueSpecification","valueRequired":true,"valueName":"search_term_string"}}],"inLanguage":"af-ZA"},{"@type":"Organization","@id":"https:\/\/www.vfplus.org.za\/af\/#organization","name":"Vryheidsfront Plus","alternateName":"VF Plus","url":"https:\/\/www.vfplus.org.za\/af\/","logo":{"@type":"ImageObject","inLanguage":"af-ZA","@id":"https:\/\/www.vfplus.org.za\/af\/#\/schema\/logo\/image\/","url":"https:\/\/www.vfplus.org.za\/wp-content\/uploads\/2022\/11\/vfplus-logo-01.png","contentUrl":"https:\/\/www.vfplus.org.za\/wp-content\/uploads\/2022\/11\/vfplus-logo-01.png","width":130,"height":130,"caption":"Vryheidsfront Plus"},"image":{"@id":"https:\/\/www.vfplus.org.za\/af\/#\/schema\/logo\/image\/"},"sameAs":["https:\/\/www.facebook.com\/VFplus?fref=ts","https:\/\/x.com\/VFplus","https:\/\/www.instagram.com\/vfplus_ffplus\/?hl=en","https:\/\/www.youtube.com\/user\/VRYHEIDSFRONTplus"]},{"@type":"Person","@id":"https:\/\/www.vfplus.org.za\/af\/#\/schema\/person\/2c3e703fc713d95efd7b7bf7b34646f4","name":"brand_candy_amy","image":{"@type":"ImageObject","inLanguage":"af-ZA","@id":"https:\/\/secure.gravatar.com\/avatar\/d295c22bd41c5cb61e8aa7fcafe90d2d2302363bc123897b40165ee0165d4f6b?s=96&d=mm&r=g45c99b902ec3fd12cf6977a6b6edf27a","url":"https:\/\/secure.gravatar.com\/avatar\/d295c22bd41c5cb61e8aa7fcafe90d2d2302363bc123897b40165ee0165d4f6b?s=96&d=mm&r=g","contentUrl":"https:\/\/secure.gravatar.com\/avatar\/d295c22bd41c5cb61e8aa7fcafe90d2d2302363bc123897b40165ee0165d4f6b?s=96&d=mm&r=g","caption":"brand_candy_amy"},"sameAs":["https:\/\/brandcandy.co.za"],"url":"https:\/\/www.vfplus.org.za\/af\/author\/brand_candy_amy\/"}]}},"authors":[{"term_id":197,"user_id":0,"is_guest":1,"slug":"grant-marais","display_name":"Grant Marais","avatar_url":{"url":"https:\/\/www.vfplus.org.za\/wp-content\/uploads\/2023\/08\/freedomfront-authors-grant-marais-city-of-cape-town.jpg-e1695378532125.png","url2x":"https:\/\/www.vfplus.org.za\/wp-content\/uploads\/2023\/08\/freedomfront-authors-grant-marais-city-of-cape-town.jpg-e1695378532125.png"},"author_category":"","user_url":"","last_name":"","first_name":"","job_title":"","description":""}],"_links":{"self":[{"href":"https:\/\/www.vfplus.org.za\/af\/wp-json\/wp\/v2\/posts\/90405","targetHints":{"allow":["GET"]}}],"collection":[{"href":"https:\/\/www.vfplus.org.za\/af\/wp-json\/wp\/v2\/posts"}],"about":[{"href":"https:\/\/www.vfplus.org.za\/af\/wp-json\/wp\/v2\/types\/post"}],"author":[{"embeddable":true,"href":"https:\/\/www.vfplus.org.za\/af\/wp-json\/wp\/v2\/users\/5"}],"replies":[{"embeddable":true,"href":"https:\/\/www.vfplus.org.za\/af\/wp-json\/wp\/v2\/comments?post=90405"}],"version-history":[{"count":2,"href":"https:\/\/www.vfplus.org.za\/af\/wp-json\/wp\/v2\/posts\/90405\/revisions"}],"predecessor-version":[{"id":90409,"href":"https:\/\/www.vfplus.org.za\/af\/wp-json\/wp\/v2\/posts\/90405\/revisions\/90409"}],"wp:featuredmedia":[{"embeddable":true,"href":"https:\/\/www.vfplus.org.za\/af\/wp-json\/wp\/v2\/media\/90406"}],"wp:attachment":[{"href":"https:\/\/www.vfplus.org.za\/af\/wp-json\/wp\/v2\/media?parent=90405"}],"wp:term":[{"taxonomy":"category","embeddable":true,"href":"https:\/\/www.vfplus.org.za\/af\/wp-json\/wp\/v2\/categories?post=90405"},{"taxonomy":"post_tag","embeddable":true,"href":"https:\/\/www.vfplus.org.za\/af\/wp-json\/wp\/v2\/tags?post=90405"},{"taxonomy":"author","embeddable":true,"href":"https:\/\/www.vfplus.org.za\/af\/wp-json\/wp\/v2\/ppma_author?post=90405"}],"curies":[{"name":"wp","href":"https:\/\/api.w.org\/{rel}","templated":true}]}}