{"id":88007,"date":"2026-05-05T16:22:58","date_gmt":"2026-05-05T14:22:58","guid":{"rendered":"https:\/\/www.vfplus.org.za\/?p=88007"},"modified":"2026-05-05T16:43:25","modified_gmt":"2026-05-05T14:43:25","slug":"onderburgemeester-van-tshwane-word-met-n-boete-beskerm","status":"publish","type":"post","link":"https:\/\/www.vfplus.org.za\/af\/mediaverklarings\/onderburgemeester-van-tshwane-word-met-n-boete-beskerm\/","title":{"rendered":"Onderburgemeester van Tshwane word met \u2018n boete beskerm"},"content":{"rendered":"\n<p class=\"wp-block-paragraph\">Die VF Plus het die Gautengse LUR vir plaaslike regering, mnr. Jacob Mamabolo, gevra om dringend in te gryp nadat die onderburgemeester van die Tshwane-metro, mnr. Eugene Modise, weens ernstige ongerymdhede net \u2018n boete gelykstaande aan twee maande se salaris opgel\u00ea is.<\/p>\n\n\n\n<p class=\"wp-block-paragraph\">Dit kom nadat die regerende ANC\/ActionSA\/EFF-koalisie self erken het dat Modise skuldig bevind is daaraan dat sy onderneming, Triotic Protection Services, finansi\u00eble voordeel getrek het uit \u2019n munisipale sekuriteitskontrak.<\/p>\n\n\n\n<p class=\"wp-block-paragraph\">In \u2018n skrywe aan Mamabolo noem die VF Plus dat hierdie sogenaamde dissiplin\u00eare maatre\u00ebl bepalings van die Wet op Munisipale Strukture, die Wet op Munisipale Stelsels en die Munisipale Finansi\u00eble Bestuurswet oortree.<\/p>\n\n\n\n<p class=\"wp-block-paragraph\">Artikels in di\u00e9 wetgewing bepaal duidelik dat \u2019n raadslid wat finansieel voordeel trek uit munisipale kontrakte, uit sy amp ontslaan moet word, en dat \u2018n boete nie \u2019n wettige strafsanksie is nie.<\/p>\n\n\n\n<p class=\"wp-block-paragraph\">Die VF Plus vra ook in die skrywe aan Mamabolo dat hy raadslede wat vir die boete gestem het, ingevolge die Wet op Munisipale Stelsels moet ondersoek aangesien hulle self ook aanspreeklik gehou moet word vir ongemagtigde, onre\u00eblmatige of vrugtelose besluite.<\/p>\n\n\n\n<p class=\"wp-block-paragraph\">Die VF Plus stel dit onomwonde dat sy raadslede teen hierdie besluit gestem het en dat die party sal aanhou om volle nakoming van wetgewing te eis, verwysing van onre\u00eblmatighede na wetstoepassingsagentskappe te ondersteun en te veg vir die herstel van integriteit in Tshwane se bestuur.<\/p>\n","protected":false},"excerpt":{"rendered":"<p>Die VF Plus het die Gautengse LUR vir plaaslike regering, mnr. Jacob Mamabolo, gevra om dringend in te gryp nadat die onderburgemeester van die Tshwane-metro, mnr. Eugene Modise, weens ernstige ongerymdhede net \u2018n boete gelykstaande aan twee maande se salaris opgel\u00ea is. Dit kom nadat die regerende ANC\/ActionSA\/EFF-koalisie self erken het dat Modise skuldig bevind [&hellip;]<\/p>\n","protected":false},"author":5,"featured_media":88008,"comment_status":"closed","ping_status":"closed","sticky":false,"template":"","format":"standard","meta":{"_acf_changed":false,"_relevanssi_hide_post":"","_relevanssi_hide_content":"","_relevanssi_pin_for_all":"","_relevanssi_pin_keywords":"","_relevanssi_unpin_keywords":"","_relevanssi_related_keywords":"","_relevanssi_related_include_ids":"","_relevanssi_related_exclude_ids":"","_relevanssi_related_no_append":"","_relevanssi_related_not_related":"","_relevanssi_related_posts":"80650,58262,77748,62195,61212,62197","_relevanssi_noindex_reason":"","footnotes":""},"categories":[100],"tags":[],"ppma_author":[312],"class_list":["post-88007","post","type-post","status-publish","format-standard","has-post-thumbnail","hentry","category-mediaverklarings"],"acf":[],"yoast_head":"<!-- This site is optimized with the Yoast SEO plugin v28.4 - https:\/\/yoast.com\/product\/yoast-seo-wordpress\/ -->\n<title>Onderburgemeester van Tshwane word met \u2018n boete beskerm | Vryheidsfront Plus<\/title>\n<meta name=\"description\" content=\"Die VF Plus het die Gautengse LUR vir plaaslike regering, mnr. Jacob Mamabolo, gevra om dringend in te gryp nadat die onderburgemeester van die\" \/>\n<meta name=\"robots\" content=\"index, follow, max-snippet:-1, max-image-preview:large, max-video-preview:-1\" \/>\n<link rel=\"canonical\" href=\"https:\/\/www.vfplus.org.za\/af\/mediaverklarings\/onderburgemeester-van-tshwane-word-met-n-boete-beskerm\/\" \/>\n<meta property=\"og:locale\" content=\"af_ZA\" \/>\n<meta property=\"og:type\" content=\"article\" \/>\n<meta property=\"og:title\" content=\"Onderburgemeester van Tshwane word met \u2018n boete beskerm | Vryheidsfront Plus\" \/>\n<meta property=\"og:description\" content=\"Die VF Plus het die Gautengse LUR vir plaaslike regering, mnr. Jacob Mamabolo, gevra om dringend in te gryp nadat die onderburgemeester van die\" \/>\n<meta property=\"og:url\" content=\"https:\/\/www.vfplus.org.za\/af\/mediaverklarings\/onderburgemeester-van-tshwane-word-met-n-boete-beskerm\/\" \/>\n<meta property=\"og:site_name\" content=\"Vryheidsfront Plus\" \/>\n<meta property=\"article:publisher\" content=\"https:\/\/www.facebook.com\/VFplus?fref=ts\" \/>\n<meta property=\"article:published_time\" content=\"2026-05-05T14:22:58+00:00\" \/>\n<meta property=\"article:modified_time\" content=\"2026-05-05T14:43:25+00:00\" \/>\n<meta property=\"og:image\" content=\"https:\/\/www.vfplus.org.za\/wp-content\/uploads\/2026\/05\/freedomfront_plus_Onderburgemeester-van-Tshwane-word-met-\u2018n-boete-beskerm.png\" \/>\n\t<meta property=\"og:image:width\" content=\"1024\" \/>\n\t<meta property=\"og:image:height\" content=\"768\" \/>\n\t<meta property=\"og:image:type\" content=\"image\/png\" \/>\n<meta name=\"author\" content=\"Grandi Theunissen\" \/>\n<meta name=\"twitter:card\" content=\"summary_large_image\" \/>\n<meta name=\"twitter:creator\" content=\"@VFplus\" \/>\n<meta name=\"twitter:site\" content=\"@VFplus\" \/>\n<meta name=\"twitter:label1\" content=\"Written by\" \/>\n\t<meta name=\"twitter:data1\" content=\"brand_candy_amy\" \/>\n\t<meta name=\"twitter:label2\" content=\"Est. reading time\" \/>\n\t<meta name=\"twitter:data2\" content=\"2 minutes\" \/>\n<script type=\"application\/ld+json\" class=\"yoast-schema-graph\">{\"@context\":\"https:\\\/\\\/schema.org\",\"@graph\":[{\"@type\":\"Article\",\"@id\":\"https:\\\/\\\/www.vfplus.org.za\\\/af\\\/mediaverklarings\\\/onderburgemeester-van-tshwane-word-met-n-boete-beskerm\\\/#article\",\"isPartOf\":{\"@id\":\"https:\\\/\\\/www.vfplus.org.za\\\/af\\\/mediaverklarings\\\/onderburgemeester-van-tshwane-word-met-n-boete-beskerm\\\/\"},\"author\":{\"name\":\"brand_candy_amy\",\"@id\":\"https:\\\/\\\/www.vfplus.org.za\\\/af\\\/#\\\/schema\\\/person\\\/2c3e703fc713d95efd7b7bf7b34646f4\"},\"headline\":\"Onderburgemeester van Tshwane word met \u2018n boete beskerm\",\"datePublished\":\"2026-05-05T14:22:58+00:00\",\"dateModified\":\"2026-05-05T14:43:25+00:00\",\"mainEntityOfPage\":{\"@id\":\"https:\\\/\\\/www.vfplus.org.za\\\/af\\\/mediaverklarings\\\/onderburgemeester-van-tshwane-word-met-n-boete-beskerm\\\/\"},\"wordCount\":238,\"publisher\":{\"@id\":\"https:\\\/\\\/www.vfplus.org.za\\\/af\\\/#organization\"},\"image\":{\"@id\":\"https:\\\/\\\/www.vfplus.org.za\\\/af\\\/mediaverklarings\\\/onderburgemeester-van-tshwane-word-met-n-boete-beskerm\\\/#primaryimage\"},\"thumbnailUrl\":\"https:\\\/\\\/www.vfplus.org.za\\\/wp-content\\\/uploads\\\/2026\\\/05\\\/freedomfront_plus_Onderburgemeester-van-Tshwane-word-met-\u2018n-boete-beskerm.png\",\"articleSection\":[\"Mediaverklarings\"],\"inLanguage\":\"af-ZA\"},{\"@type\":\"WebPage\",\"@id\":\"https:\\\/\\\/www.vfplus.org.za\\\/af\\\/mediaverklarings\\\/onderburgemeester-van-tshwane-word-met-n-boete-beskerm\\\/\",\"url\":\"https:\\\/\\\/www.vfplus.org.za\\\/af\\\/mediaverklarings\\\/onderburgemeester-van-tshwane-word-met-n-boete-beskerm\\\/\",\"name\":\"Onderburgemeester van Tshwane word met \u2018n boete beskerm | Vryheidsfront Plus\",\"isPartOf\":{\"@id\":\"https:\\\/\\\/www.vfplus.org.za\\\/af\\\/#website\"},\"primaryImageOfPage\":{\"@id\":\"https:\\\/\\\/www.vfplus.org.za\\\/af\\\/mediaverklarings\\\/onderburgemeester-van-tshwane-word-met-n-boete-beskerm\\\/#primaryimage\"},\"image\":{\"@id\":\"https:\\\/\\\/www.vfplus.org.za\\\/af\\\/mediaverklarings\\\/onderburgemeester-van-tshwane-word-met-n-boete-beskerm\\\/#primaryimage\"},\"thumbnailUrl\":\"https:\\\/\\\/www.vfplus.org.za\\\/wp-content\\\/uploads\\\/2026\\\/05\\\/freedomfront_plus_Onderburgemeester-van-Tshwane-word-met-\u2018n-boete-beskerm.png\",\"datePublished\":\"2026-05-05T14:22:58+00:00\",\"dateModified\":\"2026-05-05T14:43:25+00:00\",\"description\":\"Die VF Plus het die Gautengse LUR vir plaaslike regering, mnr. Jacob Mamabolo, gevra om dringend in te gryp nadat die onderburgemeester van die\",\"breadcrumb\":{\"@id\":\"https:\\\/\\\/www.vfplus.org.za\\\/af\\\/mediaverklarings\\\/onderburgemeester-van-tshwane-word-met-n-boete-beskerm\\\/#breadcrumb\"},\"inLanguage\":\"af-ZA\",\"potentialAction\":[{\"@type\":\"ReadAction\",\"target\":[\"https:\\\/\\\/www.vfplus.org.za\\\/af\\\/mediaverklarings\\\/onderburgemeester-van-tshwane-word-met-n-boete-beskerm\\\/\"]}]},{\"@type\":\"ImageObject\",\"inLanguage\":\"af-ZA\",\"@id\":\"https:\\\/\\\/www.vfplus.org.za\\\/af\\\/mediaverklarings\\\/onderburgemeester-van-tshwane-word-met-n-boete-beskerm\\\/#primaryimage\",\"url\":\"https:\\\/\\\/www.vfplus.org.za\\\/wp-content\\\/uploads\\\/2026\\\/05\\\/freedomfront_plus_Onderburgemeester-van-Tshwane-word-met-\u2018n-boete-beskerm.png\",\"contentUrl\":\"https:\\\/\\\/www.vfplus.org.za\\\/wp-content\\\/uploads\\\/2026\\\/05\\\/freedomfront_plus_Onderburgemeester-van-Tshwane-word-met-\u2018n-boete-beskerm.png\",\"width\":1024,\"height\":768},{\"@type\":\"BreadcrumbList\",\"@id\":\"https:\\\/\\\/www.vfplus.org.za\\\/af\\\/mediaverklarings\\\/onderburgemeester-van-tshwane-word-met-n-boete-beskerm\\\/#breadcrumb\",\"itemListElement\":[{\"@type\":\"ListItem\",\"position\":1,\"name\":\"Tuis\",\"item\":\"https:\\\/\\\/www.vfplus.org.za\\\/af\\\/\"},{\"@type\":\"ListItem\",\"position\":2,\"name\":\"Onderburgemeester van Tshwane word met \u2018n boete beskerm\"}]},{\"@type\":\"WebSite\",\"@id\":\"https:\\\/\\\/www.vfplus.org.za\\\/af\\\/#website\",\"url\":\"https:\\\/\\\/www.vfplus.org.za\\\/af\\\/\",\"name\":\"Freedom Front Plus\",\"description\":\"Stand Up | Stand Together | Stand Strong\",\"publisher\":{\"@id\":\"https:\\\/\\\/www.vfplus.org.za\\\/af\\\/#organization\"},\"potentialAction\":[{\"@type\":\"SearchAction\",\"target\":{\"@type\":\"EntryPoint\",\"urlTemplate\":\"https:\\\/\\\/www.vfplus.org.za\\\/af\\\/?s={search_term_string}\"},\"query-input\":{\"@type\":\"PropertyValueSpecification\",\"valueRequired\":true,\"valueName\":\"search_term_string\"}}],\"inLanguage\":\"af-ZA\"},{\"@type\":\"Organization\",\"@id\":\"https:\\\/\\\/www.vfplus.org.za\\\/af\\\/#organization\",\"name\":\"Vryheidsfront Plus\",\"alternateName\":\"VF Plus\",\"url\":\"https:\\\/\\\/www.vfplus.org.za\\\/af\\\/\",\"logo\":{\"@type\":\"ImageObject\",\"inLanguage\":\"af-ZA\",\"@id\":\"https:\\\/\\\/www.vfplus.org.za\\\/af\\\/#\\\/schema\\\/logo\\\/image\\\/\",\"url\":\"https:\\\/\\\/www.vfplus.org.za\\\/wp-content\\\/uploads\\\/2022\\\/11\\\/vfplus-logo-01.png\",\"contentUrl\":\"https:\\\/\\\/www.vfplus.org.za\\\/wp-content\\\/uploads\\\/2022\\\/11\\\/vfplus-logo-01.png\",\"width\":130,\"height\":130,\"caption\":\"Vryheidsfront Plus\"},\"image\":{\"@id\":\"https:\\\/\\\/www.vfplus.org.za\\\/af\\\/#\\\/schema\\\/logo\\\/image\\\/\"},\"sameAs\":[\"https:\\\/\\\/www.facebook.com\\\/VFplus?fref=ts\",\"https:\\\/\\\/x.com\\\/VFplus\",\"https:\\\/\\\/www.instagram.com\\\/vfplus_ffplus\\\/?hl=en\",\"https:\\\/\\\/www.youtube.com\\\/user\\\/VRYHEIDSFRONTplus\"]},{\"@type\":\"Person\",\"@id\":\"https:\\\/\\\/www.vfplus.org.za\\\/af\\\/#\\\/schema\\\/person\\\/2c3e703fc713d95efd7b7bf7b34646f4\",\"name\":\"brand_candy_amy\",\"image\":{\"@type\":\"ImageObject\",\"inLanguage\":\"af-ZA\",\"@id\":\"https:\\\/\\\/secure.gravatar.com\\\/avatar\\\/d295c22bd41c5cb61e8aa7fcafe90d2d2302363bc123897b40165ee0165d4f6b?s=96&d=mm&r=g45c99b902ec3fd12cf6977a6b6edf27a\",\"url\":\"https:\\\/\\\/secure.gravatar.com\\\/avatar\\\/d295c22bd41c5cb61e8aa7fcafe90d2d2302363bc123897b40165ee0165d4f6b?s=96&d=mm&r=g\",\"contentUrl\":\"https:\\\/\\\/secure.gravatar.com\\\/avatar\\\/d295c22bd41c5cb61e8aa7fcafe90d2d2302363bc123897b40165ee0165d4f6b?s=96&d=mm&r=g\",\"caption\":\"brand_candy_amy\"},\"sameAs\":[\"https:\\\/\\\/brandcandy.co.za\"],\"url\":\"https:\\\/\\\/www.vfplus.org.za\\\/af\\\/author\\\/brand_candy_amy\\\/\"}]}<\/script>\n<!-- \/ Yoast SEO plugin. -->","yoast_head_json":{"title":"Onderburgemeester van Tshwane word met \u2018n boete beskerm | Vryheidsfront Plus","description":"Die VF Plus het die Gautengse LUR vir plaaslike regering, mnr. Jacob Mamabolo, gevra om dringend in te gryp nadat die onderburgemeester van die","robots":{"index":"index","follow":"follow","max-snippet":"max-snippet:-1","max-image-preview":"max-image-preview:large","max-video-preview":"max-video-preview:-1"},"canonical":"https:\/\/www.vfplus.org.za\/af\/mediaverklarings\/onderburgemeester-van-tshwane-word-met-n-boete-beskerm\/","og_locale":"af_ZA","og_type":"article","og_title":"Onderburgemeester van Tshwane word met \u2018n boete beskerm | Vryheidsfront Plus","og_description":"Die VF Plus het die Gautengse LUR vir plaaslike regering, mnr. Jacob Mamabolo, gevra om dringend in te gryp nadat die onderburgemeester van die","og_url":"https:\/\/www.vfplus.org.za\/af\/mediaverklarings\/onderburgemeester-van-tshwane-word-met-n-boete-beskerm\/","og_site_name":"Vryheidsfront Plus","article_publisher":"https:\/\/www.facebook.com\/VFplus?fref=ts","article_published_time":"2026-05-05T14:22:58+00:00","article_modified_time":"2026-05-05T14:43:25+00:00","og_image":[{"width":1024,"height":768,"url":"https:\/\/www.vfplus.org.za\/wp-content\/uploads\/2026\/05\/freedomfront_plus_Onderburgemeester-van-Tshwane-word-met-\u2018n-boete-beskerm.png","type":"image\/png"}],"author":"Grandi Theunissen","twitter_card":"summary_large_image","twitter_creator":"@VFplus","twitter_site":"@VFplus","twitter_misc":{"Written by":"brand_candy_amy","Est. reading time":"2 minutes"},"schema":{"@context":"https:\/\/schema.org","@graph":[{"@type":"Article","@id":"https:\/\/www.vfplus.org.za\/af\/mediaverklarings\/onderburgemeester-van-tshwane-word-met-n-boete-beskerm\/#article","isPartOf":{"@id":"https:\/\/www.vfplus.org.za\/af\/mediaverklarings\/onderburgemeester-van-tshwane-word-met-n-boete-beskerm\/"},"author":{"name":"brand_candy_amy","@id":"https:\/\/www.vfplus.org.za\/af\/#\/schema\/person\/2c3e703fc713d95efd7b7bf7b34646f4"},"headline":"Onderburgemeester van Tshwane word met \u2018n boete beskerm","datePublished":"2026-05-05T14:22:58+00:00","dateModified":"2026-05-05T14:43:25+00:00","mainEntityOfPage":{"@id":"https:\/\/www.vfplus.org.za\/af\/mediaverklarings\/onderburgemeester-van-tshwane-word-met-n-boete-beskerm\/"},"wordCount":238,"publisher":{"@id":"https:\/\/www.vfplus.org.za\/af\/#organization"},"image":{"@id":"https:\/\/www.vfplus.org.za\/af\/mediaverklarings\/onderburgemeester-van-tshwane-word-met-n-boete-beskerm\/#primaryimage"},"thumbnailUrl":"https:\/\/www.vfplus.org.za\/wp-content\/uploads\/2026\/05\/freedomfront_plus_Onderburgemeester-van-Tshwane-word-met-\u2018n-boete-beskerm.png","articleSection":["Mediaverklarings"],"inLanguage":"af-ZA"},{"@type":"WebPage","@id":"https:\/\/www.vfplus.org.za\/af\/mediaverklarings\/onderburgemeester-van-tshwane-word-met-n-boete-beskerm\/","url":"https:\/\/www.vfplus.org.za\/af\/mediaverklarings\/onderburgemeester-van-tshwane-word-met-n-boete-beskerm\/","name":"Onderburgemeester van Tshwane word met \u2018n boete beskerm | Vryheidsfront Plus","isPartOf":{"@id":"https:\/\/www.vfplus.org.za\/af\/#website"},"primaryImageOfPage":{"@id":"https:\/\/www.vfplus.org.za\/af\/mediaverklarings\/onderburgemeester-van-tshwane-word-met-n-boete-beskerm\/#primaryimage"},"image":{"@id":"https:\/\/www.vfplus.org.za\/af\/mediaverklarings\/onderburgemeester-van-tshwane-word-met-n-boete-beskerm\/#primaryimage"},"thumbnailUrl":"https:\/\/www.vfplus.org.za\/wp-content\/uploads\/2026\/05\/freedomfront_plus_Onderburgemeester-van-Tshwane-word-met-\u2018n-boete-beskerm.png","datePublished":"2026-05-05T14:22:58+00:00","dateModified":"2026-05-05T14:43:25+00:00","description":"Die VF Plus het die Gautengse LUR vir plaaslike regering, mnr. Jacob Mamabolo, gevra om dringend in te gryp nadat die onderburgemeester van die","breadcrumb":{"@id":"https:\/\/www.vfplus.org.za\/af\/mediaverklarings\/onderburgemeester-van-tshwane-word-met-n-boete-beskerm\/#breadcrumb"},"inLanguage":"af-ZA","potentialAction":[{"@type":"ReadAction","target":["https:\/\/www.vfplus.org.za\/af\/mediaverklarings\/onderburgemeester-van-tshwane-word-met-n-boete-beskerm\/"]}]},{"@type":"ImageObject","inLanguage":"af-ZA","@id":"https:\/\/www.vfplus.org.za\/af\/mediaverklarings\/onderburgemeester-van-tshwane-word-met-n-boete-beskerm\/#primaryimage","url":"https:\/\/www.vfplus.org.za\/wp-content\/uploads\/2026\/05\/freedomfront_plus_Onderburgemeester-van-Tshwane-word-met-\u2018n-boete-beskerm.png","contentUrl":"https:\/\/www.vfplus.org.za\/wp-content\/uploads\/2026\/05\/freedomfront_plus_Onderburgemeester-van-Tshwane-word-met-\u2018n-boete-beskerm.png","width":1024,"height":768},{"@type":"BreadcrumbList","@id":"https:\/\/www.vfplus.org.za\/af\/mediaverklarings\/onderburgemeester-van-tshwane-word-met-n-boete-beskerm\/#breadcrumb","itemListElement":[{"@type":"ListItem","position":1,"name":"Tuis","item":"https:\/\/www.vfplus.org.za\/af\/"},{"@type":"ListItem","position":2,"name":"Onderburgemeester van Tshwane word met \u2018n boete beskerm"}]},{"@type":"WebSite","@id":"https:\/\/www.vfplus.org.za\/af\/#website","url":"https:\/\/www.vfplus.org.za\/af\/","name":"Freedom Front Plus","description":"Stand Up | Stand Together | Stand Strong","publisher":{"@id":"https:\/\/www.vfplus.org.za\/af\/#organization"},"potentialAction":[{"@type":"SearchAction","target":{"@type":"EntryPoint","urlTemplate":"https:\/\/www.vfplus.org.za\/af\/?s={search_term_string}"},"query-input":{"@type":"PropertyValueSpecification","valueRequired":true,"valueName":"search_term_string"}}],"inLanguage":"af-ZA"},{"@type":"Organization","@id":"https:\/\/www.vfplus.org.za\/af\/#organization","name":"Vryheidsfront Plus","alternateName":"VF Plus","url":"https:\/\/www.vfplus.org.za\/af\/","logo":{"@type":"ImageObject","inLanguage":"af-ZA","@id":"https:\/\/www.vfplus.org.za\/af\/#\/schema\/logo\/image\/","url":"https:\/\/www.vfplus.org.za\/wp-content\/uploads\/2022\/11\/vfplus-logo-01.png","contentUrl":"https:\/\/www.vfplus.org.za\/wp-content\/uploads\/2022\/11\/vfplus-logo-01.png","width":130,"height":130,"caption":"Vryheidsfront Plus"},"image":{"@id":"https:\/\/www.vfplus.org.za\/af\/#\/schema\/logo\/image\/"},"sameAs":["https:\/\/www.facebook.com\/VFplus?fref=ts","https:\/\/x.com\/VFplus","https:\/\/www.instagram.com\/vfplus_ffplus\/?hl=en","https:\/\/www.youtube.com\/user\/VRYHEIDSFRONTplus"]},{"@type":"Person","@id":"https:\/\/www.vfplus.org.za\/af\/#\/schema\/person\/2c3e703fc713d95efd7b7bf7b34646f4","name":"brand_candy_amy","image":{"@type":"ImageObject","inLanguage":"af-ZA","@id":"https:\/\/secure.gravatar.com\/avatar\/d295c22bd41c5cb61e8aa7fcafe90d2d2302363bc123897b40165ee0165d4f6b?s=96&d=mm&r=g45c99b902ec3fd12cf6977a6b6edf27a","url":"https:\/\/secure.gravatar.com\/avatar\/d295c22bd41c5cb61e8aa7fcafe90d2d2302363bc123897b40165ee0165d4f6b?s=96&d=mm&r=g","contentUrl":"https:\/\/secure.gravatar.com\/avatar\/d295c22bd41c5cb61e8aa7fcafe90d2d2302363bc123897b40165ee0165d4f6b?s=96&d=mm&r=g","caption":"brand_candy_amy"},"sameAs":["https:\/\/brandcandy.co.za"],"url":"https:\/\/www.vfplus.org.za\/af\/author\/brand_candy_amy\/"}]}},"authors":[{"term_id":312,"user_id":0,"is_guest":1,"slug":"grandi-theunissen","display_name":"Grandi Theunissen","avatar_url":{"url":"https:\/\/www.vfplus.org.za\/wp-content\/uploads\/2023\/08\/freedomfront-plus-author-grandi-theunissen-city-of-tswane.jpg-e1694694313835.png","url2x":"https:\/\/www.vfplus.org.za\/wp-content\/uploads\/2023\/08\/freedomfront-plus-author-grandi-theunissen-city-of-tswane.jpg-e1694694313835.png"},"author_category":"","user_url":"","last_name":"","first_name":"","job_title":"","description":""}],"_links":{"self":[{"href":"https:\/\/www.vfplus.org.za\/af\/wp-json\/wp\/v2\/posts\/88007","targetHints":{"allow":["GET"]}}],"collection":[{"href":"https:\/\/www.vfplus.org.za\/af\/wp-json\/wp\/v2\/posts"}],"about":[{"href":"https:\/\/www.vfplus.org.za\/af\/wp-json\/wp\/v2\/types\/post"}],"author":[{"embeddable":true,"href":"https:\/\/www.vfplus.org.za\/af\/wp-json\/wp\/v2\/users\/5"}],"replies":[{"embeddable":true,"href":"https:\/\/www.vfplus.org.za\/af\/wp-json\/wp\/v2\/comments?post=88007"}],"version-history":[{"count":2,"href":"https:\/\/www.vfplus.org.za\/af\/wp-json\/wp\/v2\/posts\/88007\/revisions"}],"predecessor-version":[{"id":88013,"href":"https:\/\/www.vfplus.org.za\/af\/wp-json\/wp\/v2\/posts\/88007\/revisions\/88013"}],"wp:featuredmedia":[{"embeddable":true,"href":"https:\/\/www.vfplus.org.za\/af\/wp-json\/wp\/v2\/media\/88008"}],"wp:attachment":[{"href":"https:\/\/www.vfplus.org.za\/af\/wp-json\/wp\/v2\/media?parent=88007"}],"wp:term":[{"taxonomy":"category","embeddable":true,"href":"https:\/\/www.vfplus.org.za\/af\/wp-json\/wp\/v2\/categories?post=88007"},{"taxonomy":"post_tag","embeddable":true,"href":"https:\/\/www.vfplus.org.za\/af\/wp-json\/wp\/v2\/tags?post=88007"},{"taxonomy":"author","embeddable":true,"href":"https:\/\/www.vfplus.org.za\/af\/wp-json\/wp\/v2\/ppma_author?post=88007"}],"curies":[{"name":"wp","href":"https:\/\/api.w.org\/{rel}","templated":true}]}}