{"id":87086,"date":"2026-03-30T12:30:41","date_gmt":"2026-03-30T10:30:41","guid":{"rendered":"https:\/\/www.vfplus.org.za\/?p=87086"},"modified":"2026-03-30T12:30:47","modified_gmt":"2026-03-30T10:30:47","slug":"ekurhuleni-se-finansies-in-vryval","status":"publish","type":"post","link":"https:\/\/www.vfplus.org.za\/af\/mediaverklarings\/ekurhuleni-se-finansies-in-vryval\/","title":{"rendered":"Ekurhuleni se finansies in vryval"},"content":{"rendered":"\n<p class=\"wp-block-paragraph\">Die Ekurhuleni-metro het w\u00e9\u00e9r \u0149 gekwalifiseerde ouditmening van die ouditeur-generaal (OG) ontvang vir die 2024\/25-finansi\u00eble jaar wat daarop dui dat sekere finansi\u00eble inligting nie bevestig of vertrou kan word nie.<\/p>\n\n\n\n<p class=\"wp-block-paragraph\">Di\u00e9 uitslag kom ongeag die feit dat die metro \u2019n dispuut met die OG verklaar en die proses uitgerek het.<\/p>\n\n\n\n<p class=\"wp-block-paragraph\">Hierdie is \u2019n ernstige waarskuwing oor swak finansi\u00eble bestuur en gebrekkige beheer.<\/p>\n\n\n\n<p class=\"wp-block-paragraph\">Nog meer kommerwekkend is die feit dat die verslag onre\u00eblmatige, vrugtelose en vermorste uitgawes bevestig wat beteken dat belastingbetalers se geld steeds wanbestee word, sonder dat daar enige sigbare gevolge vir die skuldiges is.<\/p>\n\n\n\n<p class=\"wp-block-paragraph\">Die regerende ANC-geleide administrasie wil die prentjie skets dat die gekwalifiseerde oudit net die gevolg is van die verlore R2 miljard in die inligting- en kommunikasietegnologie-debakel.<\/p>\n\n\n\n<p class=\"wp-block-paragraph\">Al is die hoof-inligtingsbeampte, Moloko Monyepao, weens di\u00e9 skandaal in die betrokke boekjaar geskors, hang daar steeds \u2018n wolk van omstredenheid oor die meer as 1 600 rekeninge waarmee gepeuter is.<\/p>\n\n\n\n<p class=\"wp-block-paragraph\">Die VF Plus is verder uiters bekommerd oor die dramatiese verswakking in Ekurhuleni se finansi\u00eble posisie en het veral kennis geneem van &#8216;n tekort van R656 miljoen aan die einde van die boekjaar, waar daar aan die begin van die boekjaar \u2018n surplus van R545 miljoen was.<\/p>\n\n\n\n<p class=\"wp-block-paragraph\">Die verslag dui ook op swak invorderingsvlakke, elektrisiteitsinkomste wat nie na wense is nie en \u2018n ineenstorting in verkeersboete-inkomste weens \u2018n wanfunksionele verkeersbestuurstelsel.<\/p>\n\n\n\n<p class=\"wp-block-paragraph\">Aan die uitgawekant neem koste steeds toe weens onder meer grootmaat-aankope wat skerp styg, uitgekontrakteerde dienste wat skerp toeneem asook personeelkoste en oortyd wat toeneem.<\/p>\n\n\n\n<p class=\"wp-block-paragraph\">Ten spyte hiervan het sekere departemente, soos diensleweringsko\u00f6rdinering, 0% van hul teikens bereik sonder dat daar enige aanspreeklikheid is.<\/p>\n\n\n\n<p class=\"wp-block-paragraph\">Hierdie verslag wys duidelik dat Ekurhuleni nie net met finansi\u00eble uitdagings sukkel nie, maar ook \u2019n ernstige krisis van bestuur en aanspreeklikheid ondervind.<\/p>\n\n\n\n<p class=\"wp-block-paragraph\">Die VF Plus glo dat daar dringende ingryping op bestuursvlak in die raad nodig is om finansi\u00eble dissipline te herstel, invorderings te verbeter, vermorsing uit te roei en die betrokke amptenare aanspreeklik te hou.<\/p>\n\n\n\n<p class=\"wp-block-paragraph\">Ekurhuleni kan nie bekostig om op hierdie pad wat na \u2018n afgrond lei, voort te gaan nie.<\/p>\n","protected":false},"excerpt":{"rendered":"<p>Die Ekurhuleni-metro het w\u00e9\u00e9r \u0149 gekwalifiseerde ouditmening van die ouditeur-generaal (OG) ontvang vir die 2024\/25-finansi\u00eble jaar wat daarop dui dat sekere finansi\u00eble inligting nie bevestig of vertrou kan word nie. Di\u00e9 uitslag kom ongeag die feit dat die metro \u2019n dispuut met die OG verklaar en die proses uitgerek het. Hierdie is \u2019n ernstige waarskuwing [&hellip;]<\/p>\n","protected":false},"author":5,"featured_media":87087,"comment_status":"closed","ping_status":"closed","sticky":false,"template":"","format":"standard","meta":{"_acf_changed":false,"_relevanssi_hide_post":"","_relevanssi_hide_content":"","_relevanssi_pin_for_all":"","_relevanssi_pin_keywords":"","_relevanssi_unpin_keywords":"","_relevanssi_related_keywords":"","_relevanssi_related_include_ids":"","_relevanssi_related_exclude_ids":"","_relevanssi_related_no_append":"","_relevanssi_related_not_related":"","_relevanssi_related_posts":"59712,61360,57333,57795,61841,23224","_relevanssi_noindex_reason":"","footnotes":""},"categories":[100],"tags":[],"ppma_author":[173],"class_list":["post-87086","post","type-post","status-publish","format-standard","has-post-thumbnail","hentry","category-mediaverklarings"],"acf":[],"yoast_head":"<!-- This site is optimized with the Yoast SEO plugin v28.4 - https:\/\/yoast.com\/product\/yoast-seo-wordpress\/ -->\n<title>Ekurhuleni se finansies in vryval | Vryheidsfront Plus<\/title>\n<meta name=\"description\" content=\"Die Ekurhuleni-metro het w\u00e9\u00e9r \u0149 gekwalifiseerde ouditmening van die ouditeur-generaal (OG) ontvang vir die 2024\/25-finansi\u00eble jaar wat daarop dui dat\" \/>\n<meta name=\"robots\" content=\"index, follow, max-snippet:-1, max-image-preview:large, max-video-preview:-1\" \/>\n<link rel=\"canonical\" href=\"https:\/\/www.vfplus.org.za\/af\/mediaverklarings\/ekurhuleni-se-finansies-in-vryval\/\" \/>\n<meta property=\"og:locale\" content=\"af_ZA\" \/>\n<meta property=\"og:type\" content=\"article\" \/>\n<meta property=\"og:title\" content=\"Ekurhuleni se finansies in vryval | Vryheidsfront Plus\" \/>\n<meta property=\"og:description\" content=\"Die Ekurhuleni-metro het w\u00e9\u00e9r \u0149 gekwalifiseerde ouditmening van die ouditeur-generaal (OG) ontvang vir die 2024\/25-finansi\u00eble jaar wat daarop dui dat\" \/>\n<meta property=\"og:url\" content=\"https:\/\/www.vfplus.org.za\/af\/mediaverklarings\/ekurhuleni-se-finansies-in-vryval\/\" \/>\n<meta property=\"og:site_name\" content=\"Vryheidsfront Plus\" \/>\n<meta property=\"article:publisher\" content=\"https:\/\/www.facebook.com\/VFplus?fref=ts\" \/>\n<meta property=\"article:published_time\" content=\"2026-03-30T10:30:41+00:00\" \/>\n<meta property=\"article:modified_time\" content=\"2026-03-30T10:30:47+00:00\" \/>\n<meta property=\"og:image\" content=\"https:\/\/www.vfplus.org.za\/wp-content\/uploads\/2026\/03\/freedomfront_plus_Ekurhuleni-se-finansies-in-vryval.png\" \/>\n\t<meta property=\"og:image:width\" content=\"1024\" \/>\n\t<meta property=\"og:image:height\" content=\"768\" \/>\n\t<meta property=\"og:image:type\" content=\"image\/png\" \/>\n<meta name=\"author\" content=\"Denise Janse van Rensburg\" \/>\n<meta name=\"twitter:card\" content=\"summary_large_image\" \/>\n<meta name=\"twitter:creator\" content=\"@VFplus\" \/>\n<meta name=\"twitter:site\" content=\"@VFplus\" \/>\n<meta name=\"twitter:label1\" content=\"Written by\" \/>\n\t<meta name=\"twitter:data1\" content=\"brand_candy_amy\" \/>\n\t<meta name=\"twitter:label2\" content=\"Est. reading time\" \/>\n\t<meta name=\"twitter:data2\" content=\"3 minutes\" \/>\n<script type=\"application\/ld+json\" class=\"yoast-schema-graph\">{\"@context\":\"https:\\\/\\\/schema.org\",\"@graph\":[{\"@type\":\"Article\",\"@id\":\"https:\\\/\\\/www.vfplus.org.za\\\/af\\\/mediaverklarings\\\/ekurhuleni-se-finansies-in-vryval\\\/#article\",\"isPartOf\":{\"@id\":\"https:\\\/\\\/www.vfplus.org.za\\\/af\\\/mediaverklarings\\\/ekurhuleni-se-finansies-in-vryval\\\/\"},\"author\":{\"name\":\"brand_candy_amy\",\"@id\":\"https:\\\/\\\/www.vfplus.org.za\\\/af\\\/#\\\/schema\\\/person\\\/2c3e703fc713d95efd7b7bf7b34646f4\"},\"headline\":\"Ekurhuleni se finansies in vryval\",\"datePublished\":\"2026-03-30T10:30:41+00:00\",\"dateModified\":\"2026-03-30T10:30:47+00:00\",\"mainEntityOfPage\":{\"@id\":\"https:\\\/\\\/www.vfplus.org.za\\\/af\\\/mediaverklarings\\\/ekurhuleni-se-finansies-in-vryval\\\/\"},\"wordCount\":351,\"publisher\":{\"@id\":\"https:\\\/\\\/www.vfplus.org.za\\\/af\\\/#organization\"},\"image\":{\"@id\":\"https:\\\/\\\/www.vfplus.org.za\\\/af\\\/mediaverklarings\\\/ekurhuleni-se-finansies-in-vryval\\\/#primaryimage\"},\"thumbnailUrl\":\"https:\\\/\\\/www.vfplus.org.za\\\/wp-content\\\/uploads\\\/2026\\\/03\\\/freedomfront_plus_Ekurhuleni-se-finansies-in-vryval.png\",\"articleSection\":[\"Mediaverklarings\"],\"inLanguage\":\"af-ZA\"},{\"@type\":\"WebPage\",\"@id\":\"https:\\\/\\\/www.vfplus.org.za\\\/af\\\/mediaverklarings\\\/ekurhuleni-se-finansies-in-vryval\\\/\",\"url\":\"https:\\\/\\\/www.vfplus.org.za\\\/af\\\/mediaverklarings\\\/ekurhuleni-se-finansies-in-vryval\\\/\",\"name\":\"Ekurhuleni se finansies in vryval | Vryheidsfront Plus\",\"isPartOf\":{\"@id\":\"https:\\\/\\\/www.vfplus.org.za\\\/af\\\/#website\"},\"primaryImageOfPage\":{\"@id\":\"https:\\\/\\\/www.vfplus.org.za\\\/af\\\/mediaverklarings\\\/ekurhuleni-se-finansies-in-vryval\\\/#primaryimage\"},\"image\":{\"@id\":\"https:\\\/\\\/www.vfplus.org.za\\\/af\\\/mediaverklarings\\\/ekurhuleni-se-finansies-in-vryval\\\/#primaryimage\"},\"thumbnailUrl\":\"https:\\\/\\\/www.vfplus.org.za\\\/wp-content\\\/uploads\\\/2026\\\/03\\\/freedomfront_plus_Ekurhuleni-se-finansies-in-vryval.png\",\"datePublished\":\"2026-03-30T10:30:41+00:00\",\"dateModified\":\"2026-03-30T10:30:47+00:00\",\"description\":\"Die Ekurhuleni-metro het w\u00e9\u00e9r \u0149 gekwalifiseerde ouditmening van die ouditeur-generaal (OG) ontvang vir die 2024\\\/25-finansi\u00eble jaar wat daarop dui dat\",\"breadcrumb\":{\"@id\":\"https:\\\/\\\/www.vfplus.org.za\\\/af\\\/mediaverklarings\\\/ekurhuleni-se-finansies-in-vryval\\\/#breadcrumb\"},\"inLanguage\":\"af-ZA\",\"potentialAction\":[{\"@type\":\"ReadAction\",\"target\":[\"https:\\\/\\\/www.vfplus.org.za\\\/af\\\/mediaverklarings\\\/ekurhuleni-se-finansies-in-vryval\\\/\"]}]},{\"@type\":\"ImageObject\",\"inLanguage\":\"af-ZA\",\"@id\":\"https:\\\/\\\/www.vfplus.org.za\\\/af\\\/mediaverklarings\\\/ekurhuleni-se-finansies-in-vryval\\\/#primaryimage\",\"url\":\"https:\\\/\\\/www.vfplus.org.za\\\/wp-content\\\/uploads\\\/2026\\\/03\\\/freedomfront_plus_Ekurhuleni-se-finansies-in-vryval.png\",\"contentUrl\":\"https:\\\/\\\/www.vfplus.org.za\\\/wp-content\\\/uploads\\\/2026\\\/03\\\/freedomfront_plus_Ekurhuleni-se-finansies-in-vryval.png\",\"width\":1024,\"height\":768},{\"@type\":\"BreadcrumbList\",\"@id\":\"https:\\\/\\\/www.vfplus.org.za\\\/af\\\/mediaverklarings\\\/ekurhuleni-se-finansies-in-vryval\\\/#breadcrumb\",\"itemListElement\":[{\"@type\":\"ListItem\",\"position\":1,\"name\":\"Tuis\",\"item\":\"https:\\\/\\\/www.vfplus.org.za\\\/af\\\/\"},{\"@type\":\"ListItem\",\"position\":2,\"name\":\"Ekurhuleni se finansies in vryval\"}]},{\"@type\":\"WebSite\",\"@id\":\"https:\\\/\\\/www.vfplus.org.za\\\/af\\\/#website\",\"url\":\"https:\\\/\\\/www.vfplus.org.za\\\/af\\\/\",\"name\":\"Freedom Front Plus\",\"description\":\"Stand Up | Stand Together | Stand Strong\",\"publisher\":{\"@id\":\"https:\\\/\\\/www.vfplus.org.za\\\/af\\\/#organization\"},\"potentialAction\":[{\"@type\":\"SearchAction\",\"target\":{\"@type\":\"EntryPoint\",\"urlTemplate\":\"https:\\\/\\\/www.vfplus.org.za\\\/af\\\/?s={search_term_string}\"},\"query-input\":{\"@type\":\"PropertyValueSpecification\",\"valueRequired\":true,\"valueName\":\"search_term_string\"}}],\"inLanguage\":\"af-ZA\"},{\"@type\":\"Organization\",\"@id\":\"https:\\\/\\\/www.vfplus.org.za\\\/af\\\/#organization\",\"name\":\"Vryheidsfront Plus\",\"alternateName\":\"VF Plus\",\"url\":\"https:\\\/\\\/www.vfplus.org.za\\\/af\\\/\",\"logo\":{\"@type\":\"ImageObject\",\"inLanguage\":\"af-ZA\",\"@id\":\"https:\\\/\\\/www.vfplus.org.za\\\/af\\\/#\\\/schema\\\/logo\\\/image\\\/\",\"url\":\"https:\\\/\\\/www.vfplus.org.za\\\/wp-content\\\/uploads\\\/2022\\\/11\\\/vfplus-logo-01.png\",\"contentUrl\":\"https:\\\/\\\/www.vfplus.org.za\\\/wp-content\\\/uploads\\\/2022\\\/11\\\/vfplus-logo-01.png\",\"width\":130,\"height\":130,\"caption\":\"Vryheidsfront Plus\"},\"image\":{\"@id\":\"https:\\\/\\\/www.vfplus.org.za\\\/af\\\/#\\\/schema\\\/logo\\\/image\\\/\"},\"sameAs\":[\"https:\\\/\\\/www.facebook.com\\\/VFplus?fref=ts\",\"https:\\\/\\\/x.com\\\/VFplus\",\"https:\\\/\\\/www.instagram.com\\\/vfplus_ffplus\\\/?hl=en\",\"https:\\\/\\\/www.youtube.com\\\/user\\\/VRYHEIDSFRONTplus\"]},{\"@type\":\"Person\",\"@id\":\"https:\\\/\\\/www.vfplus.org.za\\\/af\\\/#\\\/schema\\\/person\\\/2c3e703fc713d95efd7b7bf7b34646f4\",\"name\":\"brand_candy_amy\",\"image\":{\"@type\":\"ImageObject\",\"inLanguage\":\"af-ZA\",\"@id\":\"https:\\\/\\\/secure.gravatar.com\\\/avatar\\\/d295c22bd41c5cb61e8aa7fcafe90d2d2302363bc123897b40165ee0165d4f6b?s=96&d=mm&r=g45c99b902ec3fd12cf6977a6b6edf27a\",\"url\":\"https:\\\/\\\/secure.gravatar.com\\\/avatar\\\/d295c22bd41c5cb61e8aa7fcafe90d2d2302363bc123897b40165ee0165d4f6b?s=96&d=mm&r=g\",\"contentUrl\":\"https:\\\/\\\/secure.gravatar.com\\\/avatar\\\/d295c22bd41c5cb61e8aa7fcafe90d2d2302363bc123897b40165ee0165d4f6b?s=96&d=mm&r=g\",\"caption\":\"brand_candy_amy\"},\"sameAs\":[\"https:\\\/\\\/brandcandy.co.za\"],\"url\":\"https:\\\/\\\/www.vfplus.org.za\\\/af\\\/author\\\/brand_candy_amy\\\/\"}]}<\/script>\n<!-- \/ Yoast SEO plugin. -->","yoast_head_json":{"title":"Ekurhuleni se finansies in vryval | Vryheidsfront Plus","description":"Die Ekurhuleni-metro het w\u00e9\u00e9r \u0149 gekwalifiseerde ouditmening van die ouditeur-generaal (OG) ontvang vir die 2024\/25-finansi\u00eble jaar wat daarop dui dat","robots":{"index":"index","follow":"follow","max-snippet":"max-snippet:-1","max-image-preview":"max-image-preview:large","max-video-preview":"max-video-preview:-1"},"canonical":"https:\/\/www.vfplus.org.za\/af\/mediaverklarings\/ekurhuleni-se-finansies-in-vryval\/","og_locale":"af_ZA","og_type":"article","og_title":"Ekurhuleni se finansies in vryval | Vryheidsfront Plus","og_description":"Die Ekurhuleni-metro het w\u00e9\u00e9r \u0149 gekwalifiseerde ouditmening van die ouditeur-generaal (OG) ontvang vir die 2024\/25-finansi\u00eble jaar wat daarop dui dat","og_url":"https:\/\/www.vfplus.org.za\/af\/mediaverklarings\/ekurhuleni-se-finansies-in-vryval\/","og_site_name":"Vryheidsfront Plus","article_publisher":"https:\/\/www.facebook.com\/VFplus?fref=ts","article_published_time":"2026-03-30T10:30:41+00:00","article_modified_time":"2026-03-30T10:30:47+00:00","og_image":[{"width":1024,"height":768,"url":"https:\/\/www.vfplus.org.za\/wp-content\/uploads\/2026\/03\/freedomfront_plus_Ekurhuleni-se-finansies-in-vryval.png","type":"image\/png"}],"author":"Denise Janse van Rensburg","twitter_card":"summary_large_image","twitter_creator":"@VFplus","twitter_site":"@VFplus","twitter_misc":{"Written by":"brand_candy_amy","Est. reading time":"3 minutes"},"schema":{"@context":"https:\/\/schema.org","@graph":[{"@type":"Article","@id":"https:\/\/www.vfplus.org.za\/af\/mediaverklarings\/ekurhuleni-se-finansies-in-vryval\/#article","isPartOf":{"@id":"https:\/\/www.vfplus.org.za\/af\/mediaverklarings\/ekurhuleni-se-finansies-in-vryval\/"},"author":{"name":"brand_candy_amy","@id":"https:\/\/www.vfplus.org.za\/af\/#\/schema\/person\/2c3e703fc713d95efd7b7bf7b34646f4"},"headline":"Ekurhuleni se finansies in vryval","datePublished":"2026-03-30T10:30:41+00:00","dateModified":"2026-03-30T10:30:47+00:00","mainEntityOfPage":{"@id":"https:\/\/www.vfplus.org.za\/af\/mediaverklarings\/ekurhuleni-se-finansies-in-vryval\/"},"wordCount":351,"publisher":{"@id":"https:\/\/www.vfplus.org.za\/af\/#organization"},"image":{"@id":"https:\/\/www.vfplus.org.za\/af\/mediaverklarings\/ekurhuleni-se-finansies-in-vryval\/#primaryimage"},"thumbnailUrl":"https:\/\/www.vfplus.org.za\/wp-content\/uploads\/2026\/03\/freedomfront_plus_Ekurhuleni-se-finansies-in-vryval.png","articleSection":["Mediaverklarings"],"inLanguage":"af-ZA"},{"@type":"WebPage","@id":"https:\/\/www.vfplus.org.za\/af\/mediaverklarings\/ekurhuleni-se-finansies-in-vryval\/","url":"https:\/\/www.vfplus.org.za\/af\/mediaverklarings\/ekurhuleni-se-finansies-in-vryval\/","name":"Ekurhuleni se finansies in vryval | Vryheidsfront Plus","isPartOf":{"@id":"https:\/\/www.vfplus.org.za\/af\/#website"},"primaryImageOfPage":{"@id":"https:\/\/www.vfplus.org.za\/af\/mediaverklarings\/ekurhuleni-se-finansies-in-vryval\/#primaryimage"},"image":{"@id":"https:\/\/www.vfplus.org.za\/af\/mediaverklarings\/ekurhuleni-se-finansies-in-vryval\/#primaryimage"},"thumbnailUrl":"https:\/\/www.vfplus.org.za\/wp-content\/uploads\/2026\/03\/freedomfront_plus_Ekurhuleni-se-finansies-in-vryval.png","datePublished":"2026-03-30T10:30:41+00:00","dateModified":"2026-03-30T10:30:47+00:00","description":"Die Ekurhuleni-metro het w\u00e9\u00e9r \u0149 gekwalifiseerde ouditmening van die ouditeur-generaal (OG) ontvang vir die 2024\/25-finansi\u00eble jaar wat daarop dui dat","breadcrumb":{"@id":"https:\/\/www.vfplus.org.za\/af\/mediaverklarings\/ekurhuleni-se-finansies-in-vryval\/#breadcrumb"},"inLanguage":"af-ZA","potentialAction":[{"@type":"ReadAction","target":["https:\/\/www.vfplus.org.za\/af\/mediaverklarings\/ekurhuleni-se-finansies-in-vryval\/"]}]},{"@type":"ImageObject","inLanguage":"af-ZA","@id":"https:\/\/www.vfplus.org.za\/af\/mediaverklarings\/ekurhuleni-se-finansies-in-vryval\/#primaryimage","url":"https:\/\/www.vfplus.org.za\/wp-content\/uploads\/2026\/03\/freedomfront_plus_Ekurhuleni-se-finansies-in-vryval.png","contentUrl":"https:\/\/www.vfplus.org.za\/wp-content\/uploads\/2026\/03\/freedomfront_plus_Ekurhuleni-se-finansies-in-vryval.png","width":1024,"height":768},{"@type":"BreadcrumbList","@id":"https:\/\/www.vfplus.org.za\/af\/mediaverklarings\/ekurhuleni-se-finansies-in-vryval\/#breadcrumb","itemListElement":[{"@type":"ListItem","position":1,"name":"Tuis","item":"https:\/\/www.vfplus.org.za\/af\/"},{"@type":"ListItem","position":2,"name":"Ekurhuleni se finansies in vryval"}]},{"@type":"WebSite","@id":"https:\/\/www.vfplus.org.za\/af\/#website","url":"https:\/\/www.vfplus.org.za\/af\/","name":"Freedom Front Plus","description":"Stand Up | Stand Together | Stand Strong","publisher":{"@id":"https:\/\/www.vfplus.org.za\/af\/#organization"},"potentialAction":[{"@type":"SearchAction","target":{"@type":"EntryPoint","urlTemplate":"https:\/\/www.vfplus.org.za\/af\/?s={search_term_string}"},"query-input":{"@type":"PropertyValueSpecification","valueRequired":true,"valueName":"search_term_string"}}],"inLanguage":"af-ZA"},{"@type":"Organization","@id":"https:\/\/www.vfplus.org.za\/af\/#organization","name":"Vryheidsfront Plus","alternateName":"VF Plus","url":"https:\/\/www.vfplus.org.za\/af\/","logo":{"@type":"ImageObject","inLanguage":"af-ZA","@id":"https:\/\/www.vfplus.org.za\/af\/#\/schema\/logo\/image\/","url":"https:\/\/www.vfplus.org.za\/wp-content\/uploads\/2022\/11\/vfplus-logo-01.png","contentUrl":"https:\/\/www.vfplus.org.za\/wp-content\/uploads\/2022\/11\/vfplus-logo-01.png","width":130,"height":130,"caption":"Vryheidsfront Plus"},"image":{"@id":"https:\/\/www.vfplus.org.za\/af\/#\/schema\/logo\/image\/"},"sameAs":["https:\/\/www.facebook.com\/VFplus?fref=ts","https:\/\/x.com\/VFplus","https:\/\/www.instagram.com\/vfplus_ffplus\/?hl=en","https:\/\/www.youtube.com\/user\/VRYHEIDSFRONTplus"]},{"@type":"Person","@id":"https:\/\/www.vfplus.org.za\/af\/#\/schema\/person\/2c3e703fc713d95efd7b7bf7b34646f4","name":"brand_candy_amy","image":{"@type":"ImageObject","inLanguage":"af-ZA","@id":"https:\/\/secure.gravatar.com\/avatar\/d295c22bd41c5cb61e8aa7fcafe90d2d2302363bc123897b40165ee0165d4f6b?s=96&d=mm&r=g45c99b902ec3fd12cf6977a6b6edf27a","url":"https:\/\/secure.gravatar.com\/avatar\/d295c22bd41c5cb61e8aa7fcafe90d2d2302363bc123897b40165ee0165d4f6b?s=96&d=mm&r=g","contentUrl":"https:\/\/secure.gravatar.com\/avatar\/d295c22bd41c5cb61e8aa7fcafe90d2d2302363bc123897b40165ee0165d4f6b?s=96&d=mm&r=g","caption":"brand_candy_amy"},"sameAs":["https:\/\/brandcandy.co.za"],"url":"https:\/\/www.vfplus.org.za\/af\/author\/brand_candy_amy\/"}]}},"authors":[{"term_id":173,"user_id":0,"is_guest":1,"slug":"denise-janse-van-rensburg","display_name":"Denise Janse van Rensburg","avatar_url":{"url":"https:\/\/www.vfplus.org.za\/wp-content\/uploads\/2023\/08\/freedomfront-plus-author-denise-jansen-van-rensburg-ekurhuleni.jpg-e1695109243620.png","url2x":"https:\/\/www.vfplus.org.za\/wp-content\/uploads\/2023\/08\/freedomfront-plus-author-denise-jansen-van-rensburg-ekurhuleni.jpg-e1695109243620.png"},"author_category":"","user_url":"","last_name":"","first_name":"","job_title":"","description":""}],"_links":{"self":[{"href":"https:\/\/www.vfplus.org.za\/af\/wp-json\/wp\/v2\/posts\/87086","targetHints":{"allow":["GET"]}}],"collection":[{"href":"https:\/\/www.vfplus.org.za\/af\/wp-json\/wp\/v2\/posts"}],"about":[{"href":"https:\/\/www.vfplus.org.za\/af\/wp-json\/wp\/v2\/types\/post"}],"author":[{"embeddable":true,"href":"https:\/\/www.vfplus.org.za\/af\/wp-json\/wp\/v2\/users\/5"}],"replies":[{"embeddable":true,"href":"https:\/\/www.vfplus.org.za\/af\/wp-json\/wp\/v2\/comments?post=87086"}],"version-history":[{"count":1,"href":"https:\/\/www.vfplus.org.za\/af\/wp-json\/wp\/v2\/posts\/87086\/revisions"}],"predecessor-version":[{"id":87089,"href":"https:\/\/www.vfplus.org.za\/af\/wp-json\/wp\/v2\/posts\/87086\/revisions\/87089"}],"wp:featuredmedia":[{"embeddable":true,"href":"https:\/\/www.vfplus.org.za\/af\/wp-json\/wp\/v2\/media\/87087"}],"wp:attachment":[{"href":"https:\/\/www.vfplus.org.za\/af\/wp-json\/wp\/v2\/media?parent=87086"}],"wp:term":[{"taxonomy":"category","embeddable":true,"href":"https:\/\/www.vfplus.org.za\/af\/wp-json\/wp\/v2\/categories?post=87086"},{"taxonomy":"post_tag","embeddable":true,"href":"https:\/\/www.vfplus.org.za\/af\/wp-json\/wp\/v2\/tags?post=87086"},{"taxonomy":"author","embeddable":true,"href":"https:\/\/www.vfplus.org.za\/af\/wp-json\/wp\/v2\/ppma_author?post=87086"}],"curies":[{"name":"wp","href":"https:\/\/api.w.org\/{rel}","templated":true}]}}