{"id":86484,"date":"2026-03-12T14:48:57","date_gmt":"2026-03-12T12:48:57","guid":{"rendered":"https:\/\/www.vfplus.org.za\/?p=86484"},"modified":"2026-04-14T17:33:31","modified_gmt":"2026-04-14T15:33:31","slug":"emfuleni-faal-tweede-keer-om-aansuiweringsbegroting-goed-te-keur","status":"publish","type":"post","link":"https:\/\/www.vfplus.org.za\/af\/mediaverklarings\/emfuleni-faal-tweede-keer-om-aansuiweringsbegroting-goed-te-keur\/","title":{"rendered":"Emfuleni faal tweede keer om aansuiweringsbegroting goed te keur"},"content":{"rendered":"\n<p class=\"wp-block-paragraph\">Die Emfuleni-plaaslike munisipaliteit (Evaton, Sebokeng, Vaal Oewer, Vanderbijlpark, Vereeniging) kon vandag vir die tweede keer nie daarin slaag om sy aansuiweringsbegroting goed te keur nie.<\/p>\n\n\n\n<p class=\"wp-block-paragraph\">Die situasie is op die spits gedryf toe die speaker, Sibongile Soxuza, op \u0149 geheime stemming aangedring het.<\/p>\n\n\n\n<p class=\"wp-block-paragraph\">Opposisiepartye het hierop besluit om die vergadering te verlaat aangesien belastinggeld nie deur \u0149 geheime stemming bestuur kan word nie.<\/p>\n\n\n\n<p class=\"wp-block-paragraph\">Die ANC kon met 44 stemme steeds nie die begroting deurkry nie.<\/p>\n\n\n\n<p class=\"wp-block-paragraph\">Die VF Plus het sy standpunt duidelik gestel dat sonder finansi\u00eble nakoming en deursigtigheid die party nie die begroting kan steun nie.<\/p>\n\n\n\n<p class=\"wp-block-paragraph\">\u0149 Finansi\u00eble verslag wat aan die raad voorgel\u00ea is, toon dat die invorderingskoers tot 76% gedaal het, uitgawes nie betyds op die stelsel aangeteken word nie en dat daar sowat R93 miljoen se uitstaande fakture is wat die munisipaliteit se finansi\u00eble posisie verder verswak.<\/p>\n\n\n\n<p class=\"wp-block-paragraph\">Die VF Plus sal sy oorsigrol streng toepas en toesien dat die munisipaliteit se finansi\u00eble bestuur onder die vergrootglas bly.<\/p>\n\n\n\n<p class=\"wp-block-paragraph\">Die speaker word nou gedwing weer om \u0149 aansoek te rig aan die Gautengse LUR vir samewerkende regering en tradisionele sake (Cogta), Jacob Mamabolo, sowel as die LUR vir finansies, Lebogang Maile, om die goedkeuring van die aansuiweringsbegroting uit te stel.<\/p>\n\n\n\n<p class=\"wp-block-paragraph\">\u0149 Nuwe, realistiese begroting moet weer aan die raad voorgel\u00ea word.<\/p>\n","protected":false},"excerpt":{"rendered":"<p>Die Emfuleni-plaaslike munisipaliteit (Evaton, Sebokeng, Vaal Oewer, Vanderbijlpark, Vereeniging) kon vandag vir die tweede keer nie daarin slaag om sy aansuiweringsbegroting goed te keur nie. Die situasie is op die spits gedryf toe die speaker, Sibongile Soxuza, op \u0149 geheime stemming aangedring het. Opposisiepartye het hierop besluit om die vergadering te verlaat aangesien belastinggeld nie [&hellip;]<\/p>\n","protected":false},"author":5,"featured_media":87628,"comment_status":"closed","ping_status":"closed","sticky":false,"template":"","format":"standard","meta":{"_acf_changed":false,"_relevanssi_hide_post":"","_relevanssi_hide_content":"","_relevanssi_pin_for_all":"","_relevanssi_pin_keywords":"","_relevanssi_unpin_keywords":"","_relevanssi_related_keywords":"","_relevanssi_related_include_ids":"","_relevanssi_related_exclude_ids":"","_relevanssi_related_no_append":"","_relevanssi_related_not_related":"","_relevanssi_related_posts":"58009,63782,17814,62570,23387,58025","_relevanssi_noindex_reason":"","footnotes":""},"categories":[100],"tags":[],"ppma_author":[193],"class_list":["post-86484","post","type-post","status-publish","format-standard","has-post-thumbnail","hentry","category-mediaverklarings"],"acf":[],"yoast_head":"<!-- This site is optimized with the Yoast SEO plugin v28.4 - https:\/\/yoast.com\/product\/yoast-seo-wordpress\/ -->\n<title>Emfuleni faal tweede keer om aansuiweringsbegroting goed te keur | Vryheidsfront Plus<\/title>\n<meta name=\"description\" content=\"Die Emfuleni-plaaslike munisipaliteit (Evaton, Sebokeng, Vaal Oewer, Vanderbijlpark, Vereeniging) kon vandag vir die tweede keer nie daarin slaag om sy\" \/>\n<meta name=\"robots\" content=\"index, follow, max-snippet:-1, max-image-preview:large, max-video-preview:-1\" \/>\n<link rel=\"canonical\" href=\"https:\/\/www.vfplus.org.za\/af\/mediaverklarings\/emfuleni-faal-tweede-keer-om-aansuiweringsbegroting-goed-te-keur\/\" \/>\n<meta property=\"og:locale\" content=\"af_ZA\" \/>\n<meta property=\"og:type\" content=\"article\" \/>\n<meta property=\"og:title\" content=\"Emfuleni faal tweede keer om aansuiweringsbegroting goed te keur | Vryheidsfront Plus\" \/>\n<meta property=\"og:description\" content=\"Die Emfuleni-plaaslike munisipaliteit (Evaton, Sebokeng, Vaal Oewer, Vanderbijlpark, Vereeniging) kon vandag vir die tweede keer nie daarin slaag om sy\" \/>\n<meta property=\"og:url\" content=\"https:\/\/www.vfplus.org.za\/af\/mediaverklarings\/emfuleni-faal-tweede-keer-om-aansuiweringsbegroting-goed-te-keur\/\" \/>\n<meta property=\"og:site_name\" content=\"Vryheidsfront Plus\" \/>\n<meta property=\"article:publisher\" content=\"https:\/\/www.facebook.com\/VFplus?fref=ts\" \/>\n<meta property=\"article:published_time\" content=\"2026-03-12T12:48:57+00:00\" \/>\n<meta property=\"article:modified_time\" content=\"2026-04-14T15:33:31+00:00\" \/>\n<meta property=\"og:image\" content=\"https:\/\/www.vfplus.org.za\/wp-content\/uploads\/2026\/03\/freedomfront_plus_Emfuleni-faal-tweede-keer-om-aansuiweringsbegroting-goed-te-keur-1.png\" \/>\n\t<meta property=\"og:image:width\" content=\"1024\" \/>\n\t<meta property=\"og:image:height\" content=\"768\" \/>\n\t<meta property=\"og:image:type\" content=\"image\/png\" \/>\n<meta name=\"author\" content=\"Gerda Senekal\" \/>\n<meta name=\"twitter:card\" content=\"summary_large_image\" \/>\n<meta name=\"twitter:creator\" content=\"@VFplus\" \/>\n<meta name=\"twitter:site\" content=\"@VFplus\" \/>\n<meta name=\"twitter:label1\" content=\"Written by\" \/>\n\t<meta name=\"twitter:data1\" content=\"brand_candy_amy\" \/>\n\t<meta name=\"twitter:label2\" content=\"Est. reading time\" \/>\n\t<meta name=\"twitter:data2\" content=\"2 minutes\" \/>\n<script type=\"application\/ld+json\" class=\"yoast-schema-graph\">{\"@context\":\"https:\\\/\\\/schema.org\",\"@graph\":[{\"@type\":\"Article\",\"@id\":\"https:\\\/\\\/www.vfplus.org.za\\\/af\\\/mediaverklarings\\\/emfuleni-faal-tweede-keer-om-aansuiweringsbegroting-goed-te-keur\\\/#article\",\"isPartOf\":{\"@id\":\"https:\\\/\\\/www.vfplus.org.za\\\/af\\\/mediaverklarings\\\/emfuleni-faal-tweede-keer-om-aansuiweringsbegroting-goed-te-keur\\\/\"},\"author\":{\"name\":\"brand_candy_amy\",\"@id\":\"https:\\\/\\\/www.vfplus.org.za\\\/af\\\/#\\\/schema\\\/person\\\/2c3e703fc713d95efd7b7bf7b34646f4\"},\"headline\":\"Emfuleni faal tweede keer om aansuiweringsbegroting goed te keur\",\"datePublished\":\"2026-03-12T12:48:57+00:00\",\"dateModified\":\"2026-04-14T15:33:31+00:00\",\"mainEntityOfPage\":{\"@id\":\"https:\\\/\\\/www.vfplus.org.za\\\/af\\\/mediaverklarings\\\/emfuleni-faal-tweede-keer-om-aansuiweringsbegroting-goed-te-keur\\\/\"},\"wordCount\":219,\"publisher\":{\"@id\":\"https:\\\/\\\/www.vfplus.org.za\\\/af\\\/#organization\"},\"image\":{\"@id\":\"https:\\\/\\\/www.vfplus.org.za\\\/af\\\/mediaverklarings\\\/emfuleni-faal-tweede-keer-om-aansuiweringsbegroting-goed-te-keur\\\/#primaryimage\"},\"thumbnailUrl\":\"https:\\\/\\\/www.vfplus.org.za\\\/wp-content\\\/uploads\\\/2026\\\/03\\\/freedomfront_plus_Emfuleni-faal-tweede-keer-om-aansuiweringsbegroting-goed-te-keur-1.png\",\"articleSection\":[\"Mediaverklarings\"],\"inLanguage\":\"af-ZA\"},{\"@type\":\"WebPage\",\"@id\":\"https:\\\/\\\/www.vfplus.org.za\\\/af\\\/mediaverklarings\\\/emfuleni-faal-tweede-keer-om-aansuiweringsbegroting-goed-te-keur\\\/\",\"url\":\"https:\\\/\\\/www.vfplus.org.za\\\/af\\\/mediaverklarings\\\/emfuleni-faal-tweede-keer-om-aansuiweringsbegroting-goed-te-keur\\\/\",\"name\":\"Emfuleni faal tweede keer om aansuiweringsbegroting goed te keur | Vryheidsfront Plus\",\"isPartOf\":{\"@id\":\"https:\\\/\\\/www.vfplus.org.za\\\/af\\\/#website\"},\"primaryImageOfPage\":{\"@id\":\"https:\\\/\\\/www.vfplus.org.za\\\/af\\\/mediaverklarings\\\/emfuleni-faal-tweede-keer-om-aansuiweringsbegroting-goed-te-keur\\\/#primaryimage\"},\"image\":{\"@id\":\"https:\\\/\\\/www.vfplus.org.za\\\/af\\\/mediaverklarings\\\/emfuleni-faal-tweede-keer-om-aansuiweringsbegroting-goed-te-keur\\\/#primaryimage\"},\"thumbnailUrl\":\"https:\\\/\\\/www.vfplus.org.za\\\/wp-content\\\/uploads\\\/2026\\\/03\\\/freedomfront_plus_Emfuleni-faal-tweede-keer-om-aansuiweringsbegroting-goed-te-keur-1.png\",\"datePublished\":\"2026-03-12T12:48:57+00:00\",\"dateModified\":\"2026-04-14T15:33:31+00:00\",\"description\":\"Die Emfuleni-plaaslike munisipaliteit (Evaton, Sebokeng, Vaal Oewer, Vanderbijlpark, Vereeniging) kon vandag vir die tweede keer nie daarin slaag om sy\",\"breadcrumb\":{\"@id\":\"https:\\\/\\\/www.vfplus.org.za\\\/af\\\/mediaverklarings\\\/emfuleni-faal-tweede-keer-om-aansuiweringsbegroting-goed-te-keur\\\/#breadcrumb\"},\"inLanguage\":\"af-ZA\",\"potentialAction\":[{\"@type\":\"ReadAction\",\"target\":[\"https:\\\/\\\/www.vfplus.org.za\\\/af\\\/mediaverklarings\\\/emfuleni-faal-tweede-keer-om-aansuiweringsbegroting-goed-te-keur\\\/\"]}]},{\"@type\":\"ImageObject\",\"inLanguage\":\"af-ZA\",\"@id\":\"https:\\\/\\\/www.vfplus.org.za\\\/af\\\/mediaverklarings\\\/emfuleni-faal-tweede-keer-om-aansuiweringsbegroting-goed-te-keur\\\/#primaryimage\",\"url\":\"https:\\\/\\\/www.vfplus.org.za\\\/wp-content\\\/uploads\\\/2026\\\/03\\\/freedomfront_plus_Emfuleni-faal-tweede-keer-om-aansuiweringsbegroting-goed-te-keur-1.png\",\"contentUrl\":\"https:\\\/\\\/www.vfplus.org.za\\\/wp-content\\\/uploads\\\/2026\\\/03\\\/freedomfront_plus_Emfuleni-faal-tweede-keer-om-aansuiweringsbegroting-goed-te-keur-1.png\",\"width\":1024,\"height\":768},{\"@type\":\"BreadcrumbList\",\"@id\":\"https:\\\/\\\/www.vfplus.org.za\\\/af\\\/mediaverklarings\\\/emfuleni-faal-tweede-keer-om-aansuiweringsbegroting-goed-te-keur\\\/#breadcrumb\",\"itemListElement\":[{\"@type\":\"ListItem\",\"position\":1,\"name\":\"Tuis\",\"item\":\"https:\\\/\\\/www.vfplus.org.za\\\/af\\\/\"},{\"@type\":\"ListItem\",\"position\":2,\"name\":\"Emfuleni faal tweede keer om aansuiweringsbegroting goed te keur\"}]},{\"@type\":\"WebSite\",\"@id\":\"https:\\\/\\\/www.vfplus.org.za\\\/af\\\/#website\",\"url\":\"https:\\\/\\\/www.vfplus.org.za\\\/af\\\/\",\"name\":\"Freedom Front Plus\",\"description\":\"Stand Up | Stand Together | Stand Strong\",\"publisher\":{\"@id\":\"https:\\\/\\\/www.vfplus.org.za\\\/af\\\/#organization\"},\"potentialAction\":[{\"@type\":\"SearchAction\",\"target\":{\"@type\":\"EntryPoint\",\"urlTemplate\":\"https:\\\/\\\/www.vfplus.org.za\\\/af\\\/?s={search_term_string}\"},\"query-input\":{\"@type\":\"PropertyValueSpecification\",\"valueRequired\":true,\"valueName\":\"search_term_string\"}}],\"inLanguage\":\"af-ZA\"},{\"@type\":\"Organization\",\"@id\":\"https:\\\/\\\/www.vfplus.org.za\\\/af\\\/#organization\",\"name\":\"Vryheidsfront Plus\",\"alternateName\":\"VF Plus\",\"url\":\"https:\\\/\\\/www.vfplus.org.za\\\/af\\\/\",\"logo\":{\"@type\":\"ImageObject\",\"inLanguage\":\"af-ZA\",\"@id\":\"https:\\\/\\\/www.vfplus.org.za\\\/af\\\/#\\\/schema\\\/logo\\\/image\\\/\",\"url\":\"https:\\\/\\\/www.vfplus.org.za\\\/wp-content\\\/uploads\\\/2022\\\/11\\\/vfplus-logo-01.png\",\"contentUrl\":\"https:\\\/\\\/www.vfplus.org.za\\\/wp-content\\\/uploads\\\/2022\\\/11\\\/vfplus-logo-01.png\",\"width\":130,\"height\":130,\"caption\":\"Vryheidsfront Plus\"},\"image\":{\"@id\":\"https:\\\/\\\/www.vfplus.org.za\\\/af\\\/#\\\/schema\\\/logo\\\/image\\\/\"},\"sameAs\":[\"https:\\\/\\\/www.facebook.com\\\/VFplus?fref=ts\",\"https:\\\/\\\/x.com\\\/VFplus\",\"https:\\\/\\\/www.instagram.com\\\/vfplus_ffplus\\\/?hl=en\",\"https:\\\/\\\/www.youtube.com\\\/user\\\/VRYHEIDSFRONTplus\"]},{\"@type\":\"Person\",\"@id\":\"https:\\\/\\\/www.vfplus.org.za\\\/af\\\/#\\\/schema\\\/person\\\/2c3e703fc713d95efd7b7bf7b34646f4\",\"name\":\"brand_candy_amy\",\"image\":{\"@type\":\"ImageObject\",\"inLanguage\":\"af-ZA\",\"@id\":\"https:\\\/\\\/secure.gravatar.com\\\/avatar\\\/d295c22bd41c5cb61e8aa7fcafe90d2d2302363bc123897b40165ee0165d4f6b?s=96&d=mm&r=g45c99b902ec3fd12cf6977a6b6edf27a\",\"url\":\"https:\\\/\\\/secure.gravatar.com\\\/avatar\\\/d295c22bd41c5cb61e8aa7fcafe90d2d2302363bc123897b40165ee0165d4f6b?s=96&d=mm&r=g\",\"contentUrl\":\"https:\\\/\\\/secure.gravatar.com\\\/avatar\\\/d295c22bd41c5cb61e8aa7fcafe90d2d2302363bc123897b40165ee0165d4f6b?s=96&d=mm&r=g\",\"caption\":\"brand_candy_amy\"},\"sameAs\":[\"https:\\\/\\\/brandcandy.co.za\"],\"url\":\"https:\\\/\\\/www.vfplus.org.za\\\/af\\\/author\\\/brand_candy_amy\\\/\"}]}<\/script>\n<!-- \/ Yoast SEO plugin. -->","yoast_head_json":{"title":"Emfuleni faal tweede keer om aansuiweringsbegroting goed te keur | Vryheidsfront Plus","description":"Die Emfuleni-plaaslike munisipaliteit (Evaton, Sebokeng, Vaal Oewer, Vanderbijlpark, Vereeniging) kon vandag vir die tweede keer nie daarin slaag om sy","robots":{"index":"index","follow":"follow","max-snippet":"max-snippet:-1","max-image-preview":"max-image-preview:large","max-video-preview":"max-video-preview:-1"},"canonical":"https:\/\/www.vfplus.org.za\/af\/mediaverklarings\/emfuleni-faal-tweede-keer-om-aansuiweringsbegroting-goed-te-keur\/","og_locale":"af_ZA","og_type":"article","og_title":"Emfuleni faal tweede keer om aansuiweringsbegroting goed te keur | Vryheidsfront Plus","og_description":"Die Emfuleni-plaaslike munisipaliteit (Evaton, Sebokeng, Vaal Oewer, Vanderbijlpark, Vereeniging) kon vandag vir die tweede keer nie daarin slaag om sy","og_url":"https:\/\/www.vfplus.org.za\/af\/mediaverklarings\/emfuleni-faal-tweede-keer-om-aansuiweringsbegroting-goed-te-keur\/","og_site_name":"Vryheidsfront Plus","article_publisher":"https:\/\/www.facebook.com\/VFplus?fref=ts","article_published_time":"2026-03-12T12:48:57+00:00","article_modified_time":"2026-04-14T15:33:31+00:00","og_image":[{"width":1024,"height":768,"url":"https:\/\/www.vfplus.org.za\/wp-content\/uploads\/2026\/03\/freedomfront_plus_Emfuleni-faal-tweede-keer-om-aansuiweringsbegroting-goed-te-keur-1.png","type":"image\/png"}],"author":"Gerda Senekal","twitter_card":"summary_large_image","twitter_creator":"@VFplus","twitter_site":"@VFplus","twitter_misc":{"Written by":"brand_candy_amy","Est. reading time":"2 minutes"},"schema":{"@context":"https:\/\/schema.org","@graph":[{"@type":"Article","@id":"https:\/\/www.vfplus.org.za\/af\/mediaverklarings\/emfuleni-faal-tweede-keer-om-aansuiweringsbegroting-goed-te-keur\/#article","isPartOf":{"@id":"https:\/\/www.vfplus.org.za\/af\/mediaverklarings\/emfuleni-faal-tweede-keer-om-aansuiweringsbegroting-goed-te-keur\/"},"author":{"name":"brand_candy_amy","@id":"https:\/\/www.vfplus.org.za\/af\/#\/schema\/person\/2c3e703fc713d95efd7b7bf7b34646f4"},"headline":"Emfuleni faal tweede keer om aansuiweringsbegroting goed te keur","datePublished":"2026-03-12T12:48:57+00:00","dateModified":"2026-04-14T15:33:31+00:00","mainEntityOfPage":{"@id":"https:\/\/www.vfplus.org.za\/af\/mediaverklarings\/emfuleni-faal-tweede-keer-om-aansuiweringsbegroting-goed-te-keur\/"},"wordCount":219,"publisher":{"@id":"https:\/\/www.vfplus.org.za\/af\/#organization"},"image":{"@id":"https:\/\/www.vfplus.org.za\/af\/mediaverklarings\/emfuleni-faal-tweede-keer-om-aansuiweringsbegroting-goed-te-keur\/#primaryimage"},"thumbnailUrl":"https:\/\/www.vfplus.org.za\/wp-content\/uploads\/2026\/03\/freedomfront_plus_Emfuleni-faal-tweede-keer-om-aansuiweringsbegroting-goed-te-keur-1.png","articleSection":["Mediaverklarings"],"inLanguage":"af-ZA"},{"@type":"WebPage","@id":"https:\/\/www.vfplus.org.za\/af\/mediaverklarings\/emfuleni-faal-tweede-keer-om-aansuiweringsbegroting-goed-te-keur\/","url":"https:\/\/www.vfplus.org.za\/af\/mediaverklarings\/emfuleni-faal-tweede-keer-om-aansuiweringsbegroting-goed-te-keur\/","name":"Emfuleni faal tweede keer om aansuiweringsbegroting goed te keur | Vryheidsfront Plus","isPartOf":{"@id":"https:\/\/www.vfplus.org.za\/af\/#website"},"primaryImageOfPage":{"@id":"https:\/\/www.vfplus.org.za\/af\/mediaverklarings\/emfuleni-faal-tweede-keer-om-aansuiweringsbegroting-goed-te-keur\/#primaryimage"},"image":{"@id":"https:\/\/www.vfplus.org.za\/af\/mediaverklarings\/emfuleni-faal-tweede-keer-om-aansuiweringsbegroting-goed-te-keur\/#primaryimage"},"thumbnailUrl":"https:\/\/www.vfplus.org.za\/wp-content\/uploads\/2026\/03\/freedomfront_plus_Emfuleni-faal-tweede-keer-om-aansuiweringsbegroting-goed-te-keur-1.png","datePublished":"2026-03-12T12:48:57+00:00","dateModified":"2026-04-14T15:33:31+00:00","description":"Die Emfuleni-plaaslike munisipaliteit (Evaton, Sebokeng, Vaal Oewer, Vanderbijlpark, Vereeniging) kon vandag vir die tweede keer nie daarin slaag om sy","breadcrumb":{"@id":"https:\/\/www.vfplus.org.za\/af\/mediaverklarings\/emfuleni-faal-tweede-keer-om-aansuiweringsbegroting-goed-te-keur\/#breadcrumb"},"inLanguage":"af-ZA","potentialAction":[{"@type":"ReadAction","target":["https:\/\/www.vfplus.org.za\/af\/mediaverklarings\/emfuleni-faal-tweede-keer-om-aansuiweringsbegroting-goed-te-keur\/"]}]},{"@type":"ImageObject","inLanguage":"af-ZA","@id":"https:\/\/www.vfplus.org.za\/af\/mediaverklarings\/emfuleni-faal-tweede-keer-om-aansuiweringsbegroting-goed-te-keur\/#primaryimage","url":"https:\/\/www.vfplus.org.za\/wp-content\/uploads\/2026\/03\/freedomfront_plus_Emfuleni-faal-tweede-keer-om-aansuiweringsbegroting-goed-te-keur-1.png","contentUrl":"https:\/\/www.vfplus.org.za\/wp-content\/uploads\/2026\/03\/freedomfront_plus_Emfuleni-faal-tweede-keer-om-aansuiweringsbegroting-goed-te-keur-1.png","width":1024,"height":768},{"@type":"BreadcrumbList","@id":"https:\/\/www.vfplus.org.za\/af\/mediaverklarings\/emfuleni-faal-tweede-keer-om-aansuiweringsbegroting-goed-te-keur\/#breadcrumb","itemListElement":[{"@type":"ListItem","position":1,"name":"Tuis","item":"https:\/\/www.vfplus.org.za\/af\/"},{"@type":"ListItem","position":2,"name":"Emfuleni faal tweede keer om aansuiweringsbegroting goed te keur"}]},{"@type":"WebSite","@id":"https:\/\/www.vfplus.org.za\/af\/#website","url":"https:\/\/www.vfplus.org.za\/af\/","name":"Freedom Front Plus","description":"Stand Up | Stand Together | Stand Strong","publisher":{"@id":"https:\/\/www.vfplus.org.za\/af\/#organization"},"potentialAction":[{"@type":"SearchAction","target":{"@type":"EntryPoint","urlTemplate":"https:\/\/www.vfplus.org.za\/af\/?s={search_term_string}"},"query-input":{"@type":"PropertyValueSpecification","valueRequired":true,"valueName":"search_term_string"}}],"inLanguage":"af-ZA"},{"@type":"Organization","@id":"https:\/\/www.vfplus.org.za\/af\/#organization","name":"Vryheidsfront Plus","alternateName":"VF Plus","url":"https:\/\/www.vfplus.org.za\/af\/","logo":{"@type":"ImageObject","inLanguage":"af-ZA","@id":"https:\/\/www.vfplus.org.za\/af\/#\/schema\/logo\/image\/","url":"https:\/\/www.vfplus.org.za\/wp-content\/uploads\/2022\/11\/vfplus-logo-01.png","contentUrl":"https:\/\/www.vfplus.org.za\/wp-content\/uploads\/2022\/11\/vfplus-logo-01.png","width":130,"height":130,"caption":"Vryheidsfront Plus"},"image":{"@id":"https:\/\/www.vfplus.org.za\/af\/#\/schema\/logo\/image\/"},"sameAs":["https:\/\/www.facebook.com\/VFplus?fref=ts","https:\/\/x.com\/VFplus","https:\/\/www.instagram.com\/vfplus_ffplus\/?hl=en","https:\/\/www.youtube.com\/user\/VRYHEIDSFRONTplus"]},{"@type":"Person","@id":"https:\/\/www.vfplus.org.za\/af\/#\/schema\/person\/2c3e703fc713d95efd7b7bf7b34646f4","name":"brand_candy_amy","image":{"@type":"ImageObject","inLanguage":"af-ZA","@id":"https:\/\/secure.gravatar.com\/avatar\/d295c22bd41c5cb61e8aa7fcafe90d2d2302363bc123897b40165ee0165d4f6b?s=96&d=mm&r=g45c99b902ec3fd12cf6977a6b6edf27a","url":"https:\/\/secure.gravatar.com\/avatar\/d295c22bd41c5cb61e8aa7fcafe90d2d2302363bc123897b40165ee0165d4f6b?s=96&d=mm&r=g","contentUrl":"https:\/\/secure.gravatar.com\/avatar\/d295c22bd41c5cb61e8aa7fcafe90d2d2302363bc123897b40165ee0165d4f6b?s=96&d=mm&r=g","caption":"brand_candy_amy"},"sameAs":["https:\/\/brandcandy.co.za"],"url":"https:\/\/www.vfplus.org.za\/af\/author\/brand_candy_amy\/"}]}},"authors":[{"term_id":193,"user_id":0,"is_guest":1,"slug":"gerda-senekal","display_name":"Gerda Senekal","avatar_url":{"url":"https:\/\/www.vfplus.org.za\/wp-content\/uploads\/2023\/06\/freedomfront_plus_author_Gerda_Senekal_01.jpg","url2x":"https:\/\/www.vfplus.org.za\/wp-content\/uploads\/2023\/06\/freedomfront_plus_author_Gerda_Senekal_01.jpg"},"author_category":"","user_url":"","last_name":"","first_name":"","job_title":"","description":""}],"_links":{"self":[{"href":"https:\/\/www.vfplus.org.za\/af\/wp-json\/wp\/v2\/posts\/86484","targetHints":{"allow":["GET"]}}],"collection":[{"href":"https:\/\/www.vfplus.org.za\/af\/wp-json\/wp\/v2\/posts"}],"about":[{"href":"https:\/\/www.vfplus.org.za\/af\/wp-json\/wp\/v2\/types\/post"}],"author":[{"embeddable":true,"href":"https:\/\/www.vfplus.org.za\/af\/wp-json\/wp\/v2\/users\/5"}],"replies":[{"embeddable":true,"href":"https:\/\/www.vfplus.org.za\/af\/wp-json\/wp\/v2\/comments?post=86484"}],"version-history":[{"count":1,"href":"https:\/\/www.vfplus.org.za\/af\/wp-json\/wp\/v2\/posts\/86484\/revisions"}],"predecessor-version":[{"id":86491,"href":"https:\/\/www.vfplus.org.za\/af\/wp-json\/wp\/v2\/posts\/86484\/revisions\/86491"}],"wp:featuredmedia":[{"embeddable":true,"href":"https:\/\/www.vfplus.org.za\/af\/wp-json\/wp\/v2\/media\/87628"}],"wp:attachment":[{"href":"https:\/\/www.vfplus.org.za\/af\/wp-json\/wp\/v2\/media?parent=86484"}],"wp:term":[{"taxonomy":"category","embeddable":true,"href":"https:\/\/www.vfplus.org.za\/af\/wp-json\/wp\/v2\/categories?post=86484"},{"taxonomy":"post_tag","embeddable":true,"href":"https:\/\/www.vfplus.org.za\/af\/wp-json\/wp\/v2\/tags?post=86484"},{"taxonomy":"author","embeddable":true,"href":"https:\/\/www.vfplus.org.za\/af\/wp-json\/wp\/v2\/ppma_author?post=86484"}],"curies":[{"name":"wp","href":"https:\/\/api.w.org\/{rel}","templated":true}]}}