{"id":86050,"date":"2026-03-05T11:57:44","date_gmt":"2026-03-05T09:57:44","guid":{"rendered":"https:\/\/www.vfplus.org.za\/?p=86050"},"modified":"2026-04-14T16:21:55","modified_gmt":"2026-04-14T14:21:55","slug":"inwoners-moet-emfuleni-se-waardasierol-bevraagteken","status":"publish","type":"post","link":"https:\/\/www.vfplus.org.za\/af\/mediaverklarings\/inwoners-moet-emfuleni-se-waardasierol-bevraagteken\/","title":{"rendered":"Inwoners moet Emfuleni se waardasierol bevraagteken"},"content":{"rendered":"\n<p class=\"wp-block-paragraph\">Die VF Plus doen \u0149 beroep op inwoners om v\u00f3\u00f3r die 17de April 2026 beswaar aan te teken teen die Emfuleni-plaaslike munisipaliteit (Evaton, Sebokeng, Vaal Oewer, Vanderbijlpark, Vereeniging) se nuwe eiendomswaardasierol.<\/p>\n\n\n\n<p class=\"wp-block-paragraph\">Di\u00e9 waardasierol \u2013 wat vir die tydperk van 2026 tot 2031 sal geld, tree op 1 Julie in werking, en sal tot verhogings in eiendomsbelasting vir baie inwoners lei, aangesien die gebruik van die grond in ag geneem word om die belasbare waarde vas te stel.<\/p>\n\n\n\n<p class=\"wp-block-paragraph\">Die VF Plus wil dit duidelik stel dat hy nie die buitensporige verhogings steun nie, aangesien die nuwe waardes huiseienaars n\u00f3g meer gaan belas terwyl daar steeds minder dienste in di\u00e9 munisipaliteit gelewer word.<\/p>\n\n\n\n<p class=\"wp-block-paragraph\">Boonop word die nuwe rol vir kommentaar oopgestel sonder dat die bestaande eiendomswaardes met die faktureringstelsel gesinchroniseer is, wat tot verwarring en frustrasie by betalende inwoners lei.<\/p>\n\n\n\n<p class=\"wp-block-paragraph\">Die VF Plus is van mening dat die proses nie ten volle deursigtig is nie. Omdat Emfuleni nie deeglike openbare data oor presiese gemiddeldes van waardasie-verhogings uitgereik het nie, is dit bykans onmoontlik om vergelykings te tref met eiendomswaardasies in ander munisipaliteite.<\/p>\n\n\n\n<p class=\"wp-block-paragraph\">Huiseienaars wat ontevrede is oor die verhoogte belastingdruk wat die gevolg is van die administrasie se finansi\u00eble mislukkings, moet hul besware oor die nuwe waardasies so spoedig moontlik lug en nie wag tot die sperdatum nie.<\/p>\n\n\n\n<p class=\"wp-block-paragraph\">Die VF Plus beskou eiendomsbelasting as &#8216;n belangrike inkomstestroom, maar dit moet regverdig, deursigtig en korrek toegepas word.<\/p>\n\n\n\n<p class=\"wp-block-paragraph\">Die waardasierol is beskikbaar op Emfuleni se amptelike webwerf by die volgende skakel: https:\/\/emfuleni.gov.za\/valuation-roll\/ .<br>Beswaarvorms is ook daar beskikbaar.<\/p>\n\n\n\n<p class=\"wp-block-paragraph\">Inwoners kan ook die volgende munisipale kantore of biblioteke besoek om die waardasierol te besigtig en beswaar aan te teken:<\/p>\n\n\n\n<p class=\"wp-block-paragraph\">\u2022 Vanderbijlpark-munisipale kantoor<br>\u2022 Vereeniging-munisipale kantoor<br>\u2022 Masoheng Sebokeng-munisipale kantoor<br>\u2022 Mafatsane Evaton-munisipale kantoor<br>\u2022 Rus-Ter-Vaal-munisipale kantoor<br>\u2022 Sharpeville-biblioteek<br>\u2022 Bophelong-biblioteek<\/p>\n\n\n\n<p class=\"wp-block-paragraph\">Die VF Plus sal voortgaan om toe te sien dat eiendomsbelasting gehef word op die jongste eiendomswaardasies en dat die prosesse om die waardasierol saam te stel, aan al die wetlike vereistes voldoen.<\/p>\n\n\n\n<p class=\"wp-block-paragraph\">Finansi\u00eble wanbestuur en onduidelike fakturering in Emfuleni kan eenvoudig nie langer geduld word nie.<\/p>\n","protected":false},"excerpt":{"rendered":"<p>Die VF Plus doen \u0149 beroep op inwoners om v\u00f3\u00f3r die 17de April 2026 beswaar aan te teken teen die Emfuleni-plaaslike munisipaliteit (Evaton, Sebokeng, Vaal Oewer, Vanderbijlpark, Vereeniging) se nuwe eiendomswaardasierol. Di\u00e9 waardasierol \u2013 wat vir die tydperk van 2026 tot 2031 sal geld, tree op 1 Julie in werking, en sal tot verhogings in [&hellip;]<\/p>\n","protected":false},"author":5,"featured_media":87529,"comment_status":"closed","ping_status":"closed","sticky":false,"template":"","format":"standard","meta":{"_acf_changed":false,"_relevanssi_hide_post":"","_relevanssi_hide_content":"","_relevanssi_pin_for_all":"","_relevanssi_pin_keywords":"","_relevanssi_unpin_keywords":"","_relevanssi_related_keywords":"","_relevanssi_related_include_ids":"","_relevanssi_related_exclude_ids":"","_relevanssi_related_no_append":"","_relevanssi_related_not_related":"","_relevanssi_related_posts":"59676,62286,63870,81125,57875,60061","_relevanssi_noindex_reason":"","footnotes":""},"categories":[100],"tags":[],"ppma_author":[193],"class_list":["post-86050","post","type-post","status-publish","format-standard","has-post-thumbnail","hentry","category-mediaverklarings"],"acf":[],"yoast_head":"<!-- This site is optimized with the Yoast SEO plugin v28.4 - https:\/\/yoast.com\/product\/yoast-seo-wordpress\/ -->\n<title>Inwoners moet Emfuleni se waardasierol bevraagteken | Vryheidsfront Plus<\/title>\n<meta name=\"description\" content=\"Die VF Plus doen \u0149 beroep op inwoners om v\u00f3\u00f3r die 17de April 2026 beswaar aan te teken teen die Emfuleni-plaaslike munisipaliteit (Evaton, Sebokeng, Vaal\" \/>\n<meta name=\"robots\" content=\"index, follow, max-snippet:-1, max-image-preview:large, max-video-preview:-1\" \/>\n<link rel=\"canonical\" href=\"https:\/\/www.vfplus.org.za\/af\/mediaverklarings\/inwoners-moet-emfuleni-se-waardasierol-bevraagteken\/\" \/>\n<meta property=\"og:locale\" content=\"af_ZA\" \/>\n<meta property=\"og:type\" content=\"article\" \/>\n<meta property=\"og:title\" content=\"Inwoners moet Emfuleni se waardasierol bevraagteken | Vryheidsfront Plus\" \/>\n<meta property=\"og:description\" content=\"Die VF Plus doen \u0149 beroep op inwoners om v\u00f3\u00f3r die 17de April 2026 beswaar aan te teken teen die Emfuleni-plaaslike munisipaliteit (Evaton, Sebokeng, Vaal\" \/>\n<meta property=\"og:url\" content=\"https:\/\/www.vfplus.org.za\/af\/mediaverklarings\/inwoners-moet-emfuleni-se-waardasierol-bevraagteken\/\" \/>\n<meta property=\"og:site_name\" content=\"Vryheidsfront Plus\" \/>\n<meta property=\"article:publisher\" content=\"https:\/\/www.facebook.com\/VFplus?fref=ts\" \/>\n<meta property=\"article:published_time\" content=\"2026-03-05T09:57:44+00:00\" \/>\n<meta property=\"article:modified_time\" content=\"2026-04-14T14:21:55+00:00\" \/>\n<meta property=\"og:image\" content=\"https:\/\/www.vfplus.org.za\/wp-content\/uploads\/2026\/03\/freedomfront_plus_Inwoners-moet-Emfuleni-se-waardasierol-bevraagteken_02.png\" \/>\n\t<meta property=\"og:image:width\" content=\"1024\" \/>\n\t<meta property=\"og:image:height\" content=\"768\" \/>\n\t<meta property=\"og:image:type\" content=\"image\/png\" \/>\n<meta name=\"author\" content=\"Gerda Senekal\" \/>\n<meta name=\"twitter:card\" content=\"summary_large_image\" \/>\n<meta name=\"twitter:creator\" content=\"@VFplus\" \/>\n<meta name=\"twitter:site\" content=\"@VFplus\" \/>\n<meta name=\"twitter:label1\" content=\"Written by\" \/>\n\t<meta name=\"twitter:data1\" content=\"brand_candy_amy\" \/>\n\t<meta name=\"twitter:label2\" content=\"Est. reading time\" \/>\n\t<meta name=\"twitter:data2\" content=\"2 minutes\" \/>\n<script type=\"application\/ld+json\" class=\"yoast-schema-graph\">{\"@context\":\"https:\\\/\\\/schema.org\",\"@graph\":[{\"@type\":\"Article\",\"@id\":\"https:\\\/\\\/www.vfplus.org.za\\\/af\\\/mediaverklarings\\\/inwoners-moet-emfuleni-se-waardasierol-bevraagteken\\\/#article\",\"isPartOf\":{\"@id\":\"https:\\\/\\\/www.vfplus.org.za\\\/af\\\/mediaverklarings\\\/inwoners-moet-emfuleni-se-waardasierol-bevraagteken\\\/\"},\"author\":{\"name\":\"brand_candy_amy\",\"@id\":\"https:\\\/\\\/www.vfplus.org.za\\\/af\\\/#\\\/schema\\\/person\\\/2c3e703fc713d95efd7b7bf7b34646f4\"},\"headline\":\"Inwoners moet Emfuleni se waardasierol bevraagteken\",\"datePublished\":\"2026-03-05T09:57:44+00:00\",\"dateModified\":\"2026-04-14T14:21:55+00:00\",\"mainEntityOfPage\":{\"@id\":\"https:\\\/\\\/www.vfplus.org.za\\\/af\\\/mediaverklarings\\\/inwoners-moet-emfuleni-se-waardasierol-bevraagteken\\\/\"},\"wordCount\":342,\"publisher\":{\"@id\":\"https:\\\/\\\/www.vfplus.org.za\\\/af\\\/#organization\"},\"image\":{\"@id\":\"https:\\\/\\\/www.vfplus.org.za\\\/af\\\/mediaverklarings\\\/inwoners-moet-emfuleni-se-waardasierol-bevraagteken\\\/#primaryimage\"},\"thumbnailUrl\":\"https:\\\/\\\/www.vfplus.org.za\\\/wp-content\\\/uploads\\\/2026\\\/03\\\/freedomfront_plus_Inwoners-moet-Emfuleni-se-waardasierol-bevraagteken_02.png\",\"articleSection\":[\"Mediaverklarings\"],\"inLanguage\":\"af-ZA\"},{\"@type\":\"WebPage\",\"@id\":\"https:\\\/\\\/www.vfplus.org.za\\\/af\\\/mediaverklarings\\\/inwoners-moet-emfuleni-se-waardasierol-bevraagteken\\\/\",\"url\":\"https:\\\/\\\/www.vfplus.org.za\\\/af\\\/mediaverklarings\\\/inwoners-moet-emfuleni-se-waardasierol-bevraagteken\\\/\",\"name\":\"Inwoners moet Emfuleni se waardasierol bevraagteken | Vryheidsfront Plus\",\"isPartOf\":{\"@id\":\"https:\\\/\\\/www.vfplus.org.za\\\/af\\\/#website\"},\"primaryImageOfPage\":{\"@id\":\"https:\\\/\\\/www.vfplus.org.za\\\/af\\\/mediaverklarings\\\/inwoners-moet-emfuleni-se-waardasierol-bevraagteken\\\/#primaryimage\"},\"image\":{\"@id\":\"https:\\\/\\\/www.vfplus.org.za\\\/af\\\/mediaverklarings\\\/inwoners-moet-emfuleni-se-waardasierol-bevraagteken\\\/#primaryimage\"},\"thumbnailUrl\":\"https:\\\/\\\/www.vfplus.org.za\\\/wp-content\\\/uploads\\\/2026\\\/03\\\/freedomfront_plus_Inwoners-moet-Emfuleni-se-waardasierol-bevraagteken_02.png\",\"datePublished\":\"2026-03-05T09:57:44+00:00\",\"dateModified\":\"2026-04-14T14:21:55+00:00\",\"description\":\"Die VF Plus doen \u0149 beroep op inwoners om v\u00f3\u00f3r die 17de April 2026 beswaar aan te teken teen die Emfuleni-plaaslike munisipaliteit (Evaton, Sebokeng, Vaal\",\"breadcrumb\":{\"@id\":\"https:\\\/\\\/www.vfplus.org.za\\\/af\\\/mediaverklarings\\\/inwoners-moet-emfuleni-se-waardasierol-bevraagteken\\\/#breadcrumb\"},\"inLanguage\":\"af-ZA\",\"potentialAction\":[{\"@type\":\"ReadAction\",\"target\":[\"https:\\\/\\\/www.vfplus.org.za\\\/af\\\/mediaverklarings\\\/inwoners-moet-emfuleni-se-waardasierol-bevraagteken\\\/\"]}]},{\"@type\":\"ImageObject\",\"inLanguage\":\"af-ZA\",\"@id\":\"https:\\\/\\\/www.vfplus.org.za\\\/af\\\/mediaverklarings\\\/inwoners-moet-emfuleni-se-waardasierol-bevraagteken\\\/#primaryimage\",\"url\":\"https:\\\/\\\/www.vfplus.org.za\\\/wp-content\\\/uploads\\\/2026\\\/03\\\/freedomfront_plus_Inwoners-moet-Emfuleni-se-waardasierol-bevraagteken_02.png\",\"contentUrl\":\"https:\\\/\\\/www.vfplus.org.za\\\/wp-content\\\/uploads\\\/2026\\\/03\\\/freedomfront_plus_Inwoners-moet-Emfuleni-se-waardasierol-bevraagteken_02.png\",\"width\":1024,\"height\":768},{\"@type\":\"BreadcrumbList\",\"@id\":\"https:\\\/\\\/www.vfplus.org.za\\\/af\\\/mediaverklarings\\\/inwoners-moet-emfuleni-se-waardasierol-bevraagteken\\\/#breadcrumb\",\"itemListElement\":[{\"@type\":\"ListItem\",\"position\":1,\"name\":\"Tuis\",\"item\":\"https:\\\/\\\/www.vfplus.org.za\\\/af\\\/\"},{\"@type\":\"ListItem\",\"position\":2,\"name\":\"Inwoners moet Emfuleni se waardasierol bevraagteken\"}]},{\"@type\":\"WebSite\",\"@id\":\"https:\\\/\\\/www.vfplus.org.za\\\/af\\\/#website\",\"url\":\"https:\\\/\\\/www.vfplus.org.za\\\/af\\\/\",\"name\":\"Freedom Front Plus\",\"description\":\"Stand Up | Stand Together | Stand Strong\",\"publisher\":{\"@id\":\"https:\\\/\\\/www.vfplus.org.za\\\/af\\\/#organization\"},\"potentialAction\":[{\"@type\":\"SearchAction\",\"target\":{\"@type\":\"EntryPoint\",\"urlTemplate\":\"https:\\\/\\\/www.vfplus.org.za\\\/af\\\/?s={search_term_string}\"},\"query-input\":{\"@type\":\"PropertyValueSpecification\",\"valueRequired\":true,\"valueName\":\"search_term_string\"}}],\"inLanguage\":\"af-ZA\"},{\"@type\":\"Organization\",\"@id\":\"https:\\\/\\\/www.vfplus.org.za\\\/af\\\/#organization\",\"name\":\"Vryheidsfront Plus\",\"alternateName\":\"VF Plus\",\"url\":\"https:\\\/\\\/www.vfplus.org.za\\\/af\\\/\",\"logo\":{\"@type\":\"ImageObject\",\"inLanguage\":\"af-ZA\",\"@id\":\"https:\\\/\\\/www.vfplus.org.za\\\/af\\\/#\\\/schema\\\/logo\\\/image\\\/\",\"url\":\"https:\\\/\\\/www.vfplus.org.za\\\/wp-content\\\/uploads\\\/2022\\\/11\\\/vfplus-logo-01.png\",\"contentUrl\":\"https:\\\/\\\/www.vfplus.org.za\\\/wp-content\\\/uploads\\\/2022\\\/11\\\/vfplus-logo-01.png\",\"width\":130,\"height\":130,\"caption\":\"Vryheidsfront Plus\"},\"image\":{\"@id\":\"https:\\\/\\\/www.vfplus.org.za\\\/af\\\/#\\\/schema\\\/logo\\\/image\\\/\"},\"sameAs\":[\"https:\\\/\\\/www.facebook.com\\\/VFplus?fref=ts\",\"https:\\\/\\\/x.com\\\/VFplus\",\"https:\\\/\\\/www.instagram.com\\\/vfplus_ffplus\\\/?hl=en\",\"https:\\\/\\\/www.youtube.com\\\/user\\\/VRYHEIDSFRONTplus\"]},{\"@type\":\"Person\",\"@id\":\"https:\\\/\\\/www.vfplus.org.za\\\/af\\\/#\\\/schema\\\/person\\\/2c3e703fc713d95efd7b7bf7b34646f4\",\"name\":\"brand_candy_amy\",\"image\":{\"@type\":\"ImageObject\",\"inLanguage\":\"af-ZA\",\"@id\":\"https:\\\/\\\/secure.gravatar.com\\\/avatar\\\/d295c22bd41c5cb61e8aa7fcafe90d2d2302363bc123897b40165ee0165d4f6b?s=96&d=mm&r=g45c99b902ec3fd12cf6977a6b6edf27a\",\"url\":\"https:\\\/\\\/secure.gravatar.com\\\/avatar\\\/d295c22bd41c5cb61e8aa7fcafe90d2d2302363bc123897b40165ee0165d4f6b?s=96&d=mm&r=g\",\"contentUrl\":\"https:\\\/\\\/secure.gravatar.com\\\/avatar\\\/d295c22bd41c5cb61e8aa7fcafe90d2d2302363bc123897b40165ee0165d4f6b?s=96&d=mm&r=g\",\"caption\":\"brand_candy_amy\"},\"sameAs\":[\"https:\\\/\\\/brandcandy.co.za\"],\"url\":\"https:\\\/\\\/www.vfplus.org.za\\\/af\\\/author\\\/brand_candy_amy\\\/\"}]}<\/script>\n<!-- \/ Yoast SEO plugin. -->","yoast_head_json":{"title":"Inwoners moet Emfuleni se waardasierol bevraagteken | Vryheidsfront Plus","description":"Die VF Plus doen \u0149 beroep op inwoners om v\u00f3\u00f3r die 17de April 2026 beswaar aan te teken teen die Emfuleni-plaaslike munisipaliteit (Evaton, Sebokeng, Vaal","robots":{"index":"index","follow":"follow","max-snippet":"max-snippet:-1","max-image-preview":"max-image-preview:large","max-video-preview":"max-video-preview:-1"},"canonical":"https:\/\/www.vfplus.org.za\/af\/mediaverklarings\/inwoners-moet-emfuleni-se-waardasierol-bevraagteken\/","og_locale":"af_ZA","og_type":"article","og_title":"Inwoners moet Emfuleni se waardasierol bevraagteken | Vryheidsfront Plus","og_description":"Die VF Plus doen \u0149 beroep op inwoners om v\u00f3\u00f3r die 17de April 2026 beswaar aan te teken teen die Emfuleni-plaaslike munisipaliteit (Evaton, Sebokeng, Vaal","og_url":"https:\/\/www.vfplus.org.za\/af\/mediaverklarings\/inwoners-moet-emfuleni-se-waardasierol-bevraagteken\/","og_site_name":"Vryheidsfront Plus","article_publisher":"https:\/\/www.facebook.com\/VFplus?fref=ts","article_published_time":"2026-03-05T09:57:44+00:00","article_modified_time":"2026-04-14T14:21:55+00:00","og_image":[{"width":1024,"height":768,"url":"https:\/\/www.vfplus.org.za\/wp-content\/uploads\/2026\/03\/freedomfront_plus_Inwoners-moet-Emfuleni-se-waardasierol-bevraagteken_02.png","type":"image\/png"}],"author":"Gerda Senekal","twitter_card":"summary_large_image","twitter_creator":"@VFplus","twitter_site":"@VFplus","twitter_misc":{"Written by":"brand_candy_amy","Est. reading time":"2 minutes"},"schema":{"@context":"https:\/\/schema.org","@graph":[{"@type":"Article","@id":"https:\/\/www.vfplus.org.za\/af\/mediaverklarings\/inwoners-moet-emfuleni-se-waardasierol-bevraagteken\/#article","isPartOf":{"@id":"https:\/\/www.vfplus.org.za\/af\/mediaverklarings\/inwoners-moet-emfuleni-se-waardasierol-bevraagteken\/"},"author":{"name":"brand_candy_amy","@id":"https:\/\/www.vfplus.org.za\/af\/#\/schema\/person\/2c3e703fc713d95efd7b7bf7b34646f4"},"headline":"Inwoners moet Emfuleni se waardasierol bevraagteken","datePublished":"2026-03-05T09:57:44+00:00","dateModified":"2026-04-14T14:21:55+00:00","mainEntityOfPage":{"@id":"https:\/\/www.vfplus.org.za\/af\/mediaverklarings\/inwoners-moet-emfuleni-se-waardasierol-bevraagteken\/"},"wordCount":342,"publisher":{"@id":"https:\/\/www.vfplus.org.za\/af\/#organization"},"image":{"@id":"https:\/\/www.vfplus.org.za\/af\/mediaverklarings\/inwoners-moet-emfuleni-se-waardasierol-bevraagteken\/#primaryimage"},"thumbnailUrl":"https:\/\/www.vfplus.org.za\/wp-content\/uploads\/2026\/03\/freedomfront_plus_Inwoners-moet-Emfuleni-se-waardasierol-bevraagteken_02.png","articleSection":["Mediaverklarings"],"inLanguage":"af-ZA"},{"@type":"WebPage","@id":"https:\/\/www.vfplus.org.za\/af\/mediaverklarings\/inwoners-moet-emfuleni-se-waardasierol-bevraagteken\/","url":"https:\/\/www.vfplus.org.za\/af\/mediaverklarings\/inwoners-moet-emfuleni-se-waardasierol-bevraagteken\/","name":"Inwoners moet Emfuleni se waardasierol bevraagteken | Vryheidsfront Plus","isPartOf":{"@id":"https:\/\/www.vfplus.org.za\/af\/#website"},"primaryImageOfPage":{"@id":"https:\/\/www.vfplus.org.za\/af\/mediaverklarings\/inwoners-moet-emfuleni-se-waardasierol-bevraagteken\/#primaryimage"},"image":{"@id":"https:\/\/www.vfplus.org.za\/af\/mediaverklarings\/inwoners-moet-emfuleni-se-waardasierol-bevraagteken\/#primaryimage"},"thumbnailUrl":"https:\/\/www.vfplus.org.za\/wp-content\/uploads\/2026\/03\/freedomfront_plus_Inwoners-moet-Emfuleni-se-waardasierol-bevraagteken_02.png","datePublished":"2026-03-05T09:57:44+00:00","dateModified":"2026-04-14T14:21:55+00:00","description":"Die VF Plus doen \u0149 beroep op inwoners om v\u00f3\u00f3r die 17de April 2026 beswaar aan te teken teen die Emfuleni-plaaslike munisipaliteit (Evaton, Sebokeng, Vaal","breadcrumb":{"@id":"https:\/\/www.vfplus.org.za\/af\/mediaverklarings\/inwoners-moet-emfuleni-se-waardasierol-bevraagteken\/#breadcrumb"},"inLanguage":"af-ZA","potentialAction":[{"@type":"ReadAction","target":["https:\/\/www.vfplus.org.za\/af\/mediaverklarings\/inwoners-moet-emfuleni-se-waardasierol-bevraagteken\/"]}]},{"@type":"ImageObject","inLanguage":"af-ZA","@id":"https:\/\/www.vfplus.org.za\/af\/mediaverklarings\/inwoners-moet-emfuleni-se-waardasierol-bevraagteken\/#primaryimage","url":"https:\/\/www.vfplus.org.za\/wp-content\/uploads\/2026\/03\/freedomfront_plus_Inwoners-moet-Emfuleni-se-waardasierol-bevraagteken_02.png","contentUrl":"https:\/\/www.vfplus.org.za\/wp-content\/uploads\/2026\/03\/freedomfront_plus_Inwoners-moet-Emfuleni-se-waardasierol-bevraagteken_02.png","width":1024,"height":768},{"@type":"BreadcrumbList","@id":"https:\/\/www.vfplus.org.za\/af\/mediaverklarings\/inwoners-moet-emfuleni-se-waardasierol-bevraagteken\/#breadcrumb","itemListElement":[{"@type":"ListItem","position":1,"name":"Tuis","item":"https:\/\/www.vfplus.org.za\/af\/"},{"@type":"ListItem","position":2,"name":"Inwoners moet Emfuleni se waardasierol bevraagteken"}]},{"@type":"WebSite","@id":"https:\/\/www.vfplus.org.za\/af\/#website","url":"https:\/\/www.vfplus.org.za\/af\/","name":"Freedom Front Plus","description":"Stand Up | Stand Together | Stand Strong","publisher":{"@id":"https:\/\/www.vfplus.org.za\/af\/#organization"},"potentialAction":[{"@type":"SearchAction","target":{"@type":"EntryPoint","urlTemplate":"https:\/\/www.vfplus.org.za\/af\/?s={search_term_string}"},"query-input":{"@type":"PropertyValueSpecification","valueRequired":true,"valueName":"search_term_string"}}],"inLanguage":"af-ZA"},{"@type":"Organization","@id":"https:\/\/www.vfplus.org.za\/af\/#organization","name":"Vryheidsfront Plus","alternateName":"VF Plus","url":"https:\/\/www.vfplus.org.za\/af\/","logo":{"@type":"ImageObject","inLanguage":"af-ZA","@id":"https:\/\/www.vfplus.org.za\/af\/#\/schema\/logo\/image\/","url":"https:\/\/www.vfplus.org.za\/wp-content\/uploads\/2022\/11\/vfplus-logo-01.png","contentUrl":"https:\/\/www.vfplus.org.za\/wp-content\/uploads\/2022\/11\/vfplus-logo-01.png","width":130,"height":130,"caption":"Vryheidsfront Plus"},"image":{"@id":"https:\/\/www.vfplus.org.za\/af\/#\/schema\/logo\/image\/"},"sameAs":["https:\/\/www.facebook.com\/VFplus?fref=ts","https:\/\/x.com\/VFplus","https:\/\/www.instagram.com\/vfplus_ffplus\/?hl=en","https:\/\/www.youtube.com\/user\/VRYHEIDSFRONTplus"]},{"@type":"Person","@id":"https:\/\/www.vfplus.org.za\/af\/#\/schema\/person\/2c3e703fc713d95efd7b7bf7b34646f4","name":"brand_candy_amy","image":{"@type":"ImageObject","inLanguage":"af-ZA","@id":"https:\/\/secure.gravatar.com\/avatar\/d295c22bd41c5cb61e8aa7fcafe90d2d2302363bc123897b40165ee0165d4f6b?s=96&d=mm&r=g45c99b902ec3fd12cf6977a6b6edf27a","url":"https:\/\/secure.gravatar.com\/avatar\/d295c22bd41c5cb61e8aa7fcafe90d2d2302363bc123897b40165ee0165d4f6b?s=96&d=mm&r=g","contentUrl":"https:\/\/secure.gravatar.com\/avatar\/d295c22bd41c5cb61e8aa7fcafe90d2d2302363bc123897b40165ee0165d4f6b?s=96&d=mm&r=g","caption":"brand_candy_amy"},"sameAs":["https:\/\/brandcandy.co.za"],"url":"https:\/\/www.vfplus.org.za\/af\/author\/brand_candy_amy\/"}]}},"authors":[{"term_id":193,"user_id":0,"is_guest":1,"slug":"gerda-senekal","display_name":"Gerda Senekal","avatar_url":{"url":"https:\/\/www.vfplus.org.za\/wp-content\/uploads\/2023\/06\/freedomfront_plus_author_Gerda_Senekal_01.jpg","url2x":"https:\/\/www.vfplus.org.za\/wp-content\/uploads\/2023\/06\/freedomfront_plus_author_Gerda_Senekal_01.jpg"},"author_category":"","user_url":"","last_name":"","first_name":"","job_title":"","description":""}],"_links":{"self":[{"href":"https:\/\/www.vfplus.org.za\/af\/wp-json\/wp\/v2\/posts\/86050","targetHints":{"allow":["GET"]}}],"collection":[{"href":"https:\/\/www.vfplus.org.za\/af\/wp-json\/wp\/v2\/posts"}],"about":[{"href":"https:\/\/www.vfplus.org.za\/af\/wp-json\/wp\/v2\/types\/post"}],"author":[{"embeddable":true,"href":"https:\/\/www.vfplus.org.za\/af\/wp-json\/wp\/v2\/users\/5"}],"replies":[{"embeddable":true,"href":"https:\/\/www.vfplus.org.za\/af\/wp-json\/wp\/v2\/comments?post=86050"}],"version-history":[{"count":1,"href":"https:\/\/www.vfplus.org.za\/af\/wp-json\/wp\/v2\/posts\/86050\/revisions"}],"predecessor-version":[{"id":86053,"href":"https:\/\/www.vfplus.org.za\/af\/wp-json\/wp\/v2\/posts\/86050\/revisions\/86053"}],"wp:featuredmedia":[{"embeddable":true,"href":"https:\/\/www.vfplus.org.za\/af\/wp-json\/wp\/v2\/media\/87529"}],"wp:attachment":[{"href":"https:\/\/www.vfplus.org.za\/af\/wp-json\/wp\/v2\/media?parent=86050"}],"wp:term":[{"taxonomy":"category","embeddable":true,"href":"https:\/\/www.vfplus.org.za\/af\/wp-json\/wp\/v2\/categories?post=86050"},{"taxonomy":"post_tag","embeddable":true,"href":"https:\/\/www.vfplus.org.za\/af\/wp-json\/wp\/v2\/tags?post=86050"},{"taxonomy":"author","embeddable":true,"href":"https:\/\/www.vfplus.org.za\/af\/wp-json\/wp\/v2\/ppma_author?post=86050"}],"curies":[{"name":"wp","href":"https:\/\/api.w.org\/{rel}","templated":true}]}}