{"id":85798,"date":"2026-02-25T12:49:48","date_gmt":"2026-02-25T10:49:48","guid":{"rendered":"https:\/\/www.vfplus.org.za\/?p=85798"},"modified":"2026-04-14T11:54:55","modified_gmt":"2026-04-14T09:54:55","slug":"tshwane-se-gebrekkige-begroting-en-aansuiwerings-vererger-finansiele-krisis","status":"publish","type":"post","link":"https:\/\/www.vfplus.org.za\/af\/mediaverklarings\/tshwane-se-gebrekkige-begroting-en-aansuiwerings-vererger-finansiele-krisis\/","title":{"rendered":"Tshwane se gebrekkige begroting en aansuiwerings vererger finansi\u00eble krisis"},"content":{"rendered":"\n<p class=\"wp-block-paragraph\">Die Tshwane-metroraad se begroting vir die 2025\/26-finansi\u00eble jaar was van meet af aan gebrekkig en die jongste aansuiweringsbegroting het die metro se finansi\u00eble druk vererger.<\/p>\n\n\n\n<p class=\"wp-block-paragraph\">Inwoners word nou gekonfronteer met ho\u00ebr tariewe terwyl dienslewering agteruitgaan, aangesien die begroting \u2019n strukturele tekort en mislukte projekte verdoesel.<\/p>\n\n\n\n<p class=\"wp-block-paragraph\">Hoewel die onwettige reinigingsheffing verwyder is, probeer die metro die gaping vul met kunsmatige opwaartse aanpassings aan boetes, verhuring en rente. Hierdie praktyk skep \u2019n papieroefening wat die werklike tekort wegsteek en nie volhoubare oplossings bied nie.<\/p>\n\n\n\n<p class=\"wp-block-paragraph\">Die VF Plus het verskeie ernstige tekortkominge in die aansuiweringsbegroting uitgelig.<\/p>\n\n\n\n<p class=\"wp-block-paragraph\">\u2022 Die metro se finansi\u00eble plan is gebou op \u2019n onrealistiese invorderingsaanname van 92%, wat die omvang van agterstallige skuld en die ouditeur-generaal (OG) se waarskuwings eenvoudig ignoreer. \u2019n Meer realistiese koers van 85%, soos die OG aangedui het, beteken dat die verwagte inkomste aansienlik daal en \u2019n verlies van R2,2 miljard tot gevolg het. Hierdie tekort word vererger deur \u2019n toename van R534 miljoen in slegte skuld, wat die totale tekort na R2,7 miljard opstoot.<\/p>\n\n\n\n<p class=\"wp-block-paragraph\">\u2022 Elektrisiteitsinvordering word slegs op gefaktureerde verbruik bereken en sluit die omvang van diefstal en verspreidingsverliese uit. In werklikheid is die invorderingskoers nader aan 75%, wat die metro se inkomste tot sowat R45 miljard laat daal en die netto tekort tot R8 miljard of meer kan verhoog. Hierdie diefstal oorlaai substasies, veroorsaak kragonderbrekings, versnel infrastruktuurineenstorting en verminder faktureerbare verbruik tydens beurtkrag. Betalende inwoners word gevolglik gedwing om die koste van diefstal te dra deur ho\u00ebr tariewe, terwyl die kwaliteit van dienste steeds agteruitgaan.<\/p>\n\n\n\n<p class=\"wp-block-paragraph\">\u2022 Waterverliese het intussen grootmaataankope met R273 miljoen laat styg. Die toekenning van R15 miljoen vir die huur van watertenkwaens is \u2019n duur noodmaatre\u00ebl wat nie die probleem oplos nie, aangesien die voorsiening met tenkwaens ongemeet en ongefaktureerd bly. Dit verswak invorderingsdoeltreffendheid verder en bevoordeel slegs diegene wat aan die kontrakte gekoppel is, terwyl inwoners die gevolge van agteruitgang in dienste dra.<\/p>\n\n\n\n<p class=\"wp-block-paragraph\">\u2022 Munisipale entiteite toon ook duidelike tekens van verval. Die Tshwane Economic Development Agency (TEDA) se toelae is met R4,1 miljoen gesny, wat ekonomiese ontwikkeling verswak, terwyl die Housing Company Tshwane (HCT) se kontantvloei met R569 miljoen ingekort is, wat behuisingslewering ondermyn.<br>\u2022 Die metro se kontantdekking is tans net 0,1 maand \u2014 sowat R443 miljoen, gelykstaande aan drie dae se bedryfskoste \u2014 wat likwiditeitsmislukking bevestig en die onvermo\u00eb om finansi\u00eble skokke te absorbeer blootl\u00ea.<\/p>\n\n\n\n<p class=\"wp-block-paragraph\">\u2022 Verder het salariskoste met R229 miljoen gestyg weens die skikking met vakbonde vir \u2019n terugwerkende verhoging van 3,5%. Hoewel dit arbeidstabiliteit bring, word dit bereik ten koste van fiskale volhoubaarheid en verdiep dit die metro se finansi\u00eble ineenstorting.<\/p>\n\n\n\n<p class=\"wp-block-paragraph\">Hierdie begroting toon duidelik dat die metro se finansi\u00eble bestuur onvolhoubaar is.<\/p>\n\n\n\n<p class=\"wp-block-paragraph\">Die VF Plus eis \u2019n volledige hersiening van die begroting, gegrond op realistiese invorderingskoerse, streng uitgawedissipline en dringende optrede teen onwettige krag- en wateraansluitings.<\/p>\n\n\n\n<p class=\"wp-block-paragraph\">Beleggings moet gefokus word op volhoubare infrastruktuur eerder as duur noodmaatre\u00ebls soos watertenkwaens.<\/p>\n\n\n\n<p class=\"wp-block-paragraph\">Die metro se inwoners verdien \u2019n begroting wat werklik volhoubaar is, dienslewering beskerm en belastingbetalers se geld verantwoordelik bestuur.<\/p>\n","protected":false},"excerpt":{"rendered":"<p>Die Tshwane-metroraad se begroting vir die 2025\/26-finansi\u00eble jaar was van meet af aan gebrekkig en die jongste aansuiweringsbegroting het die metro se finansi\u00eble druk vererger. Inwoners word nou gekonfronteer met ho\u00ebr tariewe terwyl dienslewering agteruitgaan, aangesien die begroting \u2019n strukturele tekort en mislukte projekte verdoesel. Hoewel die onwettige reinigingsheffing verwyder is, probeer die metro die [&hellip;]<\/p>\n","protected":false},"author":5,"featured_media":85799,"comment_status":"closed","ping_status":"closed","sticky":false,"template":"","format":"standard","meta":{"_acf_changed":false,"_relevanssi_hide_post":"","_relevanssi_hide_content":"","_relevanssi_pin_for_all":"","_relevanssi_pin_keywords":"","_relevanssi_unpin_keywords":"","_relevanssi_related_keywords":"","_relevanssi_related_include_ids":"","_relevanssi_related_exclude_ids":"","_relevanssi_related_no_append":"","_relevanssi_related_not_related":"","_relevanssi_related_posts":"58035,63900,63853,62377,61145,63141","_relevanssi_noindex_reason":"","footnotes":""},"categories":[100],"tags":[],"ppma_author":[312],"class_list":["post-85798","post","type-post","status-publish","format-standard","has-post-thumbnail","hentry","category-mediaverklarings"],"acf":[],"yoast_head":"<!-- This site is optimized with the Yoast SEO plugin v28.4 - https:\/\/yoast.com\/product\/yoast-seo-wordpress\/ -->\n<title>Tshwane se gebrekkige begroting en aansuiwerings vererger finansi\u00eble krisis | Vryheidsfront Plus<\/title>\n<meta name=\"description\" content=\"Die Tshwane-metroraad se begroting vir die 2025\/26-finansi\u00eble jaar was van meet af aan gebrekkig en die jongste aansuiweringsbegroting het die metro se\" \/>\n<meta name=\"robots\" content=\"index, follow, max-snippet:-1, max-image-preview:large, max-video-preview:-1\" \/>\n<link rel=\"canonical\" href=\"https:\/\/www.vfplus.org.za\/af\/mediaverklarings\/tshwane-se-gebrekkige-begroting-en-aansuiwerings-vererger-finansiele-krisis\/\" \/>\n<meta property=\"og:locale\" content=\"af_ZA\" \/>\n<meta property=\"og:type\" content=\"article\" \/>\n<meta property=\"og:title\" content=\"Tshwane se gebrekkige begroting en aansuiwerings vererger finansi\u00eble krisis | Vryheidsfront Plus\" \/>\n<meta property=\"og:description\" content=\"Die Tshwane-metroraad se begroting vir die 2025\/26-finansi\u00eble jaar was van meet af aan gebrekkig en die jongste aansuiweringsbegroting het die metro se\" \/>\n<meta property=\"og:url\" content=\"https:\/\/www.vfplus.org.za\/af\/mediaverklarings\/tshwane-se-gebrekkige-begroting-en-aansuiwerings-vererger-finansiele-krisis\/\" \/>\n<meta property=\"og:site_name\" content=\"Vryheidsfront Plus\" \/>\n<meta property=\"article:publisher\" content=\"https:\/\/www.facebook.com\/VFplus?fref=ts\" \/>\n<meta property=\"article:published_time\" content=\"2026-02-25T10:49:48+00:00\" \/>\n<meta property=\"article:modified_time\" content=\"2026-04-14T09:54:55+00:00\" \/>\n<meta property=\"og:image\" content=\"https:\/\/www.vfplus.org.za\/wp-content\/uploads\/2026\/02\/freedomfront_plus_Tshwane-se-gebrekkige-begroting-en-aansuiwerings-vererger-finansiele-krisis.png\" \/>\n\t<meta property=\"og:image:width\" content=\"1024\" \/>\n\t<meta property=\"og:image:height\" content=\"768\" \/>\n\t<meta property=\"og:image:type\" content=\"image\/png\" \/>\n<meta name=\"author\" content=\"Grandi Theunissen\" \/>\n<meta name=\"twitter:card\" content=\"summary_large_image\" \/>\n<meta name=\"twitter:creator\" content=\"@VFplus\" \/>\n<meta name=\"twitter:site\" content=\"@VFplus\" \/>\n<meta name=\"twitter:label1\" content=\"Written by\" \/>\n\t<meta name=\"twitter:data1\" content=\"brand_candy_amy\" \/>\n\t<meta name=\"twitter:label2\" content=\"Est. reading time\" \/>\n\t<meta name=\"twitter:data2\" content=\"3 minutes\" \/>\n<script type=\"application\/ld+json\" class=\"yoast-schema-graph\">{\"@context\":\"https:\\\/\\\/schema.org\",\"@graph\":[{\"@type\":\"Article\",\"@id\":\"https:\\\/\\\/www.vfplus.org.za\\\/af\\\/mediaverklarings\\\/tshwane-se-gebrekkige-begroting-en-aansuiwerings-vererger-finansiele-krisis\\\/#article\",\"isPartOf\":{\"@id\":\"https:\\\/\\\/www.vfplus.org.za\\\/af\\\/mediaverklarings\\\/tshwane-se-gebrekkige-begroting-en-aansuiwerings-vererger-finansiele-krisis\\\/\"},\"author\":{\"name\":\"brand_candy_amy\",\"@id\":\"https:\\\/\\\/www.vfplus.org.za\\\/af\\\/#\\\/schema\\\/person\\\/2c3e703fc713d95efd7b7bf7b34646f4\"},\"headline\":\"Tshwane se gebrekkige begroting en aansuiwerings vererger finansi\u00eble krisis\",\"datePublished\":\"2026-02-25T10:49:48+00:00\",\"dateModified\":\"2026-04-14T09:54:55+00:00\",\"mainEntityOfPage\":{\"@id\":\"https:\\\/\\\/www.vfplus.org.za\\\/af\\\/mediaverklarings\\\/tshwane-se-gebrekkige-begroting-en-aansuiwerings-vererger-finansiele-krisis\\\/\"},\"wordCount\":503,\"publisher\":{\"@id\":\"https:\\\/\\\/www.vfplus.org.za\\\/af\\\/#organization\"},\"image\":{\"@id\":\"https:\\\/\\\/www.vfplus.org.za\\\/af\\\/mediaverklarings\\\/tshwane-se-gebrekkige-begroting-en-aansuiwerings-vererger-finansiele-krisis\\\/#primaryimage\"},\"thumbnailUrl\":\"https:\\\/\\\/www.vfplus.org.za\\\/wp-content\\\/uploads\\\/2026\\\/02\\\/freedomfront_plus_Tshwane-se-gebrekkige-begroting-en-aansuiwerings-vererger-finansiele-krisis.png\",\"articleSection\":[\"Mediaverklarings\"],\"inLanguage\":\"af-ZA\"},{\"@type\":\"WebPage\",\"@id\":\"https:\\\/\\\/www.vfplus.org.za\\\/af\\\/mediaverklarings\\\/tshwane-se-gebrekkige-begroting-en-aansuiwerings-vererger-finansiele-krisis\\\/\",\"url\":\"https:\\\/\\\/www.vfplus.org.za\\\/af\\\/mediaverklarings\\\/tshwane-se-gebrekkige-begroting-en-aansuiwerings-vererger-finansiele-krisis\\\/\",\"name\":\"Tshwane se gebrekkige begroting en aansuiwerings vererger finansi\u00eble krisis | Vryheidsfront Plus\",\"isPartOf\":{\"@id\":\"https:\\\/\\\/www.vfplus.org.za\\\/af\\\/#website\"},\"primaryImageOfPage\":{\"@id\":\"https:\\\/\\\/www.vfplus.org.za\\\/af\\\/mediaverklarings\\\/tshwane-se-gebrekkige-begroting-en-aansuiwerings-vererger-finansiele-krisis\\\/#primaryimage\"},\"image\":{\"@id\":\"https:\\\/\\\/www.vfplus.org.za\\\/af\\\/mediaverklarings\\\/tshwane-se-gebrekkige-begroting-en-aansuiwerings-vererger-finansiele-krisis\\\/#primaryimage\"},\"thumbnailUrl\":\"https:\\\/\\\/www.vfplus.org.za\\\/wp-content\\\/uploads\\\/2026\\\/02\\\/freedomfront_plus_Tshwane-se-gebrekkige-begroting-en-aansuiwerings-vererger-finansiele-krisis.png\",\"datePublished\":\"2026-02-25T10:49:48+00:00\",\"dateModified\":\"2026-04-14T09:54:55+00:00\",\"description\":\"Die Tshwane-metroraad se begroting vir die 2025\\\/26-finansi\u00eble jaar was van meet af aan gebrekkig en die jongste aansuiweringsbegroting het die metro se\",\"breadcrumb\":{\"@id\":\"https:\\\/\\\/www.vfplus.org.za\\\/af\\\/mediaverklarings\\\/tshwane-se-gebrekkige-begroting-en-aansuiwerings-vererger-finansiele-krisis\\\/#breadcrumb\"},\"inLanguage\":\"af-ZA\",\"potentialAction\":[{\"@type\":\"ReadAction\",\"target\":[\"https:\\\/\\\/www.vfplus.org.za\\\/af\\\/mediaverklarings\\\/tshwane-se-gebrekkige-begroting-en-aansuiwerings-vererger-finansiele-krisis\\\/\"]}]},{\"@type\":\"ImageObject\",\"inLanguage\":\"af-ZA\",\"@id\":\"https:\\\/\\\/www.vfplus.org.za\\\/af\\\/mediaverklarings\\\/tshwane-se-gebrekkige-begroting-en-aansuiwerings-vererger-finansiele-krisis\\\/#primaryimage\",\"url\":\"https:\\\/\\\/www.vfplus.org.za\\\/wp-content\\\/uploads\\\/2026\\\/02\\\/freedomfront_plus_Tshwane-se-gebrekkige-begroting-en-aansuiwerings-vererger-finansiele-krisis.png\",\"contentUrl\":\"https:\\\/\\\/www.vfplus.org.za\\\/wp-content\\\/uploads\\\/2026\\\/02\\\/freedomfront_plus_Tshwane-se-gebrekkige-begroting-en-aansuiwerings-vererger-finansiele-krisis.png\",\"width\":1024,\"height\":768},{\"@type\":\"BreadcrumbList\",\"@id\":\"https:\\\/\\\/www.vfplus.org.za\\\/af\\\/mediaverklarings\\\/tshwane-se-gebrekkige-begroting-en-aansuiwerings-vererger-finansiele-krisis\\\/#breadcrumb\",\"itemListElement\":[{\"@type\":\"ListItem\",\"position\":1,\"name\":\"Tuis\",\"item\":\"https:\\\/\\\/www.vfplus.org.za\\\/af\\\/\"},{\"@type\":\"ListItem\",\"position\":2,\"name\":\"Tshwane se gebrekkige begroting en aansuiwerings vererger finansi\u00eble krisis\"}]},{\"@type\":\"WebSite\",\"@id\":\"https:\\\/\\\/www.vfplus.org.za\\\/af\\\/#website\",\"url\":\"https:\\\/\\\/www.vfplus.org.za\\\/af\\\/\",\"name\":\"Freedom Front Plus\",\"description\":\"Stand Up | Stand Together | Stand Strong\",\"publisher\":{\"@id\":\"https:\\\/\\\/www.vfplus.org.za\\\/af\\\/#organization\"},\"potentialAction\":[{\"@type\":\"SearchAction\",\"target\":{\"@type\":\"EntryPoint\",\"urlTemplate\":\"https:\\\/\\\/www.vfplus.org.za\\\/af\\\/?s={search_term_string}\"},\"query-input\":{\"@type\":\"PropertyValueSpecification\",\"valueRequired\":true,\"valueName\":\"search_term_string\"}}],\"inLanguage\":\"af-ZA\"},{\"@type\":\"Organization\",\"@id\":\"https:\\\/\\\/www.vfplus.org.za\\\/af\\\/#organization\",\"name\":\"Vryheidsfront Plus\",\"alternateName\":\"VF Plus\",\"url\":\"https:\\\/\\\/www.vfplus.org.za\\\/af\\\/\",\"logo\":{\"@type\":\"ImageObject\",\"inLanguage\":\"af-ZA\",\"@id\":\"https:\\\/\\\/www.vfplus.org.za\\\/af\\\/#\\\/schema\\\/logo\\\/image\\\/\",\"url\":\"https:\\\/\\\/www.vfplus.org.za\\\/wp-content\\\/uploads\\\/2022\\\/11\\\/vfplus-logo-01.png\",\"contentUrl\":\"https:\\\/\\\/www.vfplus.org.za\\\/wp-content\\\/uploads\\\/2022\\\/11\\\/vfplus-logo-01.png\",\"width\":130,\"height\":130,\"caption\":\"Vryheidsfront Plus\"},\"image\":{\"@id\":\"https:\\\/\\\/www.vfplus.org.za\\\/af\\\/#\\\/schema\\\/logo\\\/image\\\/\"},\"sameAs\":[\"https:\\\/\\\/www.facebook.com\\\/VFplus?fref=ts\",\"https:\\\/\\\/x.com\\\/VFplus\",\"https:\\\/\\\/www.instagram.com\\\/vfplus_ffplus\\\/?hl=en\",\"https:\\\/\\\/www.youtube.com\\\/user\\\/VRYHEIDSFRONTplus\"]},{\"@type\":\"Person\",\"@id\":\"https:\\\/\\\/www.vfplus.org.za\\\/af\\\/#\\\/schema\\\/person\\\/2c3e703fc713d95efd7b7bf7b34646f4\",\"name\":\"brand_candy_amy\",\"image\":{\"@type\":\"ImageObject\",\"inLanguage\":\"af-ZA\",\"@id\":\"https:\\\/\\\/secure.gravatar.com\\\/avatar\\\/d295c22bd41c5cb61e8aa7fcafe90d2d2302363bc123897b40165ee0165d4f6b?s=96&d=mm&r=g45c99b902ec3fd12cf6977a6b6edf27a\",\"url\":\"https:\\\/\\\/secure.gravatar.com\\\/avatar\\\/d295c22bd41c5cb61e8aa7fcafe90d2d2302363bc123897b40165ee0165d4f6b?s=96&d=mm&r=g\",\"contentUrl\":\"https:\\\/\\\/secure.gravatar.com\\\/avatar\\\/d295c22bd41c5cb61e8aa7fcafe90d2d2302363bc123897b40165ee0165d4f6b?s=96&d=mm&r=g\",\"caption\":\"brand_candy_amy\"},\"sameAs\":[\"https:\\\/\\\/brandcandy.co.za\"],\"url\":\"https:\\\/\\\/www.vfplus.org.za\\\/af\\\/author\\\/brand_candy_amy\\\/\"}]}<\/script>\n<!-- \/ Yoast SEO plugin. -->","yoast_head_json":{"title":"Tshwane se gebrekkige begroting en aansuiwerings vererger finansi\u00eble krisis | Vryheidsfront Plus","description":"Die Tshwane-metroraad se begroting vir die 2025\/26-finansi\u00eble jaar was van meet af aan gebrekkig en die jongste aansuiweringsbegroting het die metro se","robots":{"index":"index","follow":"follow","max-snippet":"max-snippet:-1","max-image-preview":"max-image-preview:large","max-video-preview":"max-video-preview:-1"},"canonical":"https:\/\/www.vfplus.org.za\/af\/mediaverklarings\/tshwane-se-gebrekkige-begroting-en-aansuiwerings-vererger-finansiele-krisis\/","og_locale":"af_ZA","og_type":"article","og_title":"Tshwane se gebrekkige begroting en aansuiwerings vererger finansi\u00eble krisis | Vryheidsfront Plus","og_description":"Die Tshwane-metroraad se begroting vir die 2025\/26-finansi\u00eble jaar was van meet af aan gebrekkig en die jongste aansuiweringsbegroting het die metro se","og_url":"https:\/\/www.vfplus.org.za\/af\/mediaverklarings\/tshwane-se-gebrekkige-begroting-en-aansuiwerings-vererger-finansiele-krisis\/","og_site_name":"Vryheidsfront Plus","article_publisher":"https:\/\/www.facebook.com\/VFplus?fref=ts","article_published_time":"2026-02-25T10:49:48+00:00","article_modified_time":"2026-04-14T09:54:55+00:00","og_image":[{"width":1024,"height":768,"url":"https:\/\/www.vfplus.org.za\/wp-content\/uploads\/2026\/02\/freedomfront_plus_Tshwane-se-gebrekkige-begroting-en-aansuiwerings-vererger-finansiele-krisis.png","type":"image\/png"}],"author":"Grandi Theunissen","twitter_card":"summary_large_image","twitter_creator":"@VFplus","twitter_site":"@VFplus","twitter_misc":{"Written by":"brand_candy_amy","Est. reading time":"3 minutes"},"schema":{"@context":"https:\/\/schema.org","@graph":[{"@type":"Article","@id":"https:\/\/www.vfplus.org.za\/af\/mediaverklarings\/tshwane-se-gebrekkige-begroting-en-aansuiwerings-vererger-finansiele-krisis\/#article","isPartOf":{"@id":"https:\/\/www.vfplus.org.za\/af\/mediaverklarings\/tshwane-se-gebrekkige-begroting-en-aansuiwerings-vererger-finansiele-krisis\/"},"author":{"name":"brand_candy_amy","@id":"https:\/\/www.vfplus.org.za\/af\/#\/schema\/person\/2c3e703fc713d95efd7b7bf7b34646f4"},"headline":"Tshwane se gebrekkige begroting en aansuiwerings vererger finansi\u00eble krisis","datePublished":"2026-02-25T10:49:48+00:00","dateModified":"2026-04-14T09:54:55+00:00","mainEntityOfPage":{"@id":"https:\/\/www.vfplus.org.za\/af\/mediaverklarings\/tshwane-se-gebrekkige-begroting-en-aansuiwerings-vererger-finansiele-krisis\/"},"wordCount":503,"publisher":{"@id":"https:\/\/www.vfplus.org.za\/af\/#organization"},"image":{"@id":"https:\/\/www.vfplus.org.za\/af\/mediaverklarings\/tshwane-se-gebrekkige-begroting-en-aansuiwerings-vererger-finansiele-krisis\/#primaryimage"},"thumbnailUrl":"https:\/\/www.vfplus.org.za\/wp-content\/uploads\/2026\/02\/freedomfront_plus_Tshwane-se-gebrekkige-begroting-en-aansuiwerings-vererger-finansiele-krisis.png","articleSection":["Mediaverklarings"],"inLanguage":"af-ZA"},{"@type":"WebPage","@id":"https:\/\/www.vfplus.org.za\/af\/mediaverklarings\/tshwane-se-gebrekkige-begroting-en-aansuiwerings-vererger-finansiele-krisis\/","url":"https:\/\/www.vfplus.org.za\/af\/mediaverklarings\/tshwane-se-gebrekkige-begroting-en-aansuiwerings-vererger-finansiele-krisis\/","name":"Tshwane se gebrekkige begroting en aansuiwerings vererger finansi\u00eble krisis | Vryheidsfront Plus","isPartOf":{"@id":"https:\/\/www.vfplus.org.za\/af\/#website"},"primaryImageOfPage":{"@id":"https:\/\/www.vfplus.org.za\/af\/mediaverklarings\/tshwane-se-gebrekkige-begroting-en-aansuiwerings-vererger-finansiele-krisis\/#primaryimage"},"image":{"@id":"https:\/\/www.vfplus.org.za\/af\/mediaverklarings\/tshwane-se-gebrekkige-begroting-en-aansuiwerings-vererger-finansiele-krisis\/#primaryimage"},"thumbnailUrl":"https:\/\/www.vfplus.org.za\/wp-content\/uploads\/2026\/02\/freedomfront_plus_Tshwane-se-gebrekkige-begroting-en-aansuiwerings-vererger-finansiele-krisis.png","datePublished":"2026-02-25T10:49:48+00:00","dateModified":"2026-04-14T09:54:55+00:00","description":"Die Tshwane-metroraad se begroting vir die 2025\/26-finansi\u00eble jaar was van meet af aan gebrekkig en die jongste aansuiweringsbegroting het die metro se","breadcrumb":{"@id":"https:\/\/www.vfplus.org.za\/af\/mediaverklarings\/tshwane-se-gebrekkige-begroting-en-aansuiwerings-vererger-finansiele-krisis\/#breadcrumb"},"inLanguage":"af-ZA","potentialAction":[{"@type":"ReadAction","target":["https:\/\/www.vfplus.org.za\/af\/mediaverklarings\/tshwane-se-gebrekkige-begroting-en-aansuiwerings-vererger-finansiele-krisis\/"]}]},{"@type":"ImageObject","inLanguage":"af-ZA","@id":"https:\/\/www.vfplus.org.za\/af\/mediaverklarings\/tshwane-se-gebrekkige-begroting-en-aansuiwerings-vererger-finansiele-krisis\/#primaryimage","url":"https:\/\/www.vfplus.org.za\/wp-content\/uploads\/2026\/02\/freedomfront_plus_Tshwane-se-gebrekkige-begroting-en-aansuiwerings-vererger-finansiele-krisis.png","contentUrl":"https:\/\/www.vfplus.org.za\/wp-content\/uploads\/2026\/02\/freedomfront_plus_Tshwane-se-gebrekkige-begroting-en-aansuiwerings-vererger-finansiele-krisis.png","width":1024,"height":768},{"@type":"BreadcrumbList","@id":"https:\/\/www.vfplus.org.za\/af\/mediaverklarings\/tshwane-se-gebrekkige-begroting-en-aansuiwerings-vererger-finansiele-krisis\/#breadcrumb","itemListElement":[{"@type":"ListItem","position":1,"name":"Tuis","item":"https:\/\/www.vfplus.org.za\/af\/"},{"@type":"ListItem","position":2,"name":"Tshwane se gebrekkige begroting en aansuiwerings vererger finansi\u00eble krisis"}]},{"@type":"WebSite","@id":"https:\/\/www.vfplus.org.za\/af\/#website","url":"https:\/\/www.vfplus.org.za\/af\/","name":"Freedom Front Plus","description":"Stand Up | Stand Together | Stand Strong","publisher":{"@id":"https:\/\/www.vfplus.org.za\/af\/#organization"},"potentialAction":[{"@type":"SearchAction","target":{"@type":"EntryPoint","urlTemplate":"https:\/\/www.vfplus.org.za\/af\/?s={search_term_string}"},"query-input":{"@type":"PropertyValueSpecification","valueRequired":true,"valueName":"search_term_string"}}],"inLanguage":"af-ZA"},{"@type":"Organization","@id":"https:\/\/www.vfplus.org.za\/af\/#organization","name":"Vryheidsfront Plus","alternateName":"VF Plus","url":"https:\/\/www.vfplus.org.za\/af\/","logo":{"@type":"ImageObject","inLanguage":"af-ZA","@id":"https:\/\/www.vfplus.org.za\/af\/#\/schema\/logo\/image\/","url":"https:\/\/www.vfplus.org.za\/wp-content\/uploads\/2022\/11\/vfplus-logo-01.png","contentUrl":"https:\/\/www.vfplus.org.za\/wp-content\/uploads\/2022\/11\/vfplus-logo-01.png","width":130,"height":130,"caption":"Vryheidsfront Plus"},"image":{"@id":"https:\/\/www.vfplus.org.za\/af\/#\/schema\/logo\/image\/"},"sameAs":["https:\/\/www.facebook.com\/VFplus?fref=ts","https:\/\/x.com\/VFplus","https:\/\/www.instagram.com\/vfplus_ffplus\/?hl=en","https:\/\/www.youtube.com\/user\/VRYHEIDSFRONTplus"]},{"@type":"Person","@id":"https:\/\/www.vfplus.org.za\/af\/#\/schema\/person\/2c3e703fc713d95efd7b7bf7b34646f4","name":"brand_candy_amy","image":{"@type":"ImageObject","inLanguage":"af-ZA","@id":"https:\/\/secure.gravatar.com\/avatar\/d295c22bd41c5cb61e8aa7fcafe90d2d2302363bc123897b40165ee0165d4f6b?s=96&d=mm&r=g45c99b902ec3fd12cf6977a6b6edf27a","url":"https:\/\/secure.gravatar.com\/avatar\/d295c22bd41c5cb61e8aa7fcafe90d2d2302363bc123897b40165ee0165d4f6b?s=96&d=mm&r=g","contentUrl":"https:\/\/secure.gravatar.com\/avatar\/d295c22bd41c5cb61e8aa7fcafe90d2d2302363bc123897b40165ee0165d4f6b?s=96&d=mm&r=g","caption":"brand_candy_amy"},"sameAs":["https:\/\/brandcandy.co.za"],"url":"https:\/\/www.vfplus.org.za\/af\/author\/brand_candy_amy\/"}]}},"authors":[{"term_id":312,"user_id":0,"is_guest":1,"slug":"grandi-theunissen","display_name":"Grandi Theunissen","avatar_url":{"url":"https:\/\/www.vfplus.org.za\/wp-content\/uploads\/2023\/08\/freedomfront-plus-author-grandi-theunissen-city-of-tswane.jpg-e1694694313835.png","url2x":"https:\/\/www.vfplus.org.za\/wp-content\/uploads\/2023\/08\/freedomfront-plus-author-grandi-theunissen-city-of-tswane.jpg-e1694694313835.png"},"author_category":"","user_url":"","last_name":"","first_name":"","job_title":"","description":""}],"_links":{"self":[{"href":"https:\/\/www.vfplus.org.za\/af\/wp-json\/wp\/v2\/posts\/85798","targetHints":{"allow":["GET"]}}],"collection":[{"href":"https:\/\/www.vfplus.org.za\/af\/wp-json\/wp\/v2\/posts"}],"about":[{"href":"https:\/\/www.vfplus.org.za\/af\/wp-json\/wp\/v2\/types\/post"}],"author":[{"embeddable":true,"href":"https:\/\/www.vfplus.org.za\/af\/wp-json\/wp\/v2\/users\/5"}],"replies":[{"embeddable":true,"href":"https:\/\/www.vfplus.org.za\/af\/wp-json\/wp\/v2\/comments?post=85798"}],"version-history":[{"count":1,"href":"https:\/\/www.vfplus.org.za\/af\/wp-json\/wp\/v2\/posts\/85798\/revisions"}],"predecessor-version":[{"id":85801,"href":"https:\/\/www.vfplus.org.za\/af\/wp-json\/wp\/v2\/posts\/85798\/revisions\/85801"}],"wp:featuredmedia":[{"embeddable":true,"href":"https:\/\/www.vfplus.org.za\/af\/wp-json\/wp\/v2\/media\/85799"}],"wp:attachment":[{"href":"https:\/\/www.vfplus.org.za\/af\/wp-json\/wp\/v2\/media?parent=85798"}],"wp:term":[{"taxonomy":"category","embeddable":true,"href":"https:\/\/www.vfplus.org.za\/af\/wp-json\/wp\/v2\/categories?post=85798"},{"taxonomy":"post_tag","embeddable":true,"href":"https:\/\/www.vfplus.org.za\/af\/wp-json\/wp\/v2\/tags?post=85798"},{"taxonomy":"author","embeddable":true,"href":"https:\/\/www.vfplus.org.za\/af\/wp-json\/wp\/v2\/ppma_author?post=85798"}],"curies":[{"name":"wp","href":"https:\/\/api.w.org\/{rel}","templated":true}]}}