{"id":85565,"date":"2026-02-17T10:00:20","date_gmt":"2026-02-17T08:00:20","guid":{"rendered":"https:\/\/www.vfplus.org.za\/?p=85565"},"modified":"2026-02-17T10:00:26","modified_gmt":"2026-02-17T08:00:26","slug":"vf-plus-se-nee-vir-mbombela-se-voorgestelde-kragtariefverhoging-van-116","status":"publish","type":"post","link":"https:\/\/www.vfplus.org.za\/af\/mediaverklarings\/vf-plus-se-nee-vir-mbombela-se-voorgestelde-kragtariefverhoging-van-116\/","title":{"rendered":"VF Plus s\u00ea nee vir Mbombela se voorgestelde kragtariefverhoging van 11,6%"},"content":{"rendered":"\n<p class=\"wp-block-paragraph\">Die VF Plus verwerp die Mbombela-plaaslike munisipaliteit (Mbombela\/Nelspruit, Barberton, Hazyview, Kaapsehoop, Skukuza, Witrivier) se voorgestelde kragtariefverhoging van 11,6% vir die 2026\/2027-finansi\u00eble jaar.<\/p>\n\n\n\n<p class=\"wp-block-paragraph\">Hierdie verhoging is onregverdigbaar en plaas \u2019n onaanvaarbare bykomende las op inwoners en ondernemings wat reeds onder ho\u00eb lewenskoste gebuk gaan.<\/p>\n\n\n\n<p class=\"wp-block-paragraph\">Die voorgestelde verhoging is ver bo die inflasiekoers en sal veral huishoudings swaar tref. Armer gemeenskappe sal gedwing word om kragverbruik te verminder of na onveilige alternatiewe oor te skakel.<\/p>\n\n\n\n<p class=\"wp-block-paragraph\">Die plaaslike ekonomie sal ook ernstig benadeel word met stygende bedryfskostes. Werkskepping sal bedreig word en dit sal ondernemings se volhoubaarheid ondermyn.<\/p>\n\n\n\n<p class=\"wp-block-paragraph\">Boonop verhoog ho\u00eb tariewe die risiko van wanbetaling en kragdiefstal, wat die munisipale netwerk verder destabiliseer en uiteindelik almal se dienslewering skaad.<\/p>\n\n\n\n<p class=\"wp-block-paragraph\">Terwyl belastingbetalers gedwing word om meer te betaal, skuld staatsinstellings steeds honderde miljoene rand aan die munisipaliteit sonder dat daar daadwerklike stappe geneem word om hierdie skuld in te vorder.<\/p>\n\n\n\n<p class=\"wp-block-paragraph\">Terselfdertyd word buitensporige oortydbetalings van gemiddeld R18,6 miljoen per maand in sekere departemente uitbetaal \u2013 \u2019n duidelike teken van swak kostebestuur.<\/p>\n\n\n\n<p class=\"wp-block-paragraph\">Versoeke vir meter-oudits word ook eenvoudig ge\u00efgnoreer wat wantroue voed en die indruk skep dat die munisipaliteit nie wil h\u00ea dat potensi\u00eble foute of onre\u00eblmatighede aan die lig kom nie.<\/p>\n\n\n\n<p class=\"wp-block-paragraph\">Die VF Plus eis dat die munisipaliteit eers sy eie huis in orde bring, finansi\u00eble bestuur regstel, uitstaande staatskuld invorder en onnodige en buitensporige uitgawes besnoei voordat enige tariefverhoging oorweeg word.<\/p>\n\n\n\n<p class=\"wp-block-paragraph\">Inwoners van Mbombela verdien \u2019n munisipaliteit wat verantwoordelik bestuur word en wat sy eie mislukkings oplos, nie een wat dit op die belastingbetaler afskuif nie.<\/p>\n","protected":false},"excerpt":{"rendered":"<p>Die VF Plus verwerp die Mbombela-plaaslike munisipaliteit (Mbombela\/Nelspruit, Barberton, Hazyview, Kaapsehoop, Skukuza, Witrivier) se voorgestelde kragtariefverhoging van 11,6% vir die 2026\/2027-finansi\u00eble jaar. Hierdie verhoging is onregverdigbaar en plaas \u2019n onaanvaarbare bykomende las op inwoners en ondernemings wat reeds onder ho\u00eb lewenskoste gebuk gaan. Die voorgestelde verhoging is ver bo die inflasiekoers en sal veral huishoudings [&hellip;]<\/p>\n","protected":false},"author":5,"featured_media":85566,"comment_status":"closed","ping_status":"closed","sticky":false,"template":"","format":"standard","meta":{"_acf_changed":false,"_relevanssi_hide_post":"","_relevanssi_hide_content":"","_relevanssi_pin_for_all":"","_relevanssi_pin_keywords":"","_relevanssi_unpin_keywords":"","_relevanssi_related_keywords":"","_relevanssi_related_include_ids":"","_relevanssi_related_exclude_ids":"","_relevanssi_related_no_append":"","_relevanssi_related_not_related":"","_relevanssi_related_posts":"78924,20267,57793,63845,60375,82931","_relevanssi_noindex_reason":"","footnotes":""},"categories":[100],"tags":[],"ppma_author":[190,472],"class_list":["post-85565","post","type-post","status-publish","format-standard","has-post-thumbnail","hentry","category-mediaverklarings"],"acf":[],"yoast_head":"<!-- This site is optimized with the Yoast SEO plugin v28.4 - https:\/\/yoast.com\/product\/yoast-seo-wordpress\/ -->\n<title>VF Plus s\u00ea nee vir Mbombela se voorgestelde kragtariefverhoging van 11,6% | Vryheidsfront Plus<\/title>\n<meta name=\"description\" content=\"Die VF Plus verwerp die Mbombela-plaaslike munisipaliteit (Mbombela\/Nelspruit, Barberton, Hazyview, Kaapsehoop, Skukuza, Witrivier) se voorgestelde\" \/>\n<meta name=\"robots\" content=\"index, follow, max-snippet:-1, max-image-preview:large, max-video-preview:-1\" \/>\n<link rel=\"canonical\" href=\"https:\/\/www.vfplus.org.za\/af\/mediaverklarings\/vf-plus-se-nee-vir-mbombela-se-voorgestelde-kragtariefverhoging-van-116\/\" \/>\n<meta property=\"og:locale\" content=\"af_ZA\" \/>\n<meta property=\"og:type\" content=\"article\" \/>\n<meta property=\"og:title\" content=\"VF Plus s\u00ea nee vir Mbombela se voorgestelde kragtariefverhoging van 11,6% | Vryheidsfront Plus\" \/>\n<meta property=\"og:description\" content=\"Die VF Plus verwerp die Mbombela-plaaslike munisipaliteit (Mbombela\/Nelspruit, Barberton, Hazyview, Kaapsehoop, Skukuza, Witrivier) se voorgestelde\" \/>\n<meta property=\"og:url\" content=\"https:\/\/www.vfplus.org.za\/af\/mediaverklarings\/vf-plus-se-nee-vir-mbombela-se-voorgestelde-kragtariefverhoging-van-116\/\" \/>\n<meta property=\"og:site_name\" content=\"Vryheidsfront Plus\" \/>\n<meta property=\"article:publisher\" content=\"https:\/\/www.facebook.com\/VFplus?fref=ts\" \/>\n<meta property=\"article:published_time\" content=\"2026-02-17T08:00:20+00:00\" \/>\n<meta property=\"article:modified_time\" content=\"2026-02-17T08:00:26+00:00\" \/>\n<meta property=\"og:image\" content=\"https:\/\/www.vfplus.org.za\/wp-content\/uploads\/2026\/02\/freedomfront_plus_VF-Plus-se-nee-vir-Mbombela-se-voorgestelde-kragtariefverhoging-van-116.png\" \/>\n\t<meta property=\"og:image:width\" content=\"1024\" \/>\n\t<meta property=\"og:image:height\" content=\"768\" \/>\n\t<meta property=\"og:image:type\" content=\"image\/png\" \/>\n<meta name=\"author\" content=\"Freddy Robertson, Freddy Robertson\" \/>\n<meta name=\"twitter:card\" content=\"summary_large_image\" \/>\n<meta name=\"twitter:creator\" content=\"@VFplus\" \/>\n<meta name=\"twitter:site\" content=\"@VFplus\" \/>\n<meta name=\"twitter:label1\" content=\"Written by\" \/>\n\t<meta name=\"twitter:data1\" content=\"brand_candy_amy\" \/>\n\t<meta name=\"twitter:label2\" content=\"Est. reading time\" \/>\n\t<meta name=\"twitter:data2\" content=\"2 minutes\" \/>\n<script type=\"application\/ld+json\" class=\"yoast-schema-graph\">{\"@context\":\"https:\\\/\\\/schema.org\",\"@graph\":[{\"@type\":\"Article\",\"@id\":\"https:\\\/\\\/www.vfplus.org.za\\\/af\\\/mediaverklarings\\\/vf-plus-se-nee-vir-mbombela-se-voorgestelde-kragtariefverhoging-van-116\\\/#article\",\"isPartOf\":{\"@id\":\"https:\\\/\\\/www.vfplus.org.za\\\/af\\\/mediaverklarings\\\/vf-plus-se-nee-vir-mbombela-se-voorgestelde-kragtariefverhoging-van-116\\\/\"},\"author\":{\"name\":\"brand_candy_amy\",\"@id\":\"https:\\\/\\\/www.vfplus.org.za\\\/af\\\/#\\\/schema\\\/person\\\/2c3e703fc713d95efd7b7bf7b34646f4\"},\"headline\":\"VF Plus s\u00ea nee vir Mbombela se voorgestelde kragtariefverhoging van 11,6%\",\"datePublished\":\"2026-02-17T08:00:20+00:00\",\"dateModified\":\"2026-02-17T08:00:26+00:00\",\"mainEntityOfPage\":{\"@id\":\"https:\\\/\\\/www.vfplus.org.za\\\/af\\\/mediaverklarings\\\/vf-plus-se-nee-vir-mbombela-se-voorgestelde-kragtariefverhoging-van-116\\\/\"},\"wordCount\":268,\"publisher\":{\"@id\":\"https:\\\/\\\/www.vfplus.org.za\\\/af\\\/#organization\"},\"image\":{\"@id\":\"https:\\\/\\\/www.vfplus.org.za\\\/af\\\/mediaverklarings\\\/vf-plus-se-nee-vir-mbombela-se-voorgestelde-kragtariefverhoging-van-116\\\/#primaryimage\"},\"thumbnailUrl\":\"https:\\\/\\\/www.vfplus.org.za\\\/wp-content\\\/uploads\\\/2026\\\/02\\\/freedomfront_plus_VF-Plus-se-nee-vir-Mbombela-se-voorgestelde-kragtariefverhoging-van-116.png\",\"articleSection\":[\"Mediaverklarings\"],\"inLanguage\":\"af-ZA\"},{\"@type\":\"WebPage\",\"@id\":\"https:\\\/\\\/www.vfplus.org.za\\\/af\\\/mediaverklarings\\\/vf-plus-se-nee-vir-mbombela-se-voorgestelde-kragtariefverhoging-van-116\\\/\",\"url\":\"https:\\\/\\\/www.vfplus.org.za\\\/af\\\/mediaverklarings\\\/vf-plus-se-nee-vir-mbombela-se-voorgestelde-kragtariefverhoging-van-116\\\/\",\"name\":\"VF Plus s\u00ea nee vir Mbombela se voorgestelde kragtariefverhoging van 11,6% | Vryheidsfront Plus\",\"isPartOf\":{\"@id\":\"https:\\\/\\\/www.vfplus.org.za\\\/af\\\/#website\"},\"primaryImageOfPage\":{\"@id\":\"https:\\\/\\\/www.vfplus.org.za\\\/af\\\/mediaverklarings\\\/vf-plus-se-nee-vir-mbombela-se-voorgestelde-kragtariefverhoging-van-116\\\/#primaryimage\"},\"image\":{\"@id\":\"https:\\\/\\\/www.vfplus.org.za\\\/af\\\/mediaverklarings\\\/vf-plus-se-nee-vir-mbombela-se-voorgestelde-kragtariefverhoging-van-116\\\/#primaryimage\"},\"thumbnailUrl\":\"https:\\\/\\\/www.vfplus.org.za\\\/wp-content\\\/uploads\\\/2026\\\/02\\\/freedomfront_plus_VF-Plus-se-nee-vir-Mbombela-se-voorgestelde-kragtariefverhoging-van-116.png\",\"datePublished\":\"2026-02-17T08:00:20+00:00\",\"dateModified\":\"2026-02-17T08:00:26+00:00\",\"description\":\"Die VF Plus verwerp die Mbombela-plaaslike munisipaliteit (Mbombela\\\/Nelspruit, Barberton, Hazyview, Kaapsehoop, Skukuza, Witrivier) se voorgestelde\",\"breadcrumb\":{\"@id\":\"https:\\\/\\\/www.vfplus.org.za\\\/af\\\/mediaverklarings\\\/vf-plus-se-nee-vir-mbombela-se-voorgestelde-kragtariefverhoging-van-116\\\/#breadcrumb\"},\"inLanguage\":\"af-ZA\",\"potentialAction\":[{\"@type\":\"ReadAction\",\"target\":[\"https:\\\/\\\/www.vfplus.org.za\\\/af\\\/mediaverklarings\\\/vf-plus-se-nee-vir-mbombela-se-voorgestelde-kragtariefverhoging-van-116\\\/\"]}]},{\"@type\":\"ImageObject\",\"inLanguage\":\"af-ZA\",\"@id\":\"https:\\\/\\\/www.vfplus.org.za\\\/af\\\/mediaverklarings\\\/vf-plus-se-nee-vir-mbombela-se-voorgestelde-kragtariefverhoging-van-116\\\/#primaryimage\",\"url\":\"https:\\\/\\\/www.vfplus.org.za\\\/wp-content\\\/uploads\\\/2026\\\/02\\\/freedomfront_plus_VF-Plus-se-nee-vir-Mbombela-se-voorgestelde-kragtariefverhoging-van-116.png\",\"contentUrl\":\"https:\\\/\\\/www.vfplus.org.za\\\/wp-content\\\/uploads\\\/2026\\\/02\\\/freedomfront_plus_VF-Plus-se-nee-vir-Mbombela-se-voorgestelde-kragtariefverhoging-van-116.png\",\"width\":1024,\"height\":768},{\"@type\":\"BreadcrumbList\",\"@id\":\"https:\\\/\\\/www.vfplus.org.za\\\/af\\\/mediaverklarings\\\/vf-plus-se-nee-vir-mbombela-se-voorgestelde-kragtariefverhoging-van-116\\\/#breadcrumb\",\"itemListElement\":[{\"@type\":\"ListItem\",\"position\":1,\"name\":\"Tuis\",\"item\":\"https:\\\/\\\/www.vfplus.org.za\\\/af\\\/\"},{\"@type\":\"ListItem\",\"position\":2,\"name\":\"VF Plus s\u00ea nee vir Mbombela se voorgestelde kragtariefverhoging van 11,6%\"}]},{\"@type\":\"WebSite\",\"@id\":\"https:\\\/\\\/www.vfplus.org.za\\\/af\\\/#website\",\"url\":\"https:\\\/\\\/www.vfplus.org.za\\\/af\\\/\",\"name\":\"Freedom Front Plus\",\"description\":\"Stand Up | Stand Together | Stand Strong\",\"publisher\":{\"@id\":\"https:\\\/\\\/www.vfplus.org.za\\\/af\\\/#organization\"},\"potentialAction\":[{\"@type\":\"SearchAction\",\"target\":{\"@type\":\"EntryPoint\",\"urlTemplate\":\"https:\\\/\\\/www.vfplus.org.za\\\/af\\\/?s={search_term_string}\"},\"query-input\":{\"@type\":\"PropertyValueSpecification\",\"valueRequired\":true,\"valueName\":\"search_term_string\"}}],\"inLanguage\":\"af-ZA\"},{\"@type\":\"Organization\",\"@id\":\"https:\\\/\\\/www.vfplus.org.za\\\/af\\\/#organization\",\"name\":\"Vryheidsfront Plus\",\"alternateName\":\"VF Plus\",\"url\":\"https:\\\/\\\/www.vfplus.org.za\\\/af\\\/\",\"logo\":{\"@type\":\"ImageObject\",\"inLanguage\":\"af-ZA\",\"@id\":\"https:\\\/\\\/www.vfplus.org.za\\\/af\\\/#\\\/schema\\\/logo\\\/image\\\/\",\"url\":\"https:\\\/\\\/www.vfplus.org.za\\\/wp-content\\\/uploads\\\/2022\\\/11\\\/vfplus-logo-01.png\",\"contentUrl\":\"https:\\\/\\\/www.vfplus.org.za\\\/wp-content\\\/uploads\\\/2022\\\/11\\\/vfplus-logo-01.png\",\"width\":130,\"height\":130,\"caption\":\"Vryheidsfront Plus\"},\"image\":{\"@id\":\"https:\\\/\\\/www.vfplus.org.za\\\/af\\\/#\\\/schema\\\/logo\\\/image\\\/\"},\"sameAs\":[\"https:\\\/\\\/www.facebook.com\\\/VFplus?fref=ts\",\"https:\\\/\\\/x.com\\\/VFplus\",\"https:\\\/\\\/www.instagram.com\\\/vfplus_ffplus\\\/?hl=en\",\"https:\\\/\\\/www.youtube.com\\\/user\\\/VRYHEIDSFRONTplus\"]},{\"@type\":\"Person\",\"@id\":\"https:\\\/\\\/www.vfplus.org.za\\\/af\\\/#\\\/schema\\\/person\\\/2c3e703fc713d95efd7b7bf7b34646f4\",\"name\":\"brand_candy_amy\",\"image\":{\"@type\":\"ImageObject\",\"inLanguage\":\"af-ZA\",\"@id\":\"https:\\\/\\\/secure.gravatar.com\\\/avatar\\\/d295c22bd41c5cb61e8aa7fcafe90d2d2302363bc123897b40165ee0165d4f6b?s=96&d=mm&r=g45c99b902ec3fd12cf6977a6b6edf27a\",\"url\":\"https:\\\/\\\/secure.gravatar.com\\\/avatar\\\/d295c22bd41c5cb61e8aa7fcafe90d2d2302363bc123897b40165ee0165d4f6b?s=96&d=mm&r=g\",\"contentUrl\":\"https:\\\/\\\/secure.gravatar.com\\\/avatar\\\/d295c22bd41c5cb61e8aa7fcafe90d2d2302363bc123897b40165ee0165d4f6b?s=96&d=mm&r=g\",\"caption\":\"brand_candy_amy\"},\"sameAs\":[\"https:\\\/\\\/brandcandy.co.za\"],\"url\":\"https:\\\/\\\/www.vfplus.org.za\\\/af\\\/author\\\/brand_candy_amy\\\/\"}]}<\/script>\n<!-- \/ Yoast SEO plugin. -->","yoast_head_json":{"title":"VF Plus s\u00ea nee vir Mbombela se voorgestelde kragtariefverhoging van 11,6% | Vryheidsfront Plus","description":"Die VF Plus verwerp die Mbombela-plaaslike munisipaliteit (Mbombela\/Nelspruit, Barberton, Hazyview, Kaapsehoop, Skukuza, Witrivier) se voorgestelde","robots":{"index":"index","follow":"follow","max-snippet":"max-snippet:-1","max-image-preview":"max-image-preview:large","max-video-preview":"max-video-preview:-1"},"canonical":"https:\/\/www.vfplus.org.za\/af\/mediaverklarings\/vf-plus-se-nee-vir-mbombela-se-voorgestelde-kragtariefverhoging-van-116\/","og_locale":"af_ZA","og_type":"article","og_title":"VF Plus s\u00ea nee vir Mbombela se voorgestelde kragtariefverhoging van 11,6% | Vryheidsfront Plus","og_description":"Die VF Plus verwerp die Mbombela-plaaslike munisipaliteit (Mbombela\/Nelspruit, Barberton, Hazyview, Kaapsehoop, Skukuza, Witrivier) se voorgestelde","og_url":"https:\/\/www.vfplus.org.za\/af\/mediaverklarings\/vf-plus-se-nee-vir-mbombela-se-voorgestelde-kragtariefverhoging-van-116\/","og_site_name":"Vryheidsfront Plus","article_publisher":"https:\/\/www.facebook.com\/VFplus?fref=ts","article_published_time":"2026-02-17T08:00:20+00:00","article_modified_time":"2026-02-17T08:00:26+00:00","og_image":[{"width":1024,"height":768,"url":"https:\/\/www.vfplus.org.za\/wp-content\/uploads\/2026\/02\/freedomfront_plus_VF-Plus-se-nee-vir-Mbombela-se-voorgestelde-kragtariefverhoging-van-116.png","type":"image\/png"}],"author":"Freddy Robertson, Freddy Robertson","twitter_card":"summary_large_image","twitter_creator":"@VFplus","twitter_site":"@VFplus","twitter_misc":{"Written by":"brand_candy_amy","Est. reading time":"2 minutes"},"schema":{"@context":"https:\/\/schema.org","@graph":[{"@type":"Article","@id":"https:\/\/www.vfplus.org.za\/af\/mediaverklarings\/vf-plus-se-nee-vir-mbombela-se-voorgestelde-kragtariefverhoging-van-116\/#article","isPartOf":{"@id":"https:\/\/www.vfplus.org.za\/af\/mediaverklarings\/vf-plus-se-nee-vir-mbombela-se-voorgestelde-kragtariefverhoging-van-116\/"},"author":{"name":"brand_candy_amy","@id":"https:\/\/www.vfplus.org.za\/af\/#\/schema\/person\/2c3e703fc713d95efd7b7bf7b34646f4"},"headline":"VF Plus s\u00ea nee vir Mbombela se voorgestelde kragtariefverhoging van 11,6%","datePublished":"2026-02-17T08:00:20+00:00","dateModified":"2026-02-17T08:00:26+00:00","mainEntityOfPage":{"@id":"https:\/\/www.vfplus.org.za\/af\/mediaverklarings\/vf-plus-se-nee-vir-mbombela-se-voorgestelde-kragtariefverhoging-van-116\/"},"wordCount":268,"publisher":{"@id":"https:\/\/www.vfplus.org.za\/af\/#organization"},"image":{"@id":"https:\/\/www.vfplus.org.za\/af\/mediaverklarings\/vf-plus-se-nee-vir-mbombela-se-voorgestelde-kragtariefverhoging-van-116\/#primaryimage"},"thumbnailUrl":"https:\/\/www.vfplus.org.za\/wp-content\/uploads\/2026\/02\/freedomfront_plus_VF-Plus-se-nee-vir-Mbombela-se-voorgestelde-kragtariefverhoging-van-116.png","articleSection":["Mediaverklarings"],"inLanguage":"af-ZA"},{"@type":"WebPage","@id":"https:\/\/www.vfplus.org.za\/af\/mediaverklarings\/vf-plus-se-nee-vir-mbombela-se-voorgestelde-kragtariefverhoging-van-116\/","url":"https:\/\/www.vfplus.org.za\/af\/mediaverklarings\/vf-plus-se-nee-vir-mbombela-se-voorgestelde-kragtariefverhoging-van-116\/","name":"VF Plus s\u00ea nee vir Mbombela se voorgestelde kragtariefverhoging van 11,6% | Vryheidsfront Plus","isPartOf":{"@id":"https:\/\/www.vfplus.org.za\/af\/#website"},"primaryImageOfPage":{"@id":"https:\/\/www.vfplus.org.za\/af\/mediaverklarings\/vf-plus-se-nee-vir-mbombela-se-voorgestelde-kragtariefverhoging-van-116\/#primaryimage"},"image":{"@id":"https:\/\/www.vfplus.org.za\/af\/mediaverklarings\/vf-plus-se-nee-vir-mbombela-se-voorgestelde-kragtariefverhoging-van-116\/#primaryimage"},"thumbnailUrl":"https:\/\/www.vfplus.org.za\/wp-content\/uploads\/2026\/02\/freedomfront_plus_VF-Plus-se-nee-vir-Mbombela-se-voorgestelde-kragtariefverhoging-van-116.png","datePublished":"2026-02-17T08:00:20+00:00","dateModified":"2026-02-17T08:00:26+00:00","description":"Die VF Plus verwerp die Mbombela-plaaslike munisipaliteit (Mbombela\/Nelspruit, Barberton, Hazyview, Kaapsehoop, Skukuza, Witrivier) se voorgestelde","breadcrumb":{"@id":"https:\/\/www.vfplus.org.za\/af\/mediaverklarings\/vf-plus-se-nee-vir-mbombela-se-voorgestelde-kragtariefverhoging-van-116\/#breadcrumb"},"inLanguage":"af-ZA","potentialAction":[{"@type":"ReadAction","target":["https:\/\/www.vfplus.org.za\/af\/mediaverklarings\/vf-plus-se-nee-vir-mbombela-se-voorgestelde-kragtariefverhoging-van-116\/"]}]},{"@type":"ImageObject","inLanguage":"af-ZA","@id":"https:\/\/www.vfplus.org.za\/af\/mediaverklarings\/vf-plus-se-nee-vir-mbombela-se-voorgestelde-kragtariefverhoging-van-116\/#primaryimage","url":"https:\/\/www.vfplus.org.za\/wp-content\/uploads\/2026\/02\/freedomfront_plus_VF-Plus-se-nee-vir-Mbombela-se-voorgestelde-kragtariefverhoging-van-116.png","contentUrl":"https:\/\/www.vfplus.org.za\/wp-content\/uploads\/2026\/02\/freedomfront_plus_VF-Plus-se-nee-vir-Mbombela-se-voorgestelde-kragtariefverhoging-van-116.png","width":1024,"height":768},{"@type":"BreadcrumbList","@id":"https:\/\/www.vfplus.org.za\/af\/mediaverklarings\/vf-plus-se-nee-vir-mbombela-se-voorgestelde-kragtariefverhoging-van-116\/#breadcrumb","itemListElement":[{"@type":"ListItem","position":1,"name":"Tuis","item":"https:\/\/www.vfplus.org.za\/af\/"},{"@type":"ListItem","position":2,"name":"VF Plus s\u00ea nee vir Mbombela se voorgestelde kragtariefverhoging van 11,6%"}]},{"@type":"WebSite","@id":"https:\/\/www.vfplus.org.za\/af\/#website","url":"https:\/\/www.vfplus.org.za\/af\/","name":"Freedom Front Plus","description":"Stand Up | Stand Together | Stand Strong","publisher":{"@id":"https:\/\/www.vfplus.org.za\/af\/#organization"},"potentialAction":[{"@type":"SearchAction","target":{"@type":"EntryPoint","urlTemplate":"https:\/\/www.vfplus.org.za\/af\/?s={search_term_string}"},"query-input":{"@type":"PropertyValueSpecification","valueRequired":true,"valueName":"search_term_string"}}],"inLanguage":"af-ZA"},{"@type":"Organization","@id":"https:\/\/www.vfplus.org.za\/af\/#organization","name":"Vryheidsfront Plus","alternateName":"VF Plus","url":"https:\/\/www.vfplus.org.za\/af\/","logo":{"@type":"ImageObject","inLanguage":"af-ZA","@id":"https:\/\/www.vfplus.org.za\/af\/#\/schema\/logo\/image\/","url":"https:\/\/www.vfplus.org.za\/wp-content\/uploads\/2022\/11\/vfplus-logo-01.png","contentUrl":"https:\/\/www.vfplus.org.za\/wp-content\/uploads\/2022\/11\/vfplus-logo-01.png","width":130,"height":130,"caption":"Vryheidsfront Plus"},"image":{"@id":"https:\/\/www.vfplus.org.za\/af\/#\/schema\/logo\/image\/"},"sameAs":["https:\/\/www.facebook.com\/VFplus?fref=ts","https:\/\/x.com\/VFplus","https:\/\/www.instagram.com\/vfplus_ffplus\/?hl=en","https:\/\/www.youtube.com\/user\/VRYHEIDSFRONTplus"]},{"@type":"Person","@id":"https:\/\/www.vfplus.org.za\/af\/#\/schema\/person\/2c3e703fc713d95efd7b7bf7b34646f4","name":"brand_candy_amy","image":{"@type":"ImageObject","inLanguage":"af-ZA","@id":"https:\/\/secure.gravatar.com\/avatar\/d295c22bd41c5cb61e8aa7fcafe90d2d2302363bc123897b40165ee0165d4f6b?s=96&d=mm&r=g45c99b902ec3fd12cf6977a6b6edf27a","url":"https:\/\/secure.gravatar.com\/avatar\/d295c22bd41c5cb61e8aa7fcafe90d2d2302363bc123897b40165ee0165d4f6b?s=96&d=mm&r=g","contentUrl":"https:\/\/secure.gravatar.com\/avatar\/d295c22bd41c5cb61e8aa7fcafe90d2d2302363bc123897b40165ee0165d4f6b?s=96&d=mm&r=g","caption":"brand_candy_amy"},"sameAs":["https:\/\/brandcandy.co.za"],"url":"https:\/\/www.vfplus.org.za\/af\/author\/brand_candy_amy\/"}]}},"authors":[{"term_id":190,"user_id":0,"is_guest":1,"slug":"freddy-robertson","display_name":"Freddy Robertson","avatar_url":{"url":"https:\/\/www.vfplus.org.za\/wp-content\/uploads\/2023\/09\/freedomfront-authors-freddy-robertson-mbombela.jpg-e1695197647350.png","url2x":"https:\/\/www.vfplus.org.za\/wp-content\/uploads\/2023\/09\/freedomfront-authors-freddy-robertson-mbombela.jpg-e1695197647350.png"},"author_category":"","user_url":"","last_name":"","first_name":"","job_title":"","description":""},{"term_id":472,"user_id":0,"is_guest":1,"slug":"freddy-robertson-1","display_name":"Freddy Robertson","avatar_url":{"url":"https:\/\/www.vfplus.org.za\/wp-content\/uploads\/2023\/09\/freedomfront-authors-freddy-robertson-mbombela.jpg-e1695197647350.png","url2x":"https:\/\/www.vfplus.org.za\/wp-content\/uploads\/2023\/09\/freedomfront-authors-freddy-robertson-mbombela.jpg-e1695197647350.png"},"author_category":"","user_url":"","last_name":"","first_name":"","job_title":"","description":""}],"_links":{"self":[{"href":"https:\/\/www.vfplus.org.za\/af\/wp-json\/wp\/v2\/posts\/85565","targetHints":{"allow":["GET"]}}],"collection":[{"href":"https:\/\/www.vfplus.org.za\/af\/wp-json\/wp\/v2\/posts"}],"about":[{"href":"https:\/\/www.vfplus.org.za\/af\/wp-json\/wp\/v2\/types\/post"}],"author":[{"embeddable":true,"href":"https:\/\/www.vfplus.org.za\/af\/wp-json\/wp\/v2\/users\/5"}],"replies":[{"embeddable":true,"href":"https:\/\/www.vfplus.org.za\/af\/wp-json\/wp\/v2\/comments?post=85565"}],"version-history":[{"count":1,"href":"https:\/\/www.vfplus.org.za\/af\/wp-json\/wp\/v2\/posts\/85565\/revisions"}],"predecessor-version":[{"id":85568,"href":"https:\/\/www.vfplus.org.za\/af\/wp-json\/wp\/v2\/posts\/85565\/revisions\/85568"}],"wp:featuredmedia":[{"embeddable":true,"href":"https:\/\/www.vfplus.org.za\/af\/wp-json\/wp\/v2\/media\/85566"}],"wp:attachment":[{"href":"https:\/\/www.vfplus.org.za\/af\/wp-json\/wp\/v2\/media?parent=85565"}],"wp:term":[{"taxonomy":"category","embeddable":true,"href":"https:\/\/www.vfplus.org.za\/af\/wp-json\/wp\/v2\/categories?post=85565"},{"taxonomy":"post_tag","embeddable":true,"href":"https:\/\/www.vfplus.org.za\/af\/wp-json\/wp\/v2\/tags?post=85565"},{"taxonomy":"author","embeddable":true,"href":"https:\/\/www.vfplus.org.za\/af\/wp-json\/wp\/v2\/ppma_author?post=85565"}],"curies":[{"name":"wp","href":"https:\/\/api.w.org\/{rel}","templated":true}]}}