{"id":85553,"date":"2026-02-16T16:27:17","date_gmt":"2026-02-16T14:27:17","guid":{"rendered":"https:\/\/www.vfplus.org.za\/?p=85553"},"modified":"2026-02-16T16:27:29","modified_gmt":"2026-02-16T14:27:29","slug":"msukaligwa-herhaal-bestuursmislukkings-jaar-na-jaar-begroting-steeds-onbefonds","status":"publish","type":"post","link":"https:\/\/www.vfplus.org.za\/af\/mediaverklarings\/msukaligwa-herhaal-bestuursmislukkings-jaar-na-jaar-begroting-steeds-onbefonds\/","title":{"rendered":"Msukaligwa herhaal bestuursmislukkings jaar n\u00e1 jaar \u2013 begroting steeds onbefonds"},"content":{"rendered":"\n<p class=\"wp-block-paragraph\">Die Msukaligwa-plaaslike munisipaliteit (Breyten, Chrissiesmeer, Davel, Ermelo, Lothair) se 2024\/25-finansi\u00eble verslag van die ouditeur-generaal (OG) skets \u0149 onstellende prentjie van volgehoue wanbestuur en onbevoegdheid.<\/p>\n\n\n\n<p class=\"wp-block-paragraph\">Vir die derde agtereenvolgende jaar het die munisipaliteit \u2019n gekwalifiseerde ouditverslag ontvang \u2013 \u2019n status wat sedert 2022 onveranderd bly.<\/p>\n\n\n\n<p class=\"wp-block-paragraph\">Wat die situasie vererger, is dat dieselfde ernstige bevindinge al vir vier jaar herhaal word, sonder enige daadwerklike regstellende maatre\u00ebls of nuwe beleid om herhaling te voorkom. Dieselfde finansi\u00eble en bestuursfoute word jaar n\u00e1 jaar herhaal.<\/p>\n\n\n\n<p class=\"wp-block-paragraph\">Die kernbevindinge sluit in:<\/p>\n\n\n\n<p class=\"wp-block-paragraph\">\u2022 Waterverliese van 66%<br>\u2022 Kragverliese van 61%<br>\u2022 72% van munisipale rekeninge word nie ingevorder nie<br>\u2022 Geen verbetering in prestasie-inligting nie<br>\u2022 Geen aksieplan om ekonomiese groei te bevorder nie<br>\u2022 Geen gevolgbestuur vir wangedrag nie<br>\u2022 Onvoldoende oorsig oor finansi\u00eble state en geen verbetering in kwaliteit nie<\/p>\n\n\n\n<p class=\"wp-block-paragraph\">Hierdie volgehoue mislukkings dui op politieke onwilligheid eerder as \u2019n gebrek aan kennis. Die bestuur herhaal dieselfde foute, maar verwag steeds \u2019n ander uitkoms.<\/p>\n\n\n\n<p class=\"wp-block-paragraph\">N\u00e1 vier jaar is Msukaligwa se begroting steeds onbefonds, ondanks herhaalde waarskuwings van die VF Plus dat die huidige strategie om inkomste te verbeter, nie werk nie en geen werklike inkomste-groei tot gevolg het nie.<\/p>\n\n\n\n<p class=\"wp-block-paragraph\">Die strategiese beplanningskomitee, wat veronderstel is om oplossings te ontwikkel, toon self ook \u2019n ontstellende vlak van onbevoegdheid. Die enorme verlies aan water en elektrisiteit is finansieel onvolhoubaar en \u2019n direkte bedreiging vir dienslewering, tog versuim die munisipaliteit om basiese verordeninge en beheermaatre\u00ebls in plek te stel ondanks herhaalde versoeke van die VF Plus.<\/p>\n\n\n\n<p class=\"wp-block-paragraph\">Die gebrek aan gevolgebestuur en voorkomende beleid bevestig dat daar geen werklike politieke wil is om die krisis aan te spreek nie.<\/p>\n\n\n\n<p class=\"wp-block-paragraph\">Die ANC-beheerde raad, waar ANC-raadslede die kworum oorheers, ignoreer konstruktiewe voorstelle van opposisiepartye. Hierdie meerderheidsmag word nie gebruik om oplossings te vind nie, maar om verantwoordbaarheid te vermy.<\/p>\n\n\n\n<p class=\"wp-block-paragraph\">Hierdie bestuurwyse is vernietigend vir alle inwoners, ondernemings en die ekonomiese toekoms van Msukaligwa. Le\u00eb retoriek sonder aksie verbeter nie dienslewering nie en herstel nie vertroue nie.<\/p>\n\n\n\n<p class=\"wp-block-paragraph\">Die VF Plus duld nie hierdie vlak van wanbestuur, politieke onwilligheid en minagting vir inwoners nie. Verantwoordbaarheid, bekwame bestuur en daadwerklike hervorming is noodsaaklik vir die munisipaliteit se oorlewing en vooruitgang.<\/p>\n\n\n\n<p class=\"wp-block-paragraph\">Msukaligwa verdien beter as die ANC.<\/p>\n","protected":false},"excerpt":{"rendered":"<p>Die Msukaligwa-plaaslike munisipaliteit (Breyten, Chrissiesmeer, Davel, Ermelo, Lothair) se 2024\/25-finansi\u00eble verslag van die ouditeur-generaal (OG) skets \u0149 onstellende prentjie van volgehoue wanbestuur en onbevoegdheid. Vir die derde agtereenvolgende jaar het die munisipaliteit \u2019n gekwalifiseerde ouditverslag ontvang \u2013 \u2019n status wat sedert 2022 onveranderd bly. Wat die situasie vererger, is dat dieselfde ernstige bevindinge al vir [&hellip;]<\/p>\n","protected":false},"author":5,"featured_media":85554,"comment_status":"closed","ping_status":"closed","sticky":false,"template":"","format":"standard","meta":{"_acf_changed":false,"_relevanssi_hide_post":"","_relevanssi_hide_content":"","_relevanssi_pin_for_all":"","_relevanssi_pin_keywords":"","_relevanssi_unpin_keywords":"","_relevanssi_related_keywords":"","_relevanssi_related_include_ids":"","_relevanssi_related_exclude_ids":"","_relevanssi_related_no_append":"","_relevanssi_related_not_related":"","_relevanssi_related_posts":"61413,63737,78953,60311,62045,61007","_relevanssi_noindex_reason":"","footnotes":""},"categories":[100],"tags":[],"ppma_author":[169],"class_list":["post-85553","post","type-post","status-publish","format-standard","has-post-thumbnail","hentry","category-mediaverklarings"],"acf":[],"yoast_head":"<!-- This site is optimized with the Yoast SEO plugin v28.4 - https:\/\/yoast.com\/product\/yoast-seo-wordpress\/ -->\n<title>Msukaligwa herhaal bestuursmislukkings jaar n\u00e1 jaar \u2013 begroting steeds onbefonds | Vryheidsfront Plus<\/title>\n<meta name=\"description\" content=\"Die Msukaligwa-plaaslike munisipaliteit (Breyten, Chrissiesmeer, Davel, Ermelo, Lothair) se 2024\/25-finansi\u00eble verslag van die ouditeur-generaal (OG)\" \/>\n<meta name=\"robots\" content=\"index, follow, max-snippet:-1, max-image-preview:large, max-video-preview:-1\" \/>\n<link rel=\"canonical\" href=\"https:\/\/www.vfplus.org.za\/af\/mediaverklarings\/msukaligwa-herhaal-bestuursmislukkings-jaar-na-jaar-begroting-steeds-onbefonds\/\" \/>\n<meta property=\"og:locale\" content=\"af_ZA\" \/>\n<meta property=\"og:type\" content=\"article\" \/>\n<meta property=\"og:title\" content=\"Msukaligwa herhaal bestuursmislukkings jaar n\u00e1 jaar \u2013 begroting steeds onbefonds | Vryheidsfront Plus\" \/>\n<meta property=\"og:description\" content=\"Die Msukaligwa-plaaslike munisipaliteit (Breyten, Chrissiesmeer, Davel, Ermelo, Lothair) se 2024\/25-finansi\u00eble verslag van die ouditeur-generaal (OG)\" \/>\n<meta property=\"og:url\" content=\"https:\/\/www.vfplus.org.za\/af\/mediaverklarings\/msukaligwa-herhaal-bestuursmislukkings-jaar-na-jaar-begroting-steeds-onbefonds\/\" \/>\n<meta property=\"og:site_name\" content=\"Vryheidsfront Plus\" \/>\n<meta property=\"article:publisher\" content=\"https:\/\/www.facebook.com\/VFplus?fref=ts\" \/>\n<meta property=\"article:published_time\" content=\"2026-02-16T14:27:17+00:00\" \/>\n<meta property=\"article:modified_time\" content=\"2026-02-16T14:27:29+00:00\" \/>\n<meta property=\"og:image\" content=\"https:\/\/www.vfplus.org.za\/wp-content\/uploads\/2026\/02\/freedomfront_plus_Msukaligwa-herhaal-bestuursmislukkings-jaar-na-jaar-\u2013-begroting-steeds-onbefonds-2.png\" \/>\n\t<meta property=\"og:image:width\" content=\"1024\" \/>\n\t<meta property=\"og:image:height\" content=\"768\" \/>\n\t<meta property=\"og:image:type\" content=\"image\/png\" \/>\n<meta name=\"author\" content=\"Shobie Arnoldi\" \/>\n<meta name=\"twitter:card\" content=\"summary_large_image\" \/>\n<meta name=\"twitter:creator\" content=\"@VFplus\" \/>\n<meta name=\"twitter:site\" content=\"@VFplus\" \/>\n<meta name=\"twitter:label1\" content=\"Written by\" \/>\n\t<meta name=\"twitter:data1\" content=\"brand_candy_amy\" \/>\n\t<meta name=\"twitter:label2\" content=\"Est. reading time\" \/>\n\t<meta name=\"twitter:data2\" content=\"3 minutes\" \/>\n<script type=\"application\/ld+json\" class=\"yoast-schema-graph\">{\"@context\":\"https:\\\/\\\/schema.org\",\"@graph\":[{\"@type\":\"Article\",\"@id\":\"https:\\\/\\\/www.vfplus.org.za\\\/af\\\/mediaverklarings\\\/msukaligwa-herhaal-bestuursmislukkings-jaar-na-jaar-begroting-steeds-onbefonds\\\/#article\",\"isPartOf\":{\"@id\":\"https:\\\/\\\/www.vfplus.org.za\\\/af\\\/mediaverklarings\\\/msukaligwa-herhaal-bestuursmislukkings-jaar-na-jaar-begroting-steeds-onbefonds\\\/\"},\"author\":{\"name\":\"brand_candy_amy\",\"@id\":\"https:\\\/\\\/www.vfplus.org.za\\\/af\\\/#\\\/schema\\\/person\\\/2c3e703fc713d95efd7b7bf7b34646f4\"},\"headline\":\"Msukaligwa herhaal bestuursmislukkings jaar n\u00e1 jaar \u2013 begroting steeds onbefonds\",\"datePublished\":\"2026-02-16T14:27:17+00:00\",\"dateModified\":\"2026-02-16T14:27:29+00:00\",\"mainEntityOfPage\":{\"@id\":\"https:\\\/\\\/www.vfplus.org.za\\\/af\\\/mediaverklarings\\\/msukaligwa-herhaal-bestuursmislukkings-jaar-na-jaar-begroting-steeds-onbefonds\\\/\"},\"wordCount\":362,\"publisher\":{\"@id\":\"https:\\\/\\\/www.vfplus.org.za\\\/af\\\/#organization\"},\"image\":{\"@id\":\"https:\\\/\\\/www.vfplus.org.za\\\/af\\\/mediaverklarings\\\/msukaligwa-herhaal-bestuursmislukkings-jaar-na-jaar-begroting-steeds-onbefonds\\\/#primaryimage\"},\"thumbnailUrl\":\"https:\\\/\\\/www.vfplus.org.za\\\/wp-content\\\/uploads\\\/2026\\\/02\\\/freedomfront_plus_Msukaligwa-herhaal-bestuursmislukkings-jaar-na-jaar-\u2013-begroting-steeds-onbefonds-2.png\",\"articleSection\":[\"Mediaverklarings\"],\"inLanguage\":\"af-ZA\"},{\"@type\":\"WebPage\",\"@id\":\"https:\\\/\\\/www.vfplus.org.za\\\/af\\\/mediaverklarings\\\/msukaligwa-herhaal-bestuursmislukkings-jaar-na-jaar-begroting-steeds-onbefonds\\\/\",\"url\":\"https:\\\/\\\/www.vfplus.org.za\\\/af\\\/mediaverklarings\\\/msukaligwa-herhaal-bestuursmislukkings-jaar-na-jaar-begroting-steeds-onbefonds\\\/\",\"name\":\"Msukaligwa herhaal bestuursmislukkings jaar n\u00e1 jaar \u2013 begroting steeds onbefonds | Vryheidsfront Plus\",\"isPartOf\":{\"@id\":\"https:\\\/\\\/www.vfplus.org.za\\\/af\\\/#website\"},\"primaryImageOfPage\":{\"@id\":\"https:\\\/\\\/www.vfplus.org.za\\\/af\\\/mediaverklarings\\\/msukaligwa-herhaal-bestuursmislukkings-jaar-na-jaar-begroting-steeds-onbefonds\\\/#primaryimage\"},\"image\":{\"@id\":\"https:\\\/\\\/www.vfplus.org.za\\\/af\\\/mediaverklarings\\\/msukaligwa-herhaal-bestuursmislukkings-jaar-na-jaar-begroting-steeds-onbefonds\\\/#primaryimage\"},\"thumbnailUrl\":\"https:\\\/\\\/www.vfplus.org.za\\\/wp-content\\\/uploads\\\/2026\\\/02\\\/freedomfront_plus_Msukaligwa-herhaal-bestuursmislukkings-jaar-na-jaar-\u2013-begroting-steeds-onbefonds-2.png\",\"datePublished\":\"2026-02-16T14:27:17+00:00\",\"dateModified\":\"2026-02-16T14:27:29+00:00\",\"description\":\"Die Msukaligwa-plaaslike munisipaliteit (Breyten, Chrissiesmeer, Davel, Ermelo, Lothair) se 2024\\\/25-finansi\u00eble verslag van die ouditeur-generaal (OG)\",\"breadcrumb\":{\"@id\":\"https:\\\/\\\/www.vfplus.org.za\\\/af\\\/mediaverklarings\\\/msukaligwa-herhaal-bestuursmislukkings-jaar-na-jaar-begroting-steeds-onbefonds\\\/#breadcrumb\"},\"inLanguage\":\"af-ZA\",\"potentialAction\":[{\"@type\":\"ReadAction\",\"target\":[\"https:\\\/\\\/www.vfplus.org.za\\\/af\\\/mediaverklarings\\\/msukaligwa-herhaal-bestuursmislukkings-jaar-na-jaar-begroting-steeds-onbefonds\\\/\"]}]},{\"@type\":\"ImageObject\",\"inLanguage\":\"af-ZA\",\"@id\":\"https:\\\/\\\/www.vfplus.org.za\\\/af\\\/mediaverklarings\\\/msukaligwa-herhaal-bestuursmislukkings-jaar-na-jaar-begroting-steeds-onbefonds\\\/#primaryimage\",\"url\":\"https:\\\/\\\/www.vfplus.org.za\\\/wp-content\\\/uploads\\\/2026\\\/02\\\/freedomfront_plus_Msukaligwa-herhaal-bestuursmislukkings-jaar-na-jaar-\u2013-begroting-steeds-onbefonds-2.png\",\"contentUrl\":\"https:\\\/\\\/www.vfplus.org.za\\\/wp-content\\\/uploads\\\/2026\\\/02\\\/freedomfront_plus_Msukaligwa-herhaal-bestuursmislukkings-jaar-na-jaar-\u2013-begroting-steeds-onbefonds-2.png\",\"width\":1024,\"height\":768},{\"@type\":\"BreadcrumbList\",\"@id\":\"https:\\\/\\\/www.vfplus.org.za\\\/af\\\/mediaverklarings\\\/msukaligwa-herhaal-bestuursmislukkings-jaar-na-jaar-begroting-steeds-onbefonds\\\/#breadcrumb\",\"itemListElement\":[{\"@type\":\"ListItem\",\"position\":1,\"name\":\"Tuis\",\"item\":\"https:\\\/\\\/www.vfplus.org.za\\\/af\\\/\"},{\"@type\":\"ListItem\",\"position\":2,\"name\":\"Msukaligwa herhaal bestuursmislukkings jaar n\u00e1 jaar \u2013 begroting steeds onbefonds\"}]},{\"@type\":\"WebSite\",\"@id\":\"https:\\\/\\\/www.vfplus.org.za\\\/af\\\/#website\",\"url\":\"https:\\\/\\\/www.vfplus.org.za\\\/af\\\/\",\"name\":\"Freedom Front Plus\",\"description\":\"Stand Up | Stand Together | Stand Strong\",\"publisher\":{\"@id\":\"https:\\\/\\\/www.vfplus.org.za\\\/af\\\/#organization\"},\"potentialAction\":[{\"@type\":\"SearchAction\",\"target\":{\"@type\":\"EntryPoint\",\"urlTemplate\":\"https:\\\/\\\/www.vfplus.org.za\\\/af\\\/?s={search_term_string}\"},\"query-input\":{\"@type\":\"PropertyValueSpecification\",\"valueRequired\":true,\"valueName\":\"search_term_string\"}}],\"inLanguage\":\"af-ZA\"},{\"@type\":\"Organization\",\"@id\":\"https:\\\/\\\/www.vfplus.org.za\\\/af\\\/#organization\",\"name\":\"Vryheidsfront Plus\",\"alternateName\":\"VF Plus\",\"url\":\"https:\\\/\\\/www.vfplus.org.za\\\/af\\\/\",\"logo\":{\"@type\":\"ImageObject\",\"inLanguage\":\"af-ZA\",\"@id\":\"https:\\\/\\\/www.vfplus.org.za\\\/af\\\/#\\\/schema\\\/logo\\\/image\\\/\",\"url\":\"https:\\\/\\\/www.vfplus.org.za\\\/wp-content\\\/uploads\\\/2022\\\/11\\\/vfplus-logo-01.png\",\"contentUrl\":\"https:\\\/\\\/www.vfplus.org.za\\\/wp-content\\\/uploads\\\/2022\\\/11\\\/vfplus-logo-01.png\",\"width\":130,\"height\":130,\"caption\":\"Vryheidsfront Plus\"},\"image\":{\"@id\":\"https:\\\/\\\/www.vfplus.org.za\\\/af\\\/#\\\/schema\\\/logo\\\/image\\\/\"},\"sameAs\":[\"https:\\\/\\\/www.facebook.com\\\/VFplus?fref=ts\",\"https:\\\/\\\/x.com\\\/VFplus\",\"https:\\\/\\\/www.instagram.com\\\/vfplus_ffplus\\\/?hl=en\",\"https:\\\/\\\/www.youtube.com\\\/user\\\/VRYHEIDSFRONTplus\"]},{\"@type\":\"Person\",\"@id\":\"https:\\\/\\\/www.vfplus.org.za\\\/af\\\/#\\\/schema\\\/person\\\/2c3e703fc713d95efd7b7bf7b34646f4\",\"name\":\"brand_candy_amy\",\"image\":{\"@type\":\"ImageObject\",\"inLanguage\":\"af-ZA\",\"@id\":\"https:\\\/\\\/secure.gravatar.com\\\/avatar\\\/d295c22bd41c5cb61e8aa7fcafe90d2d2302363bc123897b40165ee0165d4f6b?s=96&d=mm&r=g45c99b902ec3fd12cf6977a6b6edf27a\",\"url\":\"https:\\\/\\\/secure.gravatar.com\\\/avatar\\\/d295c22bd41c5cb61e8aa7fcafe90d2d2302363bc123897b40165ee0165d4f6b?s=96&d=mm&r=g\",\"contentUrl\":\"https:\\\/\\\/secure.gravatar.com\\\/avatar\\\/d295c22bd41c5cb61e8aa7fcafe90d2d2302363bc123897b40165ee0165d4f6b?s=96&d=mm&r=g\",\"caption\":\"brand_candy_amy\"},\"sameAs\":[\"https:\\\/\\\/brandcandy.co.za\"],\"url\":\"https:\\\/\\\/www.vfplus.org.za\\\/af\\\/author\\\/brand_candy_amy\\\/\"}]}<\/script>\n<!-- \/ Yoast SEO plugin. -->","yoast_head_json":{"title":"Msukaligwa herhaal bestuursmislukkings jaar n\u00e1 jaar \u2013 begroting steeds onbefonds | Vryheidsfront Plus","description":"Die Msukaligwa-plaaslike munisipaliteit (Breyten, Chrissiesmeer, Davel, Ermelo, Lothair) se 2024\/25-finansi\u00eble verslag van die ouditeur-generaal (OG)","robots":{"index":"index","follow":"follow","max-snippet":"max-snippet:-1","max-image-preview":"max-image-preview:large","max-video-preview":"max-video-preview:-1"},"canonical":"https:\/\/www.vfplus.org.za\/af\/mediaverklarings\/msukaligwa-herhaal-bestuursmislukkings-jaar-na-jaar-begroting-steeds-onbefonds\/","og_locale":"af_ZA","og_type":"article","og_title":"Msukaligwa herhaal bestuursmislukkings jaar n\u00e1 jaar \u2013 begroting steeds onbefonds | Vryheidsfront Plus","og_description":"Die Msukaligwa-plaaslike munisipaliteit (Breyten, Chrissiesmeer, Davel, Ermelo, Lothair) se 2024\/25-finansi\u00eble verslag van die ouditeur-generaal (OG)","og_url":"https:\/\/www.vfplus.org.za\/af\/mediaverklarings\/msukaligwa-herhaal-bestuursmislukkings-jaar-na-jaar-begroting-steeds-onbefonds\/","og_site_name":"Vryheidsfront Plus","article_publisher":"https:\/\/www.facebook.com\/VFplus?fref=ts","article_published_time":"2026-02-16T14:27:17+00:00","article_modified_time":"2026-02-16T14:27:29+00:00","og_image":[{"width":1024,"height":768,"url":"https:\/\/www.vfplus.org.za\/wp-content\/uploads\/2026\/02\/freedomfront_plus_Msukaligwa-herhaal-bestuursmislukkings-jaar-na-jaar-\u2013-begroting-steeds-onbefonds-2.png","type":"image\/png"}],"author":"Shobie Arnoldi","twitter_card":"summary_large_image","twitter_creator":"@VFplus","twitter_site":"@VFplus","twitter_misc":{"Written by":"brand_candy_amy","Est. reading time":"3 minutes"},"schema":{"@context":"https:\/\/schema.org","@graph":[{"@type":"Article","@id":"https:\/\/www.vfplus.org.za\/af\/mediaverklarings\/msukaligwa-herhaal-bestuursmislukkings-jaar-na-jaar-begroting-steeds-onbefonds\/#article","isPartOf":{"@id":"https:\/\/www.vfplus.org.za\/af\/mediaverklarings\/msukaligwa-herhaal-bestuursmislukkings-jaar-na-jaar-begroting-steeds-onbefonds\/"},"author":{"name":"brand_candy_amy","@id":"https:\/\/www.vfplus.org.za\/af\/#\/schema\/person\/2c3e703fc713d95efd7b7bf7b34646f4"},"headline":"Msukaligwa herhaal bestuursmislukkings jaar n\u00e1 jaar \u2013 begroting steeds onbefonds","datePublished":"2026-02-16T14:27:17+00:00","dateModified":"2026-02-16T14:27:29+00:00","mainEntityOfPage":{"@id":"https:\/\/www.vfplus.org.za\/af\/mediaverklarings\/msukaligwa-herhaal-bestuursmislukkings-jaar-na-jaar-begroting-steeds-onbefonds\/"},"wordCount":362,"publisher":{"@id":"https:\/\/www.vfplus.org.za\/af\/#organization"},"image":{"@id":"https:\/\/www.vfplus.org.za\/af\/mediaverklarings\/msukaligwa-herhaal-bestuursmislukkings-jaar-na-jaar-begroting-steeds-onbefonds\/#primaryimage"},"thumbnailUrl":"https:\/\/www.vfplus.org.za\/wp-content\/uploads\/2026\/02\/freedomfront_plus_Msukaligwa-herhaal-bestuursmislukkings-jaar-na-jaar-\u2013-begroting-steeds-onbefonds-2.png","articleSection":["Mediaverklarings"],"inLanguage":"af-ZA"},{"@type":"WebPage","@id":"https:\/\/www.vfplus.org.za\/af\/mediaverklarings\/msukaligwa-herhaal-bestuursmislukkings-jaar-na-jaar-begroting-steeds-onbefonds\/","url":"https:\/\/www.vfplus.org.za\/af\/mediaverklarings\/msukaligwa-herhaal-bestuursmislukkings-jaar-na-jaar-begroting-steeds-onbefonds\/","name":"Msukaligwa herhaal bestuursmislukkings jaar n\u00e1 jaar \u2013 begroting steeds onbefonds | Vryheidsfront Plus","isPartOf":{"@id":"https:\/\/www.vfplus.org.za\/af\/#website"},"primaryImageOfPage":{"@id":"https:\/\/www.vfplus.org.za\/af\/mediaverklarings\/msukaligwa-herhaal-bestuursmislukkings-jaar-na-jaar-begroting-steeds-onbefonds\/#primaryimage"},"image":{"@id":"https:\/\/www.vfplus.org.za\/af\/mediaverklarings\/msukaligwa-herhaal-bestuursmislukkings-jaar-na-jaar-begroting-steeds-onbefonds\/#primaryimage"},"thumbnailUrl":"https:\/\/www.vfplus.org.za\/wp-content\/uploads\/2026\/02\/freedomfront_plus_Msukaligwa-herhaal-bestuursmislukkings-jaar-na-jaar-\u2013-begroting-steeds-onbefonds-2.png","datePublished":"2026-02-16T14:27:17+00:00","dateModified":"2026-02-16T14:27:29+00:00","description":"Die Msukaligwa-plaaslike munisipaliteit (Breyten, Chrissiesmeer, Davel, Ermelo, Lothair) se 2024\/25-finansi\u00eble verslag van die ouditeur-generaal (OG)","breadcrumb":{"@id":"https:\/\/www.vfplus.org.za\/af\/mediaverklarings\/msukaligwa-herhaal-bestuursmislukkings-jaar-na-jaar-begroting-steeds-onbefonds\/#breadcrumb"},"inLanguage":"af-ZA","potentialAction":[{"@type":"ReadAction","target":["https:\/\/www.vfplus.org.za\/af\/mediaverklarings\/msukaligwa-herhaal-bestuursmislukkings-jaar-na-jaar-begroting-steeds-onbefonds\/"]}]},{"@type":"ImageObject","inLanguage":"af-ZA","@id":"https:\/\/www.vfplus.org.za\/af\/mediaverklarings\/msukaligwa-herhaal-bestuursmislukkings-jaar-na-jaar-begroting-steeds-onbefonds\/#primaryimage","url":"https:\/\/www.vfplus.org.za\/wp-content\/uploads\/2026\/02\/freedomfront_plus_Msukaligwa-herhaal-bestuursmislukkings-jaar-na-jaar-\u2013-begroting-steeds-onbefonds-2.png","contentUrl":"https:\/\/www.vfplus.org.za\/wp-content\/uploads\/2026\/02\/freedomfront_plus_Msukaligwa-herhaal-bestuursmislukkings-jaar-na-jaar-\u2013-begroting-steeds-onbefonds-2.png","width":1024,"height":768},{"@type":"BreadcrumbList","@id":"https:\/\/www.vfplus.org.za\/af\/mediaverklarings\/msukaligwa-herhaal-bestuursmislukkings-jaar-na-jaar-begroting-steeds-onbefonds\/#breadcrumb","itemListElement":[{"@type":"ListItem","position":1,"name":"Tuis","item":"https:\/\/www.vfplus.org.za\/af\/"},{"@type":"ListItem","position":2,"name":"Msukaligwa herhaal bestuursmislukkings jaar n\u00e1 jaar \u2013 begroting steeds onbefonds"}]},{"@type":"WebSite","@id":"https:\/\/www.vfplus.org.za\/af\/#website","url":"https:\/\/www.vfplus.org.za\/af\/","name":"Freedom Front Plus","description":"Stand Up | Stand Together | Stand Strong","publisher":{"@id":"https:\/\/www.vfplus.org.za\/af\/#organization"},"potentialAction":[{"@type":"SearchAction","target":{"@type":"EntryPoint","urlTemplate":"https:\/\/www.vfplus.org.za\/af\/?s={search_term_string}"},"query-input":{"@type":"PropertyValueSpecification","valueRequired":true,"valueName":"search_term_string"}}],"inLanguage":"af-ZA"},{"@type":"Organization","@id":"https:\/\/www.vfplus.org.za\/af\/#organization","name":"Vryheidsfront Plus","alternateName":"VF Plus","url":"https:\/\/www.vfplus.org.za\/af\/","logo":{"@type":"ImageObject","inLanguage":"af-ZA","@id":"https:\/\/www.vfplus.org.za\/af\/#\/schema\/logo\/image\/","url":"https:\/\/www.vfplus.org.za\/wp-content\/uploads\/2022\/11\/vfplus-logo-01.png","contentUrl":"https:\/\/www.vfplus.org.za\/wp-content\/uploads\/2022\/11\/vfplus-logo-01.png","width":130,"height":130,"caption":"Vryheidsfront Plus"},"image":{"@id":"https:\/\/www.vfplus.org.za\/af\/#\/schema\/logo\/image\/"},"sameAs":["https:\/\/www.facebook.com\/VFplus?fref=ts","https:\/\/x.com\/VFplus","https:\/\/www.instagram.com\/vfplus_ffplus\/?hl=en","https:\/\/www.youtube.com\/user\/VRYHEIDSFRONTplus"]},{"@type":"Person","@id":"https:\/\/www.vfplus.org.za\/af\/#\/schema\/person\/2c3e703fc713d95efd7b7bf7b34646f4","name":"brand_candy_amy","image":{"@type":"ImageObject","inLanguage":"af-ZA","@id":"https:\/\/secure.gravatar.com\/avatar\/d295c22bd41c5cb61e8aa7fcafe90d2d2302363bc123897b40165ee0165d4f6b?s=96&d=mm&r=g45c99b902ec3fd12cf6977a6b6edf27a","url":"https:\/\/secure.gravatar.com\/avatar\/d295c22bd41c5cb61e8aa7fcafe90d2d2302363bc123897b40165ee0165d4f6b?s=96&d=mm&r=g","contentUrl":"https:\/\/secure.gravatar.com\/avatar\/d295c22bd41c5cb61e8aa7fcafe90d2d2302363bc123897b40165ee0165d4f6b?s=96&d=mm&r=g","caption":"brand_candy_amy"},"sameAs":["https:\/\/brandcandy.co.za"],"url":"https:\/\/www.vfplus.org.za\/af\/author\/brand_candy_amy\/"}]}},"authors":[{"term_id":169,"user_id":0,"is_guest":1,"slug":"de-villiers-arnoldi","display_name":"Shobie Arnoldi","avatar_url":{"url":"https:\/\/www.vfplus.org.za\/wp-content\/uploads\/2022\/11\/vfplus-logo-01.png","url2x":"https:\/\/www.vfplus.org.za\/wp-content\/uploads\/2022\/11\/vfplus-logo-01.png"},"author_category":"","user_url":"","last_name":"Arnoldi","first_name":"Shobie","job_title":"","description":""}],"_links":{"self":[{"href":"https:\/\/www.vfplus.org.za\/af\/wp-json\/wp\/v2\/posts\/85553","targetHints":{"allow":["GET"]}}],"collection":[{"href":"https:\/\/www.vfplus.org.za\/af\/wp-json\/wp\/v2\/posts"}],"about":[{"href":"https:\/\/www.vfplus.org.za\/af\/wp-json\/wp\/v2\/types\/post"}],"author":[{"embeddable":true,"href":"https:\/\/www.vfplus.org.za\/af\/wp-json\/wp\/v2\/users\/5"}],"replies":[{"embeddable":true,"href":"https:\/\/www.vfplus.org.za\/af\/wp-json\/wp\/v2\/comments?post=85553"}],"version-history":[{"count":1,"href":"https:\/\/www.vfplus.org.za\/af\/wp-json\/wp\/v2\/posts\/85553\/revisions"}],"predecessor-version":[{"id":85556,"href":"https:\/\/www.vfplus.org.za\/af\/wp-json\/wp\/v2\/posts\/85553\/revisions\/85556"}],"wp:featuredmedia":[{"embeddable":true,"href":"https:\/\/www.vfplus.org.za\/af\/wp-json\/wp\/v2\/media\/85554"}],"wp:attachment":[{"href":"https:\/\/www.vfplus.org.za\/af\/wp-json\/wp\/v2\/media?parent=85553"}],"wp:term":[{"taxonomy":"category","embeddable":true,"href":"https:\/\/www.vfplus.org.za\/af\/wp-json\/wp\/v2\/categories?post=85553"},{"taxonomy":"post_tag","embeddable":true,"href":"https:\/\/www.vfplus.org.za\/af\/wp-json\/wp\/v2\/tags?post=85553"},{"taxonomy":"author","embeddable":true,"href":"https:\/\/www.vfplus.org.za\/af\/wp-json\/wp\/v2\/ppma_author?post=85553"}],"curies":[{"name":"wp","href":"https:\/\/api.w.org\/{rel}","templated":true}]}}