{"id":85203,"date":"2026-02-03T15:44:38","date_gmt":"2026-02-03T13:44:38","guid":{"rendered":"https:\/\/www.vfplus.org.za\/?p=85203"},"modified":"2026-02-03T15:44:57","modified_gmt":"2026-02-03T13:44:57","slug":"tjaart-van-vuuren-swembad-sluit-weens-gebrek-aan-chloor","status":"publish","type":"post","link":"https:\/\/www.vfplus.org.za\/af\/mediaverklarings\/tjaart-van-vuuren-swembad-sluit-weens-gebrek-aan-chloor\/","title":{"rendered":"Tjaart van Vuuren-swembad sluit weens gebrek aan chloor"},"content":{"rendered":"\n<p class=\"wp-block-paragraph\">Die Tshwane-metro moet daadwerklik optree om die Tjaart van Vuuren-munisipale swembad in Villieria so gou moontlik weer funksioneel en beskikbaar te maak.<\/p>\n\n\n\n<p class=\"wp-block-paragraph\">Di\u00e9 swembad is reeds drie weke lank gesluit wees die versuim van die metro se chloorverskaffer om die nodige chemikalie\u00eb te lewer.<\/p>\n\n\n\n<p class=\"wp-block-paragraph\">Hierdie sluiting tref inwoners op die mees ongele\u00eb tyd midde in die swemseisoen en tydens warm somertemperature.<\/p>\n\n\n\n<p class=\"wp-block-paragraph\">Inwoners, veral kinders en gesinne, word ontneem van \u2019n veilige, bekostigbare plek om af te koel en te ontspan.<\/p>\n\n\n\n<p class=\"wp-block-paragraph\">Skole in die omgewing, wat self nie oor swembaddens beskik nie, gebruik normaalweg hierdie fasiliteit vir swemoefening en sport. Die sluiting ontneem leerders van belangrike fisieke aktiwiteit en die gemeenskap van \u2019n kritieke openbare afkoelingsplek.<\/p>\n\n\n\n<p class=\"wp-block-paragraph\">Die VF Plus wil beklemtoon dat die Tshwane-metro dringend verantwoordelikheid moet aanvaar vir die sluiting van die Tjaart van Vuuren-swembad. Die huidige verskaffer wat versuim het om chloor te lewer, moet aanspreeklik gehou word, terwyl \u2019n betroubare en bevoegde diensverskaffer onmiddellik aangestel behoort te word.<\/p>\n\n\n\n<p class=\"wp-block-paragraph\">Inwoners verdien toegang tot hierdie noodsaaklike openbare gerief, veral tydens die huidige somerhitte.<\/p>\n","protected":false},"excerpt":{"rendered":"<p>Die Tshwane-metro moet daadwerklik optree om die Tjaart van Vuuren-munisipale swembad in Villieria so gou moontlik weer funksioneel en beskikbaar te maak. Di\u00e9 swembad is reeds drie weke lank gesluit wees die versuim van die metro se chloorverskaffer om die nodige chemikalie\u00eb te lewer. Hierdie sluiting tref inwoners op die mees ongele\u00eb tyd midde in [&hellip;]<\/p>\n","protected":false},"author":5,"featured_media":85204,"comment_status":"closed","ping_status":"closed","sticky":false,"template":"","format":"standard","meta":{"_acf_changed":false,"_relevanssi_hide_post":"","_relevanssi_hide_content":"","_relevanssi_pin_for_all":"","_relevanssi_pin_keywords":"","_relevanssi_unpin_keywords":"","_relevanssi_related_keywords":"","_relevanssi_related_include_ids":"","_relevanssi_related_exclude_ids":"","_relevanssi_related_no_append":"","_relevanssi_related_not_related":"","_relevanssi_related_posts":"20003,62624,59977,58297,61937,20185","_relevanssi_noindex_reason":"","footnotes":""},"categories":[100],"tags":[],"ppma_author":[251],"class_list":["post-85203","post","type-post","status-publish","format-standard","has-post-thumbnail","hentry","category-mediaverklarings"],"acf":[],"yoast_head":"<!-- This site is optimized with the Yoast SEO plugin v28.4 - https:\/\/yoast.com\/product\/yoast-seo-wordpress\/ -->\n<title>Tjaart van Vuuren-swembad sluit weens gebrek aan chloor | Vryheidsfront Plus<\/title>\n<meta name=\"description\" content=\"Die Tshwane-metro moet daadwerklik optree om die Tjaart van Vuuren-munisipale swembad in Villieria so gou moontlik weer funksioneel en beskikbaar te maak.\" \/>\n<meta name=\"robots\" content=\"index, follow, max-snippet:-1, max-image-preview:large, max-video-preview:-1\" \/>\n<link rel=\"canonical\" href=\"https:\/\/www.vfplus.org.za\/af\/mediaverklarings\/tjaart-van-vuuren-swembad-sluit-weens-gebrek-aan-chloor\/\" \/>\n<meta property=\"og:locale\" content=\"af_ZA\" \/>\n<meta property=\"og:type\" content=\"article\" \/>\n<meta property=\"og:title\" content=\"Tjaart van Vuuren-swembad sluit weens gebrek aan chloor | Vryheidsfront Plus\" \/>\n<meta property=\"og:description\" content=\"Die Tshwane-metro moet daadwerklik optree om die Tjaart van Vuuren-munisipale swembad in Villieria so gou moontlik weer funksioneel en beskikbaar te maak.\" \/>\n<meta property=\"og:url\" content=\"https:\/\/www.vfplus.org.za\/af\/mediaverklarings\/tjaart-van-vuuren-swembad-sluit-weens-gebrek-aan-chloor\/\" \/>\n<meta property=\"og:site_name\" content=\"Vryheidsfront Plus\" \/>\n<meta property=\"article:publisher\" content=\"https:\/\/www.facebook.com\/VFplus?fref=ts\" \/>\n<meta property=\"article:published_time\" content=\"2026-02-03T13:44:38+00:00\" \/>\n<meta property=\"article:modified_time\" content=\"2026-02-03T13:44:57+00:00\" \/>\n<meta property=\"og:image\" content=\"https:\/\/www.vfplus.org.za\/wp-content\/uploads\/2026\/02\/freedomfront_plus_Tjaart-van-Vuuren-swembad-sluit-weens-gebrek-aan-chloor.png\" \/>\n\t<meta property=\"og:image:width\" content=\"1024\" \/>\n\t<meta property=\"og:image:height\" content=\"768\" \/>\n\t<meta property=\"og:image:type\" content=\"image\/png\" \/>\n<meta name=\"author\" content=\"Mari Joubert\" \/>\n<meta name=\"twitter:card\" content=\"summary_large_image\" \/>\n<meta name=\"twitter:creator\" content=\"@VFplus\" \/>\n<meta name=\"twitter:site\" content=\"@VFplus\" \/>\n<meta name=\"twitter:label1\" content=\"Written by\" \/>\n\t<meta name=\"twitter:data1\" content=\"brand_candy_amy\" \/>\n\t<meta name=\"twitter:label2\" content=\"Est. reading time\" \/>\n\t<meta name=\"twitter:data2\" content=\"2 minutes\" \/>\n<script type=\"application\/ld+json\" class=\"yoast-schema-graph\">{\"@context\":\"https:\\\/\\\/schema.org\",\"@graph\":[{\"@type\":\"Article\",\"@id\":\"https:\\\/\\\/www.vfplus.org.za\\\/af\\\/mediaverklarings\\\/tjaart-van-vuuren-swembad-sluit-weens-gebrek-aan-chloor\\\/#article\",\"isPartOf\":{\"@id\":\"https:\\\/\\\/www.vfplus.org.za\\\/af\\\/mediaverklarings\\\/tjaart-van-vuuren-swembad-sluit-weens-gebrek-aan-chloor\\\/\"},\"author\":{\"name\":\"brand_candy_amy\",\"@id\":\"https:\\\/\\\/www.vfplus.org.za\\\/af\\\/#\\\/schema\\\/person\\\/2c3e703fc713d95efd7b7bf7b34646f4\"},\"headline\":\"Tjaart van Vuuren-swembad sluit weens gebrek aan chloor\",\"datePublished\":\"2026-02-03T13:44:38+00:00\",\"dateModified\":\"2026-02-03T13:44:57+00:00\",\"mainEntityOfPage\":{\"@id\":\"https:\\\/\\\/www.vfplus.org.za\\\/af\\\/mediaverklarings\\\/tjaart-van-vuuren-swembad-sluit-weens-gebrek-aan-chloor\\\/\"},\"wordCount\":181,\"publisher\":{\"@id\":\"https:\\\/\\\/www.vfplus.org.za\\\/af\\\/#organization\"},\"image\":{\"@id\":\"https:\\\/\\\/www.vfplus.org.za\\\/af\\\/mediaverklarings\\\/tjaart-van-vuuren-swembad-sluit-weens-gebrek-aan-chloor\\\/#primaryimage\"},\"thumbnailUrl\":\"https:\\\/\\\/www.vfplus.org.za\\\/wp-content\\\/uploads\\\/2026\\\/02\\\/freedomfront_plus_Tjaart-van-Vuuren-swembad-sluit-weens-gebrek-aan-chloor.png\",\"articleSection\":[\"Mediaverklarings\"],\"inLanguage\":\"af-ZA\"},{\"@type\":\"WebPage\",\"@id\":\"https:\\\/\\\/www.vfplus.org.za\\\/af\\\/mediaverklarings\\\/tjaart-van-vuuren-swembad-sluit-weens-gebrek-aan-chloor\\\/\",\"url\":\"https:\\\/\\\/www.vfplus.org.za\\\/af\\\/mediaverklarings\\\/tjaart-van-vuuren-swembad-sluit-weens-gebrek-aan-chloor\\\/\",\"name\":\"Tjaart van Vuuren-swembad sluit weens gebrek aan chloor | Vryheidsfront Plus\",\"isPartOf\":{\"@id\":\"https:\\\/\\\/www.vfplus.org.za\\\/af\\\/#website\"},\"primaryImageOfPage\":{\"@id\":\"https:\\\/\\\/www.vfplus.org.za\\\/af\\\/mediaverklarings\\\/tjaart-van-vuuren-swembad-sluit-weens-gebrek-aan-chloor\\\/#primaryimage\"},\"image\":{\"@id\":\"https:\\\/\\\/www.vfplus.org.za\\\/af\\\/mediaverklarings\\\/tjaart-van-vuuren-swembad-sluit-weens-gebrek-aan-chloor\\\/#primaryimage\"},\"thumbnailUrl\":\"https:\\\/\\\/www.vfplus.org.za\\\/wp-content\\\/uploads\\\/2026\\\/02\\\/freedomfront_plus_Tjaart-van-Vuuren-swembad-sluit-weens-gebrek-aan-chloor.png\",\"datePublished\":\"2026-02-03T13:44:38+00:00\",\"dateModified\":\"2026-02-03T13:44:57+00:00\",\"description\":\"Die Tshwane-metro moet daadwerklik optree om die Tjaart van Vuuren-munisipale swembad in Villieria so gou moontlik weer funksioneel en beskikbaar te maak.\",\"breadcrumb\":{\"@id\":\"https:\\\/\\\/www.vfplus.org.za\\\/af\\\/mediaverklarings\\\/tjaart-van-vuuren-swembad-sluit-weens-gebrek-aan-chloor\\\/#breadcrumb\"},\"inLanguage\":\"af-ZA\",\"potentialAction\":[{\"@type\":\"ReadAction\",\"target\":[\"https:\\\/\\\/www.vfplus.org.za\\\/af\\\/mediaverklarings\\\/tjaart-van-vuuren-swembad-sluit-weens-gebrek-aan-chloor\\\/\"]}]},{\"@type\":\"ImageObject\",\"inLanguage\":\"af-ZA\",\"@id\":\"https:\\\/\\\/www.vfplus.org.za\\\/af\\\/mediaverklarings\\\/tjaart-van-vuuren-swembad-sluit-weens-gebrek-aan-chloor\\\/#primaryimage\",\"url\":\"https:\\\/\\\/www.vfplus.org.za\\\/wp-content\\\/uploads\\\/2026\\\/02\\\/freedomfront_plus_Tjaart-van-Vuuren-swembad-sluit-weens-gebrek-aan-chloor.png\",\"contentUrl\":\"https:\\\/\\\/www.vfplus.org.za\\\/wp-content\\\/uploads\\\/2026\\\/02\\\/freedomfront_plus_Tjaart-van-Vuuren-swembad-sluit-weens-gebrek-aan-chloor.png\",\"width\":1024,\"height\":768},{\"@type\":\"BreadcrumbList\",\"@id\":\"https:\\\/\\\/www.vfplus.org.za\\\/af\\\/mediaverklarings\\\/tjaart-van-vuuren-swembad-sluit-weens-gebrek-aan-chloor\\\/#breadcrumb\",\"itemListElement\":[{\"@type\":\"ListItem\",\"position\":1,\"name\":\"Tuis\",\"item\":\"https:\\\/\\\/www.vfplus.org.za\\\/af\\\/\"},{\"@type\":\"ListItem\",\"position\":2,\"name\":\"Tjaart van Vuuren-swembad sluit weens gebrek aan chloor\"}]},{\"@type\":\"WebSite\",\"@id\":\"https:\\\/\\\/www.vfplus.org.za\\\/af\\\/#website\",\"url\":\"https:\\\/\\\/www.vfplus.org.za\\\/af\\\/\",\"name\":\"Freedom Front Plus\",\"description\":\"Stand Up | Stand Together | Stand Strong\",\"publisher\":{\"@id\":\"https:\\\/\\\/www.vfplus.org.za\\\/af\\\/#organization\"},\"potentialAction\":[{\"@type\":\"SearchAction\",\"target\":{\"@type\":\"EntryPoint\",\"urlTemplate\":\"https:\\\/\\\/www.vfplus.org.za\\\/af\\\/?s={search_term_string}\"},\"query-input\":{\"@type\":\"PropertyValueSpecification\",\"valueRequired\":true,\"valueName\":\"search_term_string\"}}],\"inLanguage\":\"af-ZA\"},{\"@type\":\"Organization\",\"@id\":\"https:\\\/\\\/www.vfplus.org.za\\\/af\\\/#organization\",\"name\":\"Vryheidsfront Plus\",\"alternateName\":\"VF Plus\",\"url\":\"https:\\\/\\\/www.vfplus.org.za\\\/af\\\/\",\"logo\":{\"@type\":\"ImageObject\",\"inLanguage\":\"af-ZA\",\"@id\":\"https:\\\/\\\/www.vfplus.org.za\\\/af\\\/#\\\/schema\\\/logo\\\/image\\\/\",\"url\":\"https:\\\/\\\/www.vfplus.org.za\\\/wp-content\\\/uploads\\\/2022\\\/11\\\/vfplus-logo-01.png\",\"contentUrl\":\"https:\\\/\\\/www.vfplus.org.za\\\/wp-content\\\/uploads\\\/2022\\\/11\\\/vfplus-logo-01.png\",\"width\":130,\"height\":130,\"caption\":\"Vryheidsfront Plus\"},\"image\":{\"@id\":\"https:\\\/\\\/www.vfplus.org.za\\\/af\\\/#\\\/schema\\\/logo\\\/image\\\/\"},\"sameAs\":[\"https:\\\/\\\/www.facebook.com\\\/VFplus?fref=ts\",\"https:\\\/\\\/x.com\\\/VFplus\",\"https:\\\/\\\/www.instagram.com\\\/vfplus_ffplus\\\/?hl=en\",\"https:\\\/\\\/www.youtube.com\\\/user\\\/VRYHEIDSFRONTplus\"]},{\"@type\":\"Person\",\"@id\":\"https:\\\/\\\/www.vfplus.org.za\\\/af\\\/#\\\/schema\\\/person\\\/2c3e703fc713d95efd7b7bf7b34646f4\",\"name\":\"brand_candy_amy\",\"image\":{\"@type\":\"ImageObject\",\"inLanguage\":\"af-ZA\",\"@id\":\"https:\\\/\\\/secure.gravatar.com\\\/avatar\\\/d295c22bd41c5cb61e8aa7fcafe90d2d2302363bc123897b40165ee0165d4f6b?s=96&d=mm&r=g45c99b902ec3fd12cf6977a6b6edf27a\",\"url\":\"https:\\\/\\\/secure.gravatar.com\\\/avatar\\\/d295c22bd41c5cb61e8aa7fcafe90d2d2302363bc123897b40165ee0165d4f6b?s=96&d=mm&r=g\",\"contentUrl\":\"https:\\\/\\\/secure.gravatar.com\\\/avatar\\\/d295c22bd41c5cb61e8aa7fcafe90d2d2302363bc123897b40165ee0165d4f6b?s=96&d=mm&r=g\",\"caption\":\"brand_candy_amy\"},\"sameAs\":[\"https:\\\/\\\/brandcandy.co.za\"],\"url\":\"https:\\\/\\\/www.vfplus.org.za\\\/af\\\/author\\\/brand_candy_amy\\\/\"}]}<\/script>\n<!-- \/ Yoast SEO plugin. -->","yoast_head_json":{"title":"Tjaart van Vuuren-swembad sluit weens gebrek aan chloor | Vryheidsfront Plus","description":"Die Tshwane-metro moet daadwerklik optree om die Tjaart van Vuuren-munisipale swembad in Villieria so gou moontlik weer funksioneel en beskikbaar te maak.","robots":{"index":"index","follow":"follow","max-snippet":"max-snippet:-1","max-image-preview":"max-image-preview:large","max-video-preview":"max-video-preview:-1"},"canonical":"https:\/\/www.vfplus.org.za\/af\/mediaverklarings\/tjaart-van-vuuren-swembad-sluit-weens-gebrek-aan-chloor\/","og_locale":"af_ZA","og_type":"article","og_title":"Tjaart van Vuuren-swembad sluit weens gebrek aan chloor | Vryheidsfront Plus","og_description":"Die Tshwane-metro moet daadwerklik optree om die Tjaart van Vuuren-munisipale swembad in Villieria so gou moontlik weer funksioneel en beskikbaar te maak.","og_url":"https:\/\/www.vfplus.org.za\/af\/mediaverklarings\/tjaart-van-vuuren-swembad-sluit-weens-gebrek-aan-chloor\/","og_site_name":"Vryheidsfront Plus","article_publisher":"https:\/\/www.facebook.com\/VFplus?fref=ts","article_published_time":"2026-02-03T13:44:38+00:00","article_modified_time":"2026-02-03T13:44:57+00:00","og_image":[{"width":1024,"height":768,"url":"https:\/\/www.vfplus.org.za\/wp-content\/uploads\/2026\/02\/freedomfront_plus_Tjaart-van-Vuuren-swembad-sluit-weens-gebrek-aan-chloor.png","type":"image\/png"}],"author":"Mari Joubert","twitter_card":"summary_large_image","twitter_creator":"@VFplus","twitter_site":"@VFplus","twitter_misc":{"Written by":"brand_candy_amy","Est. reading time":"2 minutes"},"schema":{"@context":"https:\/\/schema.org","@graph":[{"@type":"Article","@id":"https:\/\/www.vfplus.org.za\/af\/mediaverklarings\/tjaart-van-vuuren-swembad-sluit-weens-gebrek-aan-chloor\/#article","isPartOf":{"@id":"https:\/\/www.vfplus.org.za\/af\/mediaverklarings\/tjaart-van-vuuren-swembad-sluit-weens-gebrek-aan-chloor\/"},"author":{"name":"brand_candy_amy","@id":"https:\/\/www.vfplus.org.za\/af\/#\/schema\/person\/2c3e703fc713d95efd7b7bf7b34646f4"},"headline":"Tjaart van Vuuren-swembad sluit weens gebrek aan chloor","datePublished":"2026-02-03T13:44:38+00:00","dateModified":"2026-02-03T13:44:57+00:00","mainEntityOfPage":{"@id":"https:\/\/www.vfplus.org.za\/af\/mediaverklarings\/tjaart-van-vuuren-swembad-sluit-weens-gebrek-aan-chloor\/"},"wordCount":181,"publisher":{"@id":"https:\/\/www.vfplus.org.za\/af\/#organization"},"image":{"@id":"https:\/\/www.vfplus.org.za\/af\/mediaverklarings\/tjaart-van-vuuren-swembad-sluit-weens-gebrek-aan-chloor\/#primaryimage"},"thumbnailUrl":"https:\/\/www.vfplus.org.za\/wp-content\/uploads\/2026\/02\/freedomfront_plus_Tjaart-van-Vuuren-swembad-sluit-weens-gebrek-aan-chloor.png","articleSection":["Mediaverklarings"],"inLanguage":"af-ZA"},{"@type":"WebPage","@id":"https:\/\/www.vfplus.org.za\/af\/mediaverklarings\/tjaart-van-vuuren-swembad-sluit-weens-gebrek-aan-chloor\/","url":"https:\/\/www.vfplus.org.za\/af\/mediaverklarings\/tjaart-van-vuuren-swembad-sluit-weens-gebrek-aan-chloor\/","name":"Tjaart van Vuuren-swembad sluit weens gebrek aan chloor | Vryheidsfront Plus","isPartOf":{"@id":"https:\/\/www.vfplus.org.za\/af\/#website"},"primaryImageOfPage":{"@id":"https:\/\/www.vfplus.org.za\/af\/mediaverklarings\/tjaart-van-vuuren-swembad-sluit-weens-gebrek-aan-chloor\/#primaryimage"},"image":{"@id":"https:\/\/www.vfplus.org.za\/af\/mediaverklarings\/tjaart-van-vuuren-swembad-sluit-weens-gebrek-aan-chloor\/#primaryimage"},"thumbnailUrl":"https:\/\/www.vfplus.org.za\/wp-content\/uploads\/2026\/02\/freedomfront_plus_Tjaart-van-Vuuren-swembad-sluit-weens-gebrek-aan-chloor.png","datePublished":"2026-02-03T13:44:38+00:00","dateModified":"2026-02-03T13:44:57+00:00","description":"Die Tshwane-metro moet daadwerklik optree om die Tjaart van Vuuren-munisipale swembad in Villieria so gou moontlik weer funksioneel en beskikbaar te maak.","breadcrumb":{"@id":"https:\/\/www.vfplus.org.za\/af\/mediaverklarings\/tjaart-van-vuuren-swembad-sluit-weens-gebrek-aan-chloor\/#breadcrumb"},"inLanguage":"af-ZA","potentialAction":[{"@type":"ReadAction","target":["https:\/\/www.vfplus.org.za\/af\/mediaverklarings\/tjaart-van-vuuren-swembad-sluit-weens-gebrek-aan-chloor\/"]}]},{"@type":"ImageObject","inLanguage":"af-ZA","@id":"https:\/\/www.vfplus.org.za\/af\/mediaverklarings\/tjaart-van-vuuren-swembad-sluit-weens-gebrek-aan-chloor\/#primaryimage","url":"https:\/\/www.vfplus.org.za\/wp-content\/uploads\/2026\/02\/freedomfront_plus_Tjaart-van-Vuuren-swembad-sluit-weens-gebrek-aan-chloor.png","contentUrl":"https:\/\/www.vfplus.org.za\/wp-content\/uploads\/2026\/02\/freedomfront_plus_Tjaart-van-Vuuren-swembad-sluit-weens-gebrek-aan-chloor.png","width":1024,"height":768},{"@type":"BreadcrumbList","@id":"https:\/\/www.vfplus.org.za\/af\/mediaverklarings\/tjaart-van-vuuren-swembad-sluit-weens-gebrek-aan-chloor\/#breadcrumb","itemListElement":[{"@type":"ListItem","position":1,"name":"Tuis","item":"https:\/\/www.vfplus.org.za\/af\/"},{"@type":"ListItem","position":2,"name":"Tjaart van Vuuren-swembad sluit weens gebrek aan chloor"}]},{"@type":"WebSite","@id":"https:\/\/www.vfplus.org.za\/af\/#website","url":"https:\/\/www.vfplus.org.za\/af\/","name":"Freedom Front Plus","description":"Stand Up | Stand Together | Stand Strong","publisher":{"@id":"https:\/\/www.vfplus.org.za\/af\/#organization"},"potentialAction":[{"@type":"SearchAction","target":{"@type":"EntryPoint","urlTemplate":"https:\/\/www.vfplus.org.za\/af\/?s={search_term_string}"},"query-input":{"@type":"PropertyValueSpecification","valueRequired":true,"valueName":"search_term_string"}}],"inLanguage":"af-ZA"},{"@type":"Organization","@id":"https:\/\/www.vfplus.org.za\/af\/#organization","name":"Vryheidsfront Plus","alternateName":"VF Plus","url":"https:\/\/www.vfplus.org.za\/af\/","logo":{"@type":"ImageObject","inLanguage":"af-ZA","@id":"https:\/\/www.vfplus.org.za\/af\/#\/schema\/logo\/image\/","url":"https:\/\/www.vfplus.org.za\/wp-content\/uploads\/2022\/11\/vfplus-logo-01.png","contentUrl":"https:\/\/www.vfplus.org.za\/wp-content\/uploads\/2022\/11\/vfplus-logo-01.png","width":130,"height":130,"caption":"Vryheidsfront Plus"},"image":{"@id":"https:\/\/www.vfplus.org.za\/af\/#\/schema\/logo\/image\/"},"sameAs":["https:\/\/www.facebook.com\/VFplus?fref=ts","https:\/\/x.com\/VFplus","https:\/\/www.instagram.com\/vfplus_ffplus\/?hl=en","https:\/\/www.youtube.com\/user\/VRYHEIDSFRONTplus"]},{"@type":"Person","@id":"https:\/\/www.vfplus.org.za\/af\/#\/schema\/person\/2c3e703fc713d95efd7b7bf7b34646f4","name":"brand_candy_amy","image":{"@type":"ImageObject","inLanguage":"af-ZA","@id":"https:\/\/secure.gravatar.com\/avatar\/d295c22bd41c5cb61e8aa7fcafe90d2d2302363bc123897b40165ee0165d4f6b?s=96&d=mm&r=g45c99b902ec3fd12cf6977a6b6edf27a","url":"https:\/\/secure.gravatar.com\/avatar\/d295c22bd41c5cb61e8aa7fcafe90d2d2302363bc123897b40165ee0165d4f6b?s=96&d=mm&r=g","contentUrl":"https:\/\/secure.gravatar.com\/avatar\/d295c22bd41c5cb61e8aa7fcafe90d2d2302363bc123897b40165ee0165d4f6b?s=96&d=mm&r=g","caption":"brand_candy_amy"},"sameAs":["https:\/\/brandcandy.co.za"],"url":"https:\/\/www.vfplus.org.za\/af\/author\/brand_candy_amy\/"}]}},"authors":[{"term_id":251,"user_id":0,"is_guest":1,"slug":"mari-joubert","display_name":"Mari Joubert","avatar_url":{"url":"https:\/\/www.vfplus.org.za\/wp-content\/uploads\/2023\/08\/freedomfront-plus-author-mari-joubert-city-of-tswane.jpg-e1695808764983.png","url2x":"https:\/\/www.vfplus.org.za\/wp-content\/uploads\/2023\/08\/freedomfront-plus-author-mari-joubert-city-of-tswane.jpg-e1695808764983.png"},"author_category":"","user_url":"","last_name":"","first_name":"","job_title":"","description":""}],"_links":{"self":[{"href":"https:\/\/www.vfplus.org.za\/af\/wp-json\/wp\/v2\/posts\/85203","targetHints":{"allow":["GET"]}}],"collection":[{"href":"https:\/\/www.vfplus.org.za\/af\/wp-json\/wp\/v2\/posts"}],"about":[{"href":"https:\/\/www.vfplus.org.za\/af\/wp-json\/wp\/v2\/types\/post"}],"author":[{"embeddable":true,"href":"https:\/\/www.vfplus.org.za\/af\/wp-json\/wp\/v2\/users\/5"}],"replies":[{"embeddable":true,"href":"https:\/\/www.vfplus.org.za\/af\/wp-json\/wp\/v2\/comments?post=85203"}],"version-history":[{"count":1,"href":"https:\/\/www.vfplus.org.za\/af\/wp-json\/wp\/v2\/posts\/85203\/revisions"}],"predecessor-version":[{"id":85206,"href":"https:\/\/www.vfplus.org.za\/af\/wp-json\/wp\/v2\/posts\/85203\/revisions\/85206"}],"wp:featuredmedia":[{"embeddable":true,"href":"https:\/\/www.vfplus.org.za\/af\/wp-json\/wp\/v2\/media\/85204"}],"wp:attachment":[{"href":"https:\/\/www.vfplus.org.za\/af\/wp-json\/wp\/v2\/media?parent=85203"}],"wp:term":[{"taxonomy":"category","embeddable":true,"href":"https:\/\/www.vfplus.org.za\/af\/wp-json\/wp\/v2\/categories?post=85203"},{"taxonomy":"post_tag","embeddable":true,"href":"https:\/\/www.vfplus.org.za\/af\/wp-json\/wp\/v2\/tags?post=85203"},{"taxonomy":"author","embeddable":true,"href":"https:\/\/www.vfplus.org.za\/af\/wp-json\/wp\/v2\/ppma_author?post=85203"}],"curies":[{"name":"wp","href":"https:\/\/api.w.org\/{rel}","templated":true}]}}