{"id":85169,"date":"2026-02-02T17:09:26","date_gmt":"2026-02-02T15:09:26","guid":{"rendered":"https:\/\/www.vfplus.org.za\/?p=85169"},"modified":"2026-02-02T17:10:10","modified_gmt":"2026-02-02T15:10:10","slug":"bek-en-klouseer-terwyl-minister-oor-staatsbeheer-kibbel-knars-plattelandse-ekonomiee-tot-stilstand","status":"publish","type":"post","link":"https:\/\/www.vfplus.org.za\/af\/mediaverklarings\/bek-en-klouseer-terwyl-minister-oor-staatsbeheer-kibbel-knars-plattelandse-ekonomiee-tot-stilstand\/","title":{"rendered":"Bek- en klouseer: Terwyl minister oor staatsbeheer kibbel, knars plattelandse ekonomie\u00eb tot stilstand"},"content":{"rendered":"\n<p class=\"wp-block-paragraph\">Terwyl die minister van landbou, mnr. John Steenhuisen, die staat se alleenreg om entmiddels teen bek-en-klouseer te verkry en te bestuur in die hof verdedig, kring die ekonomiese krisis in plattelandse gemeenskappe al verder uit.<\/p>\n\n\n\n<p class=\"wp-block-paragraph\">Die meeste plattelandse dorpe word hoofsaaklik deur landbou gedra. Die ekonomie bestaan uit insetverskaffers, ondernemings wat lanbouprodukte ontvang en verwerk, finansi\u00eble- en persoonlike dienste, asook handel. Die oorsprong daarvan is egter steeds die landbou.<\/p>\n\n\n\n<p class=\"wp-block-paragraph\">Die meeste boerderye, groot of klein, is gemeng. Dit wil s\u00ea gewasse word verbou, terwyl vee op \u2018n mengsel van natuurlike veld, aangeplante weiding, oesreste en aangekoopte voer markgereed gemaak word. Die kontantvloeibeplanning van \u2018n boerdery is \u2018n ingewikkelde oefening, waarvan die vrye bemarking van vee op bepaalde tye \u2018n noodsaaklike element is.<\/p>\n\n\n\n<p class=\"wp-block-paragraph\">Wanneer boere nie vee kan verhandel nie, is dit nie-noodsaaklike uitgawes wat eerste besnoei word. Dit mag die boer se kontantvloei steun, maar almal van die kerk en die haarkapper, tot insetverskaffers en nie-noodsaaklike arbeid, se kontantvloei droog op.<\/p>\n\n\n\n<p class=\"wp-block-paragraph\">Wanneer ondernemings sluit en die eienaars genoodsaak word om stad toe te trek of selfs vlugtelingstatus in die VSA te aanvaar, herstel dit nie vanself wanneer vee weer bemark kan word nie.<\/p>\n\n\n\n<p class=\"wp-block-paragraph\">Elke week wat die krisis voortduur, raak die blywende skade groter.<\/p>\n\n\n\n<p class=\"wp-block-paragraph\">Die staat behoort oor die finansi\u00eble hulpbronne te beskik om vir die koste van verkryging, verspreiding en toediening van entstowwe in te staan. Dit beskik egter duidelik nie oor die nodige mense- en logistieke vermo\u00eb nie. Daarom moet die hulp vanuit die bedryf eerder verwelkom as bestry word.<\/p>\n\n\n\n<p class=\"wp-block-paragraph\">Intussen doen die VF Plus \u2018n beroep op banke om verliese as gevolg van hierdie ramp nie as blote bedryfsverliese te benader nie, maar as deel van \u2018n natuurramp. Toegeeflike kredietbestuur kan op die lange duur die hele plaaslike ekonomie red.<\/p>\n\n\n\n<p class=\"wp-block-paragraph\">Sakeredding is \u2018n moontlikheid vir boere wat \u2018n finansi\u00eble krisis voorsien. Indien boere sakeredding oorweeg, moet hulle in ag neem dat die tydraamwerk waarbinne \u2018n reddingsplan aangebied en onderhandelings met krediteure aangeknoop word, uiters veeleisend is \u2013 veral vir \u2018n ingewikkelde onderneming soos \u2018n boerdery.<\/p>\n\n\n\n<p class=\"wp-block-paragraph\">Dit is duidelik dat die finansi\u00eble sektor, van die landbank, deur landbouondernemings (voormalige ko\u00f6perasies), handelsbanke en sakereddingspraktisyns, ook h\u00fal deel sal moet doen om plattelandse gemeenskappe se lewenskrag te handhaaf.<\/p>\n","protected":false},"excerpt":{"rendered":"<p>Terwyl die minister van landbou, mnr. John Steenhuisen, die staat se alleenreg om entmiddels teen bek-en-klouseer te verkry en te bestuur in die hof verdedig, kring die ekonomiese krisis in plattelandse gemeenskappe al verder uit. Die meeste plattelandse dorpe word hoofsaaklik deur landbou gedra. Die ekonomie bestaan uit insetverskaffers, ondernemings wat lanbouprodukte ontvang en verwerk, [&hellip;]<\/p>\n","protected":false},"author":6,"featured_media":85170,"comment_status":"closed","ping_status":"closed","sticky":false,"template":"","format":"standard","meta":{"_acf_changed":false,"_relevanssi_hide_post":"","_relevanssi_hide_content":"","_relevanssi_pin_for_all":"","_relevanssi_pin_keywords":"","_relevanssi_unpin_keywords":"","_relevanssi_related_keywords":"","_relevanssi_related_include_ids":"","_relevanssi_related_exclude_ids":"","_relevanssi_related_no_append":"","_relevanssi_related_not_related":"","_relevanssi_related_posts":"59457,83332,57513,70204,59647,58260","_relevanssi_noindex_reason":"","footnotes":""},"categories":[100],"tags":[],"ppma_author":[89],"class_list":["post-85169","post","type-post","status-publish","format-standard","has-post-thumbnail","hentry","category-mediaverklarings"],"acf":[],"yoast_head":"<!-- This site is optimized with the Yoast SEO plugin v28.4 - https:\/\/yoast.com\/product\/yoast-seo-wordpress\/ -->\n<title>Bek- en klouseer: Terwyl minister oor staatsbeheer kibbel, knars plattelandse ekonomie\u00eb tot stilstand | Vryheidsfront Plus<\/title>\n<meta name=\"description\" content=\"Terwyl die minister van landbou, mnr. John Steenhuisen, die staat se alleenreg om entmiddels teen bek-en-klouseer te verkry en te bestuur in die hof\" \/>\n<meta name=\"robots\" content=\"index, follow, max-snippet:-1, max-image-preview:large, max-video-preview:-1\" \/>\n<link rel=\"canonical\" href=\"https:\/\/www.vfplus.org.za\/af\/mediaverklarings\/bek-en-klouseer-terwyl-minister-oor-staatsbeheer-kibbel-knars-plattelandse-ekonomiee-tot-stilstand\/\" \/>\n<meta property=\"og:locale\" content=\"af_ZA\" \/>\n<meta property=\"og:type\" content=\"article\" \/>\n<meta property=\"og:title\" content=\"Bek- en klouseer: Terwyl minister oor staatsbeheer kibbel, knars plattelandse ekonomie\u00eb tot stilstand | Vryheidsfront Plus\" \/>\n<meta property=\"og:description\" content=\"Terwyl die minister van landbou, mnr. John Steenhuisen, die staat se alleenreg om entmiddels teen bek-en-klouseer te verkry en te bestuur in die hof\" \/>\n<meta property=\"og:url\" content=\"https:\/\/www.vfplus.org.za\/af\/mediaverklarings\/bek-en-klouseer-terwyl-minister-oor-staatsbeheer-kibbel-knars-plattelandse-ekonomiee-tot-stilstand\/\" \/>\n<meta property=\"og:site_name\" content=\"Vryheidsfront Plus\" \/>\n<meta property=\"article:publisher\" content=\"https:\/\/www.facebook.com\/VFplus?fref=ts\" \/>\n<meta property=\"article:published_time\" content=\"2026-02-02T15:09:26+00:00\" \/>\n<meta property=\"article:modified_time\" content=\"2026-02-02T15:10:10+00:00\" \/>\n<meta property=\"og:image\" content=\"https:\/\/www.vfplus.org.za\/wp-content\/uploads\/2026\/02\/freedomfront_plus_Bek-en-klouseer-Terwyl-minister-oor-staatsbeheer-kibbel-knars-plattelandse-ekonomiee-tot-stilstand.png\" \/>\n\t<meta property=\"og:image:width\" content=\"1024\" \/>\n\t<meta property=\"og:image:height\" content=\"768\" \/>\n\t<meta property=\"og:image:type\" content=\"image\/png\" \/>\n<meta name=\"author\" content=\"Dr Wynand Boshoff\" \/>\n<meta name=\"twitter:card\" content=\"summary_large_image\" \/>\n<meta name=\"twitter:creator\" content=\"@VFplus\" \/>\n<meta name=\"twitter:site\" content=\"@VFplus\" \/>\n<meta name=\"twitter:label1\" content=\"Written by\" \/>\n\t<meta name=\"twitter:data1\" content=\"Dr Wynand Boshoff\" \/>\n\t<meta name=\"twitter:label2\" content=\"Est. reading time\" \/>\n\t<meta name=\"twitter:data2\" content=\"3 minutes\" \/>\n<script type=\"application\/ld+json\" class=\"yoast-schema-graph\">{\"@context\":\"https:\\\/\\\/schema.org\",\"@graph\":[{\"@type\":\"Article\",\"@id\":\"https:\\\/\\\/www.vfplus.org.za\\\/af\\\/mediaverklarings\\\/bek-en-klouseer-terwyl-minister-oor-staatsbeheer-kibbel-knars-plattelandse-ekonomiee-tot-stilstand\\\/#article\",\"isPartOf\":{\"@id\":\"https:\\\/\\\/www.vfplus.org.za\\\/af\\\/mediaverklarings\\\/bek-en-klouseer-terwyl-minister-oor-staatsbeheer-kibbel-knars-plattelandse-ekonomiee-tot-stilstand\\\/\"},\"author\":{\"name\":\"Dr Wynand Boshoff\",\"@id\":\"https:\\\/\\\/www.vfplus.org.za\\\/af\\\/#\\\/schema\\\/person\\\/586f0afab50af05619e266b15e940c45\"},\"headline\":\"Bek- en klouseer: Terwyl minister oor staatsbeheer kibbel, knars plattelandse ekonomie\u00eb tot stilstand\",\"datePublished\":\"2026-02-02T15:09:26+00:00\",\"dateModified\":\"2026-02-02T15:10:10+00:00\",\"mainEntityOfPage\":{\"@id\":\"https:\\\/\\\/www.vfplus.org.za\\\/af\\\/mediaverklarings\\\/bek-en-klouseer-terwyl-minister-oor-staatsbeheer-kibbel-knars-plattelandse-ekonomiee-tot-stilstand\\\/\"},\"wordCount\":386,\"publisher\":{\"@id\":\"https:\\\/\\\/www.vfplus.org.za\\\/af\\\/#organization\"},\"image\":{\"@id\":\"https:\\\/\\\/www.vfplus.org.za\\\/af\\\/mediaverklarings\\\/bek-en-klouseer-terwyl-minister-oor-staatsbeheer-kibbel-knars-plattelandse-ekonomiee-tot-stilstand\\\/#primaryimage\"},\"thumbnailUrl\":\"https:\\\/\\\/www.vfplus.org.za\\\/wp-content\\\/uploads\\\/2026\\\/02\\\/freedomfront_plus_Bek-en-klouseer-Terwyl-minister-oor-staatsbeheer-kibbel-knars-plattelandse-ekonomiee-tot-stilstand.png\",\"articleSection\":[\"Mediaverklarings\"],\"inLanguage\":\"af-ZA\"},{\"@type\":\"WebPage\",\"@id\":\"https:\\\/\\\/www.vfplus.org.za\\\/af\\\/mediaverklarings\\\/bek-en-klouseer-terwyl-minister-oor-staatsbeheer-kibbel-knars-plattelandse-ekonomiee-tot-stilstand\\\/\",\"url\":\"https:\\\/\\\/www.vfplus.org.za\\\/af\\\/mediaverklarings\\\/bek-en-klouseer-terwyl-minister-oor-staatsbeheer-kibbel-knars-plattelandse-ekonomiee-tot-stilstand\\\/\",\"name\":\"Bek- en klouseer: Terwyl minister oor staatsbeheer kibbel, knars plattelandse ekonomie\u00eb tot stilstand | Vryheidsfront Plus\",\"isPartOf\":{\"@id\":\"https:\\\/\\\/www.vfplus.org.za\\\/af\\\/#website\"},\"primaryImageOfPage\":{\"@id\":\"https:\\\/\\\/www.vfplus.org.za\\\/af\\\/mediaverklarings\\\/bek-en-klouseer-terwyl-minister-oor-staatsbeheer-kibbel-knars-plattelandse-ekonomiee-tot-stilstand\\\/#primaryimage\"},\"image\":{\"@id\":\"https:\\\/\\\/www.vfplus.org.za\\\/af\\\/mediaverklarings\\\/bek-en-klouseer-terwyl-minister-oor-staatsbeheer-kibbel-knars-plattelandse-ekonomiee-tot-stilstand\\\/#primaryimage\"},\"thumbnailUrl\":\"https:\\\/\\\/www.vfplus.org.za\\\/wp-content\\\/uploads\\\/2026\\\/02\\\/freedomfront_plus_Bek-en-klouseer-Terwyl-minister-oor-staatsbeheer-kibbel-knars-plattelandse-ekonomiee-tot-stilstand.png\",\"datePublished\":\"2026-02-02T15:09:26+00:00\",\"dateModified\":\"2026-02-02T15:10:10+00:00\",\"description\":\"Terwyl die minister van landbou, mnr. John Steenhuisen, die staat se alleenreg om entmiddels teen bek-en-klouseer te verkry en te bestuur in die hof\",\"breadcrumb\":{\"@id\":\"https:\\\/\\\/www.vfplus.org.za\\\/af\\\/mediaverklarings\\\/bek-en-klouseer-terwyl-minister-oor-staatsbeheer-kibbel-knars-plattelandse-ekonomiee-tot-stilstand\\\/#breadcrumb\"},\"inLanguage\":\"af-ZA\",\"potentialAction\":[{\"@type\":\"ReadAction\",\"target\":[\"https:\\\/\\\/www.vfplus.org.za\\\/af\\\/mediaverklarings\\\/bek-en-klouseer-terwyl-minister-oor-staatsbeheer-kibbel-knars-plattelandse-ekonomiee-tot-stilstand\\\/\"]}]},{\"@type\":\"ImageObject\",\"inLanguage\":\"af-ZA\",\"@id\":\"https:\\\/\\\/www.vfplus.org.za\\\/af\\\/mediaverklarings\\\/bek-en-klouseer-terwyl-minister-oor-staatsbeheer-kibbel-knars-plattelandse-ekonomiee-tot-stilstand\\\/#primaryimage\",\"url\":\"https:\\\/\\\/www.vfplus.org.za\\\/wp-content\\\/uploads\\\/2026\\\/02\\\/freedomfront_plus_Bek-en-klouseer-Terwyl-minister-oor-staatsbeheer-kibbel-knars-plattelandse-ekonomiee-tot-stilstand.png\",\"contentUrl\":\"https:\\\/\\\/www.vfplus.org.za\\\/wp-content\\\/uploads\\\/2026\\\/02\\\/freedomfront_plus_Bek-en-klouseer-Terwyl-minister-oor-staatsbeheer-kibbel-knars-plattelandse-ekonomiee-tot-stilstand.png\",\"width\":1024,\"height\":768},{\"@type\":\"BreadcrumbList\",\"@id\":\"https:\\\/\\\/www.vfplus.org.za\\\/af\\\/mediaverklarings\\\/bek-en-klouseer-terwyl-minister-oor-staatsbeheer-kibbel-knars-plattelandse-ekonomiee-tot-stilstand\\\/#breadcrumb\",\"itemListElement\":[{\"@type\":\"ListItem\",\"position\":1,\"name\":\"Tuis\",\"item\":\"https:\\\/\\\/www.vfplus.org.za\\\/af\\\/\"},{\"@type\":\"ListItem\",\"position\":2,\"name\":\"Bek- en klouseer: Terwyl minister oor staatsbeheer kibbel, knars plattelandse ekonomie\u00eb tot stilstand\"}]},{\"@type\":\"WebSite\",\"@id\":\"https:\\\/\\\/www.vfplus.org.za\\\/af\\\/#website\",\"url\":\"https:\\\/\\\/www.vfplus.org.za\\\/af\\\/\",\"name\":\"Freedom Front Plus\",\"description\":\"Stand Up | Stand Together | Stand Strong\",\"publisher\":{\"@id\":\"https:\\\/\\\/www.vfplus.org.za\\\/af\\\/#organization\"},\"potentialAction\":[{\"@type\":\"SearchAction\",\"target\":{\"@type\":\"EntryPoint\",\"urlTemplate\":\"https:\\\/\\\/www.vfplus.org.za\\\/af\\\/?s={search_term_string}\"},\"query-input\":{\"@type\":\"PropertyValueSpecification\",\"valueRequired\":true,\"valueName\":\"search_term_string\"}}],\"inLanguage\":\"af-ZA\"},{\"@type\":\"Organization\",\"@id\":\"https:\\\/\\\/www.vfplus.org.za\\\/af\\\/#organization\",\"name\":\"Vryheidsfront Plus\",\"alternateName\":\"VF Plus\",\"url\":\"https:\\\/\\\/www.vfplus.org.za\\\/af\\\/\",\"logo\":{\"@type\":\"ImageObject\",\"inLanguage\":\"af-ZA\",\"@id\":\"https:\\\/\\\/www.vfplus.org.za\\\/af\\\/#\\\/schema\\\/logo\\\/image\\\/\",\"url\":\"https:\\\/\\\/www.vfplus.org.za\\\/wp-content\\\/uploads\\\/2022\\\/11\\\/vfplus-logo-01.png\",\"contentUrl\":\"https:\\\/\\\/www.vfplus.org.za\\\/wp-content\\\/uploads\\\/2022\\\/11\\\/vfplus-logo-01.png\",\"width\":130,\"height\":130,\"caption\":\"Vryheidsfront Plus\"},\"image\":{\"@id\":\"https:\\\/\\\/www.vfplus.org.za\\\/af\\\/#\\\/schema\\\/logo\\\/image\\\/\"},\"sameAs\":[\"https:\\\/\\\/www.facebook.com\\\/VFplus?fref=ts\",\"https:\\\/\\\/x.com\\\/VFplus\",\"https:\\\/\\\/www.instagram.com\\\/vfplus_ffplus\\\/?hl=en\",\"https:\\\/\\\/www.youtube.com\\\/user\\\/VRYHEIDSFRONTplus\"]},{\"@type\":\"Person\",\"@id\":\"https:\\\/\\\/www.vfplus.org.za\\\/af\\\/#\\\/schema\\\/person\\\/586f0afab50af05619e266b15e940c45\",\"name\":\"Dr Wynand Boshoff\",\"image\":{\"@type\":\"ImageObject\",\"inLanguage\":\"af-ZA\",\"@id\":\"https:\\\/\\\/www.vfplus.org.za\\\/wp-content\\\/uploads\\\/2023\\\/01\\\/freedom-front-plus-leadership-wynand-boschoff-01.jpgc7614ff088e83becc8f285193d701758\",\"url\":\"https:\\\/\\\/www.vfplus.org.za\\\/wp-content\\\/uploads\\\/2023\\\/01\\\/freedom-front-plus-leadership-wynand-boschoff-01.jpg\",\"contentUrl\":\"https:\\\/\\\/www.vfplus.org.za\\\/wp-content\\\/uploads\\\/2023\\\/01\\\/freedom-front-plus-leadership-wynand-boschoff-01.jpg\",\"caption\":\"Dr Wynand Boshoff\"},\"url\":\"https:\\\/\\\/www.vfplus.org.za\\\/af\\\/author\\\/dr-wynand-boshoff\\\/\"}]}<\/script>\n<!-- \/ Yoast SEO plugin. -->","yoast_head_json":{"title":"Bek- en klouseer: Terwyl minister oor staatsbeheer kibbel, knars plattelandse ekonomie\u00eb tot stilstand | Vryheidsfront Plus","description":"Terwyl die minister van landbou, mnr. John Steenhuisen, die staat se alleenreg om entmiddels teen bek-en-klouseer te verkry en te bestuur in die hof","robots":{"index":"index","follow":"follow","max-snippet":"max-snippet:-1","max-image-preview":"max-image-preview:large","max-video-preview":"max-video-preview:-1"},"canonical":"https:\/\/www.vfplus.org.za\/af\/mediaverklarings\/bek-en-klouseer-terwyl-minister-oor-staatsbeheer-kibbel-knars-plattelandse-ekonomiee-tot-stilstand\/","og_locale":"af_ZA","og_type":"article","og_title":"Bek- en klouseer: Terwyl minister oor staatsbeheer kibbel, knars plattelandse ekonomie\u00eb tot stilstand | Vryheidsfront Plus","og_description":"Terwyl die minister van landbou, mnr. John Steenhuisen, die staat se alleenreg om entmiddels teen bek-en-klouseer te verkry en te bestuur in die hof","og_url":"https:\/\/www.vfplus.org.za\/af\/mediaverklarings\/bek-en-klouseer-terwyl-minister-oor-staatsbeheer-kibbel-knars-plattelandse-ekonomiee-tot-stilstand\/","og_site_name":"Vryheidsfront Plus","article_publisher":"https:\/\/www.facebook.com\/VFplus?fref=ts","article_published_time":"2026-02-02T15:09:26+00:00","article_modified_time":"2026-02-02T15:10:10+00:00","og_image":[{"width":1024,"height":768,"url":"https:\/\/www.vfplus.org.za\/wp-content\/uploads\/2026\/02\/freedomfront_plus_Bek-en-klouseer-Terwyl-minister-oor-staatsbeheer-kibbel-knars-plattelandse-ekonomiee-tot-stilstand.png","type":"image\/png"}],"author":"Dr Wynand Boshoff","twitter_card":"summary_large_image","twitter_creator":"@VFplus","twitter_site":"@VFplus","twitter_misc":{"Written by":"Dr Wynand Boshoff","Est. reading time":"3 minutes"},"schema":{"@context":"https:\/\/schema.org","@graph":[{"@type":"Article","@id":"https:\/\/www.vfplus.org.za\/af\/mediaverklarings\/bek-en-klouseer-terwyl-minister-oor-staatsbeheer-kibbel-knars-plattelandse-ekonomiee-tot-stilstand\/#article","isPartOf":{"@id":"https:\/\/www.vfplus.org.za\/af\/mediaverklarings\/bek-en-klouseer-terwyl-minister-oor-staatsbeheer-kibbel-knars-plattelandse-ekonomiee-tot-stilstand\/"},"author":{"name":"Dr Wynand Boshoff","@id":"https:\/\/www.vfplus.org.za\/af\/#\/schema\/person\/586f0afab50af05619e266b15e940c45"},"headline":"Bek- en klouseer: Terwyl minister oor staatsbeheer kibbel, knars plattelandse ekonomie\u00eb tot stilstand","datePublished":"2026-02-02T15:09:26+00:00","dateModified":"2026-02-02T15:10:10+00:00","mainEntityOfPage":{"@id":"https:\/\/www.vfplus.org.za\/af\/mediaverklarings\/bek-en-klouseer-terwyl-minister-oor-staatsbeheer-kibbel-knars-plattelandse-ekonomiee-tot-stilstand\/"},"wordCount":386,"publisher":{"@id":"https:\/\/www.vfplus.org.za\/af\/#organization"},"image":{"@id":"https:\/\/www.vfplus.org.za\/af\/mediaverklarings\/bek-en-klouseer-terwyl-minister-oor-staatsbeheer-kibbel-knars-plattelandse-ekonomiee-tot-stilstand\/#primaryimage"},"thumbnailUrl":"https:\/\/www.vfplus.org.za\/wp-content\/uploads\/2026\/02\/freedomfront_plus_Bek-en-klouseer-Terwyl-minister-oor-staatsbeheer-kibbel-knars-plattelandse-ekonomiee-tot-stilstand.png","articleSection":["Mediaverklarings"],"inLanguage":"af-ZA"},{"@type":"WebPage","@id":"https:\/\/www.vfplus.org.za\/af\/mediaverklarings\/bek-en-klouseer-terwyl-minister-oor-staatsbeheer-kibbel-knars-plattelandse-ekonomiee-tot-stilstand\/","url":"https:\/\/www.vfplus.org.za\/af\/mediaverklarings\/bek-en-klouseer-terwyl-minister-oor-staatsbeheer-kibbel-knars-plattelandse-ekonomiee-tot-stilstand\/","name":"Bek- en klouseer: Terwyl minister oor staatsbeheer kibbel, knars plattelandse ekonomie\u00eb tot stilstand | Vryheidsfront Plus","isPartOf":{"@id":"https:\/\/www.vfplus.org.za\/af\/#website"},"primaryImageOfPage":{"@id":"https:\/\/www.vfplus.org.za\/af\/mediaverklarings\/bek-en-klouseer-terwyl-minister-oor-staatsbeheer-kibbel-knars-plattelandse-ekonomiee-tot-stilstand\/#primaryimage"},"image":{"@id":"https:\/\/www.vfplus.org.za\/af\/mediaverklarings\/bek-en-klouseer-terwyl-minister-oor-staatsbeheer-kibbel-knars-plattelandse-ekonomiee-tot-stilstand\/#primaryimage"},"thumbnailUrl":"https:\/\/www.vfplus.org.za\/wp-content\/uploads\/2026\/02\/freedomfront_plus_Bek-en-klouseer-Terwyl-minister-oor-staatsbeheer-kibbel-knars-plattelandse-ekonomiee-tot-stilstand.png","datePublished":"2026-02-02T15:09:26+00:00","dateModified":"2026-02-02T15:10:10+00:00","description":"Terwyl die minister van landbou, mnr. John Steenhuisen, die staat se alleenreg om entmiddels teen bek-en-klouseer te verkry en te bestuur in die hof","breadcrumb":{"@id":"https:\/\/www.vfplus.org.za\/af\/mediaverklarings\/bek-en-klouseer-terwyl-minister-oor-staatsbeheer-kibbel-knars-plattelandse-ekonomiee-tot-stilstand\/#breadcrumb"},"inLanguage":"af-ZA","potentialAction":[{"@type":"ReadAction","target":["https:\/\/www.vfplus.org.za\/af\/mediaverklarings\/bek-en-klouseer-terwyl-minister-oor-staatsbeheer-kibbel-knars-plattelandse-ekonomiee-tot-stilstand\/"]}]},{"@type":"ImageObject","inLanguage":"af-ZA","@id":"https:\/\/www.vfplus.org.za\/af\/mediaverklarings\/bek-en-klouseer-terwyl-minister-oor-staatsbeheer-kibbel-knars-plattelandse-ekonomiee-tot-stilstand\/#primaryimage","url":"https:\/\/www.vfplus.org.za\/wp-content\/uploads\/2026\/02\/freedomfront_plus_Bek-en-klouseer-Terwyl-minister-oor-staatsbeheer-kibbel-knars-plattelandse-ekonomiee-tot-stilstand.png","contentUrl":"https:\/\/www.vfplus.org.za\/wp-content\/uploads\/2026\/02\/freedomfront_plus_Bek-en-klouseer-Terwyl-minister-oor-staatsbeheer-kibbel-knars-plattelandse-ekonomiee-tot-stilstand.png","width":1024,"height":768},{"@type":"BreadcrumbList","@id":"https:\/\/www.vfplus.org.za\/af\/mediaverklarings\/bek-en-klouseer-terwyl-minister-oor-staatsbeheer-kibbel-knars-plattelandse-ekonomiee-tot-stilstand\/#breadcrumb","itemListElement":[{"@type":"ListItem","position":1,"name":"Tuis","item":"https:\/\/www.vfplus.org.za\/af\/"},{"@type":"ListItem","position":2,"name":"Bek- en klouseer: Terwyl minister oor staatsbeheer kibbel, knars plattelandse ekonomie\u00eb tot stilstand"}]},{"@type":"WebSite","@id":"https:\/\/www.vfplus.org.za\/af\/#website","url":"https:\/\/www.vfplus.org.za\/af\/","name":"Freedom Front Plus","description":"Stand Up | Stand Together | Stand Strong","publisher":{"@id":"https:\/\/www.vfplus.org.za\/af\/#organization"},"potentialAction":[{"@type":"SearchAction","target":{"@type":"EntryPoint","urlTemplate":"https:\/\/www.vfplus.org.za\/af\/?s={search_term_string}"},"query-input":{"@type":"PropertyValueSpecification","valueRequired":true,"valueName":"search_term_string"}}],"inLanguage":"af-ZA"},{"@type":"Organization","@id":"https:\/\/www.vfplus.org.za\/af\/#organization","name":"Vryheidsfront Plus","alternateName":"VF Plus","url":"https:\/\/www.vfplus.org.za\/af\/","logo":{"@type":"ImageObject","inLanguage":"af-ZA","@id":"https:\/\/www.vfplus.org.za\/af\/#\/schema\/logo\/image\/","url":"https:\/\/www.vfplus.org.za\/wp-content\/uploads\/2022\/11\/vfplus-logo-01.png","contentUrl":"https:\/\/www.vfplus.org.za\/wp-content\/uploads\/2022\/11\/vfplus-logo-01.png","width":130,"height":130,"caption":"Vryheidsfront Plus"},"image":{"@id":"https:\/\/www.vfplus.org.za\/af\/#\/schema\/logo\/image\/"},"sameAs":["https:\/\/www.facebook.com\/VFplus?fref=ts","https:\/\/x.com\/VFplus","https:\/\/www.instagram.com\/vfplus_ffplus\/?hl=en","https:\/\/www.youtube.com\/user\/VRYHEIDSFRONTplus"]},{"@type":"Person","@id":"https:\/\/www.vfplus.org.za\/af\/#\/schema\/person\/586f0afab50af05619e266b15e940c45","name":"Dr Wynand Boshoff","image":{"@type":"ImageObject","inLanguage":"af-ZA","@id":"https:\/\/www.vfplus.org.za\/wp-content\/uploads\/2023\/01\/freedom-front-plus-leadership-wynand-boschoff-01.jpgc7614ff088e83becc8f285193d701758","url":"https:\/\/www.vfplus.org.za\/wp-content\/uploads\/2023\/01\/freedom-front-plus-leadership-wynand-boschoff-01.jpg","contentUrl":"https:\/\/www.vfplus.org.za\/wp-content\/uploads\/2023\/01\/freedom-front-plus-leadership-wynand-boschoff-01.jpg","caption":"Dr Wynand Boshoff"},"url":"https:\/\/www.vfplus.org.za\/af\/author\/dr-wynand-boshoff\/"}]}},"authors":[{"term_id":89,"user_id":6,"is_guest":0,"slug":"dr-wynand-boshoff","display_name":"Dr Wynand Boshoff","avatar_url":{"url":"https:\/\/www.vfplus.org.za\/wp-content\/uploads\/2023\/01\/freedom-front-plus-leadership-wynand-boschoff-01.jpg","url2x":"https:\/\/www.vfplus.org.za\/wp-content\/uploads\/2023\/01\/freedom-front-plus-leadership-wynand-boschoff-01.jpg"},"author_category":"","user_url":"","last_name":"","first_name":"Dr. Wynand Boshoff","job_title":"","description":""}],"_links":{"self":[{"href":"https:\/\/www.vfplus.org.za\/af\/wp-json\/wp\/v2\/posts\/85169","targetHints":{"allow":["GET"]}}],"collection":[{"href":"https:\/\/www.vfplus.org.za\/af\/wp-json\/wp\/v2\/posts"}],"about":[{"href":"https:\/\/www.vfplus.org.za\/af\/wp-json\/wp\/v2\/types\/post"}],"author":[{"embeddable":true,"href":"https:\/\/www.vfplus.org.za\/af\/wp-json\/wp\/v2\/users\/6"}],"replies":[{"embeddable":true,"href":"https:\/\/www.vfplus.org.za\/af\/wp-json\/wp\/v2\/comments?post=85169"}],"version-history":[{"count":1,"href":"https:\/\/www.vfplus.org.za\/af\/wp-json\/wp\/v2\/posts\/85169\/revisions"}],"predecessor-version":[{"id":85172,"href":"https:\/\/www.vfplus.org.za\/af\/wp-json\/wp\/v2\/posts\/85169\/revisions\/85172"}],"wp:featuredmedia":[{"embeddable":true,"href":"https:\/\/www.vfplus.org.za\/af\/wp-json\/wp\/v2\/media\/85170"}],"wp:attachment":[{"href":"https:\/\/www.vfplus.org.za\/af\/wp-json\/wp\/v2\/media?parent=85169"}],"wp:term":[{"taxonomy":"category","embeddable":true,"href":"https:\/\/www.vfplus.org.za\/af\/wp-json\/wp\/v2\/categories?post=85169"},{"taxonomy":"post_tag","embeddable":true,"href":"https:\/\/www.vfplus.org.za\/af\/wp-json\/wp\/v2\/tags?post=85169"},{"taxonomy":"author","embeddable":true,"href":"https:\/\/www.vfplus.org.za\/af\/wp-json\/wp\/v2\/ppma_author?post=85169"}],"curies":[{"name":"wp","href":"https:\/\/api.w.org\/{rel}","templated":true}]}}