{"id":85144,"date":"2026-02-02T15:12:27","date_gmt":"2026-02-02T13:12:27","guid":{"rendered":"https:\/\/www.vfplus.org.za\/?p=85144"},"modified":"2026-02-02T15:12:42","modified_gmt":"2026-02-02T13:12:42","slug":"terwyl-emfuleni-sink-wil-anc-nuwe-ampsmotor-vir-burgemeester-koop","status":"publish","type":"post","link":"https:\/\/www.vfplus.org.za\/af\/mediaverklarings\/terwyl-emfuleni-sink-wil-anc-nuwe-ampsmotor-vir-burgemeester-koop\/","title":{"rendered":"Terwyl Emfuleni sink, wil ANC nuwe ampsmotor vir burgemeester koop"},"content":{"rendered":"\n<p class=\"wp-block-paragraph\">Die VF Plus het met die jongste raadsvergadering van die Emfuleni-plaaslike munisipaliteit (Evaton, Sebokeng, Vaal Oewer, Vanderbijlpark, Vereeniging) \u0149 stokkie gesteek voor die speaker, Sibongile Soxuza, se voorstel dat \u0149 nuwe ampsmotor vir di\u00e9 vervalle munisipaliteit se burgemeester aangekoop word.<\/p>\n\n\n\n<p class=\"wp-block-paragraph\">Die party het daarop aangedring dat die item terugverwys word en dat \u0149 dienssertifikaat vir die huidige voertuig, &#8216;n 2022-BMW X3, aan die raad voorgel\u00ea word voordat so &#8216;n besluit geneem word.<\/p>\n\n\n\n<p class=\"wp-block-paragraph\">Dit is ook onprakties en onverantwoordelik om s\u00f3 kort voor die komende plaaslike regeringsverkiesing \u0149 nuwe ampsmotor aan te koop.<\/p>\n\n\n\n<p class=\"wp-block-paragraph\">Die speaker wou aanvanklik die voorstel met die hulp van die ANC en sy koalisievennote deurdruk waarop die VF Plus die raadsaal uit protes verlaat het.<\/p>\n\n\n\n<p class=\"wp-block-paragraph\">Kort daarna het Soxuza sy standpunt gewysig en ingestem om \u2019n dienssertifikaat aan te vra, soos deur die VF Plus voorgestel.<\/p>\n\n\n\n<p class=\"wp-block-paragraph\">Hierdie voorval is n\u00f3g \u2019n bewys dat die ANC nie weet hoe om te regeer nie en nie omgee om \u0149 munisipaliteit wat reeds op finansieel op sy knie\u00eb is, te plunder vir onnodige luukshede nie.<\/p>\n\n\n\n<p class=\"wp-block-paragraph\">Emfuleni het \u2019n uitstaande skuld van R6,7 miljard aan Eskom en Rand Water en sukkel elke maand om salarisse en diensverskaffers te betaal.<\/p>\n\n\n\n<p class=\"wp-block-paragraph\">Die raad moet eerder op hierdie werklike probleme fokus as op die aankoop van \u2019n nuwe ampsmotor.<\/p>\n\n\n\n<p class=\"wp-block-paragraph\">Die VF Plus sal nie toelaat dat die raad oningeligte en onpraktiese besluite neem nie en sal aanhou druk uitoefen dat die munisipaliteit sy prioriteite regstel en op dienslewering en finansi\u00eble stabiliteit fokus.<\/p>\n","protected":false},"excerpt":{"rendered":"<p>Die VF Plus het met die jongste raadsvergadering van die Emfuleni-plaaslike munisipaliteit (Evaton, Sebokeng, Vaal Oewer, Vanderbijlpark, Vereeniging) \u0149 stokkie gesteek voor die speaker, Sibongile Soxuza, se voorstel dat \u0149 nuwe ampsmotor vir di\u00e9 vervalle munisipaliteit se burgemeester aangekoop word. Die party het daarop aangedring dat die item terugverwys word en dat \u0149 dienssertifikaat vir [&hellip;]<\/p>\n","protected":false},"author":5,"featured_media":85145,"comment_status":"closed","ping_status":"closed","sticky":false,"template":"","format":"standard","meta":{"_acf_changed":false,"_relevanssi_hide_post":"","_relevanssi_hide_content":"","_relevanssi_pin_for_all":"","_relevanssi_pin_keywords":"","_relevanssi_unpin_keywords":"","_relevanssi_related_keywords":"","_relevanssi_related_include_ids":"","_relevanssi_related_exclude_ids":"","_relevanssi_related_no_append":"","_relevanssi_related_not_related":"","_relevanssi_related_posts":"59434,24412,17740,78052,62307,60954","_relevanssi_noindex_reason":"","footnotes":""},"categories":[100],"tags":[],"ppma_author":[193],"class_list":["post-85144","post","type-post","status-publish","format-standard","has-post-thumbnail","hentry","category-mediaverklarings"],"acf":[],"yoast_head":"<!-- This site is optimized with the Yoast SEO plugin v28.4 - https:\/\/yoast.com\/product\/yoast-seo-wordpress\/ -->\n<title>Terwyl Emfuleni sink, wil ANC nuwe ampsmotor vir burgemeester koop | Vryheidsfront Plus<\/title>\n<meta name=\"description\" content=\"Die VF Plus het met die jongste raadsvergadering van die Emfuleni-plaaslike munisipaliteit (Evaton, Sebokeng, Vaal Oewer, Vanderbijlpark, Vereeniging) \u0149\" \/>\n<meta name=\"robots\" content=\"index, follow, max-snippet:-1, max-image-preview:large, max-video-preview:-1\" \/>\n<link rel=\"canonical\" href=\"https:\/\/www.vfplus.org.za\/af\/mediaverklarings\/terwyl-emfuleni-sink-wil-anc-nuwe-ampsmotor-vir-burgemeester-koop\/\" \/>\n<meta property=\"og:locale\" content=\"af_ZA\" \/>\n<meta property=\"og:type\" content=\"article\" \/>\n<meta property=\"og:title\" content=\"Terwyl Emfuleni sink, wil ANC nuwe ampsmotor vir burgemeester koop | Vryheidsfront Plus\" \/>\n<meta property=\"og:description\" content=\"Die VF Plus het met die jongste raadsvergadering van die Emfuleni-plaaslike munisipaliteit (Evaton, Sebokeng, Vaal Oewer, Vanderbijlpark, Vereeniging) \u0149\" \/>\n<meta property=\"og:url\" content=\"https:\/\/www.vfplus.org.za\/af\/mediaverklarings\/terwyl-emfuleni-sink-wil-anc-nuwe-ampsmotor-vir-burgemeester-koop\/\" \/>\n<meta property=\"og:site_name\" content=\"Vryheidsfront Plus\" \/>\n<meta property=\"article:publisher\" content=\"https:\/\/www.facebook.com\/VFplus?fref=ts\" \/>\n<meta property=\"article:published_time\" content=\"2026-02-02T13:12:27+00:00\" \/>\n<meta property=\"article:modified_time\" content=\"2026-02-02T13:12:42+00:00\" \/>\n<meta property=\"og:image\" content=\"https:\/\/www.vfplus.org.za\/wp-content\/uploads\/2026\/02\/freedomfront_plus_Terwyl-Emfuleni-sink-wil-ANC-nuwe-ampsmotor-vir-burgemeester-koop.png\" \/>\n\t<meta property=\"og:image:width\" content=\"1024\" \/>\n\t<meta property=\"og:image:height\" content=\"768\" \/>\n\t<meta property=\"og:image:type\" content=\"image\/png\" \/>\n<meta name=\"author\" content=\"Gerda Senekal\" \/>\n<meta name=\"twitter:card\" content=\"summary_large_image\" \/>\n<meta name=\"twitter:creator\" content=\"@VFplus\" \/>\n<meta name=\"twitter:site\" content=\"@VFplus\" \/>\n<meta name=\"twitter:label1\" content=\"Written by\" \/>\n\t<meta name=\"twitter:data1\" content=\"brand_candy_amy\" \/>\n\t<meta name=\"twitter:label2\" content=\"Est. reading time\" \/>\n\t<meta name=\"twitter:data2\" content=\"2 minutes\" \/>\n<script type=\"application\/ld+json\" class=\"yoast-schema-graph\">{\"@context\":\"https:\\\/\\\/schema.org\",\"@graph\":[{\"@type\":\"Article\",\"@id\":\"https:\\\/\\\/www.vfplus.org.za\\\/af\\\/mediaverklarings\\\/terwyl-emfuleni-sink-wil-anc-nuwe-ampsmotor-vir-burgemeester-koop\\\/#article\",\"isPartOf\":{\"@id\":\"https:\\\/\\\/www.vfplus.org.za\\\/af\\\/mediaverklarings\\\/terwyl-emfuleni-sink-wil-anc-nuwe-ampsmotor-vir-burgemeester-koop\\\/\"},\"author\":{\"name\":\"brand_candy_amy\",\"@id\":\"https:\\\/\\\/www.vfplus.org.za\\\/af\\\/#\\\/schema\\\/person\\\/2c3e703fc713d95efd7b7bf7b34646f4\"},\"headline\":\"Terwyl Emfuleni sink, wil ANC nuwe ampsmotor vir burgemeester koop\",\"datePublished\":\"2026-02-02T13:12:27+00:00\",\"dateModified\":\"2026-02-02T13:12:42+00:00\",\"mainEntityOfPage\":{\"@id\":\"https:\\\/\\\/www.vfplus.org.za\\\/af\\\/mediaverklarings\\\/terwyl-emfuleni-sink-wil-anc-nuwe-ampsmotor-vir-burgemeester-koop\\\/\"},\"wordCount\":255,\"publisher\":{\"@id\":\"https:\\\/\\\/www.vfplus.org.za\\\/af\\\/#organization\"},\"image\":{\"@id\":\"https:\\\/\\\/www.vfplus.org.za\\\/af\\\/mediaverklarings\\\/terwyl-emfuleni-sink-wil-anc-nuwe-ampsmotor-vir-burgemeester-koop\\\/#primaryimage\"},\"thumbnailUrl\":\"https:\\\/\\\/www.vfplus.org.za\\\/wp-content\\\/uploads\\\/2026\\\/02\\\/freedomfront_plus_Terwyl-Emfuleni-sink-wil-ANC-nuwe-ampsmotor-vir-burgemeester-koop.png\",\"articleSection\":[\"Mediaverklarings\"],\"inLanguage\":\"af-ZA\"},{\"@type\":\"WebPage\",\"@id\":\"https:\\\/\\\/www.vfplus.org.za\\\/af\\\/mediaverklarings\\\/terwyl-emfuleni-sink-wil-anc-nuwe-ampsmotor-vir-burgemeester-koop\\\/\",\"url\":\"https:\\\/\\\/www.vfplus.org.za\\\/af\\\/mediaverklarings\\\/terwyl-emfuleni-sink-wil-anc-nuwe-ampsmotor-vir-burgemeester-koop\\\/\",\"name\":\"Terwyl Emfuleni sink, wil ANC nuwe ampsmotor vir burgemeester koop | Vryheidsfront Plus\",\"isPartOf\":{\"@id\":\"https:\\\/\\\/www.vfplus.org.za\\\/af\\\/#website\"},\"primaryImageOfPage\":{\"@id\":\"https:\\\/\\\/www.vfplus.org.za\\\/af\\\/mediaverklarings\\\/terwyl-emfuleni-sink-wil-anc-nuwe-ampsmotor-vir-burgemeester-koop\\\/#primaryimage\"},\"image\":{\"@id\":\"https:\\\/\\\/www.vfplus.org.za\\\/af\\\/mediaverklarings\\\/terwyl-emfuleni-sink-wil-anc-nuwe-ampsmotor-vir-burgemeester-koop\\\/#primaryimage\"},\"thumbnailUrl\":\"https:\\\/\\\/www.vfplus.org.za\\\/wp-content\\\/uploads\\\/2026\\\/02\\\/freedomfront_plus_Terwyl-Emfuleni-sink-wil-ANC-nuwe-ampsmotor-vir-burgemeester-koop.png\",\"datePublished\":\"2026-02-02T13:12:27+00:00\",\"dateModified\":\"2026-02-02T13:12:42+00:00\",\"description\":\"Die VF Plus het met die jongste raadsvergadering van die Emfuleni-plaaslike munisipaliteit (Evaton, Sebokeng, Vaal Oewer, Vanderbijlpark, Vereeniging) \u0149\",\"breadcrumb\":{\"@id\":\"https:\\\/\\\/www.vfplus.org.za\\\/af\\\/mediaverklarings\\\/terwyl-emfuleni-sink-wil-anc-nuwe-ampsmotor-vir-burgemeester-koop\\\/#breadcrumb\"},\"inLanguage\":\"af-ZA\",\"potentialAction\":[{\"@type\":\"ReadAction\",\"target\":[\"https:\\\/\\\/www.vfplus.org.za\\\/af\\\/mediaverklarings\\\/terwyl-emfuleni-sink-wil-anc-nuwe-ampsmotor-vir-burgemeester-koop\\\/\"]}]},{\"@type\":\"ImageObject\",\"inLanguage\":\"af-ZA\",\"@id\":\"https:\\\/\\\/www.vfplus.org.za\\\/af\\\/mediaverklarings\\\/terwyl-emfuleni-sink-wil-anc-nuwe-ampsmotor-vir-burgemeester-koop\\\/#primaryimage\",\"url\":\"https:\\\/\\\/www.vfplus.org.za\\\/wp-content\\\/uploads\\\/2026\\\/02\\\/freedomfront_plus_Terwyl-Emfuleni-sink-wil-ANC-nuwe-ampsmotor-vir-burgemeester-koop.png\",\"contentUrl\":\"https:\\\/\\\/www.vfplus.org.za\\\/wp-content\\\/uploads\\\/2026\\\/02\\\/freedomfront_plus_Terwyl-Emfuleni-sink-wil-ANC-nuwe-ampsmotor-vir-burgemeester-koop.png\",\"width\":1024,\"height\":768},{\"@type\":\"BreadcrumbList\",\"@id\":\"https:\\\/\\\/www.vfplus.org.za\\\/af\\\/mediaverklarings\\\/terwyl-emfuleni-sink-wil-anc-nuwe-ampsmotor-vir-burgemeester-koop\\\/#breadcrumb\",\"itemListElement\":[{\"@type\":\"ListItem\",\"position\":1,\"name\":\"Tuis\",\"item\":\"https:\\\/\\\/www.vfplus.org.za\\\/af\\\/\"},{\"@type\":\"ListItem\",\"position\":2,\"name\":\"Terwyl Emfuleni sink, wil ANC nuwe ampsmotor vir burgemeester koop\"}]},{\"@type\":\"WebSite\",\"@id\":\"https:\\\/\\\/www.vfplus.org.za\\\/af\\\/#website\",\"url\":\"https:\\\/\\\/www.vfplus.org.za\\\/af\\\/\",\"name\":\"Freedom Front Plus\",\"description\":\"Stand Up | Stand Together | Stand Strong\",\"publisher\":{\"@id\":\"https:\\\/\\\/www.vfplus.org.za\\\/af\\\/#organization\"},\"potentialAction\":[{\"@type\":\"SearchAction\",\"target\":{\"@type\":\"EntryPoint\",\"urlTemplate\":\"https:\\\/\\\/www.vfplus.org.za\\\/af\\\/?s={search_term_string}\"},\"query-input\":{\"@type\":\"PropertyValueSpecification\",\"valueRequired\":true,\"valueName\":\"search_term_string\"}}],\"inLanguage\":\"af-ZA\"},{\"@type\":\"Organization\",\"@id\":\"https:\\\/\\\/www.vfplus.org.za\\\/af\\\/#organization\",\"name\":\"Vryheidsfront Plus\",\"alternateName\":\"VF Plus\",\"url\":\"https:\\\/\\\/www.vfplus.org.za\\\/af\\\/\",\"logo\":{\"@type\":\"ImageObject\",\"inLanguage\":\"af-ZA\",\"@id\":\"https:\\\/\\\/www.vfplus.org.za\\\/af\\\/#\\\/schema\\\/logo\\\/image\\\/\",\"url\":\"https:\\\/\\\/www.vfplus.org.za\\\/wp-content\\\/uploads\\\/2022\\\/11\\\/vfplus-logo-01.png\",\"contentUrl\":\"https:\\\/\\\/www.vfplus.org.za\\\/wp-content\\\/uploads\\\/2022\\\/11\\\/vfplus-logo-01.png\",\"width\":130,\"height\":130,\"caption\":\"Vryheidsfront Plus\"},\"image\":{\"@id\":\"https:\\\/\\\/www.vfplus.org.za\\\/af\\\/#\\\/schema\\\/logo\\\/image\\\/\"},\"sameAs\":[\"https:\\\/\\\/www.facebook.com\\\/VFplus?fref=ts\",\"https:\\\/\\\/x.com\\\/VFplus\",\"https:\\\/\\\/www.instagram.com\\\/vfplus_ffplus\\\/?hl=en\",\"https:\\\/\\\/www.youtube.com\\\/user\\\/VRYHEIDSFRONTplus\"]},{\"@type\":\"Person\",\"@id\":\"https:\\\/\\\/www.vfplus.org.za\\\/af\\\/#\\\/schema\\\/person\\\/2c3e703fc713d95efd7b7bf7b34646f4\",\"name\":\"brand_candy_amy\",\"image\":{\"@type\":\"ImageObject\",\"inLanguage\":\"af-ZA\",\"@id\":\"https:\\\/\\\/secure.gravatar.com\\\/avatar\\\/d295c22bd41c5cb61e8aa7fcafe90d2d2302363bc123897b40165ee0165d4f6b?s=96&d=mm&r=g45c99b902ec3fd12cf6977a6b6edf27a\",\"url\":\"https:\\\/\\\/secure.gravatar.com\\\/avatar\\\/d295c22bd41c5cb61e8aa7fcafe90d2d2302363bc123897b40165ee0165d4f6b?s=96&d=mm&r=g\",\"contentUrl\":\"https:\\\/\\\/secure.gravatar.com\\\/avatar\\\/d295c22bd41c5cb61e8aa7fcafe90d2d2302363bc123897b40165ee0165d4f6b?s=96&d=mm&r=g\",\"caption\":\"brand_candy_amy\"},\"sameAs\":[\"https:\\\/\\\/brandcandy.co.za\"],\"url\":\"https:\\\/\\\/www.vfplus.org.za\\\/af\\\/author\\\/brand_candy_amy\\\/\"}]}<\/script>\n<!-- \/ Yoast SEO plugin. -->","yoast_head_json":{"title":"Terwyl Emfuleni sink, wil ANC nuwe ampsmotor vir burgemeester koop | Vryheidsfront Plus","description":"Die VF Plus het met die jongste raadsvergadering van die Emfuleni-plaaslike munisipaliteit (Evaton, Sebokeng, Vaal Oewer, Vanderbijlpark, Vereeniging) \u0149","robots":{"index":"index","follow":"follow","max-snippet":"max-snippet:-1","max-image-preview":"max-image-preview:large","max-video-preview":"max-video-preview:-1"},"canonical":"https:\/\/www.vfplus.org.za\/af\/mediaverklarings\/terwyl-emfuleni-sink-wil-anc-nuwe-ampsmotor-vir-burgemeester-koop\/","og_locale":"af_ZA","og_type":"article","og_title":"Terwyl Emfuleni sink, wil ANC nuwe ampsmotor vir burgemeester koop | Vryheidsfront Plus","og_description":"Die VF Plus het met die jongste raadsvergadering van die Emfuleni-plaaslike munisipaliteit (Evaton, Sebokeng, Vaal Oewer, Vanderbijlpark, Vereeniging) \u0149","og_url":"https:\/\/www.vfplus.org.za\/af\/mediaverklarings\/terwyl-emfuleni-sink-wil-anc-nuwe-ampsmotor-vir-burgemeester-koop\/","og_site_name":"Vryheidsfront Plus","article_publisher":"https:\/\/www.facebook.com\/VFplus?fref=ts","article_published_time":"2026-02-02T13:12:27+00:00","article_modified_time":"2026-02-02T13:12:42+00:00","og_image":[{"width":1024,"height":768,"url":"https:\/\/www.vfplus.org.za\/wp-content\/uploads\/2026\/02\/freedomfront_plus_Terwyl-Emfuleni-sink-wil-ANC-nuwe-ampsmotor-vir-burgemeester-koop.png","type":"image\/png"}],"author":"Gerda Senekal","twitter_card":"summary_large_image","twitter_creator":"@VFplus","twitter_site":"@VFplus","twitter_misc":{"Written by":"brand_candy_amy","Est. reading time":"2 minutes"},"schema":{"@context":"https:\/\/schema.org","@graph":[{"@type":"Article","@id":"https:\/\/www.vfplus.org.za\/af\/mediaverklarings\/terwyl-emfuleni-sink-wil-anc-nuwe-ampsmotor-vir-burgemeester-koop\/#article","isPartOf":{"@id":"https:\/\/www.vfplus.org.za\/af\/mediaverklarings\/terwyl-emfuleni-sink-wil-anc-nuwe-ampsmotor-vir-burgemeester-koop\/"},"author":{"name":"brand_candy_amy","@id":"https:\/\/www.vfplus.org.za\/af\/#\/schema\/person\/2c3e703fc713d95efd7b7bf7b34646f4"},"headline":"Terwyl Emfuleni sink, wil ANC nuwe ampsmotor vir burgemeester koop","datePublished":"2026-02-02T13:12:27+00:00","dateModified":"2026-02-02T13:12:42+00:00","mainEntityOfPage":{"@id":"https:\/\/www.vfplus.org.za\/af\/mediaverklarings\/terwyl-emfuleni-sink-wil-anc-nuwe-ampsmotor-vir-burgemeester-koop\/"},"wordCount":255,"publisher":{"@id":"https:\/\/www.vfplus.org.za\/af\/#organization"},"image":{"@id":"https:\/\/www.vfplus.org.za\/af\/mediaverklarings\/terwyl-emfuleni-sink-wil-anc-nuwe-ampsmotor-vir-burgemeester-koop\/#primaryimage"},"thumbnailUrl":"https:\/\/www.vfplus.org.za\/wp-content\/uploads\/2026\/02\/freedomfront_plus_Terwyl-Emfuleni-sink-wil-ANC-nuwe-ampsmotor-vir-burgemeester-koop.png","articleSection":["Mediaverklarings"],"inLanguage":"af-ZA"},{"@type":"WebPage","@id":"https:\/\/www.vfplus.org.za\/af\/mediaverklarings\/terwyl-emfuleni-sink-wil-anc-nuwe-ampsmotor-vir-burgemeester-koop\/","url":"https:\/\/www.vfplus.org.za\/af\/mediaverklarings\/terwyl-emfuleni-sink-wil-anc-nuwe-ampsmotor-vir-burgemeester-koop\/","name":"Terwyl Emfuleni sink, wil ANC nuwe ampsmotor vir burgemeester koop | Vryheidsfront Plus","isPartOf":{"@id":"https:\/\/www.vfplus.org.za\/af\/#website"},"primaryImageOfPage":{"@id":"https:\/\/www.vfplus.org.za\/af\/mediaverklarings\/terwyl-emfuleni-sink-wil-anc-nuwe-ampsmotor-vir-burgemeester-koop\/#primaryimage"},"image":{"@id":"https:\/\/www.vfplus.org.za\/af\/mediaverklarings\/terwyl-emfuleni-sink-wil-anc-nuwe-ampsmotor-vir-burgemeester-koop\/#primaryimage"},"thumbnailUrl":"https:\/\/www.vfplus.org.za\/wp-content\/uploads\/2026\/02\/freedomfront_plus_Terwyl-Emfuleni-sink-wil-ANC-nuwe-ampsmotor-vir-burgemeester-koop.png","datePublished":"2026-02-02T13:12:27+00:00","dateModified":"2026-02-02T13:12:42+00:00","description":"Die VF Plus het met die jongste raadsvergadering van die Emfuleni-plaaslike munisipaliteit (Evaton, Sebokeng, Vaal Oewer, Vanderbijlpark, Vereeniging) \u0149","breadcrumb":{"@id":"https:\/\/www.vfplus.org.za\/af\/mediaverklarings\/terwyl-emfuleni-sink-wil-anc-nuwe-ampsmotor-vir-burgemeester-koop\/#breadcrumb"},"inLanguage":"af-ZA","potentialAction":[{"@type":"ReadAction","target":["https:\/\/www.vfplus.org.za\/af\/mediaverklarings\/terwyl-emfuleni-sink-wil-anc-nuwe-ampsmotor-vir-burgemeester-koop\/"]}]},{"@type":"ImageObject","inLanguage":"af-ZA","@id":"https:\/\/www.vfplus.org.za\/af\/mediaverklarings\/terwyl-emfuleni-sink-wil-anc-nuwe-ampsmotor-vir-burgemeester-koop\/#primaryimage","url":"https:\/\/www.vfplus.org.za\/wp-content\/uploads\/2026\/02\/freedomfront_plus_Terwyl-Emfuleni-sink-wil-ANC-nuwe-ampsmotor-vir-burgemeester-koop.png","contentUrl":"https:\/\/www.vfplus.org.za\/wp-content\/uploads\/2026\/02\/freedomfront_plus_Terwyl-Emfuleni-sink-wil-ANC-nuwe-ampsmotor-vir-burgemeester-koop.png","width":1024,"height":768},{"@type":"BreadcrumbList","@id":"https:\/\/www.vfplus.org.za\/af\/mediaverklarings\/terwyl-emfuleni-sink-wil-anc-nuwe-ampsmotor-vir-burgemeester-koop\/#breadcrumb","itemListElement":[{"@type":"ListItem","position":1,"name":"Tuis","item":"https:\/\/www.vfplus.org.za\/af\/"},{"@type":"ListItem","position":2,"name":"Terwyl Emfuleni sink, wil ANC nuwe ampsmotor vir burgemeester koop"}]},{"@type":"WebSite","@id":"https:\/\/www.vfplus.org.za\/af\/#website","url":"https:\/\/www.vfplus.org.za\/af\/","name":"Freedom Front Plus","description":"Stand Up | Stand Together | Stand Strong","publisher":{"@id":"https:\/\/www.vfplus.org.za\/af\/#organization"},"potentialAction":[{"@type":"SearchAction","target":{"@type":"EntryPoint","urlTemplate":"https:\/\/www.vfplus.org.za\/af\/?s={search_term_string}"},"query-input":{"@type":"PropertyValueSpecification","valueRequired":true,"valueName":"search_term_string"}}],"inLanguage":"af-ZA"},{"@type":"Organization","@id":"https:\/\/www.vfplus.org.za\/af\/#organization","name":"Vryheidsfront Plus","alternateName":"VF Plus","url":"https:\/\/www.vfplus.org.za\/af\/","logo":{"@type":"ImageObject","inLanguage":"af-ZA","@id":"https:\/\/www.vfplus.org.za\/af\/#\/schema\/logo\/image\/","url":"https:\/\/www.vfplus.org.za\/wp-content\/uploads\/2022\/11\/vfplus-logo-01.png","contentUrl":"https:\/\/www.vfplus.org.za\/wp-content\/uploads\/2022\/11\/vfplus-logo-01.png","width":130,"height":130,"caption":"Vryheidsfront Plus"},"image":{"@id":"https:\/\/www.vfplus.org.za\/af\/#\/schema\/logo\/image\/"},"sameAs":["https:\/\/www.facebook.com\/VFplus?fref=ts","https:\/\/x.com\/VFplus","https:\/\/www.instagram.com\/vfplus_ffplus\/?hl=en","https:\/\/www.youtube.com\/user\/VRYHEIDSFRONTplus"]},{"@type":"Person","@id":"https:\/\/www.vfplus.org.za\/af\/#\/schema\/person\/2c3e703fc713d95efd7b7bf7b34646f4","name":"brand_candy_amy","image":{"@type":"ImageObject","inLanguage":"af-ZA","@id":"https:\/\/secure.gravatar.com\/avatar\/d295c22bd41c5cb61e8aa7fcafe90d2d2302363bc123897b40165ee0165d4f6b?s=96&d=mm&r=g45c99b902ec3fd12cf6977a6b6edf27a","url":"https:\/\/secure.gravatar.com\/avatar\/d295c22bd41c5cb61e8aa7fcafe90d2d2302363bc123897b40165ee0165d4f6b?s=96&d=mm&r=g","contentUrl":"https:\/\/secure.gravatar.com\/avatar\/d295c22bd41c5cb61e8aa7fcafe90d2d2302363bc123897b40165ee0165d4f6b?s=96&d=mm&r=g","caption":"brand_candy_amy"},"sameAs":["https:\/\/brandcandy.co.za"],"url":"https:\/\/www.vfplus.org.za\/af\/author\/brand_candy_amy\/"}]}},"authors":[{"term_id":193,"user_id":0,"is_guest":1,"slug":"gerda-senekal","display_name":"Gerda Senekal","avatar_url":{"url":"https:\/\/www.vfplus.org.za\/wp-content\/uploads\/2023\/06\/freedomfront_plus_author_Gerda_Senekal_01.jpg","url2x":"https:\/\/www.vfplus.org.za\/wp-content\/uploads\/2023\/06\/freedomfront_plus_author_Gerda_Senekal_01.jpg"},"author_category":"","user_url":"","last_name":"","first_name":"","job_title":"","description":""}],"_links":{"self":[{"href":"https:\/\/www.vfplus.org.za\/af\/wp-json\/wp\/v2\/posts\/85144","targetHints":{"allow":["GET"]}}],"collection":[{"href":"https:\/\/www.vfplus.org.za\/af\/wp-json\/wp\/v2\/posts"}],"about":[{"href":"https:\/\/www.vfplus.org.za\/af\/wp-json\/wp\/v2\/types\/post"}],"author":[{"embeddable":true,"href":"https:\/\/www.vfplus.org.za\/af\/wp-json\/wp\/v2\/users\/5"}],"replies":[{"embeddable":true,"href":"https:\/\/www.vfplus.org.za\/af\/wp-json\/wp\/v2\/comments?post=85144"}],"version-history":[{"count":1,"href":"https:\/\/www.vfplus.org.za\/af\/wp-json\/wp\/v2\/posts\/85144\/revisions"}],"predecessor-version":[{"id":85147,"href":"https:\/\/www.vfplus.org.za\/af\/wp-json\/wp\/v2\/posts\/85144\/revisions\/85147"}],"wp:featuredmedia":[{"embeddable":true,"href":"https:\/\/www.vfplus.org.za\/af\/wp-json\/wp\/v2\/media\/85145"}],"wp:attachment":[{"href":"https:\/\/www.vfplus.org.za\/af\/wp-json\/wp\/v2\/media?parent=85144"}],"wp:term":[{"taxonomy":"category","embeddable":true,"href":"https:\/\/www.vfplus.org.za\/af\/wp-json\/wp\/v2\/categories?post=85144"},{"taxonomy":"post_tag","embeddable":true,"href":"https:\/\/www.vfplus.org.za\/af\/wp-json\/wp\/v2\/tags?post=85144"},{"taxonomy":"author","embeddable":true,"href":"https:\/\/www.vfplus.org.za\/af\/wp-json\/wp\/v2\/ppma_author?post=85144"}],"curies":[{"name":"wp","href":"https:\/\/api.w.org\/{rel}","templated":true}]}}