{"id":85072,"date":"2026-01-30T10:11:06","date_gmt":"2026-01-30T08:11:06","guid":{"rendered":"https:\/\/www.vfplus.org.za\/?p=85072"},"modified":"2026-01-30T10:11:12","modified_gmt":"2026-01-30T08:11:12","slug":"emfuleni-op-rand-van-finansiele-en-institusionele-ineenstorting","status":"publish","type":"post","link":"https:\/\/www.vfplus.org.za\/af\/mediaverklarings\/emfuleni-op-rand-van-finansiele-en-institusionele-ineenstorting\/","title":{"rendered":"Emfuleni op rand van finansi\u00eble en institusionele ineenstorting"},"content":{"rendered":"\n<p class=\"wp-block-paragraph\">Die ouditeur-generaal (OG) se verslag oor die Emfuleni-plaaslike munisipaliteit se 2024\/25-begrotingshersiening en -aanbevelings bevestig wat inwoners daagliks ervaar. <\/p>\n\n\n\n<p class=\"wp-block-paragraph\">Emfuleni verkeer in \u2019n toestand van ernstige finansi\u00eble nood, swak bestuur, gebrekkige interne beheer en voortdurende diensleweringsmislukkings.<\/p>\n\n\n\n<p class=\"wp-block-paragraph\">Ten spyte van beperkte vordering met ou ouditbevindinge, bly die munisipaliteit se oudituitkoms gekwalifiseerd.<\/p>\n\n\n\n<p class=\"wp-block-paragraph\">Die finansi\u00eble state toon wesenlike wanvoorstellings en herhalende beheerfoute. Emfuleni funksioneer met \u2019n onbefondsde begroting en \u2019n akute kontantvloeikrisis wat dit onmoontlik maak om korttermynverpligtinge na te kom.<\/p>\n\n\n\n<p class=\"wp-block-paragraph\">Die verslag wys ook op skokkende skuldvlakke. Die skuld aan Eskom en Rand Water beloop saam R9,19 miljard, terwyl waterverliese van 57% gelykstaande is aan byna R2 miljard.<\/p>\n\n\n\n<p class=\"wp-block-paragraph\">Onre\u00eblmatige, ongemagtigde en vermorste uitgawes beloop meer as R7 miljard wat \u2018n duidelike teken is van sistemiese wanbestuur en \u2019n gebrek aan aanspreeklikheid.<\/p>\n\n\n\n<p class=\"wp-block-paragraph\">Die VF Plus stem saam met die OG dat aksieplanne \u00f3f stadig \u00f3f glad nie ge\u00efmplementeer word nie en dat gevolgbestuur grootliks afwesig is. Alhoewel vyf wesenlike onre\u00eblmatighede formeel \u201copgelos\u201d is, bly die beheeromgewing broos en onbetroubaar.<\/p>\n\n\n\n<p class=\"wp-block-paragraph\">Dienslewering ly direk onder hierdie wanorde. Slegs 67% van prestasie-aanwysers is bereik, met groot dele van die prestasie-inligting wat onbetroubaar of swak gedefinieer is. Kritieke infrastruktuurprojekte, veral riool, stormwater en elektrisiteit, bly vertraag met ernstige gevolge vir inwoners.<\/p>\n\n\n\n<p class=\"wp-block-paragraph\">Die munisipaliteit se afhanklikheid van duur konsultante beklemtoon die gevaarlike tekort aan interne vermo\u00eb.<\/p>\n\n\n\n<p class=\"wp-block-paragraph\">Noodsaaklike poste bly onbeset, vaardigheidsoordrag vind nie plaas nie, en die IT-omgewing is chaoties sonder strategie, beheer of rampherstelplanne. \u2019n Bedrag van R26,3 miljoen is reeds aan konsultante betaal vir finansi\u00eble verslagdoening.<\/p>\n\n\n\n<p class=\"wp-block-paragraph\">Hierdie verslag laat geen ruimte vir verskonings nie. Emfuleni se krisis spruit nie uit \u2019n gebrek aan hulpbronne nie, maar uit \u2019n gebrek aan politieke wil, dissipline en aanspreeklikheid.<\/p>\n\n\n\n<p class=\"wp-block-paragraph\">Die VF Plus dring aan op:<br>\u2022 Onmiddellike stabilisering van bestuurs- en tegniese kapasiteit<br>\u2022 Streng monitering en afdwinging van oudit-aksieplanne<br>\u2022 Sigbare en vinnige gevolgbestuur vir alle onre\u00eblmatige, ongemagtigde en vermorste uitgawes<br>\u2022 Realistiese, ten volle befondsde begrotings wat op herstel fokus<\/p>\n\n\n\n<p class=\"wp-block-paragraph\">Inwoners van Emfuleni verdien beter as voortdurende verval.<\/p>\n\n\n\n<p class=\"wp-block-paragraph\">Hierdie verslag is \u2019n finale waarskuwing dat sonder drastiese ingryping en werklike aanspreeklikheid die munisipaliteit op \u2019n onomkeerbare pad na finansi\u00eble en institusionele ineenstorting is.<\/p>\n","protected":false},"excerpt":{"rendered":"<p>Die ouditeur-generaal (OG) se verslag oor die Emfuleni-plaaslike munisipaliteit se 2024\/25-begrotingshersiening en -aanbevelings bevestig wat inwoners daagliks ervaar. Emfuleni verkeer in \u2019n toestand van ernstige finansi\u00eble nood, swak bestuur, gebrekkige interne beheer en voortdurende diensleweringsmislukkings. Ten spyte van beperkte vordering met ou ouditbevindinge, bly die munisipaliteit se oudituitkoms gekwalifiseerd. Die finansi\u00eble state toon wesenlike wanvoorstellings [&hellip;]<\/p>\n","protected":false},"author":5,"featured_media":85073,"comment_status":"closed","ping_status":"closed","sticky":false,"template":"","format":"standard","meta":{"_acf_changed":false,"_relevanssi_hide_post":"","_relevanssi_hide_content":"","_relevanssi_pin_for_all":"","_relevanssi_pin_keywords":"","_relevanssi_unpin_keywords":"","_relevanssi_related_keywords":"","_relevanssi_related_include_ids":"","_relevanssi_related_exclude_ids":"","_relevanssi_related_no_append":"","_relevanssi_related_not_related":"","_relevanssi_related_posts":"61469,58346,63672,60525,59394,24423","_relevanssi_noindex_reason":"","footnotes":""},"categories":[100],"tags":[],"ppma_author":[193],"class_list":["post-85072","post","type-post","status-publish","format-standard","has-post-thumbnail","hentry","category-mediaverklarings"],"acf":[],"yoast_head":"<!-- This site is optimized with the Yoast SEO plugin v28.4 - https:\/\/yoast.com\/product\/yoast-seo-wordpress\/ -->\n<title>Emfuleni op rand van finansi\u00eble en institusionele ineenstorting | Vryheidsfront Plus<\/title>\n<meta name=\"description\" content=\"Die ouditeur-generaal (OG) se verslag oor die Emfuleni-plaaslike munisipaliteit se 2024\/25-begrotingshersiening en -aanbevelings bevestig wat inwoners\" \/>\n<meta name=\"robots\" content=\"index, follow, max-snippet:-1, max-image-preview:large, max-video-preview:-1\" \/>\n<link rel=\"canonical\" href=\"https:\/\/www.vfplus.org.za\/af\/mediaverklarings\/emfuleni-op-rand-van-finansiele-en-institusionele-ineenstorting\/\" \/>\n<meta property=\"og:locale\" content=\"af_ZA\" \/>\n<meta property=\"og:type\" content=\"article\" \/>\n<meta property=\"og:title\" content=\"Emfuleni op rand van finansi\u00eble en institusionele ineenstorting | Vryheidsfront Plus\" \/>\n<meta property=\"og:description\" content=\"Die ouditeur-generaal (OG) se verslag oor die Emfuleni-plaaslike munisipaliteit se 2024\/25-begrotingshersiening en -aanbevelings bevestig wat inwoners\" \/>\n<meta property=\"og:url\" content=\"https:\/\/www.vfplus.org.za\/af\/mediaverklarings\/emfuleni-op-rand-van-finansiele-en-institusionele-ineenstorting\/\" \/>\n<meta property=\"og:site_name\" content=\"Vryheidsfront Plus\" \/>\n<meta property=\"article:publisher\" content=\"https:\/\/www.facebook.com\/VFplus?fref=ts\" \/>\n<meta property=\"article:published_time\" content=\"2026-01-30T08:11:06+00:00\" \/>\n<meta property=\"article:modified_time\" content=\"2026-01-30T08:11:12+00:00\" \/>\n<meta property=\"og:image\" content=\"https:\/\/www.vfplus.org.za\/wp-content\/uploads\/2026\/01\/freedomfront_plus_Emfuleni-op-rand-van-finansiele-en-institusionele-ineenstorting.png\" \/>\n\t<meta property=\"og:image:width\" content=\"1024\" \/>\n\t<meta property=\"og:image:height\" content=\"768\" \/>\n\t<meta property=\"og:image:type\" content=\"image\/png\" \/>\n<meta name=\"author\" content=\"Gerda Senekal\" \/>\n<meta name=\"twitter:card\" content=\"summary_large_image\" \/>\n<meta name=\"twitter:creator\" content=\"@VFplus\" \/>\n<meta name=\"twitter:site\" content=\"@VFplus\" \/>\n<meta name=\"twitter:label1\" content=\"Written by\" \/>\n\t<meta name=\"twitter:data1\" content=\"brand_candy_amy\" \/>\n\t<meta name=\"twitter:label2\" content=\"Est. reading time\" \/>\n\t<meta name=\"twitter:data2\" content=\"3 minutes\" \/>\n<script type=\"application\/ld+json\" class=\"yoast-schema-graph\">{\"@context\":\"https:\\\/\\\/schema.org\",\"@graph\":[{\"@type\":\"Article\",\"@id\":\"https:\\\/\\\/www.vfplus.org.za\\\/af\\\/mediaverklarings\\\/emfuleni-op-rand-van-finansiele-en-institusionele-ineenstorting\\\/#article\",\"isPartOf\":{\"@id\":\"https:\\\/\\\/www.vfplus.org.za\\\/af\\\/mediaverklarings\\\/emfuleni-op-rand-van-finansiele-en-institusionele-ineenstorting\\\/\"},\"author\":{\"name\":\"brand_candy_amy\",\"@id\":\"https:\\\/\\\/www.vfplus.org.za\\\/af\\\/#\\\/schema\\\/person\\\/2c3e703fc713d95efd7b7bf7b34646f4\"},\"headline\":\"Emfuleni op rand van finansi\u00eble en institusionele ineenstorting\",\"datePublished\":\"2026-01-30T08:11:06+00:00\",\"dateModified\":\"2026-01-30T08:11:12+00:00\",\"mainEntityOfPage\":{\"@id\":\"https:\\\/\\\/www.vfplus.org.za\\\/af\\\/mediaverklarings\\\/emfuleni-op-rand-van-finansiele-en-institusionele-ineenstorting\\\/\"},\"wordCount\":365,\"publisher\":{\"@id\":\"https:\\\/\\\/www.vfplus.org.za\\\/af\\\/#organization\"},\"image\":{\"@id\":\"https:\\\/\\\/www.vfplus.org.za\\\/af\\\/mediaverklarings\\\/emfuleni-op-rand-van-finansiele-en-institusionele-ineenstorting\\\/#primaryimage\"},\"thumbnailUrl\":\"https:\\\/\\\/www.vfplus.org.za\\\/wp-content\\\/uploads\\\/2026\\\/01\\\/freedomfront_plus_Emfuleni-op-rand-van-finansiele-en-institusionele-ineenstorting.png\",\"articleSection\":[\"Mediaverklarings\"],\"inLanguage\":\"af-ZA\"},{\"@type\":\"WebPage\",\"@id\":\"https:\\\/\\\/www.vfplus.org.za\\\/af\\\/mediaverklarings\\\/emfuleni-op-rand-van-finansiele-en-institusionele-ineenstorting\\\/\",\"url\":\"https:\\\/\\\/www.vfplus.org.za\\\/af\\\/mediaverklarings\\\/emfuleni-op-rand-van-finansiele-en-institusionele-ineenstorting\\\/\",\"name\":\"Emfuleni op rand van finansi\u00eble en institusionele ineenstorting | Vryheidsfront Plus\",\"isPartOf\":{\"@id\":\"https:\\\/\\\/www.vfplus.org.za\\\/af\\\/#website\"},\"primaryImageOfPage\":{\"@id\":\"https:\\\/\\\/www.vfplus.org.za\\\/af\\\/mediaverklarings\\\/emfuleni-op-rand-van-finansiele-en-institusionele-ineenstorting\\\/#primaryimage\"},\"image\":{\"@id\":\"https:\\\/\\\/www.vfplus.org.za\\\/af\\\/mediaverklarings\\\/emfuleni-op-rand-van-finansiele-en-institusionele-ineenstorting\\\/#primaryimage\"},\"thumbnailUrl\":\"https:\\\/\\\/www.vfplus.org.za\\\/wp-content\\\/uploads\\\/2026\\\/01\\\/freedomfront_plus_Emfuleni-op-rand-van-finansiele-en-institusionele-ineenstorting.png\",\"datePublished\":\"2026-01-30T08:11:06+00:00\",\"dateModified\":\"2026-01-30T08:11:12+00:00\",\"description\":\"Die ouditeur-generaal (OG) se verslag oor die Emfuleni-plaaslike munisipaliteit se 2024\\\/25-begrotingshersiening en -aanbevelings bevestig wat inwoners\",\"breadcrumb\":{\"@id\":\"https:\\\/\\\/www.vfplus.org.za\\\/af\\\/mediaverklarings\\\/emfuleni-op-rand-van-finansiele-en-institusionele-ineenstorting\\\/#breadcrumb\"},\"inLanguage\":\"af-ZA\",\"potentialAction\":[{\"@type\":\"ReadAction\",\"target\":[\"https:\\\/\\\/www.vfplus.org.za\\\/af\\\/mediaverklarings\\\/emfuleni-op-rand-van-finansiele-en-institusionele-ineenstorting\\\/\"]}]},{\"@type\":\"ImageObject\",\"inLanguage\":\"af-ZA\",\"@id\":\"https:\\\/\\\/www.vfplus.org.za\\\/af\\\/mediaverklarings\\\/emfuleni-op-rand-van-finansiele-en-institusionele-ineenstorting\\\/#primaryimage\",\"url\":\"https:\\\/\\\/www.vfplus.org.za\\\/wp-content\\\/uploads\\\/2026\\\/01\\\/freedomfront_plus_Emfuleni-op-rand-van-finansiele-en-institusionele-ineenstorting.png\",\"contentUrl\":\"https:\\\/\\\/www.vfplus.org.za\\\/wp-content\\\/uploads\\\/2026\\\/01\\\/freedomfront_plus_Emfuleni-op-rand-van-finansiele-en-institusionele-ineenstorting.png\",\"width\":1024,\"height\":768},{\"@type\":\"BreadcrumbList\",\"@id\":\"https:\\\/\\\/www.vfplus.org.za\\\/af\\\/mediaverklarings\\\/emfuleni-op-rand-van-finansiele-en-institusionele-ineenstorting\\\/#breadcrumb\",\"itemListElement\":[{\"@type\":\"ListItem\",\"position\":1,\"name\":\"Tuis\",\"item\":\"https:\\\/\\\/www.vfplus.org.za\\\/af\\\/\"},{\"@type\":\"ListItem\",\"position\":2,\"name\":\"Emfuleni op rand van finansi\u00eble en institusionele ineenstorting\"}]},{\"@type\":\"WebSite\",\"@id\":\"https:\\\/\\\/www.vfplus.org.za\\\/af\\\/#website\",\"url\":\"https:\\\/\\\/www.vfplus.org.za\\\/af\\\/\",\"name\":\"Freedom Front Plus\",\"description\":\"Stand Up | Stand Together | Stand Strong\",\"publisher\":{\"@id\":\"https:\\\/\\\/www.vfplus.org.za\\\/af\\\/#organization\"},\"potentialAction\":[{\"@type\":\"SearchAction\",\"target\":{\"@type\":\"EntryPoint\",\"urlTemplate\":\"https:\\\/\\\/www.vfplus.org.za\\\/af\\\/?s={search_term_string}\"},\"query-input\":{\"@type\":\"PropertyValueSpecification\",\"valueRequired\":true,\"valueName\":\"search_term_string\"}}],\"inLanguage\":\"af-ZA\"},{\"@type\":\"Organization\",\"@id\":\"https:\\\/\\\/www.vfplus.org.za\\\/af\\\/#organization\",\"name\":\"Vryheidsfront Plus\",\"alternateName\":\"VF Plus\",\"url\":\"https:\\\/\\\/www.vfplus.org.za\\\/af\\\/\",\"logo\":{\"@type\":\"ImageObject\",\"inLanguage\":\"af-ZA\",\"@id\":\"https:\\\/\\\/www.vfplus.org.za\\\/af\\\/#\\\/schema\\\/logo\\\/image\\\/\",\"url\":\"https:\\\/\\\/www.vfplus.org.za\\\/wp-content\\\/uploads\\\/2022\\\/11\\\/vfplus-logo-01.png\",\"contentUrl\":\"https:\\\/\\\/www.vfplus.org.za\\\/wp-content\\\/uploads\\\/2022\\\/11\\\/vfplus-logo-01.png\",\"width\":130,\"height\":130,\"caption\":\"Vryheidsfront Plus\"},\"image\":{\"@id\":\"https:\\\/\\\/www.vfplus.org.za\\\/af\\\/#\\\/schema\\\/logo\\\/image\\\/\"},\"sameAs\":[\"https:\\\/\\\/www.facebook.com\\\/VFplus?fref=ts\",\"https:\\\/\\\/x.com\\\/VFplus\",\"https:\\\/\\\/www.instagram.com\\\/vfplus_ffplus\\\/?hl=en\",\"https:\\\/\\\/www.youtube.com\\\/user\\\/VRYHEIDSFRONTplus\"]},{\"@type\":\"Person\",\"@id\":\"https:\\\/\\\/www.vfplus.org.za\\\/af\\\/#\\\/schema\\\/person\\\/2c3e703fc713d95efd7b7bf7b34646f4\",\"name\":\"brand_candy_amy\",\"image\":{\"@type\":\"ImageObject\",\"inLanguage\":\"af-ZA\",\"@id\":\"https:\\\/\\\/secure.gravatar.com\\\/avatar\\\/d295c22bd41c5cb61e8aa7fcafe90d2d2302363bc123897b40165ee0165d4f6b?s=96&d=mm&r=g45c99b902ec3fd12cf6977a6b6edf27a\",\"url\":\"https:\\\/\\\/secure.gravatar.com\\\/avatar\\\/d295c22bd41c5cb61e8aa7fcafe90d2d2302363bc123897b40165ee0165d4f6b?s=96&d=mm&r=g\",\"contentUrl\":\"https:\\\/\\\/secure.gravatar.com\\\/avatar\\\/d295c22bd41c5cb61e8aa7fcafe90d2d2302363bc123897b40165ee0165d4f6b?s=96&d=mm&r=g\",\"caption\":\"brand_candy_amy\"},\"sameAs\":[\"https:\\\/\\\/brandcandy.co.za\"],\"url\":\"https:\\\/\\\/www.vfplus.org.za\\\/af\\\/author\\\/brand_candy_amy\\\/\"}]}<\/script>\n<!-- \/ Yoast SEO plugin. -->","yoast_head_json":{"title":"Emfuleni op rand van finansi\u00eble en institusionele ineenstorting | Vryheidsfront Plus","description":"Die ouditeur-generaal (OG) se verslag oor die Emfuleni-plaaslike munisipaliteit se 2024\/25-begrotingshersiening en -aanbevelings bevestig wat inwoners","robots":{"index":"index","follow":"follow","max-snippet":"max-snippet:-1","max-image-preview":"max-image-preview:large","max-video-preview":"max-video-preview:-1"},"canonical":"https:\/\/www.vfplus.org.za\/af\/mediaverklarings\/emfuleni-op-rand-van-finansiele-en-institusionele-ineenstorting\/","og_locale":"af_ZA","og_type":"article","og_title":"Emfuleni op rand van finansi\u00eble en institusionele ineenstorting | Vryheidsfront Plus","og_description":"Die ouditeur-generaal (OG) se verslag oor die Emfuleni-plaaslike munisipaliteit se 2024\/25-begrotingshersiening en -aanbevelings bevestig wat inwoners","og_url":"https:\/\/www.vfplus.org.za\/af\/mediaverklarings\/emfuleni-op-rand-van-finansiele-en-institusionele-ineenstorting\/","og_site_name":"Vryheidsfront Plus","article_publisher":"https:\/\/www.facebook.com\/VFplus?fref=ts","article_published_time":"2026-01-30T08:11:06+00:00","article_modified_time":"2026-01-30T08:11:12+00:00","og_image":[{"width":1024,"height":768,"url":"https:\/\/www.vfplus.org.za\/wp-content\/uploads\/2026\/01\/freedomfront_plus_Emfuleni-op-rand-van-finansiele-en-institusionele-ineenstorting.png","type":"image\/png"}],"author":"Gerda Senekal","twitter_card":"summary_large_image","twitter_creator":"@VFplus","twitter_site":"@VFplus","twitter_misc":{"Written by":"brand_candy_amy","Est. reading time":"3 minutes"},"schema":{"@context":"https:\/\/schema.org","@graph":[{"@type":"Article","@id":"https:\/\/www.vfplus.org.za\/af\/mediaverklarings\/emfuleni-op-rand-van-finansiele-en-institusionele-ineenstorting\/#article","isPartOf":{"@id":"https:\/\/www.vfplus.org.za\/af\/mediaverklarings\/emfuleni-op-rand-van-finansiele-en-institusionele-ineenstorting\/"},"author":{"name":"brand_candy_amy","@id":"https:\/\/www.vfplus.org.za\/af\/#\/schema\/person\/2c3e703fc713d95efd7b7bf7b34646f4"},"headline":"Emfuleni op rand van finansi\u00eble en institusionele ineenstorting","datePublished":"2026-01-30T08:11:06+00:00","dateModified":"2026-01-30T08:11:12+00:00","mainEntityOfPage":{"@id":"https:\/\/www.vfplus.org.za\/af\/mediaverklarings\/emfuleni-op-rand-van-finansiele-en-institusionele-ineenstorting\/"},"wordCount":365,"publisher":{"@id":"https:\/\/www.vfplus.org.za\/af\/#organization"},"image":{"@id":"https:\/\/www.vfplus.org.za\/af\/mediaverklarings\/emfuleni-op-rand-van-finansiele-en-institusionele-ineenstorting\/#primaryimage"},"thumbnailUrl":"https:\/\/www.vfplus.org.za\/wp-content\/uploads\/2026\/01\/freedomfront_plus_Emfuleni-op-rand-van-finansiele-en-institusionele-ineenstorting.png","articleSection":["Mediaverklarings"],"inLanguage":"af-ZA"},{"@type":"WebPage","@id":"https:\/\/www.vfplus.org.za\/af\/mediaverklarings\/emfuleni-op-rand-van-finansiele-en-institusionele-ineenstorting\/","url":"https:\/\/www.vfplus.org.za\/af\/mediaverklarings\/emfuleni-op-rand-van-finansiele-en-institusionele-ineenstorting\/","name":"Emfuleni op rand van finansi\u00eble en institusionele ineenstorting | Vryheidsfront Plus","isPartOf":{"@id":"https:\/\/www.vfplus.org.za\/af\/#website"},"primaryImageOfPage":{"@id":"https:\/\/www.vfplus.org.za\/af\/mediaverklarings\/emfuleni-op-rand-van-finansiele-en-institusionele-ineenstorting\/#primaryimage"},"image":{"@id":"https:\/\/www.vfplus.org.za\/af\/mediaverklarings\/emfuleni-op-rand-van-finansiele-en-institusionele-ineenstorting\/#primaryimage"},"thumbnailUrl":"https:\/\/www.vfplus.org.za\/wp-content\/uploads\/2026\/01\/freedomfront_plus_Emfuleni-op-rand-van-finansiele-en-institusionele-ineenstorting.png","datePublished":"2026-01-30T08:11:06+00:00","dateModified":"2026-01-30T08:11:12+00:00","description":"Die ouditeur-generaal (OG) se verslag oor die Emfuleni-plaaslike munisipaliteit se 2024\/25-begrotingshersiening en -aanbevelings bevestig wat inwoners","breadcrumb":{"@id":"https:\/\/www.vfplus.org.za\/af\/mediaverklarings\/emfuleni-op-rand-van-finansiele-en-institusionele-ineenstorting\/#breadcrumb"},"inLanguage":"af-ZA","potentialAction":[{"@type":"ReadAction","target":["https:\/\/www.vfplus.org.za\/af\/mediaverklarings\/emfuleni-op-rand-van-finansiele-en-institusionele-ineenstorting\/"]}]},{"@type":"ImageObject","inLanguage":"af-ZA","@id":"https:\/\/www.vfplus.org.za\/af\/mediaverklarings\/emfuleni-op-rand-van-finansiele-en-institusionele-ineenstorting\/#primaryimage","url":"https:\/\/www.vfplus.org.za\/wp-content\/uploads\/2026\/01\/freedomfront_plus_Emfuleni-op-rand-van-finansiele-en-institusionele-ineenstorting.png","contentUrl":"https:\/\/www.vfplus.org.za\/wp-content\/uploads\/2026\/01\/freedomfront_plus_Emfuleni-op-rand-van-finansiele-en-institusionele-ineenstorting.png","width":1024,"height":768},{"@type":"BreadcrumbList","@id":"https:\/\/www.vfplus.org.za\/af\/mediaverklarings\/emfuleni-op-rand-van-finansiele-en-institusionele-ineenstorting\/#breadcrumb","itemListElement":[{"@type":"ListItem","position":1,"name":"Tuis","item":"https:\/\/www.vfplus.org.za\/af\/"},{"@type":"ListItem","position":2,"name":"Emfuleni op rand van finansi\u00eble en institusionele ineenstorting"}]},{"@type":"WebSite","@id":"https:\/\/www.vfplus.org.za\/af\/#website","url":"https:\/\/www.vfplus.org.za\/af\/","name":"Freedom Front Plus","description":"Stand Up | Stand Together | Stand Strong","publisher":{"@id":"https:\/\/www.vfplus.org.za\/af\/#organization"},"potentialAction":[{"@type":"SearchAction","target":{"@type":"EntryPoint","urlTemplate":"https:\/\/www.vfplus.org.za\/af\/?s={search_term_string}"},"query-input":{"@type":"PropertyValueSpecification","valueRequired":true,"valueName":"search_term_string"}}],"inLanguage":"af-ZA"},{"@type":"Organization","@id":"https:\/\/www.vfplus.org.za\/af\/#organization","name":"Vryheidsfront Plus","alternateName":"VF Plus","url":"https:\/\/www.vfplus.org.za\/af\/","logo":{"@type":"ImageObject","inLanguage":"af-ZA","@id":"https:\/\/www.vfplus.org.za\/af\/#\/schema\/logo\/image\/","url":"https:\/\/www.vfplus.org.za\/wp-content\/uploads\/2022\/11\/vfplus-logo-01.png","contentUrl":"https:\/\/www.vfplus.org.za\/wp-content\/uploads\/2022\/11\/vfplus-logo-01.png","width":130,"height":130,"caption":"Vryheidsfront Plus"},"image":{"@id":"https:\/\/www.vfplus.org.za\/af\/#\/schema\/logo\/image\/"},"sameAs":["https:\/\/www.facebook.com\/VFplus?fref=ts","https:\/\/x.com\/VFplus","https:\/\/www.instagram.com\/vfplus_ffplus\/?hl=en","https:\/\/www.youtube.com\/user\/VRYHEIDSFRONTplus"]},{"@type":"Person","@id":"https:\/\/www.vfplus.org.za\/af\/#\/schema\/person\/2c3e703fc713d95efd7b7bf7b34646f4","name":"brand_candy_amy","image":{"@type":"ImageObject","inLanguage":"af-ZA","@id":"https:\/\/secure.gravatar.com\/avatar\/d295c22bd41c5cb61e8aa7fcafe90d2d2302363bc123897b40165ee0165d4f6b?s=96&d=mm&r=g45c99b902ec3fd12cf6977a6b6edf27a","url":"https:\/\/secure.gravatar.com\/avatar\/d295c22bd41c5cb61e8aa7fcafe90d2d2302363bc123897b40165ee0165d4f6b?s=96&d=mm&r=g","contentUrl":"https:\/\/secure.gravatar.com\/avatar\/d295c22bd41c5cb61e8aa7fcafe90d2d2302363bc123897b40165ee0165d4f6b?s=96&d=mm&r=g","caption":"brand_candy_amy"},"sameAs":["https:\/\/brandcandy.co.za"],"url":"https:\/\/www.vfplus.org.za\/af\/author\/brand_candy_amy\/"}]}},"authors":[{"term_id":193,"user_id":0,"is_guest":1,"slug":"gerda-senekal","display_name":"Gerda Senekal","avatar_url":{"url":"https:\/\/www.vfplus.org.za\/wp-content\/uploads\/2023\/06\/freedomfront_plus_author_Gerda_Senekal_01.jpg","url2x":"https:\/\/www.vfplus.org.za\/wp-content\/uploads\/2023\/06\/freedomfront_plus_author_Gerda_Senekal_01.jpg"},"author_category":"","user_url":"","last_name":"","first_name":"","job_title":"","description":""}],"_links":{"self":[{"href":"https:\/\/www.vfplus.org.za\/af\/wp-json\/wp\/v2\/posts\/85072","targetHints":{"allow":["GET"]}}],"collection":[{"href":"https:\/\/www.vfplus.org.za\/af\/wp-json\/wp\/v2\/posts"}],"about":[{"href":"https:\/\/www.vfplus.org.za\/af\/wp-json\/wp\/v2\/types\/post"}],"author":[{"embeddable":true,"href":"https:\/\/www.vfplus.org.za\/af\/wp-json\/wp\/v2\/users\/5"}],"replies":[{"embeddable":true,"href":"https:\/\/www.vfplus.org.za\/af\/wp-json\/wp\/v2\/comments?post=85072"}],"version-history":[{"count":1,"href":"https:\/\/www.vfplus.org.za\/af\/wp-json\/wp\/v2\/posts\/85072\/revisions"}],"predecessor-version":[{"id":85075,"href":"https:\/\/www.vfplus.org.za\/af\/wp-json\/wp\/v2\/posts\/85072\/revisions\/85075"}],"wp:featuredmedia":[{"embeddable":true,"href":"https:\/\/www.vfplus.org.za\/af\/wp-json\/wp\/v2\/media\/85073"}],"wp:attachment":[{"href":"https:\/\/www.vfplus.org.za\/af\/wp-json\/wp\/v2\/media?parent=85072"}],"wp:term":[{"taxonomy":"category","embeddable":true,"href":"https:\/\/www.vfplus.org.za\/af\/wp-json\/wp\/v2\/categories?post=85072"},{"taxonomy":"post_tag","embeddable":true,"href":"https:\/\/www.vfplus.org.za\/af\/wp-json\/wp\/v2\/tags?post=85072"},{"taxonomy":"author","embeddable":true,"href":"https:\/\/www.vfplus.org.za\/af\/wp-json\/wp\/v2\/ppma_author?post=85072"}],"curies":[{"name":"wp","href":"https:\/\/api.w.org\/{rel}","templated":true}]}}