{"id":84469,"date":"2025-12-09T13:23:13","date_gmt":"2025-12-09T11:23:13","guid":{"rendered":"https:\/\/www.vfplus.org.za\/?p=84469"},"modified":"2025-12-09T13:27:33","modified_gmt":"2025-12-09T11:27:33","slug":"minister-bevestig-dat-lugmagoffisier-wat-in-2018-afgedank-is-weens-haatspraak-n-jaar-later-weer-aangestel-is","status":"publish","type":"post","link":"https:\/\/www.vfplus.org.za\/af\/jongste-nuus\/minister-bevestig-dat-lugmagoffisier-wat-in-2018-afgedank-is-weens-haatspraak-n-jaar-later-weer-aangestel-is\/","title":{"rendered":"Minister bevestig dat lugmagoffisier wat in 2018 afgedank is weens haatspraak, \u2018n jaar later weer aangestel is"},"content":{"rendered":"\n<p class=\"wp-block-paragraph\">Die VF Plus het deur \u2018n vraag aan die minister van verdediging en milit\u00eare veterane, Angie Motshekga, vasgestel dat \u2018n lugmag-majoor wat in 2018 afgedank is weens erge haatspraak, skaars \u2018n jaar later heraangestel is.<\/p>\n\n\n\n<p class=\"wp-block-paragraph\">Maj. M. V. (Vincent) Mohlala, wat gestasioneer was by die Wonderboom-milit\u00eare basis in Pretoria, het in 2018 n\u00e1 die moord op emeritusprofessor Cobus Naud\u00e9 (76) onder meer op sosiale media ges\u00ea:<\/p>\n\n\n\n<p class=\"wp-block-paragraph\">\u201cNou is dit wit mense se beurt. Hulle (die moordenaars) moes eintlik sy o\u00eb en tong uitgesteek het sodat die laaste mense wat hy kon sien, sy moordenaars was\u2026\u201d.<\/p>\n\n\n\n<p class=\"wp-block-paragraph\">\u2018n Milit\u00eare ondersoek het Mohlala skuldig bevind en hy is op 18 Mei 2018 ontslaan uit die weermag (SANW).<\/p>\n\n\n\n<p class=\"wp-block-paragraph\">Die VF Plus het onlangs inligting ontvang dat Mohlala intussen weer aangestel is en het min. Motshekga in \u2018n parlement\u00eare vraag om bevestiging gevra, asook oor die redes vir die heraanstelling.<\/p>\n\n\n\n<p class=\"wp-block-paragraph\">Min. Motshekga het bevestig dat Mohlala op 14 Mei 2019 heraangestel is, skaars \u2018n jaar na sy ontslag, maar het geen rede of agtergrond rondom die heraanstelling gegee soos versoek nie.<\/p>\n\n\n\n<p class=\"wp-block-paragraph\">Daar is in 2018 ook eers teen Mohlala opgetree nadat die VF Plus met die weermag (SANW) se begrotingsdebat in die parlement sy misnoe\u00eb oor die aangeleentheid uitgespreek het.<\/p>\n\n\n\n<p class=\"wp-block-paragraph\">In &#8216;n brief gedateer 17 Mei 2018 het die destydse hoof van die weermag, genl. Solly Shoke, aan Mohlala ges\u00ea: (defenceWeb: Army major dismissed for hate speech on social media: 24 May 2018).<\/p>\n\n\n\n<p class=\"wp-block-paragraph\">&#8220;Dit het onder my aandag gekom dat u woorde op sosiale media geuiter het wat ernstige rasse-aantygings bevat. Dit het vyandigheid en afkeer op grond van ras getoon.<\/p>\n\n\n\n<p class=\"wp-block-paragraph\">\u201cHierdie gedrag is &#8216;n ernstige skending van milit\u00eare dissipline en die gedragskode vir lede van die SANW. Dit is verder strydig met die gedrag wat van &#8216;n senior offisier van die weermag verwag word.<\/p>\n\n\n\n<p class=\"wp-block-paragraph\">\u201cDie woorde wat u geuiter het, het die weermag in oneer gebring en daarom is u dienste met onmiddellike effek be\u00ebindig.&#8221;<\/p>\n\n\n\n<p class=\"wp-block-paragraph\">Die VF Plus sal by die minister wil hoor of hierdie siening en uitsprake van genl. Shoke dan nie meer geldig is nie en sal aandring op antwoorde oor die redes vir die heraanstelling.<\/p>\n","protected":false},"excerpt":{"rendered":"<p>Die VF Plus het deur \u2018n vraag aan die minister van verdediging en milit\u00eare veterane, Angie Motshekga, vasgestel dat \u2018n lugmag-majoor wat in 2018 afgedank is weens erge haatspraak, skaars \u2018n jaar later heraangestel is. Maj. M. V. (Vincent) Mohlala, wat gestasioneer was by die Wonderboom-milit\u00eare basis in Pretoria, het in 2018 n\u00e1 die moord [&hellip;]<\/p>\n","protected":false},"author":13,"featured_media":84473,"comment_status":"closed","ping_status":"closed","sticky":false,"template":"","format":"standard","meta":{"_acf_changed":false,"_relevanssi_hide_post":"","_relevanssi_hide_content":"","_relevanssi_pin_for_all":"","_relevanssi_pin_keywords":"","_relevanssi_unpin_keywords":"","_relevanssi_related_keywords":"","_relevanssi_related_include_ids":"","_relevanssi_related_exclude_ids":"","_relevanssi_related_no_append":"","_relevanssi_related_not_related":"","_relevanssi_related_posts":"59532,60268,23167,63316,73504,19986","_relevanssi_noindex_reason":"","footnotes":""},"categories":[74,100],"tags":[],"ppma_author":[101,304],"class_list":["post-84469","post","type-post","status-publish","format-standard","has-post-thumbnail","hentry","category-jongste-nuus","category-mediaverklarings"],"acf":[],"yoast_head":"<!-- This site is optimized with the Yoast SEO plugin v28.4 - https:\/\/yoast.com\/product\/yoast-seo-wordpress\/ -->\n<title>Minister bevestig dat lugmagoffisier wat in 2018 afgedank is weens haatspraak, \u2018n jaar later weer aangestel is | Vryheidsfront Plus<\/title>\n<meta name=\"description\" content=\"Die VF Plus het deur \u2018n vraag aan die minister van verdediging en milit\u00eare veterane, Angie Motshekga, vasgestel dat \u2018n lugmag-majoor wat in 2018 afgedank\" \/>\n<meta name=\"robots\" content=\"index, follow, max-snippet:-1, max-image-preview:large, max-video-preview:-1\" \/>\n<link rel=\"canonical\" href=\"https:\/\/www.vfplus.org.za\/af\/jongste-nuus\/minister-bevestig-dat-lugmagoffisier-wat-in-2018-afgedank-is-weens-haatspraak-n-jaar-later-weer-aangestel-is\/\" \/>\n<meta property=\"og:locale\" content=\"af_ZA\" \/>\n<meta property=\"og:type\" content=\"article\" \/>\n<meta property=\"og:title\" content=\"Minister bevestig dat lugmagoffisier wat in 2018 afgedank is weens haatspraak, \u2018n jaar later weer aangestel is | Vryheidsfront Plus\" \/>\n<meta property=\"og:description\" content=\"Die VF Plus het deur \u2018n vraag aan die minister van verdediging en milit\u00eare veterane, Angie Motshekga, vasgestel dat \u2018n lugmag-majoor wat in 2018 afgedank\" \/>\n<meta property=\"og:url\" content=\"https:\/\/www.vfplus.org.za\/af\/jongste-nuus\/minister-bevestig-dat-lugmagoffisier-wat-in-2018-afgedank-is-weens-haatspraak-n-jaar-later-weer-aangestel-is\/\" \/>\n<meta property=\"og:site_name\" content=\"Vryheidsfront Plus\" \/>\n<meta property=\"article:publisher\" content=\"https:\/\/www.facebook.com\/VFplus?fref=ts\" \/>\n<meta property=\"article:published_time\" content=\"2025-12-09T11:23:13+00:00\" \/>\n<meta property=\"article:modified_time\" content=\"2025-12-09T11:27:33+00:00\" \/>\n<meta property=\"og:image\" content=\"https:\/\/www.vfplus.org.za\/wp-content\/uploads\/2025\/12\/freedomfront_plus_Minister-bevestig-dat-lugmagoffisier-wat-in-2018-afgedank-is-weens-haatspraak-\u2018n-jaar-later-weer-aangestel-is-1.png\" \/>\n\t<meta property=\"og:image:width\" content=\"1024\" \/>\n\t<meta property=\"og:image:height\" content=\"768\" \/>\n\t<meta property=\"og:image:type\" content=\"image\/png\" \/>\n<meta name=\"author\" content=\"Mr Wouter Wessels, Wouter Wessels\" \/>\n<meta name=\"twitter:card\" content=\"summary_large_image\" \/>\n<meta name=\"twitter:creator\" content=\"@VFplus\" \/>\n<meta name=\"twitter:site\" content=\"@VFplus\" \/>\n<meta name=\"twitter:label1\" content=\"Written by\" \/>\n\t<meta name=\"twitter:data1\" content=\"Mr Wouter Wessels\" \/>\n\t<meta name=\"twitter:label2\" content=\"Est. reading time\" \/>\n\t<meta name=\"twitter:data2\" content=\"3 minutes\" \/>\n<script type=\"application\/ld+json\" class=\"yoast-schema-graph\">{\"@context\":\"https:\\\/\\\/schema.org\",\"@graph\":[{\"@type\":\"Article\",\"@id\":\"https:\\\/\\\/www.vfplus.org.za\\\/af\\\/jongste-nuus\\\/minister-bevestig-dat-lugmagoffisier-wat-in-2018-afgedank-is-weens-haatspraak-n-jaar-later-weer-aangestel-is\\\/#article\",\"isPartOf\":{\"@id\":\"https:\\\/\\\/www.vfplus.org.za\\\/af\\\/jongste-nuus\\\/minister-bevestig-dat-lugmagoffisier-wat-in-2018-afgedank-is-weens-haatspraak-n-jaar-later-weer-aangestel-is\\\/\"},\"author\":{\"name\":\"Mr Wouter Wessels\",\"@id\":\"https:\\\/\\\/www.vfplus.org.za\\\/af\\\/#\\\/schema\\\/person\\\/efe1557ec484e6ce873d9995630949c8\"},\"headline\":\"Minister bevestig dat lugmagoffisier wat in 2018 afgedank is weens haatspraak, \u2018n jaar later weer aangestel is\",\"datePublished\":\"2025-12-09T11:23:13+00:00\",\"dateModified\":\"2025-12-09T11:27:33+00:00\",\"mainEntityOfPage\":{\"@id\":\"https:\\\/\\\/www.vfplus.org.za\\\/af\\\/jongste-nuus\\\/minister-bevestig-dat-lugmagoffisier-wat-in-2018-afgedank-is-weens-haatspraak-n-jaar-later-weer-aangestel-is\\\/\"},\"wordCount\":365,\"publisher\":{\"@id\":\"https:\\\/\\\/www.vfplus.org.za\\\/af\\\/#organization\"},\"image\":{\"@id\":\"https:\\\/\\\/www.vfplus.org.za\\\/af\\\/jongste-nuus\\\/minister-bevestig-dat-lugmagoffisier-wat-in-2018-afgedank-is-weens-haatspraak-n-jaar-later-weer-aangestel-is\\\/#primaryimage\"},\"thumbnailUrl\":\"https:\\\/\\\/www.vfplus.org.za\\\/wp-content\\\/uploads\\\/2025\\\/12\\\/freedomfront_plus_Minister-bevestig-dat-lugmagoffisier-wat-in-2018-afgedank-is-weens-haatspraak-\u2018n-jaar-later-weer-aangestel-is-1.png\",\"articleSection\":[\"Jongste nuus\",\"Mediaverklarings\"],\"inLanguage\":\"af-ZA\"},{\"@type\":\"WebPage\",\"@id\":\"https:\\\/\\\/www.vfplus.org.za\\\/af\\\/jongste-nuus\\\/minister-bevestig-dat-lugmagoffisier-wat-in-2018-afgedank-is-weens-haatspraak-n-jaar-later-weer-aangestel-is\\\/\",\"url\":\"https:\\\/\\\/www.vfplus.org.za\\\/af\\\/jongste-nuus\\\/minister-bevestig-dat-lugmagoffisier-wat-in-2018-afgedank-is-weens-haatspraak-n-jaar-later-weer-aangestel-is\\\/\",\"name\":\"Minister bevestig dat lugmagoffisier wat in 2018 afgedank is weens haatspraak, \u2018n jaar later weer aangestel is | Vryheidsfront Plus\",\"isPartOf\":{\"@id\":\"https:\\\/\\\/www.vfplus.org.za\\\/af\\\/#website\"},\"primaryImageOfPage\":{\"@id\":\"https:\\\/\\\/www.vfplus.org.za\\\/af\\\/jongste-nuus\\\/minister-bevestig-dat-lugmagoffisier-wat-in-2018-afgedank-is-weens-haatspraak-n-jaar-later-weer-aangestel-is\\\/#primaryimage\"},\"image\":{\"@id\":\"https:\\\/\\\/www.vfplus.org.za\\\/af\\\/jongste-nuus\\\/minister-bevestig-dat-lugmagoffisier-wat-in-2018-afgedank-is-weens-haatspraak-n-jaar-later-weer-aangestel-is\\\/#primaryimage\"},\"thumbnailUrl\":\"https:\\\/\\\/www.vfplus.org.za\\\/wp-content\\\/uploads\\\/2025\\\/12\\\/freedomfront_plus_Minister-bevestig-dat-lugmagoffisier-wat-in-2018-afgedank-is-weens-haatspraak-\u2018n-jaar-later-weer-aangestel-is-1.png\",\"datePublished\":\"2025-12-09T11:23:13+00:00\",\"dateModified\":\"2025-12-09T11:27:33+00:00\",\"description\":\"Die VF Plus het deur \u2018n vraag aan die minister van verdediging en milit\u00eare veterane, Angie Motshekga, vasgestel dat \u2018n lugmag-majoor wat in 2018 afgedank\",\"breadcrumb\":{\"@id\":\"https:\\\/\\\/www.vfplus.org.za\\\/af\\\/jongste-nuus\\\/minister-bevestig-dat-lugmagoffisier-wat-in-2018-afgedank-is-weens-haatspraak-n-jaar-later-weer-aangestel-is\\\/#breadcrumb\"},\"inLanguage\":\"af-ZA\",\"potentialAction\":[{\"@type\":\"ReadAction\",\"target\":[\"https:\\\/\\\/www.vfplus.org.za\\\/af\\\/jongste-nuus\\\/minister-bevestig-dat-lugmagoffisier-wat-in-2018-afgedank-is-weens-haatspraak-n-jaar-later-weer-aangestel-is\\\/\"]}]},{\"@type\":\"ImageObject\",\"inLanguage\":\"af-ZA\",\"@id\":\"https:\\\/\\\/www.vfplus.org.za\\\/af\\\/jongste-nuus\\\/minister-bevestig-dat-lugmagoffisier-wat-in-2018-afgedank-is-weens-haatspraak-n-jaar-later-weer-aangestel-is\\\/#primaryimage\",\"url\":\"https:\\\/\\\/www.vfplus.org.za\\\/wp-content\\\/uploads\\\/2025\\\/12\\\/freedomfront_plus_Minister-bevestig-dat-lugmagoffisier-wat-in-2018-afgedank-is-weens-haatspraak-\u2018n-jaar-later-weer-aangestel-is-1.png\",\"contentUrl\":\"https:\\\/\\\/www.vfplus.org.za\\\/wp-content\\\/uploads\\\/2025\\\/12\\\/freedomfront_plus_Minister-bevestig-dat-lugmagoffisier-wat-in-2018-afgedank-is-weens-haatspraak-\u2018n-jaar-later-weer-aangestel-is-1.png\",\"width\":1024,\"height\":768},{\"@type\":\"BreadcrumbList\",\"@id\":\"https:\\\/\\\/www.vfplus.org.za\\\/af\\\/jongste-nuus\\\/minister-bevestig-dat-lugmagoffisier-wat-in-2018-afgedank-is-weens-haatspraak-n-jaar-later-weer-aangestel-is\\\/#breadcrumb\",\"itemListElement\":[{\"@type\":\"ListItem\",\"position\":1,\"name\":\"Tuis\",\"item\":\"https:\\\/\\\/www.vfplus.org.za\\\/af\\\/\"},{\"@type\":\"ListItem\",\"position\":2,\"name\":\"Minister bevestig dat lugmagoffisier wat in 2018 afgedank is weens haatspraak, \u2018n jaar later weer aangestel is\"}]},{\"@type\":\"WebSite\",\"@id\":\"https:\\\/\\\/www.vfplus.org.za\\\/af\\\/#website\",\"url\":\"https:\\\/\\\/www.vfplus.org.za\\\/af\\\/\",\"name\":\"Freedom Front Plus\",\"description\":\"Stand Up | Stand Together | Stand Strong\",\"publisher\":{\"@id\":\"https:\\\/\\\/www.vfplus.org.za\\\/af\\\/#organization\"},\"potentialAction\":[{\"@type\":\"SearchAction\",\"target\":{\"@type\":\"EntryPoint\",\"urlTemplate\":\"https:\\\/\\\/www.vfplus.org.za\\\/af\\\/?s={search_term_string}\"},\"query-input\":{\"@type\":\"PropertyValueSpecification\",\"valueRequired\":true,\"valueName\":\"search_term_string\"}}],\"inLanguage\":\"af-ZA\"},{\"@type\":\"Organization\",\"@id\":\"https:\\\/\\\/www.vfplus.org.za\\\/af\\\/#organization\",\"name\":\"Vryheidsfront Plus\",\"alternateName\":\"VF Plus\",\"url\":\"https:\\\/\\\/www.vfplus.org.za\\\/af\\\/\",\"logo\":{\"@type\":\"ImageObject\",\"inLanguage\":\"af-ZA\",\"@id\":\"https:\\\/\\\/www.vfplus.org.za\\\/af\\\/#\\\/schema\\\/logo\\\/image\\\/\",\"url\":\"https:\\\/\\\/www.vfplus.org.za\\\/wp-content\\\/uploads\\\/2022\\\/11\\\/vfplus-logo-01.png\",\"contentUrl\":\"https:\\\/\\\/www.vfplus.org.za\\\/wp-content\\\/uploads\\\/2022\\\/11\\\/vfplus-logo-01.png\",\"width\":130,\"height\":130,\"caption\":\"Vryheidsfront Plus\"},\"image\":{\"@id\":\"https:\\\/\\\/www.vfplus.org.za\\\/af\\\/#\\\/schema\\\/logo\\\/image\\\/\"},\"sameAs\":[\"https:\\\/\\\/www.facebook.com\\\/VFplus?fref=ts\",\"https:\\\/\\\/x.com\\\/VFplus\",\"https:\\\/\\\/www.instagram.com\\\/vfplus_ffplus\\\/?hl=en\",\"https:\\\/\\\/www.youtube.com\\\/user\\\/VRYHEIDSFRONTplus\"]},{\"@type\":\"Person\",\"@id\":\"https:\\\/\\\/www.vfplus.org.za\\\/af\\\/#\\\/schema\\\/person\\\/efe1557ec484e6ce873d9995630949c8\",\"name\":\"Mr Wouter Wessels\",\"image\":{\"@type\":\"ImageObject\",\"inLanguage\":\"af-ZA\",\"@id\":\"https:\\\/\\\/www.vfplus.org.za\\\/wp-content\\\/uploads\\\/2023\\\/03\\\/freedomfront-plus-author-mr-wouter-wessels-01.jpgf2486d4923647b6ae6800cd90934f170\",\"url\":\"https:\\\/\\\/www.vfplus.org.za\\\/wp-content\\\/uploads\\\/2023\\\/03\\\/freedomfront-plus-author-mr-wouter-wessels-01.jpg\",\"contentUrl\":\"https:\\\/\\\/www.vfplus.org.za\\\/wp-content\\\/uploads\\\/2023\\\/03\\\/freedomfront-plus-author-mr-wouter-wessels-01.jpg\",\"caption\":\"Mr Wouter Wessels\"},\"sameAs\":[\"https:\\\/\\\/www.vfplus.org.za\\\/\"],\"url\":\"https:\\\/\\\/www.vfplus.org.za\\\/af\\\/author\\\/mr-wouter-wessels\\\/\"}]}<\/script>\n<!-- \/ Yoast SEO plugin. -->","yoast_head_json":{"title":"Minister bevestig dat lugmagoffisier wat in 2018 afgedank is weens haatspraak, \u2018n jaar later weer aangestel is | Vryheidsfront Plus","description":"Die VF Plus het deur \u2018n vraag aan die minister van verdediging en milit\u00eare veterane, Angie Motshekga, vasgestel dat \u2018n lugmag-majoor wat in 2018 afgedank","robots":{"index":"index","follow":"follow","max-snippet":"max-snippet:-1","max-image-preview":"max-image-preview:large","max-video-preview":"max-video-preview:-1"},"canonical":"https:\/\/www.vfplus.org.za\/af\/jongste-nuus\/minister-bevestig-dat-lugmagoffisier-wat-in-2018-afgedank-is-weens-haatspraak-n-jaar-later-weer-aangestel-is\/","og_locale":"af_ZA","og_type":"article","og_title":"Minister bevestig dat lugmagoffisier wat in 2018 afgedank is weens haatspraak, \u2018n jaar later weer aangestel is | Vryheidsfront Plus","og_description":"Die VF Plus het deur \u2018n vraag aan die minister van verdediging en milit\u00eare veterane, Angie Motshekga, vasgestel dat \u2018n lugmag-majoor wat in 2018 afgedank","og_url":"https:\/\/www.vfplus.org.za\/af\/jongste-nuus\/minister-bevestig-dat-lugmagoffisier-wat-in-2018-afgedank-is-weens-haatspraak-n-jaar-later-weer-aangestel-is\/","og_site_name":"Vryheidsfront Plus","article_publisher":"https:\/\/www.facebook.com\/VFplus?fref=ts","article_published_time":"2025-12-09T11:23:13+00:00","article_modified_time":"2025-12-09T11:27:33+00:00","og_image":[{"width":1024,"height":768,"url":"https:\/\/www.vfplus.org.za\/wp-content\/uploads\/2025\/12\/freedomfront_plus_Minister-bevestig-dat-lugmagoffisier-wat-in-2018-afgedank-is-weens-haatspraak-\u2018n-jaar-later-weer-aangestel-is-1.png","type":"image\/png"}],"author":"Mr Wouter Wessels, Wouter Wessels","twitter_card":"summary_large_image","twitter_creator":"@VFplus","twitter_site":"@VFplus","twitter_misc":{"Written by":"Mr Wouter Wessels","Est. reading time":"3 minutes"},"schema":{"@context":"https:\/\/schema.org","@graph":[{"@type":"Article","@id":"https:\/\/www.vfplus.org.za\/af\/jongste-nuus\/minister-bevestig-dat-lugmagoffisier-wat-in-2018-afgedank-is-weens-haatspraak-n-jaar-later-weer-aangestel-is\/#article","isPartOf":{"@id":"https:\/\/www.vfplus.org.za\/af\/jongste-nuus\/minister-bevestig-dat-lugmagoffisier-wat-in-2018-afgedank-is-weens-haatspraak-n-jaar-later-weer-aangestel-is\/"},"author":{"name":"Mr Wouter Wessels","@id":"https:\/\/www.vfplus.org.za\/af\/#\/schema\/person\/efe1557ec484e6ce873d9995630949c8"},"headline":"Minister bevestig dat lugmagoffisier wat in 2018 afgedank is weens haatspraak, \u2018n jaar later weer aangestel is","datePublished":"2025-12-09T11:23:13+00:00","dateModified":"2025-12-09T11:27:33+00:00","mainEntityOfPage":{"@id":"https:\/\/www.vfplus.org.za\/af\/jongste-nuus\/minister-bevestig-dat-lugmagoffisier-wat-in-2018-afgedank-is-weens-haatspraak-n-jaar-later-weer-aangestel-is\/"},"wordCount":365,"publisher":{"@id":"https:\/\/www.vfplus.org.za\/af\/#organization"},"image":{"@id":"https:\/\/www.vfplus.org.za\/af\/jongste-nuus\/minister-bevestig-dat-lugmagoffisier-wat-in-2018-afgedank-is-weens-haatspraak-n-jaar-later-weer-aangestel-is\/#primaryimage"},"thumbnailUrl":"https:\/\/www.vfplus.org.za\/wp-content\/uploads\/2025\/12\/freedomfront_plus_Minister-bevestig-dat-lugmagoffisier-wat-in-2018-afgedank-is-weens-haatspraak-\u2018n-jaar-later-weer-aangestel-is-1.png","articleSection":["Jongste nuus","Mediaverklarings"],"inLanguage":"af-ZA"},{"@type":"WebPage","@id":"https:\/\/www.vfplus.org.za\/af\/jongste-nuus\/minister-bevestig-dat-lugmagoffisier-wat-in-2018-afgedank-is-weens-haatspraak-n-jaar-later-weer-aangestel-is\/","url":"https:\/\/www.vfplus.org.za\/af\/jongste-nuus\/minister-bevestig-dat-lugmagoffisier-wat-in-2018-afgedank-is-weens-haatspraak-n-jaar-later-weer-aangestel-is\/","name":"Minister bevestig dat lugmagoffisier wat in 2018 afgedank is weens haatspraak, \u2018n jaar later weer aangestel is | Vryheidsfront Plus","isPartOf":{"@id":"https:\/\/www.vfplus.org.za\/af\/#website"},"primaryImageOfPage":{"@id":"https:\/\/www.vfplus.org.za\/af\/jongste-nuus\/minister-bevestig-dat-lugmagoffisier-wat-in-2018-afgedank-is-weens-haatspraak-n-jaar-later-weer-aangestel-is\/#primaryimage"},"image":{"@id":"https:\/\/www.vfplus.org.za\/af\/jongste-nuus\/minister-bevestig-dat-lugmagoffisier-wat-in-2018-afgedank-is-weens-haatspraak-n-jaar-later-weer-aangestel-is\/#primaryimage"},"thumbnailUrl":"https:\/\/www.vfplus.org.za\/wp-content\/uploads\/2025\/12\/freedomfront_plus_Minister-bevestig-dat-lugmagoffisier-wat-in-2018-afgedank-is-weens-haatspraak-\u2018n-jaar-later-weer-aangestel-is-1.png","datePublished":"2025-12-09T11:23:13+00:00","dateModified":"2025-12-09T11:27:33+00:00","description":"Die VF Plus het deur \u2018n vraag aan die minister van verdediging en milit\u00eare veterane, Angie Motshekga, vasgestel dat \u2018n lugmag-majoor wat in 2018 afgedank","breadcrumb":{"@id":"https:\/\/www.vfplus.org.za\/af\/jongste-nuus\/minister-bevestig-dat-lugmagoffisier-wat-in-2018-afgedank-is-weens-haatspraak-n-jaar-later-weer-aangestel-is\/#breadcrumb"},"inLanguage":"af-ZA","potentialAction":[{"@type":"ReadAction","target":["https:\/\/www.vfplus.org.za\/af\/jongste-nuus\/minister-bevestig-dat-lugmagoffisier-wat-in-2018-afgedank-is-weens-haatspraak-n-jaar-later-weer-aangestel-is\/"]}]},{"@type":"ImageObject","inLanguage":"af-ZA","@id":"https:\/\/www.vfplus.org.za\/af\/jongste-nuus\/minister-bevestig-dat-lugmagoffisier-wat-in-2018-afgedank-is-weens-haatspraak-n-jaar-later-weer-aangestel-is\/#primaryimage","url":"https:\/\/www.vfplus.org.za\/wp-content\/uploads\/2025\/12\/freedomfront_plus_Minister-bevestig-dat-lugmagoffisier-wat-in-2018-afgedank-is-weens-haatspraak-\u2018n-jaar-later-weer-aangestel-is-1.png","contentUrl":"https:\/\/www.vfplus.org.za\/wp-content\/uploads\/2025\/12\/freedomfront_plus_Minister-bevestig-dat-lugmagoffisier-wat-in-2018-afgedank-is-weens-haatspraak-\u2018n-jaar-later-weer-aangestel-is-1.png","width":1024,"height":768},{"@type":"BreadcrumbList","@id":"https:\/\/www.vfplus.org.za\/af\/jongste-nuus\/minister-bevestig-dat-lugmagoffisier-wat-in-2018-afgedank-is-weens-haatspraak-n-jaar-later-weer-aangestel-is\/#breadcrumb","itemListElement":[{"@type":"ListItem","position":1,"name":"Tuis","item":"https:\/\/www.vfplus.org.za\/af\/"},{"@type":"ListItem","position":2,"name":"Minister bevestig dat lugmagoffisier wat in 2018 afgedank is weens haatspraak, \u2018n jaar later weer aangestel is"}]},{"@type":"WebSite","@id":"https:\/\/www.vfplus.org.za\/af\/#website","url":"https:\/\/www.vfplus.org.za\/af\/","name":"Freedom Front Plus","description":"Stand Up | Stand Together | Stand Strong","publisher":{"@id":"https:\/\/www.vfplus.org.za\/af\/#organization"},"potentialAction":[{"@type":"SearchAction","target":{"@type":"EntryPoint","urlTemplate":"https:\/\/www.vfplus.org.za\/af\/?s={search_term_string}"},"query-input":{"@type":"PropertyValueSpecification","valueRequired":true,"valueName":"search_term_string"}}],"inLanguage":"af-ZA"},{"@type":"Organization","@id":"https:\/\/www.vfplus.org.za\/af\/#organization","name":"Vryheidsfront Plus","alternateName":"VF Plus","url":"https:\/\/www.vfplus.org.za\/af\/","logo":{"@type":"ImageObject","inLanguage":"af-ZA","@id":"https:\/\/www.vfplus.org.za\/af\/#\/schema\/logo\/image\/","url":"https:\/\/www.vfplus.org.za\/wp-content\/uploads\/2022\/11\/vfplus-logo-01.png","contentUrl":"https:\/\/www.vfplus.org.za\/wp-content\/uploads\/2022\/11\/vfplus-logo-01.png","width":130,"height":130,"caption":"Vryheidsfront Plus"},"image":{"@id":"https:\/\/www.vfplus.org.za\/af\/#\/schema\/logo\/image\/"},"sameAs":["https:\/\/www.facebook.com\/VFplus?fref=ts","https:\/\/x.com\/VFplus","https:\/\/www.instagram.com\/vfplus_ffplus\/?hl=en","https:\/\/www.youtube.com\/user\/VRYHEIDSFRONTplus"]},{"@type":"Person","@id":"https:\/\/www.vfplus.org.za\/af\/#\/schema\/person\/efe1557ec484e6ce873d9995630949c8","name":"Mr Wouter Wessels","image":{"@type":"ImageObject","inLanguage":"af-ZA","@id":"https:\/\/www.vfplus.org.za\/wp-content\/uploads\/2023\/03\/freedomfront-plus-author-mr-wouter-wessels-01.jpgf2486d4923647b6ae6800cd90934f170","url":"https:\/\/www.vfplus.org.za\/wp-content\/uploads\/2023\/03\/freedomfront-plus-author-mr-wouter-wessels-01.jpg","contentUrl":"https:\/\/www.vfplus.org.za\/wp-content\/uploads\/2023\/03\/freedomfront-plus-author-mr-wouter-wessels-01.jpg","caption":"Mr Wouter Wessels"},"sameAs":["https:\/\/www.vfplus.org.za\/"],"url":"https:\/\/www.vfplus.org.za\/af\/author\/mr-wouter-wessels\/"}]}},"authors":[{"term_id":101,"user_id":13,"is_guest":0,"slug":"mr-wouter-wessels","display_name":"Mr Wouter Wessels","avatar_url":{"url":"https:\/\/www.vfplus.org.za\/wp-content\/uploads\/2023\/03\/freedomfront-plus-author-mr-wouter-wessels-01.jpg","url2x":"https:\/\/www.vfplus.org.za\/wp-content\/uploads\/2023\/03\/freedomfront-plus-author-mr-wouter-wessels-01.jpg"},"author_category":"","user_url":"","last_name":"","first_name":"Wouter Wessels","job_title":"","description":""},{"term_id":304,"user_id":0,"is_guest":1,"slug":"wouter-wessels","display_name":"Wouter Wessels","avatar_url":{"url":"https:\/\/www.vfplus.org.za\/wp-content\/uploads\/2023\/03\/freedomfront-plus-author-mr-wouter-wessels-01.jpg","url2x":"https:\/\/www.vfplus.org.za\/wp-content\/uploads\/2023\/03\/freedomfront-plus-author-mr-wouter-wessels-01.jpg"},"author_category":"","user_url":"","last_name":"","first_name":"","job_title":"","description":""}],"_links":{"self":[{"href":"https:\/\/www.vfplus.org.za\/af\/wp-json\/wp\/v2\/posts\/84469","targetHints":{"allow":["GET"]}}],"collection":[{"href":"https:\/\/www.vfplus.org.za\/af\/wp-json\/wp\/v2\/posts"}],"about":[{"href":"https:\/\/www.vfplus.org.za\/af\/wp-json\/wp\/v2\/types\/post"}],"author":[{"embeddable":true,"href":"https:\/\/www.vfplus.org.za\/af\/wp-json\/wp\/v2\/users\/13"}],"replies":[{"embeddable":true,"href":"https:\/\/www.vfplus.org.za\/af\/wp-json\/wp\/v2\/comments?post=84469"}],"version-history":[{"count":1,"href":"https:\/\/www.vfplus.org.za\/af\/wp-json\/wp\/v2\/posts\/84469\/revisions"}],"predecessor-version":[{"id":84475,"href":"https:\/\/www.vfplus.org.za\/af\/wp-json\/wp\/v2\/posts\/84469\/revisions\/84475"}],"wp:featuredmedia":[{"embeddable":true,"href":"https:\/\/www.vfplus.org.za\/af\/wp-json\/wp\/v2\/media\/84473"}],"wp:attachment":[{"href":"https:\/\/www.vfplus.org.za\/af\/wp-json\/wp\/v2\/media?parent=84469"}],"wp:term":[{"taxonomy":"category","embeddable":true,"href":"https:\/\/www.vfplus.org.za\/af\/wp-json\/wp\/v2\/categories?post=84469"},{"taxonomy":"post_tag","embeddable":true,"href":"https:\/\/www.vfplus.org.za\/af\/wp-json\/wp\/v2\/tags?post=84469"},{"taxonomy":"author","embeddable":true,"href":"https:\/\/www.vfplus.org.za\/af\/wp-json\/wp\/v2\/ppma_author?post=84469"}],"curies":[{"name":"wp","href":"https:\/\/api.w.org\/{rel}","templated":true}]}}