{"id":83830,"date":"2025-11-05T13:35:35","date_gmt":"2025-11-05T11:35:35","guid":{"rendered":"https:\/\/www.vfplus.org.za\/?p=83830"},"modified":"2025-11-05T13:35:39","modified_gmt":"2025-11-05T11:35:39","slug":"vf-plus-maan-emfuleni-inwoners-om-nie-betrokke-te-raak-by-onwettige-kragaansluitings","status":"publish","type":"post","link":"https:\/\/www.vfplus.org.za\/af\/mediaverklarings\/vf-plus-maan-emfuleni-inwoners-om-nie-betrokke-te-raak-by-onwettige-kragaansluitings\/","title":{"rendered":"VF Plus maan Emfuleni-inwoners om nie betrokke te raak by onwettige kragaansluitings"},"content":{"rendered":"\n<p class=\"wp-block-paragraph\">Die VF Plus waarsku inwoners van die Emfuleni-plaaslike munisipaliteit (Evaton, Sebokeng, Vaal Oewer, Vanderbijlpark, Vereeniging) om nie by die praktyk van onwettige kragaansluitings betrokke te raak nie.<\/p>\n\n\n\n<p class=\"wp-block-paragraph\">\u0149 Werknemer van \u0149 kontrakteur is onlangs in hegtenis geneem nadat hy na bewering besig was om krag onwettig aan te sluit.<\/p>\n\n\n\n<p class=\"wp-block-paragraph\">Di\u00e9 verdagte van Zimbabwe het egter op \u0149 aanklag van onwettige immigrasie in die hof verskyn en nie ook op \u0149 klag vir die onwettige kragaansluiting nie.<\/p>\n\n\n\n<p class=\"wp-block-paragraph\">Die VF Plus waarsku ook dat kontrakteurs moet seker maak dat werkers \u0149 behoorlike keuringsproses ondergaan alvorens hulle aangestel word.<\/p>\n\n\n\n<p class=\"wp-block-paragraph\">Onwettige immigrante, soos in di\u00e9 geval, kan nie toegelaat word om by kontrakteurs van die munisipaliteit te werk nie.<\/p>\n\n\n\n<p class=\"wp-block-paragraph\">Hierdie is ook nie die eerste onwettige kragaansluiting wat in Emfuleni plaasvind nie. Die metro ondersoek vier diensverskaffers wat in beheer was van die aan- en afskakeling van elektrisiteit. Hulle is tydelik geskors totdat die ondersoek afgehandel is.<\/p>\n\n\n\n<p class=\"wp-block-paragraph\">Die onwettige kragaansluitings benadeel dienslewering in Emfuleni en belemmer invordering wat noodsaaklik is vir die instandhouding van infrastruktuur.<\/p>\n\n\n\n<p class=\"wp-block-paragraph\">Die munisipaliteit moet ferm optree teen kontrakteurs wie se werkers hulle aan onwettige kragverbindings skuldig maak en moet hul kontrakte onmiddellik te be\u00ebindig.<\/p>\n\n\n\n<p class=\"wp-block-paragraph\">Die party is \u0149 voorstander van nakoming van die wet en moedig inwoners aan om hul diensterekeninge stiptelik te betaal sodat hulle nie in situasie beland waar hul kragtoevoer weens wanbetaling onderbreek word nie.<\/p>\n","protected":false},"excerpt":{"rendered":"<p>Die VF Plus waarsku inwoners van die Emfuleni-plaaslike munisipaliteit (Evaton, Sebokeng, Vaal Oewer, Vanderbijlpark, Vereeniging) om nie by die praktyk van onwettige kragaansluitings betrokke te raak nie. \u0149 Werknemer van \u0149 kontrakteur is onlangs in hegtenis geneem nadat hy na bewering besig was om krag onwettig aan te sluit. Di\u00e9 verdagte van Zimbabwe het egter [&hellip;]<\/p>\n","protected":false},"author":5,"featured_media":83831,"comment_status":"closed","ping_status":"closed","sticky":false,"template":"","format":"standard","meta":{"_acf_changed":false,"_relevanssi_hide_post":"","_relevanssi_hide_content":"","_relevanssi_pin_for_all":"","_relevanssi_pin_keywords":"","_relevanssi_unpin_keywords":"","_relevanssi_related_keywords":"","_relevanssi_related_include_ids":"","_relevanssi_related_exclude_ids":"","_relevanssi_related_no_append":"","_relevanssi_related_not_related":"","_relevanssi_related_posts":"60356,67816,17621,59320,63777,60312","_relevanssi_noindex_reason":"","footnotes":""},"categories":[100],"tags":[],"ppma_author":[193],"class_list":["post-83830","post","type-post","status-publish","format-standard","has-post-thumbnail","hentry","category-mediaverklarings"],"acf":[],"yoast_head":"<!-- This site is optimized with the Yoast SEO plugin v28.4 - https:\/\/yoast.com\/product\/yoast-seo-wordpress\/ -->\n<title>VF Plus maan Emfuleni-inwoners om nie betrokke te raak by onwettige kragaansluitings | Vryheidsfront Plus<\/title>\n<meta name=\"description\" content=\"Die VF Plus waarsku inwoners van die Emfuleni-plaaslike munisipaliteit (Evaton, Sebokeng, Vaal Oewer, Vanderbijlpark, Vereeniging) om nie by die praktyk\" \/>\n<meta name=\"robots\" content=\"index, follow, max-snippet:-1, max-image-preview:large, max-video-preview:-1\" \/>\n<link rel=\"canonical\" href=\"https:\/\/www.vfplus.org.za\/af\/mediaverklarings\/vf-plus-maan-emfuleni-inwoners-om-nie-betrokke-te-raak-by-onwettige-kragaansluitings\/\" \/>\n<meta property=\"og:locale\" content=\"af_ZA\" \/>\n<meta property=\"og:type\" content=\"article\" \/>\n<meta property=\"og:title\" content=\"VF Plus maan Emfuleni-inwoners om nie betrokke te raak by onwettige kragaansluitings | Vryheidsfront Plus\" \/>\n<meta property=\"og:description\" content=\"Die VF Plus waarsku inwoners van die Emfuleni-plaaslike munisipaliteit (Evaton, Sebokeng, Vaal Oewer, Vanderbijlpark, Vereeniging) om nie by die praktyk\" \/>\n<meta property=\"og:url\" content=\"https:\/\/www.vfplus.org.za\/af\/mediaverklarings\/vf-plus-maan-emfuleni-inwoners-om-nie-betrokke-te-raak-by-onwettige-kragaansluitings\/\" \/>\n<meta property=\"og:site_name\" content=\"Vryheidsfront Plus\" \/>\n<meta property=\"article:publisher\" content=\"https:\/\/www.facebook.com\/VFplus?fref=ts\" \/>\n<meta property=\"article:published_time\" content=\"2025-11-05T11:35:35+00:00\" \/>\n<meta property=\"article:modified_time\" content=\"2025-11-05T11:35:39+00:00\" \/>\n<meta property=\"og:image\" content=\"https:\/\/www.vfplus.org.za\/wp-content\/uploads\/2025\/11\/freedomfront_plus_VF-Plus-maan-Emfuleni-inwoners-om-nie-betrokke-te-raak-by-onwettige-kragaansluitings.png\" \/>\n\t<meta property=\"og:image:width\" content=\"1024\" \/>\n\t<meta property=\"og:image:height\" content=\"768\" \/>\n\t<meta property=\"og:image:type\" content=\"image\/png\" \/>\n<meta name=\"author\" content=\"Gerda Senekal\" \/>\n<meta name=\"twitter:card\" content=\"summary_large_image\" \/>\n<meta name=\"twitter:creator\" content=\"@VFplus\" \/>\n<meta name=\"twitter:site\" content=\"@VFplus\" \/>\n<meta name=\"twitter:label1\" content=\"Written by\" \/>\n\t<meta name=\"twitter:data1\" content=\"brand_candy_amy\" \/>\n\t<meta name=\"twitter:label2\" content=\"Est. reading time\" \/>\n\t<meta name=\"twitter:data2\" content=\"2 minutes\" \/>\n<script type=\"application\/ld+json\" class=\"yoast-schema-graph\">{\"@context\":\"https:\\\/\\\/schema.org\",\"@graph\":[{\"@type\":\"Article\",\"@id\":\"https:\\\/\\\/www.vfplus.org.za\\\/af\\\/mediaverklarings\\\/vf-plus-maan-emfuleni-inwoners-om-nie-betrokke-te-raak-by-onwettige-kragaansluitings\\\/#article\",\"isPartOf\":{\"@id\":\"https:\\\/\\\/www.vfplus.org.za\\\/af\\\/mediaverklarings\\\/vf-plus-maan-emfuleni-inwoners-om-nie-betrokke-te-raak-by-onwettige-kragaansluitings\\\/\"},\"author\":{\"name\":\"brand_candy_amy\",\"@id\":\"https:\\\/\\\/www.vfplus.org.za\\\/af\\\/#\\\/schema\\\/person\\\/2c3e703fc713d95efd7b7bf7b34646f4\"},\"headline\":\"VF Plus maan Emfuleni-inwoners om nie betrokke te raak by onwettige kragaansluitings\",\"datePublished\":\"2025-11-05T11:35:35+00:00\",\"dateModified\":\"2025-11-05T11:35:39+00:00\",\"mainEntityOfPage\":{\"@id\":\"https:\\\/\\\/www.vfplus.org.za\\\/af\\\/mediaverklarings\\\/vf-plus-maan-emfuleni-inwoners-om-nie-betrokke-te-raak-by-onwettige-kragaansluitings\\\/\"},\"wordCount\":235,\"publisher\":{\"@id\":\"https:\\\/\\\/www.vfplus.org.za\\\/af\\\/#organization\"},\"image\":{\"@id\":\"https:\\\/\\\/www.vfplus.org.za\\\/af\\\/mediaverklarings\\\/vf-plus-maan-emfuleni-inwoners-om-nie-betrokke-te-raak-by-onwettige-kragaansluitings\\\/#primaryimage\"},\"thumbnailUrl\":\"https:\\\/\\\/www.vfplus.org.za\\\/wp-content\\\/uploads\\\/2025\\\/11\\\/freedomfront_plus_VF-Plus-maan-Emfuleni-inwoners-om-nie-betrokke-te-raak-by-onwettige-kragaansluitings.png\",\"articleSection\":[\"Mediaverklarings\"],\"inLanguage\":\"af-ZA\"},{\"@type\":\"WebPage\",\"@id\":\"https:\\\/\\\/www.vfplus.org.za\\\/af\\\/mediaverklarings\\\/vf-plus-maan-emfuleni-inwoners-om-nie-betrokke-te-raak-by-onwettige-kragaansluitings\\\/\",\"url\":\"https:\\\/\\\/www.vfplus.org.za\\\/af\\\/mediaverklarings\\\/vf-plus-maan-emfuleni-inwoners-om-nie-betrokke-te-raak-by-onwettige-kragaansluitings\\\/\",\"name\":\"VF Plus maan Emfuleni-inwoners om nie betrokke te raak by onwettige kragaansluitings | Vryheidsfront Plus\",\"isPartOf\":{\"@id\":\"https:\\\/\\\/www.vfplus.org.za\\\/af\\\/#website\"},\"primaryImageOfPage\":{\"@id\":\"https:\\\/\\\/www.vfplus.org.za\\\/af\\\/mediaverklarings\\\/vf-plus-maan-emfuleni-inwoners-om-nie-betrokke-te-raak-by-onwettige-kragaansluitings\\\/#primaryimage\"},\"image\":{\"@id\":\"https:\\\/\\\/www.vfplus.org.za\\\/af\\\/mediaverklarings\\\/vf-plus-maan-emfuleni-inwoners-om-nie-betrokke-te-raak-by-onwettige-kragaansluitings\\\/#primaryimage\"},\"thumbnailUrl\":\"https:\\\/\\\/www.vfplus.org.za\\\/wp-content\\\/uploads\\\/2025\\\/11\\\/freedomfront_plus_VF-Plus-maan-Emfuleni-inwoners-om-nie-betrokke-te-raak-by-onwettige-kragaansluitings.png\",\"datePublished\":\"2025-11-05T11:35:35+00:00\",\"dateModified\":\"2025-11-05T11:35:39+00:00\",\"description\":\"Die VF Plus waarsku inwoners van die Emfuleni-plaaslike munisipaliteit (Evaton, Sebokeng, Vaal Oewer, Vanderbijlpark, Vereeniging) om nie by die praktyk\",\"breadcrumb\":{\"@id\":\"https:\\\/\\\/www.vfplus.org.za\\\/af\\\/mediaverklarings\\\/vf-plus-maan-emfuleni-inwoners-om-nie-betrokke-te-raak-by-onwettige-kragaansluitings\\\/#breadcrumb\"},\"inLanguage\":\"af-ZA\",\"potentialAction\":[{\"@type\":\"ReadAction\",\"target\":[\"https:\\\/\\\/www.vfplus.org.za\\\/af\\\/mediaverklarings\\\/vf-plus-maan-emfuleni-inwoners-om-nie-betrokke-te-raak-by-onwettige-kragaansluitings\\\/\"]}]},{\"@type\":\"ImageObject\",\"inLanguage\":\"af-ZA\",\"@id\":\"https:\\\/\\\/www.vfplus.org.za\\\/af\\\/mediaverklarings\\\/vf-plus-maan-emfuleni-inwoners-om-nie-betrokke-te-raak-by-onwettige-kragaansluitings\\\/#primaryimage\",\"url\":\"https:\\\/\\\/www.vfplus.org.za\\\/wp-content\\\/uploads\\\/2025\\\/11\\\/freedomfront_plus_VF-Plus-maan-Emfuleni-inwoners-om-nie-betrokke-te-raak-by-onwettige-kragaansluitings.png\",\"contentUrl\":\"https:\\\/\\\/www.vfplus.org.za\\\/wp-content\\\/uploads\\\/2025\\\/11\\\/freedomfront_plus_VF-Plus-maan-Emfuleni-inwoners-om-nie-betrokke-te-raak-by-onwettige-kragaansluitings.png\",\"width\":1024,\"height\":768},{\"@type\":\"BreadcrumbList\",\"@id\":\"https:\\\/\\\/www.vfplus.org.za\\\/af\\\/mediaverklarings\\\/vf-plus-maan-emfuleni-inwoners-om-nie-betrokke-te-raak-by-onwettige-kragaansluitings\\\/#breadcrumb\",\"itemListElement\":[{\"@type\":\"ListItem\",\"position\":1,\"name\":\"Tuis\",\"item\":\"https:\\\/\\\/www.vfplus.org.za\\\/af\\\/\"},{\"@type\":\"ListItem\",\"position\":2,\"name\":\"VF Plus maan Emfuleni-inwoners om nie betrokke te raak by onwettige kragaansluitings\"}]},{\"@type\":\"WebSite\",\"@id\":\"https:\\\/\\\/www.vfplus.org.za\\\/af\\\/#website\",\"url\":\"https:\\\/\\\/www.vfplus.org.za\\\/af\\\/\",\"name\":\"Freedom Front Plus\",\"description\":\"Stand Up | Stand Together | Stand Strong\",\"publisher\":{\"@id\":\"https:\\\/\\\/www.vfplus.org.za\\\/af\\\/#organization\"},\"potentialAction\":[{\"@type\":\"SearchAction\",\"target\":{\"@type\":\"EntryPoint\",\"urlTemplate\":\"https:\\\/\\\/www.vfplus.org.za\\\/af\\\/?s={search_term_string}\"},\"query-input\":{\"@type\":\"PropertyValueSpecification\",\"valueRequired\":true,\"valueName\":\"search_term_string\"}}],\"inLanguage\":\"af-ZA\"},{\"@type\":\"Organization\",\"@id\":\"https:\\\/\\\/www.vfplus.org.za\\\/af\\\/#organization\",\"name\":\"Vryheidsfront Plus\",\"alternateName\":\"VF Plus\",\"url\":\"https:\\\/\\\/www.vfplus.org.za\\\/af\\\/\",\"logo\":{\"@type\":\"ImageObject\",\"inLanguage\":\"af-ZA\",\"@id\":\"https:\\\/\\\/www.vfplus.org.za\\\/af\\\/#\\\/schema\\\/logo\\\/image\\\/\",\"url\":\"https:\\\/\\\/www.vfplus.org.za\\\/wp-content\\\/uploads\\\/2022\\\/11\\\/vfplus-logo-01.png\",\"contentUrl\":\"https:\\\/\\\/www.vfplus.org.za\\\/wp-content\\\/uploads\\\/2022\\\/11\\\/vfplus-logo-01.png\",\"width\":130,\"height\":130,\"caption\":\"Vryheidsfront Plus\"},\"image\":{\"@id\":\"https:\\\/\\\/www.vfplus.org.za\\\/af\\\/#\\\/schema\\\/logo\\\/image\\\/\"},\"sameAs\":[\"https:\\\/\\\/www.facebook.com\\\/VFplus?fref=ts\",\"https:\\\/\\\/x.com\\\/VFplus\",\"https:\\\/\\\/www.instagram.com\\\/vfplus_ffplus\\\/?hl=en\",\"https:\\\/\\\/www.youtube.com\\\/user\\\/VRYHEIDSFRONTplus\"]},{\"@type\":\"Person\",\"@id\":\"https:\\\/\\\/www.vfplus.org.za\\\/af\\\/#\\\/schema\\\/person\\\/2c3e703fc713d95efd7b7bf7b34646f4\",\"name\":\"brand_candy_amy\",\"image\":{\"@type\":\"ImageObject\",\"inLanguage\":\"af-ZA\",\"@id\":\"https:\\\/\\\/secure.gravatar.com\\\/avatar\\\/d295c22bd41c5cb61e8aa7fcafe90d2d2302363bc123897b40165ee0165d4f6b?s=96&d=mm&r=g45c99b902ec3fd12cf6977a6b6edf27a\",\"url\":\"https:\\\/\\\/secure.gravatar.com\\\/avatar\\\/d295c22bd41c5cb61e8aa7fcafe90d2d2302363bc123897b40165ee0165d4f6b?s=96&d=mm&r=g\",\"contentUrl\":\"https:\\\/\\\/secure.gravatar.com\\\/avatar\\\/d295c22bd41c5cb61e8aa7fcafe90d2d2302363bc123897b40165ee0165d4f6b?s=96&d=mm&r=g\",\"caption\":\"brand_candy_amy\"},\"sameAs\":[\"https:\\\/\\\/brandcandy.co.za\"],\"url\":\"https:\\\/\\\/www.vfplus.org.za\\\/af\\\/author\\\/brand_candy_amy\\\/\"}]}<\/script>\n<!-- \/ Yoast SEO plugin. -->","yoast_head_json":{"title":"VF Plus maan Emfuleni-inwoners om nie betrokke te raak by onwettige kragaansluitings | Vryheidsfront Plus","description":"Die VF Plus waarsku inwoners van die Emfuleni-plaaslike munisipaliteit (Evaton, Sebokeng, Vaal Oewer, Vanderbijlpark, Vereeniging) om nie by die praktyk","robots":{"index":"index","follow":"follow","max-snippet":"max-snippet:-1","max-image-preview":"max-image-preview:large","max-video-preview":"max-video-preview:-1"},"canonical":"https:\/\/www.vfplus.org.za\/af\/mediaverklarings\/vf-plus-maan-emfuleni-inwoners-om-nie-betrokke-te-raak-by-onwettige-kragaansluitings\/","og_locale":"af_ZA","og_type":"article","og_title":"VF Plus maan Emfuleni-inwoners om nie betrokke te raak by onwettige kragaansluitings | Vryheidsfront Plus","og_description":"Die VF Plus waarsku inwoners van die Emfuleni-plaaslike munisipaliteit (Evaton, Sebokeng, Vaal Oewer, Vanderbijlpark, Vereeniging) om nie by die praktyk","og_url":"https:\/\/www.vfplus.org.za\/af\/mediaverklarings\/vf-plus-maan-emfuleni-inwoners-om-nie-betrokke-te-raak-by-onwettige-kragaansluitings\/","og_site_name":"Vryheidsfront Plus","article_publisher":"https:\/\/www.facebook.com\/VFplus?fref=ts","article_published_time":"2025-11-05T11:35:35+00:00","article_modified_time":"2025-11-05T11:35:39+00:00","og_image":[{"width":1024,"height":768,"url":"https:\/\/www.vfplus.org.za\/wp-content\/uploads\/2025\/11\/freedomfront_plus_VF-Plus-maan-Emfuleni-inwoners-om-nie-betrokke-te-raak-by-onwettige-kragaansluitings.png","type":"image\/png"}],"author":"Gerda Senekal","twitter_card":"summary_large_image","twitter_creator":"@VFplus","twitter_site":"@VFplus","twitter_misc":{"Written by":"brand_candy_amy","Est. reading time":"2 minutes"},"schema":{"@context":"https:\/\/schema.org","@graph":[{"@type":"Article","@id":"https:\/\/www.vfplus.org.za\/af\/mediaverklarings\/vf-plus-maan-emfuleni-inwoners-om-nie-betrokke-te-raak-by-onwettige-kragaansluitings\/#article","isPartOf":{"@id":"https:\/\/www.vfplus.org.za\/af\/mediaverklarings\/vf-plus-maan-emfuleni-inwoners-om-nie-betrokke-te-raak-by-onwettige-kragaansluitings\/"},"author":{"name":"brand_candy_amy","@id":"https:\/\/www.vfplus.org.za\/af\/#\/schema\/person\/2c3e703fc713d95efd7b7bf7b34646f4"},"headline":"VF Plus maan Emfuleni-inwoners om nie betrokke te raak by onwettige kragaansluitings","datePublished":"2025-11-05T11:35:35+00:00","dateModified":"2025-11-05T11:35:39+00:00","mainEntityOfPage":{"@id":"https:\/\/www.vfplus.org.za\/af\/mediaverklarings\/vf-plus-maan-emfuleni-inwoners-om-nie-betrokke-te-raak-by-onwettige-kragaansluitings\/"},"wordCount":235,"publisher":{"@id":"https:\/\/www.vfplus.org.za\/af\/#organization"},"image":{"@id":"https:\/\/www.vfplus.org.za\/af\/mediaverklarings\/vf-plus-maan-emfuleni-inwoners-om-nie-betrokke-te-raak-by-onwettige-kragaansluitings\/#primaryimage"},"thumbnailUrl":"https:\/\/www.vfplus.org.za\/wp-content\/uploads\/2025\/11\/freedomfront_plus_VF-Plus-maan-Emfuleni-inwoners-om-nie-betrokke-te-raak-by-onwettige-kragaansluitings.png","articleSection":["Mediaverklarings"],"inLanguage":"af-ZA"},{"@type":"WebPage","@id":"https:\/\/www.vfplus.org.za\/af\/mediaverklarings\/vf-plus-maan-emfuleni-inwoners-om-nie-betrokke-te-raak-by-onwettige-kragaansluitings\/","url":"https:\/\/www.vfplus.org.za\/af\/mediaverklarings\/vf-plus-maan-emfuleni-inwoners-om-nie-betrokke-te-raak-by-onwettige-kragaansluitings\/","name":"VF Plus maan Emfuleni-inwoners om nie betrokke te raak by onwettige kragaansluitings | Vryheidsfront Plus","isPartOf":{"@id":"https:\/\/www.vfplus.org.za\/af\/#website"},"primaryImageOfPage":{"@id":"https:\/\/www.vfplus.org.za\/af\/mediaverklarings\/vf-plus-maan-emfuleni-inwoners-om-nie-betrokke-te-raak-by-onwettige-kragaansluitings\/#primaryimage"},"image":{"@id":"https:\/\/www.vfplus.org.za\/af\/mediaverklarings\/vf-plus-maan-emfuleni-inwoners-om-nie-betrokke-te-raak-by-onwettige-kragaansluitings\/#primaryimage"},"thumbnailUrl":"https:\/\/www.vfplus.org.za\/wp-content\/uploads\/2025\/11\/freedomfront_plus_VF-Plus-maan-Emfuleni-inwoners-om-nie-betrokke-te-raak-by-onwettige-kragaansluitings.png","datePublished":"2025-11-05T11:35:35+00:00","dateModified":"2025-11-05T11:35:39+00:00","description":"Die VF Plus waarsku inwoners van die Emfuleni-plaaslike munisipaliteit (Evaton, Sebokeng, Vaal Oewer, Vanderbijlpark, Vereeniging) om nie by die praktyk","breadcrumb":{"@id":"https:\/\/www.vfplus.org.za\/af\/mediaverklarings\/vf-plus-maan-emfuleni-inwoners-om-nie-betrokke-te-raak-by-onwettige-kragaansluitings\/#breadcrumb"},"inLanguage":"af-ZA","potentialAction":[{"@type":"ReadAction","target":["https:\/\/www.vfplus.org.za\/af\/mediaverklarings\/vf-plus-maan-emfuleni-inwoners-om-nie-betrokke-te-raak-by-onwettige-kragaansluitings\/"]}]},{"@type":"ImageObject","inLanguage":"af-ZA","@id":"https:\/\/www.vfplus.org.za\/af\/mediaverklarings\/vf-plus-maan-emfuleni-inwoners-om-nie-betrokke-te-raak-by-onwettige-kragaansluitings\/#primaryimage","url":"https:\/\/www.vfplus.org.za\/wp-content\/uploads\/2025\/11\/freedomfront_plus_VF-Plus-maan-Emfuleni-inwoners-om-nie-betrokke-te-raak-by-onwettige-kragaansluitings.png","contentUrl":"https:\/\/www.vfplus.org.za\/wp-content\/uploads\/2025\/11\/freedomfront_plus_VF-Plus-maan-Emfuleni-inwoners-om-nie-betrokke-te-raak-by-onwettige-kragaansluitings.png","width":1024,"height":768},{"@type":"BreadcrumbList","@id":"https:\/\/www.vfplus.org.za\/af\/mediaverklarings\/vf-plus-maan-emfuleni-inwoners-om-nie-betrokke-te-raak-by-onwettige-kragaansluitings\/#breadcrumb","itemListElement":[{"@type":"ListItem","position":1,"name":"Tuis","item":"https:\/\/www.vfplus.org.za\/af\/"},{"@type":"ListItem","position":2,"name":"VF Plus maan Emfuleni-inwoners om nie betrokke te raak by onwettige kragaansluitings"}]},{"@type":"WebSite","@id":"https:\/\/www.vfplus.org.za\/af\/#website","url":"https:\/\/www.vfplus.org.za\/af\/","name":"Freedom Front Plus","description":"Stand Up | Stand Together | Stand Strong","publisher":{"@id":"https:\/\/www.vfplus.org.za\/af\/#organization"},"potentialAction":[{"@type":"SearchAction","target":{"@type":"EntryPoint","urlTemplate":"https:\/\/www.vfplus.org.za\/af\/?s={search_term_string}"},"query-input":{"@type":"PropertyValueSpecification","valueRequired":true,"valueName":"search_term_string"}}],"inLanguage":"af-ZA"},{"@type":"Organization","@id":"https:\/\/www.vfplus.org.za\/af\/#organization","name":"Vryheidsfront Plus","alternateName":"VF Plus","url":"https:\/\/www.vfplus.org.za\/af\/","logo":{"@type":"ImageObject","inLanguage":"af-ZA","@id":"https:\/\/www.vfplus.org.za\/af\/#\/schema\/logo\/image\/","url":"https:\/\/www.vfplus.org.za\/wp-content\/uploads\/2022\/11\/vfplus-logo-01.png","contentUrl":"https:\/\/www.vfplus.org.za\/wp-content\/uploads\/2022\/11\/vfplus-logo-01.png","width":130,"height":130,"caption":"Vryheidsfront Plus"},"image":{"@id":"https:\/\/www.vfplus.org.za\/af\/#\/schema\/logo\/image\/"},"sameAs":["https:\/\/www.facebook.com\/VFplus?fref=ts","https:\/\/x.com\/VFplus","https:\/\/www.instagram.com\/vfplus_ffplus\/?hl=en","https:\/\/www.youtube.com\/user\/VRYHEIDSFRONTplus"]},{"@type":"Person","@id":"https:\/\/www.vfplus.org.za\/af\/#\/schema\/person\/2c3e703fc713d95efd7b7bf7b34646f4","name":"brand_candy_amy","image":{"@type":"ImageObject","inLanguage":"af-ZA","@id":"https:\/\/secure.gravatar.com\/avatar\/d295c22bd41c5cb61e8aa7fcafe90d2d2302363bc123897b40165ee0165d4f6b?s=96&d=mm&r=g45c99b902ec3fd12cf6977a6b6edf27a","url":"https:\/\/secure.gravatar.com\/avatar\/d295c22bd41c5cb61e8aa7fcafe90d2d2302363bc123897b40165ee0165d4f6b?s=96&d=mm&r=g","contentUrl":"https:\/\/secure.gravatar.com\/avatar\/d295c22bd41c5cb61e8aa7fcafe90d2d2302363bc123897b40165ee0165d4f6b?s=96&d=mm&r=g","caption":"brand_candy_amy"},"sameAs":["https:\/\/brandcandy.co.za"],"url":"https:\/\/www.vfplus.org.za\/af\/author\/brand_candy_amy\/"}]}},"authors":[{"term_id":193,"user_id":0,"is_guest":1,"slug":"gerda-senekal","display_name":"Gerda Senekal","avatar_url":{"url":"https:\/\/www.vfplus.org.za\/wp-content\/uploads\/2023\/06\/freedomfront_plus_author_Gerda_Senekal_01.jpg","url2x":"https:\/\/www.vfplus.org.za\/wp-content\/uploads\/2023\/06\/freedomfront_plus_author_Gerda_Senekal_01.jpg"},"author_category":"","user_url":"","last_name":"","first_name":"","job_title":"","description":""}],"_links":{"self":[{"href":"https:\/\/www.vfplus.org.za\/af\/wp-json\/wp\/v2\/posts\/83830","targetHints":{"allow":["GET"]}}],"collection":[{"href":"https:\/\/www.vfplus.org.za\/af\/wp-json\/wp\/v2\/posts"}],"about":[{"href":"https:\/\/www.vfplus.org.za\/af\/wp-json\/wp\/v2\/types\/post"}],"author":[{"embeddable":true,"href":"https:\/\/www.vfplus.org.za\/af\/wp-json\/wp\/v2\/users\/5"}],"replies":[{"embeddable":true,"href":"https:\/\/www.vfplus.org.za\/af\/wp-json\/wp\/v2\/comments?post=83830"}],"version-history":[{"count":1,"href":"https:\/\/www.vfplus.org.za\/af\/wp-json\/wp\/v2\/posts\/83830\/revisions"}],"predecessor-version":[{"id":83833,"href":"https:\/\/www.vfplus.org.za\/af\/wp-json\/wp\/v2\/posts\/83830\/revisions\/83833"}],"wp:featuredmedia":[{"embeddable":true,"href":"https:\/\/www.vfplus.org.za\/af\/wp-json\/wp\/v2\/media\/83831"}],"wp:attachment":[{"href":"https:\/\/www.vfplus.org.za\/af\/wp-json\/wp\/v2\/media?parent=83830"}],"wp:term":[{"taxonomy":"category","embeddable":true,"href":"https:\/\/www.vfplus.org.za\/af\/wp-json\/wp\/v2\/categories?post=83830"},{"taxonomy":"post_tag","embeddable":true,"href":"https:\/\/www.vfplus.org.za\/af\/wp-json\/wp\/v2\/tags?post=83830"},{"taxonomy":"author","embeddable":true,"href":"https:\/\/www.vfplus.org.za\/af\/wp-json\/wp\/v2\/ppma_author?post=83830"}],"curies":[{"name":"wp","href":"https:\/\/api.w.org\/{rel}","templated":true}]}}