{"id":83793,"date":"2025-11-04T12:16:03","date_gmt":"2025-11-04T10:16:03","guid":{"rendered":"https:\/\/www.vfplus.org.za\/?p=83793"},"modified":"2025-11-04T12:16:07","modified_gmt":"2025-11-04T10:16:07","slug":"salarisbesluit-n-finansiele-ramp-vir-tshwane-metro","status":"publish","type":"post","link":"https:\/\/www.vfplus.org.za\/af\/mediaverklarings\/salarisbesluit-n-finansiele-ramp-vir-tshwane-metro\/","title":{"rendered":"Salarisbesluit \u0149 finansi\u00eble ramp vir Tshwane-metro"},"content":{"rendered":"\n<p class=\"wp-block-paragraph\">Die jongste besluit van die Suid-Afrikaanse Plaaslike Regeringsbedingingsraad (SALGBC) oor terugwerkende salarisverhogings vir werknemers van die Tshwane-metro, kan \u2019n finansi\u00eble ramp van bykans R2 miljard vir die metro beteken.<\/p>\n\n\n\n<p class=\"wp-block-paragraph\">Die SALGBC het op 1 November 2025 bevestig dat die verhogings van 3,5% terugwerkend geld vanaf 1 Julie 2023 tot 30 Junie 2024 \u2014 die finale jaar van die drie jaar-kollektiewe ooreenkoms.<\/p>\n\n\n\n<p class=\"wp-block-paragraph\">Hierdie uitspraak is geen verrassing nie aangesien die bedingingsraad bestaan uit verteenwoordigers van die vakbonde Samwu en Imatu en die plaaslike regeringsvereniging, Salga, wat op sy beurt onder volledige ANC-beheer staan. Die samestelling laat min twyfel dat politieke oorwegings en nie finansi\u00eble realiteit nie, di\u00e9 besluit be\u00efnvloed het.<\/p>\n\n\n\n<p class=\"wp-block-paragraph\">Tydens die onwettige Samwu-staking in 2023 het die huidige koalisie van ActionSA, die ANC en die EFF reeds kant gekies teen die metro se finansi\u00eble volhoubaarheid. Hulle het openlik simpatie getoon met Samwu se eise en aangedui dat hulle salarisverhogings steun, ongeag wat die koste vir die metro en sy inwoners sal wees.<\/p>\n\n\n\n<p class=\"wp-block-paragraph\">Indien die regerende ANC\/EFF\/ActionSA-koalisie die verhogings toestaan, sal dit niks anders wees as \u2019n populistiese besluit met die oog op die komende munisipale verkiesing nie, ten koste van Tshwane se finansi\u00eble oorlewing en volhoubare dienslewering.<\/p>\n\n\n\n<p class=\"wp-block-paragraph\">Die VF Plus wys verder daarop dat die bedingingsraad nie die metro se werklike finansi\u00eble omstandighede in ag geneem het nie. Hierdie besluit sal die metro se sogenaamde \u201cbefondsde begroting\u201d finaal onbefonds maak.<\/p>\n\n\n\n<p class=\"wp-block-paragraph\">Sou die regerende koalisie hierdie uitspraak aanvaar en uitvoer, sal hulle die volle verantwoordelikheid moet dra vir die finansi\u00eble ondergang wat daarop volg.<\/p>\n\n\n\n<p class=\"wp-block-paragraph\">Die VF Plus doen daarom \u2019n ernstige beroep op die koalisie om \u2019n verantwoordelike besluit te neem en nie die metro finaal oor \u2019n finansi\u00eble afgrond te dryf nie.<\/p>\n\n\n\n<p class=\"wp-block-paragraph\">Die VF Plus eis dat die Tshwane-metro hierdie saak onmiddellik na die Arbeidshof neem, sodat die geskil op gesonde, finansieel-regverdigbare gronde besleg kan word, soos reeds in die 2023\/24-begroting bewys is, toe dit duidelik was dat die verhogings onbekostigbaar is.<\/p>\n\n\n\n<p class=\"wp-block-paragraph\">Dit was juis die vorige koalisie-administrasie, waarvan die VF Plus deel was, wat die moeilike, maar verantwoordelike besluit geneem het om nie onvolhoubare verhogings toe te staan nie.<\/p>\n\n\n\n<p class=\"wp-block-paragraph\">Dit was \u2019n stap wat die metro \u0149 kans op finansi\u00eble herstel gegee het. Di\u00e9 vooruitgang word nou deur politieke opportunisme uitgewis.<\/p>\n","protected":false},"excerpt":{"rendered":"<p>Die jongste besluit van die Suid-Afrikaanse Plaaslike Regeringsbedingingsraad (SALGBC) oor terugwerkende salarisverhogings vir werknemers van die Tshwane-metro, kan \u2019n finansi\u00eble ramp van bykans R2 miljard vir die metro beteken. Die SALGBC het op 1 November 2025 bevestig dat die verhogings van 3,5% terugwerkend geld vanaf 1 Julie 2023 tot 30 Junie 2024 \u2014 die finale [&hellip;]<\/p>\n","protected":false},"author":5,"featured_media":83794,"comment_status":"closed","ping_status":"closed","sticky":false,"template":"","format":"standard","meta":{"_acf_changed":false,"_relevanssi_hide_post":"","_relevanssi_hide_content":"","_relevanssi_pin_for_all":"","_relevanssi_pin_keywords":"","_relevanssi_unpin_keywords":"","_relevanssi_related_keywords":"","_relevanssi_related_include_ids":"","_relevanssi_related_exclude_ids":"","_relevanssi_related_no_append":"","_relevanssi_related_not_related":"","_relevanssi_related_posts":"63559,62089,61319,57936,61335,60209","_relevanssi_noindex_reason":"","footnotes":""},"categories":[100],"tags":[],"ppma_author":[312],"class_list":["post-83793","post","type-post","status-publish","format-standard","has-post-thumbnail","hentry","category-mediaverklarings"],"acf":[],"yoast_head":"<!-- This site is optimized with the Yoast SEO plugin v28.4 - https:\/\/yoast.com\/product\/yoast-seo-wordpress\/ -->\n<title>Salarisbesluit \u0149 finansi\u00eble ramp vir Tshwane-metro | Vryheidsfront Plus<\/title>\n<meta name=\"description\" content=\"Die jongste besluit van die Suid-Afrikaanse Plaaslike Regeringsbedingingsraad (SALGBC) oor terugwerkende salarisverhogings vir werknemers van die\" \/>\n<meta name=\"robots\" content=\"index, follow, max-snippet:-1, max-image-preview:large, max-video-preview:-1\" \/>\n<link rel=\"canonical\" href=\"https:\/\/www.vfplus.org.za\/af\/mediaverklarings\/salarisbesluit-n-finansiele-ramp-vir-tshwane-metro\/\" \/>\n<meta property=\"og:locale\" content=\"af_ZA\" \/>\n<meta property=\"og:type\" content=\"article\" \/>\n<meta property=\"og:title\" content=\"Salarisbesluit \u0149 finansi\u00eble ramp vir Tshwane-metro | Vryheidsfront Plus\" \/>\n<meta property=\"og:description\" content=\"Die jongste besluit van die Suid-Afrikaanse Plaaslike Regeringsbedingingsraad (SALGBC) oor terugwerkende salarisverhogings vir werknemers van die\" \/>\n<meta property=\"og:url\" content=\"https:\/\/www.vfplus.org.za\/af\/mediaverklarings\/salarisbesluit-n-finansiele-ramp-vir-tshwane-metro\/\" \/>\n<meta property=\"og:site_name\" content=\"Vryheidsfront Plus\" \/>\n<meta property=\"article:publisher\" content=\"https:\/\/www.facebook.com\/VFplus?fref=ts\" \/>\n<meta property=\"article:published_time\" content=\"2025-11-04T10:16:03+00:00\" \/>\n<meta property=\"article:modified_time\" content=\"2025-11-04T10:16:07+00:00\" \/>\n<meta property=\"og:image\" content=\"https:\/\/www.vfplus.org.za\/wp-content\/uploads\/2025\/11\/freedomfront_plus_Salarisbesluit-n-finansiele-ramp-vir-Tshwane-metro.png\" \/>\n\t<meta property=\"og:image:width\" content=\"1024\" \/>\n\t<meta property=\"og:image:height\" content=\"768\" \/>\n\t<meta property=\"og:image:type\" content=\"image\/png\" \/>\n<meta name=\"author\" content=\"Grandi Theunissen\" \/>\n<meta name=\"twitter:card\" content=\"summary_large_image\" \/>\n<meta name=\"twitter:creator\" content=\"@VFplus\" \/>\n<meta name=\"twitter:site\" content=\"@VFplus\" \/>\n<meta name=\"twitter:label1\" content=\"Written by\" \/>\n\t<meta name=\"twitter:data1\" content=\"brand_candy_amy\" \/>\n\t<meta name=\"twitter:label2\" content=\"Est. reading time\" \/>\n\t<meta name=\"twitter:data2\" content=\"3 minutes\" \/>\n<script type=\"application\/ld+json\" class=\"yoast-schema-graph\">{\"@context\":\"https:\\\/\\\/schema.org\",\"@graph\":[{\"@type\":\"Article\",\"@id\":\"https:\\\/\\\/www.vfplus.org.za\\\/af\\\/mediaverklarings\\\/salarisbesluit-n-finansiele-ramp-vir-tshwane-metro\\\/#article\",\"isPartOf\":{\"@id\":\"https:\\\/\\\/www.vfplus.org.za\\\/af\\\/mediaverklarings\\\/salarisbesluit-n-finansiele-ramp-vir-tshwane-metro\\\/\"},\"author\":{\"name\":\"brand_candy_amy\",\"@id\":\"https:\\\/\\\/www.vfplus.org.za\\\/af\\\/#\\\/schema\\\/person\\\/2c3e703fc713d95efd7b7bf7b34646f4\"},\"headline\":\"Salarisbesluit \u0149 finansi\u00eble ramp vir Tshwane-metro\",\"datePublished\":\"2025-11-04T10:16:03+00:00\",\"dateModified\":\"2025-11-04T10:16:07+00:00\",\"mainEntityOfPage\":{\"@id\":\"https:\\\/\\\/www.vfplus.org.za\\\/af\\\/mediaverklarings\\\/salarisbesluit-n-finansiele-ramp-vir-tshwane-metro\\\/\"},\"wordCount\":379,\"publisher\":{\"@id\":\"https:\\\/\\\/www.vfplus.org.za\\\/af\\\/#organization\"},\"image\":{\"@id\":\"https:\\\/\\\/www.vfplus.org.za\\\/af\\\/mediaverklarings\\\/salarisbesluit-n-finansiele-ramp-vir-tshwane-metro\\\/#primaryimage\"},\"thumbnailUrl\":\"https:\\\/\\\/www.vfplus.org.za\\\/wp-content\\\/uploads\\\/2025\\\/11\\\/freedomfront_plus_Salarisbesluit-n-finansiele-ramp-vir-Tshwane-metro.png\",\"articleSection\":[\"Mediaverklarings\"],\"inLanguage\":\"af-ZA\"},{\"@type\":\"WebPage\",\"@id\":\"https:\\\/\\\/www.vfplus.org.za\\\/af\\\/mediaverklarings\\\/salarisbesluit-n-finansiele-ramp-vir-tshwane-metro\\\/\",\"url\":\"https:\\\/\\\/www.vfplus.org.za\\\/af\\\/mediaverklarings\\\/salarisbesluit-n-finansiele-ramp-vir-tshwane-metro\\\/\",\"name\":\"Salarisbesluit \u0149 finansi\u00eble ramp vir Tshwane-metro | Vryheidsfront Plus\",\"isPartOf\":{\"@id\":\"https:\\\/\\\/www.vfplus.org.za\\\/af\\\/#website\"},\"primaryImageOfPage\":{\"@id\":\"https:\\\/\\\/www.vfplus.org.za\\\/af\\\/mediaverklarings\\\/salarisbesluit-n-finansiele-ramp-vir-tshwane-metro\\\/#primaryimage\"},\"image\":{\"@id\":\"https:\\\/\\\/www.vfplus.org.za\\\/af\\\/mediaverklarings\\\/salarisbesluit-n-finansiele-ramp-vir-tshwane-metro\\\/#primaryimage\"},\"thumbnailUrl\":\"https:\\\/\\\/www.vfplus.org.za\\\/wp-content\\\/uploads\\\/2025\\\/11\\\/freedomfront_plus_Salarisbesluit-n-finansiele-ramp-vir-Tshwane-metro.png\",\"datePublished\":\"2025-11-04T10:16:03+00:00\",\"dateModified\":\"2025-11-04T10:16:07+00:00\",\"description\":\"Die jongste besluit van die Suid-Afrikaanse Plaaslike Regeringsbedingingsraad (SALGBC) oor terugwerkende salarisverhogings vir werknemers van die\",\"breadcrumb\":{\"@id\":\"https:\\\/\\\/www.vfplus.org.za\\\/af\\\/mediaverklarings\\\/salarisbesluit-n-finansiele-ramp-vir-tshwane-metro\\\/#breadcrumb\"},\"inLanguage\":\"af-ZA\",\"potentialAction\":[{\"@type\":\"ReadAction\",\"target\":[\"https:\\\/\\\/www.vfplus.org.za\\\/af\\\/mediaverklarings\\\/salarisbesluit-n-finansiele-ramp-vir-tshwane-metro\\\/\"]}]},{\"@type\":\"ImageObject\",\"inLanguage\":\"af-ZA\",\"@id\":\"https:\\\/\\\/www.vfplus.org.za\\\/af\\\/mediaverklarings\\\/salarisbesluit-n-finansiele-ramp-vir-tshwane-metro\\\/#primaryimage\",\"url\":\"https:\\\/\\\/www.vfplus.org.za\\\/wp-content\\\/uploads\\\/2025\\\/11\\\/freedomfront_plus_Salarisbesluit-n-finansiele-ramp-vir-Tshwane-metro.png\",\"contentUrl\":\"https:\\\/\\\/www.vfplus.org.za\\\/wp-content\\\/uploads\\\/2025\\\/11\\\/freedomfront_plus_Salarisbesluit-n-finansiele-ramp-vir-Tshwane-metro.png\",\"width\":1024,\"height\":768},{\"@type\":\"BreadcrumbList\",\"@id\":\"https:\\\/\\\/www.vfplus.org.za\\\/af\\\/mediaverklarings\\\/salarisbesluit-n-finansiele-ramp-vir-tshwane-metro\\\/#breadcrumb\",\"itemListElement\":[{\"@type\":\"ListItem\",\"position\":1,\"name\":\"Tuis\",\"item\":\"https:\\\/\\\/www.vfplus.org.za\\\/af\\\/\"},{\"@type\":\"ListItem\",\"position\":2,\"name\":\"Salarisbesluit \u0149 finansi\u00eble ramp vir Tshwane-metro\"}]},{\"@type\":\"WebSite\",\"@id\":\"https:\\\/\\\/www.vfplus.org.za\\\/af\\\/#website\",\"url\":\"https:\\\/\\\/www.vfplus.org.za\\\/af\\\/\",\"name\":\"Freedom Front Plus\",\"description\":\"Stand Up | Stand Together | Stand Strong\",\"publisher\":{\"@id\":\"https:\\\/\\\/www.vfplus.org.za\\\/af\\\/#organization\"},\"potentialAction\":[{\"@type\":\"SearchAction\",\"target\":{\"@type\":\"EntryPoint\",\"urlTemplate\":\"https:\\\/\\\/www.vfplus.org.za\\\/af\\\/?s={search_term_string}\"},\"query-input\":{\"@type\":\"PropertyValueSpecification\",\"valueRequired\":true,\"valueName\":\"search_term_string\"}}],\"inLanguage\":\"af-ZA\"},{\"@type\":\"Organization\",\"@id\":\"https:\\\/\\\/www.vfplus.org.za\\\/af\\\/#organization\",\"name\":\"Vryheidsfront Plus\",\"alternateName\":\"VF Plus\",\"url\":\"https:\\\/\\\/www.vfplus.org.za\\\/af\\\/\",\"logo\":{\"@type\":\"ImageObject\",\"inLanguage\":\"af-ZA\",\"@id\":\"https:\\\/\\\/www.vfplus.org.za\\\/af\\\/#\\\/schema\\\/logo\\\/image\\\/\",\"url\":\"https:\\\/\\\/www.vfplus.org.za\\\/wp-content\\\/uploads\\\/2022\\\/11\\\/vfplus-logo-01.png\",\"contentUrl\":\"https:\\\/\\\/www.vfplus.org.za\\\/wp-content\\\/uploads\\\/2022\\\/11\\\/vfplus-logo-01.png\",\"width\":130,\"height\":130,\"caption\":\"Vryheidsfront Plus\"},\"image\":{\"@id\":\"https:\\\/\\\/www.vfplus.org.za\\\/af\\\/#\\\/schema\\\/logo\\\/image\\\/\"},\"sameAs\":[\"https:\\\/\\\/www.facebook.com\\\/VFplus?fref=ts\",\"https:\\\/\\\/x.com\\\/VFplus\",\"https:\\\/\\\/www.instagram.com\\\/vfplus_ffplus\\\/?hl=en\",\"https:\\\/\\\/www.youtube.com\\\/user\\\/VRYHEIDSFRONTplus\"]},{\"@type\":\"Person\",\"@id\":\"https:\\\/\\\/www.vfplus.org.za\\\/af\\\/#\\\/schema\\\/person\\\/2c3e703fc713d95efd7b7bf7b34646f4\",\"name\":\"brand_candy_amy\",\"image\":{\"@type\":\"ImageObject\",\"inLanguage\":\"af-ZA\",\"@id\":\"https:\\\/\\\/secure.gravatar.com\\\/avatar\\\/d295c22bd41c5cb61e8aa7fcafe90d2d2302363bc123897b40165ee0165d4f6b?s=96&d=mm&r=g45c99b902ec3fd12cf6977a6b6edf27a\",\"url\":\"https:\\\/\\\/secure.gravatar.com\\\/avatar\\\/d295c22bd41c5cb61e8aa7fcafe90d2d2302363bc123897b40165ee0165d4f6b?s=96&d=mm&r=g\",\"contentUrl\":\"https:\\\/\\\/secure.gravatar.com\\\/avatar\\\/d295c22bd41c5cb61e8aa7fcafe90d2d2302363bc123897b40165ee0165d4f6b?s=96&d=mm&r=g\",\"caption\":\"brand_candy_amy\"},\"sameAs\":[\"https:\\\/\\\/brandcandy.co.za\"],\"url\":\"https:\\\/\\\/www.vfplus.org.za\\\/af\\\/author\\\/brand_candy_amy\\\/\"}]}<\/script>\n<!-- \/ Yoast SEO plugin. -->","yoast_head_json":{"title":"Salarisbesluit \u0149 finansi\u00eble ramp vir Tshwane-metro | Vryheidsfront Plus","description":"Die jongste besluit van die Suid-Afrikaanse Plaaslike Regeringsbedingingsraad (SALGBC) oor terugwerkende salarisverhogings vir werknemers van die","robots":{"index":"index","follow":"follow","max-snippet":"max-snippet:-1","max-image-preview":"max-image-preview:large","max-video-preview":"max-video-preview:-1"},"canonical":"https:\/\/www.vfplus.org.za\/af\/mediaverklarings\/salarisbesluit-n-finansiele-ramp-vir-tshwane-metro\/","og_locale":"af_ZA","og_type":"article","og_title":"Salarisbesluit \u0149 finansi\u00eble ramp vir Tshwane-metro | Vryheidsfront Plus","og_description":"Die jongste besluit van die Suid-Afrikaanse Plaaslike Regeringsbedingingsraad (SALGBC) oor terugwerkende salarisverhogings vir werknemers van die","og_url":"https:\/\/www.vfplus.org.za\/af\/mediaverklarings\/salarisbesluit-n-finansiele-ramp-vir-tshwane-metro\/","og_site_name":"Vryheidsfront Plus","article_publisher":"https:\/\/www.facebook.com\/VFplus?fref=ts","article_published_time":"2025-11-04T10:16:03+00:00","article_modified_time":"2025-11-04T10:16:07+00:00","og_image":[{"width":1024,"height":768,"url":"https:\/\/www.vfplus.org.za\/wp-content\/uploads\/2025\/11\/freedomfront_plus_Salarisbesluit-n-finansiele-ramp-vir-Tshwane-metro.png","type":"image\/png"}],"author":"Grandi Theunissen","twitter_card":"summary_large_image","twitter_creator":"@VFplus","twitter_site":"@VFplus","twitter_misc":{"Written by":"brand_candy_amy","Est. reading time":"3 minutes"},"schema":{"@context":"https:\/\/schema.org","@graph":[{"@type":"Article","@id":"https:\/\/www.vfplus.org.za\/af\/mediaverklarings\/salarisbesluit-n-finansiele-ramp-vir-tshwane-metro\/#article","isPartOf":{"@id":"https:\/\/www.vfplus.org.za\/af\/mediaverklarings\/salarisbesluit-n-finansiele-ramp-vir-tshwane-metro\/"},"author":{"name":"brand_candy_amy","@id":"https:\/\/www.vfplus.org.za\/af\/#\/schema\/person\/2c3e703fc713d95efd7b7bf7b34646f4"},"headline":"Salarisbesluit \u0149 finansi\u00eble ramp vir Tshwane-metro","datePublished":"2025-11-04T10:16:03+00:00","dateModified":"2025-11-04T10:16:07+00:00","mainEntityOfPage":{"@id":"https:\/\/www.vfplus.org.za\/af\/mediaverklarings\/salarisbesluit-n-finansiele-ramp-vir-tshwane-metro\/"},"wordCount":379,"publisher":{"@id":"https:\/\/www.vfplus.org.za\/af\/#organization"},"image":{"@id":"https:\/\/www.vfplus.org.za\/af\/mediaverklarings\/salarisbesluit-n-finansiele-ramp-vir-tshwane-metro\/#primaryimage"},"thumbnailUrl":"https:\/\/www.vfplus.org.za\/wp-content\/uploads\/2025\/11\/freedomfront_plus_Salarisbesluit-n-finansiele-ramp-vir-Tshwane-metro.png","articleSection":["Mediaverklarings"],"inLanguage":"af-ZA"},{"@type":"WebPage","@id":"https:\/\/www.vfplus.org.za\/af\/mediaverklarings\/salarisbesluit-n-finansiele-ramp-vir-tshwane-metro\/","url":"https:\/\/www.vfplus.org.za\/af\/mediaverklarings\/salarisbesluit-n-finansiele-ramp-vir-tshwane-metro\/","name":"Salarisbesluit \u0149 finansi\u00eble ramp vir Tshwane-metro | Vryheidsfront Plus","isPartOf":{"@id":"https:\/\/www.vfplus.org.za\/af\/#website"},"primaryImageOfPage":{"@id":"https:\/\/www.vfplus.org.za\/af\/mediaverklarings\/salarisbesluit-n-finansiele-ramp-vir-tshwane-metro\/#primaryimage"},"image":{"@id":"https:\/\/www.vfplus.org.za\/af\/mediaverklarings\/salarisbesluit-n-finansiele-ramp-vir-tshwane-metro\/#primaryimage"},"thumbnailUrl":"https:\/\/www.vfplus.org.za\/wp-content\/uploads\/2025\/11\/freedomfront_plus_Salarisbesluit-n-finansiele-ramp-vir-Tshwane-metro.png","datePublished":"2025-11-04T10:16:03+00:00","dateModified":"2025-11-04T10:16:07+00:00","description":"Die jongste besluit van die Suid-Afrikaanse Plaaslike Regeringsbedingingsraad (SALGBC) oor terugwerkende salarisverhogings vir werknemers van die","breadcrumb":{"@id":"https:\/\/www.vfplus.org.za\/af\/mediaverklarings\/salarisbesluit-n-finansiele-ramp-vir-tshwane-metro\/#breadcrumb"},"inLanguage":"af-ZA","potentialAction":[{"@type":"ReadAction","target":["https:\/\/www.vfplus.org.za\/af\/mediaverklarings\/salarisbesluit-n-finansiele-ramp-vir-tshwane-metro\/"]}]},{"@type":"ImageObject","inLanguage":"af-ZA","@id":"https:\/\/www.vfplus.org.za\/af\/mediaverklarings\/salarisbesluit-n-finansiele-ramp-vir-tshwane-metro\/#primaryimage","url":"https:\/\/www.vfplus.org.za\/wp-content\/uploads\/2025\/11\/freedomfront_plus_Salarisbesluit-n-finansiele-ramp-vir-Tshwane-metro.png","contentUrl":"https:\/\/www.vfplus.org.za\/wp-content\/uploads\/2025\/11\/freedomfront_plus_Salarisbesluit-n-finansiele-ramp-vir-Tshwane-metro.png","width":1024,"height":768},{"@type":"BreadcrumbList","@id":"https:\/\/www.vfplus.org.za\/af\/mediaverklarings\/salarisbesluit-n-finansiele-ramp-vir-tshwane-metro\/#breadcrumb","itemListElement":[{"@type":"ListItem","position":1,"name":"Tuis","item":"https:\/\/www.vfplus.org.za\/af\/"},{"@type":"ListItem","position":2,"name":"Salarisbesluit \u0149 finansi\u00eble ramp vir Tshwane-metro"}]},{"@type":"WebSite","@id":"https:\/\/www.vfplus.org.za\/af\/#website","url":"https:\/\/www.vfplus.org.za\/af\/","name":"Freedom Front Plus","description":"Stand Up | Stand Together | Stand Strong","publisher":{"@id":"https:\/\/www.vfplus.org.za\/af\/#organization"},"potentialAction":[{"@type":"SearchAction","target":{"@type":"EntryPoint","urlTemplate":"https:\/\/www.vfplus.org.za\/af\/?s={search_term_string}"},"query-input":{"@type":"PropertyValueSpecification","valueRequired":true,"valueName":"search_term_string"}}],"inLanguage":"af-ZA"},{"@type":"Organization","@id":"https:\/\/www.vfplus.org.za\/af\/#organization","name":"Vryheidsfront Plus","alternateName":"VF Plus","url":"https:\/\/www.vfplus.org.za\/af\/","logo":{"@type":"ImageObject","inLanguage":"af-ZA","@id":"https:\/\/www.vfplus.org.za\/af\/#\/schema\/logo\/image\/","url":"https:\/\/www.vfplus.org.za\/wp-content\/uploads\/2022\/11\/vfplus-logo-01.png","contentUrl":"https:\/\/www.vfplus.org.za\/wp-content\/uploads\/2022\/11\/vfplus-logo-01.png","width":130,"height":130,"caption":"Vryheidsfront Plus"},"image":{"@id":"https:\/\/www.vfplus.org.za\/af\/#\/schema\/logo\/image\/"},"sameAs":["https:\/\/www.facebook.com\/VFplus?fref=ts","https:\/\/x.com\/VFplus","https:\/\/www.instagram.com\/vfplus_ffplus\/?hl=en","https:\/\/www.youtube.com\/user\/VRYHEIDSFRONTplus"]},{"@type":"Person","@id":"https:\/\/www.vfplus.org.za\/af\/#\/schema\/person\/2c3e703fc713d95efd7b7bf7b34646f4","name":"brand_candy_amy","image":{"@type":"ImageObject","inLanguage":"af-ZA","@id":"https:\/\/secure.gravatar.com\/avatar\/d295c22bd41c5cb61e8aa7fcafe90d2d2302363bc123897b40165ee0165d4f6b?s=96&d=mm&r=g45c99b902ec3fd12cf6977a6b6edf27a","url":"https:\/\/secure.gravatar.com\/avatar\/d295c22bd41c5cb61e8aa7fcafe90d2d2302363bc123897b40165ee0165d4f6b?s=96&d=mm&r=g","contentUrl":"https:\/\/secure.gravatar.com\/avatar\/d295c22bd41c5cb61e8aa7fcafe90d2d2302363bc123897b40165ee0165d4f6b?s=96&d=mm&r=g","caption":"brand_candy_amy"},"sameAs":["https:\/\/brandcandy.co.za"],"url":"https:\/\/www.vfplus.org.za\/af\/author\/brand_candy_amy\/"}]}},"authors":[{"term_id":312,"user_id":0,"is_guest":1,"slug":"grandi-theunissen","display_name":"Grandi Theunissen","avatar_url":{"url":"https:\/\/www.vfplus.org.za\/wp-content\/uploads\/2023\/08\/freedomfront-plus-author-grandi-theunissen-city-of-tswane.jpg-e1694694313835.png","url2x":"https:\/\/www.vfplus.org.za\/wp-content\/uploads\/2023\/08\/freedomfront-plus-author-grandi-theunissen-city-of-tswane.jpg-e1694694313835.png"},"author_category":"","user_url":"","last_name":"","first_name":"","job_title":"","description":""}],"_links":{"self":[{"href":"https:\/\/www.vfplus.org.za\/af\/wp-json\/wp\/v2\/posts\/83793","targetHints":{"allow":["GET"]}}],"collection":[{"href":"https:\/\/www.vfplus.org.za\/af\/wp-json\/wp\/v2\/posts"}],"about":[{"href":"https:\/\/www.vfplus.org.za\/af\/wp-json\/wp\/v2\/types\/post"}],"author":[{"embeddable":true,"href":"https:\/\/www.vfplus.org.za\/af\/wp-json\/wp\/v2\/users\/5"}],"replies":[{"embeddable":true,"href":"https:\/\/www.vfplus.org.za\/af\/wp-json\/wp\/v2\/comments?post=83793"}],"version-history":[{"count":1,"href":"https:\/\/www.vfplus.org.za\/af\/wp-json\/wp\/v2\/posts\/83793\/revisions"}],"predecessor-version":[{"id":83796,"href":"https:\/\/www.vfplus.org.za\/af\/wp-json\/wp\/v2\/posts\/83793\/revisions\/83796"}],"wp:featuredmedia":[{"embeddable":true,"href":"https:\/\/www.vfplus.org.za\/af\/wp-json\/wp\/v2\/media\/83794"}],"wp:attachment":[{"href":"https:\/\/www.vfplus.org.za\/af\/wp-json\/wp\/v2\/media?parent=83793"}],"wp:term":[{"taxonomy":"category","embeddable":true,"href":"https:\/\/www.vfplus.org.za\/af\/wp-json\/wp\/v2\/categories?post=83793"},{"taxonomy":"post_tag","embeddable":true,"href":"https:\/\/www.vfplus.org.za\/af\/wp-json\/wp\/v2\/tags?post=83793"},{"taxonomy":"author","embeddable":true,"href":"https:\/\/www.vfplus.org.za\/af\/wp-json\/wp\/v2\/ppma_author?post=83793"}],"curies":[{"name":"wp","href":"https:\/\/api.w.org\/{rel}","templated":true}]}}