{"id":83747,"date":"2025-10-31T11:47:48","date_gmt":"2025-10-31T09:47:48","guid":{"rendered":"https:\/\/www.vfplus.org.za\/?p=83747"},"modified":"2025-10-31T11:47:53","modified_gmt":"2025-10-31T09:47:53","slug":"vf-plus-waarsku-teen-onbeplande-heffing-vir-beperkte-busnetwerk","status":"publish","type":"post","link":"https:\/\/www.vfplus.org.za\/af\/mediaverklarings\/vf-plus-waarsku-teen-onbeplande-heffing-vir-beperkte-busnetwerk\/","title":{"rendered":"VF Plus waarsku teen onbeplande heffing vir beperkte busnetwerk"},"content":{"rendered":"\n<p class=\"wp-block-paragraph\">Die VF Plus het tydens \u0149 raadsvergadering van die Ekurhuleni-metroraad gewaarsku dat die voorgestelde besigheidsplan vir die ge\u00efntegreerde openbare snelvervoernetwerk (IRPTN) ernstige finansi\u00eble gevolge vir inwoners kan inhou.<\/p>\n\n\n\n<p class=\"wp-block-paragraph\">Di\u00e9 plan, wat die Harambee-spoedbusnetwerk as kern het, is nie vooraf in die metro se 2025\/2026-begroting of mediumtermyn-raamwerk (MTREF) vervat nie.<\/p>\n\n\n\n<p class=\"wp-block-paragraph\">Volgens die dokument wat voor die raad gedien het, sal tot 5% van eiendomsbelasting teen 2030 aan die projek toegeken word &#8211; \u2019n bedrag van tot R325 miljoen per jaar.<\/p>\n\n\n\n<p class=\"wp-block-paragraph\">Hierdie fondse word nie uitsluitlik vir die instandhouding van betrokke eiendomme gebruik nie, maar vloei in die algemene fiskus. Tog is geen bekostigbaarheidstudie of oorsigverslae aan die raad voorgel\u00ea nie, ten spyte van wetlike vereistes ingevolge die Wet op Munisipale Finansi\u00eble Bestuur (MFMA) en die Munisipale Stelselswet (MSA).<\/p>\n\n\n\n<p class=\"wp-block-paragraph\">Die VF Plus het versoek dat die saak eers deur die tersaaklike oorsigkomitees vir finansies en vervoer, paaie en stormwater ondersoek word.<\/p>\n\n\n\n<p class=\"wp-block-paragraph\">Die voorgestelde busroete dek slegs sekere stedelike gebiede, wat beteken dat inwoners in groot dele van die metro sonder enige diens steeds belasting sal betaal vir \u2019n projek waaruit hulle geen voordeel trek nie.<\/p>\n\n\n\n<p class=\"wp-block-paragraph\">Die VF Plus eis ook duidelikheid oor die besteding van fondse onder die Harambee-vaandel. \u2019n Vorderingsverslag toon dat sowat R480 miljoen reeds tussen 2016 en 2024 aan die taxi-bedryf uitbetaal is as vergoeding vir inkomsteverliese, met \u2019n verdere R200 miljoen begroot vir 2025 tot 2027. Geen afsnydatum of duidelike betalingskedule is in die plan aangedui nie, wat kommer wek oor die volhoubaarheid van hierdie subsidies.<\/p>\n\n\n\n<p class=\"wp-block-paragraph\">Intussen het die projek tot dusver net R11,8 miljoen in passasiersinkomste gegenereer teenoor jaarlikse uitgawes van meer as R90 miljoen.<\/p>\n\n\n\n<p class=\"wp-block-paragraph\">Die VF Plus steun verbeterde openbare vervoer, maar dit is belangrik dat finansi\u00eble dissipline en gelyke voordeel vir alle inwoners prioriteit moet geniet.<\/p>\n\n\n\n<p class=\"wp-block-paragraph\">Geen projek mag goedgekeur word sonder behoorlike begroting en oorsig nie, veral nie wanneer dit uit inwoners se eiendomsbelasting gefinansier word terwyl net \u2019n beperkte deel van die metro daarby baat vind nie.<\/p>\n","protected":false},"excerpt":{"rendered":"<p>Die VF Plus het tydens \u0149 raadsvergadering van die Ekurhuleni-metroraad gewaarsku dat die voorgestelde besigheidsplan vir die ge\u00efntegreerde openbare snelvervoernetwerk (IRPTN) ernstige finansi\u00eble gevolge vir inwoners kan inhou. Di\u00e9 plan, wat die Harambee-spoedbusnetwerk as kern het, is nie vooraf in die metro se 2025\/2026-begroting of mediumtermyn-raamwerk (MTREF) vervat nie. Volgens die dokument wat voor die [&hellip;]<\/p>\n","protected":false},"author":5,"featured_media":83748,"comment_status":"closed","ping_status":"closed","sticky":false,"template":"","format":"standard","meta":{"_acf_changed":false,"_relevanssi_hide_post":"","_relevanssi_hide_content":"","_relevanssi_pin_for_all":"","_relevanssi_pin_keywords":"","_relevanssi_unpin_keywords":"","_relevanssi_related_keywords":"","_relevanssi_related_include_ids":"","_relevanssi_related_exclude_ids":"","_relevanssi_related_no_append":"","_relevanssi_related_not_related":"","_relevanssi_related_posts":"57844,81798,62489,60453,59367,57410","_relevanssi_noindex_reason":"","footnotes":""},"categories":[100],"tags":[],"ppma_author":[279],"class_list":["post-83747","post","type-post","status-publish","format-standard","has-post-thumbnail","hentry","category-mediaverklarings"],"acf":[],"yoast_head":"<!-- This site is optimized with the Yoast SEO plugin v28.4 - https:\/\/yoast.com\/product\/yoast-seo-wordpress\/ -->\n<title>VF Plus waarsku teen onbeplande heffing vir beperkte busnetwerk | Vryheidsfront Plus<\/title>\n<meta name=\"description\" content=\"Die VF Plus het tydens \u0149 raadsvergadering van die Ekurhuleni-metroraad gewaarsku dat die voorgestelde besigheidsplan vir die ge\u00efntegreerde openbare\" \/>\n<meta name=\"robots\" content=\"index, follow, max-snippet:-1, max-image-preview:large, max-video-preview:-1\" \/>\n<link rel=\"canonical\" href=\"https:\/\/www.vfplus.org.za\/af\/mediaverklarings\/vf-plus-waarsku-teen-onbeplande-heffing-vir-beperkte-busnetwerk\/\" \/>\n<meta property=\"og:locale\" content=\"af_ZA\" \/>\n<meta property=\"og:type\" content=\"article\" \/>\n<meta property=\"og:title\" content=\"VF Plus waarsku teen onbeplande heffing vir beperkte busnetwerk | Vryheidsfront Plus\" \/>\n<meta property=\"og:description\" content=\"Die VF Plus het tydens \u0149 raadsvergadering van die Ekurhuleni-metroraad gewaarsku dat die voorgestelde besigheidsplan vir die ge\u00efntegreerde openbare\" \/>\n<meta property=\"og:url\" content=\"https:\/\/www.vfplus.org.za\/af\/mediaverklarings\/vf-plus-waarsku-teen-onbeplande-heffing-vir-beperkte-busnetwerk\/\" \/>\n<meta property=\"og:site_name\" content=\"Vryheidsfront Plus\" \/>\n<meta property=\"article:publisher\" content=\"https:\/\/www.facebook.com\/VFplus?fref=ts\" \/>\n<meta property=\"article:published_time\" content=\"2025-10-31T09:47:48+00:00\" \/>\n<meta property=\"article:modified_time\" content=\"2025-10-31T09:47:53+00:00\" \/>\n<meta property=\"og:image\" content=\"https:\/\/www.vfplus.org.za\/wp-content\/uploads\/2025\/10\/freedomfront_plus_VF-Plus-waarsku-teen-onbeplande-heffing-vir-beperkte-busnetwerk.png\" \/>\n\t<meta property=\"og:image:width\" content=\"1024\" \/>\n\t<meta property=\"og:image:height\" content=\"768\" \/>\n\t<meta property=\"og:image:type\" content=\"image\/png\" \/>\n<meta name=\"author\" content=\"Rudolf Herbst\" \/>\n<meta name=\"twitter:card\" content=\"summary_large_image\" \/>\n<meta name=\"twitter:creator\" content=\"@VFplus\" \/>\n<meta name=\"twitter:site\" content=\"@VFplus\" \/>\n<meta name=\"twitter:label1\" content=\"Written by\" \/>\n\t<meta name=\"twitter:data1\" content=\"brand_candy_amy\" \/>\n\t<meta name=\"twitter:label2\" content=\"Est. reading time\" \/>\n\t<meta name=\"twitter:data2\" content=\"2 minutes\" \/>\n<script type=\"application\/ld+json\" class=\"yoast-schema-graph\">{\"@context\":\"https:\\\/\\\/schema.org\",\"@graph\":[{\"@type\":\"Article\",\"@id\":\"https:\\\/\\\/www.vfplus.org.za\\\/af\\\/mediaverklarings\\\/vf-plus-waarsku-teen-onbeplande-heffing-vir-beperkte-busnetwerk\\\/#article\",\"isPartOf\":{\"@id\":\"https:\\\/\\\/www.vfplus.org.za\\\/af\\\/mediaverklarings\\\/vf-plus-waarsku-teen-onbeplande-heffing-vir-beperkte-busnetwerk\\\/\"},\"author\":{\"name\":\"brand_candy_amy\",\"@id\":\"https:\\\/\\\/www.vfplus.org.za\\\/af\\\/#\\\/schema\\\/person\\\/2c3e703fc713d95efd7b7bf7b34646f4\"},\"headline\":\"VF Plus waarsku teen onbeplande heffing vir beperkte busnetwerk\",\"datePublished\":\"2025-10-31T09:47:48+00:00\",\"dateModified\":\"2025-10-31T09:47:53+00:00\",\"mainEntityOfPage\":{\"@id\":\"https:\\\/\\\/www.vfplus.org.za\\\/af\\\/mediaverklarings\\\/vf-plus-waarsku-teen-onbeplande-heffing-vir-beperkte-busnetwerk\\\/\"},\"wordCount\":330,\"publisher\":{\"@id\":\"https:\\\/\\\/www.vfplus.org.za\\\/af\\\/#organization\"},\"image\":{\"@id\":\"https:\\\/\\\/www.vfplus.org.za\\\/af\\\/mediaverklarings\\\/vf-plus-waarsku-teen-onbeplande-heffing-vir-beperkte-busnetwerk\\\/#primaryimage\"},\"thumbnailUrl\":\"https:\\\/\\\/www.vfplus.org.za\\\/wp-content\\\/uploads\\\/2025\\\/10\\\/freedomfront_plus_VF-Plus-waarsku-teen-onbeplande-heffing-vir-beperkte-busnetwerk.png\",\"articleSection\":[\"Mediaverklarings\"],\"inLanguage\":\"af-ZA\"},{\"@type\":\"WebPage\",\"@id\":\"https:\\\/\\\/www.vfplus.org.za\\\/af\\\/mediaverklarings\\\/vf-plus-waarsku-teen-onbeplande-heffing-vir-beperkte-busnetwerk\\\/\",\"url\":\"https:\\\/\\\/www.vfplus.org.za\\\/af\\\/mediaverklarings\\\/vf-plus-waarsku-teen-onbeplande-heffing-vir-beperkte-busnetwerk\\\/\",\"name\":\"VF Plus waarsku teen onbeplande heffing vir beperkte busnetwerk | Vryheidsfront Plus\",\"isPartOf\":{\"@id\":\"https:\\\/\\\/www.vfplus.org.za\\\/af\\\/#website\"},\"primaryImageOfPage\":{\"@id\":\"https:\\\/\\\/www.vfplus.org.za\\\/af\\\/mediaverklarings\\\/vf-plus-waarsku-teen-onbeplande-heffing-vir-beperkte-busnetwerk\\\/#primaryimage\"},\"image\":{\"@id\":\"https:\\\/\\\/www.vfplus.org.za\\\/af\\\/mediaverklarings\\\/vf-plus-waarsku-teen-onbeplande-heffing-vir-beperkte-busnetwerk\\\/#primaryimage\"},\"thumbnailUrl\":\"https:\\\/\\\/www.vfplus.org.za\\\/wp-content\\\/uploads\\\/2025\\\/10\\\/freedomfront_plus_VF-Plus-waarsku-teen-onbeplande-heffing-vir-beperkte-busnetwerk.png\",\"datePublished\":\"2025-10-31T09:47:48+00:00\",\"dateModified\":\"2025-10-31T09:47:53+00:00\",\"description\":\"Die VF Plus het tydens \u0149 raadsvergadering van die Ekurhuleni-metroraad gewaarsku dat die voorgestelde besigheidsplan vir die ge\u00efntegreerde openbare\",\"breadcrumb\":{\"@id\":\"https:\\\/\\\/www.vfplus.org.za\\\/af\\\/mediaverklarings\\\/vf-plus-waarsku-teen-onbeplande-heffing-vir-beperkte-busnetwerk\\\/#breadcrumb\"},\"inLanguage\":\"af-ZA\",\"potentialAction\":[{\"@type\":\"ReadAction\",\"target\":[\"https:\\\/\\\/www.vfplus.org.za\\\/af\\\/mediaverklarings\\\/vf-plus-waarsku-teen-onbeplande-heffing-vir-beperkte-busnetwerk\\\/\"]}]},{\"@type\":\"ImageObject\",\"inLanguage\":\"af-ZA\",\"@id\":\"https:\\\/\\\/www.vfplus.org.za\\\/af\\\/mediaverklarings\\\/vf-plus-waarsku-teen-onbeplande-heffing-vir-beperkte-busnetwerk\\\/#primaryimage\",\"url\":\"https:\\\/\\\/www.vfplus.org.za\\\/wp-content\\\/uploads\\\/2025\\\/10\\\/freedomfront_plus_VF-Plus-waarsku-teen-onbeplande-heffing-vir-beperkte-busnetwerk.png\",\"contentUrl\":\"https:\\\/\\\/www.vfplus.org.za\\\/wp-content\\\/uploads\\\/2025\\\/10\\\/freedomfront_plus_VF-Plus-waarsku-teen-onbeplande-heffing-vir-beperkte-busnetwerk.png\",\"width\":1024,\"height\":768},{\"@type\":\"BreadcrumbList\",\"@id\":\"https:\\\/\\\/www.vfplus.org.za\\\/af\\\/mediaverklarings\\\/vf-plus-waarsku-teen-onbeplande-heffing-vir-beperkte-busnetwerk\\\/#breadcrumb\",\"itemListElement\":[{\"@type\":\"ListItem\",\"position\":1,\"name\":\"Tuis\",\"item\":\"https:\\\/\\\/www.vfplus.org.za\\\/af\\\/\"},{\"@type\":\"ListItem\",\"position\":2,\"name\":\"VF Plus waarsku teen onbeplande heffing vir beperkte busnetwerk\"}]},{\"@type\":\"WebSite\",\"@id\":\"https:\\\/\\\/www.vfplus.org.za\\\/af\\\/#website\",\"url\":\"https:\\\/\\\/www.vfplus.org.za\\\/af\\\/\",\"name\":\"Freedom Front Plus\",\"description\":\"Stand Up | Stand Together | Stand Strong\",\"publisher\":{\"@id\":\"https:\\\/\\\/www.vfplus.org.za\\\/af\\\/#organization\"},\"potentialAction\":[{\"@type\":\"SearchAction\",\"target\":{\"@type\":\"EntryPoint\",\"urlTemplate\":\"https:\\\/\\\/www.vfplus.org.za\\\/af\\\/?s={search_term_string}\"},\"query-input\":{\"@type\":\"PropertyValueSpecification\",\"valueRequired\":true,\"valueName\":\"search_term_string\"}}],\"inLanguage\":\"af-ZA\"},{\"@type\":\"Organization\",\"@id\":\"https:\\\/\\\/www.vfplus.org.za\\\/af\\\/#organization\",\"name\":\"Vryheidsfront Plus\",\"alternateName\":\"VF Plus\",\"url\":\"https:\\\/\\\/www.vfplus.org.za\\\/af\\\/\",\"logo\":{\"@type\":\"ImageObject\",\"inLanguage\":\"af-ZA\",\"@id\":\"https:\\\/\\\/www.vfplus.org.za\\\/af\\\/#\\\/schema\\\/logo\\\/image\\\/\",\"url\":\"https:\\\/\\\/www.vfplus.org.za\\\/wp-content\\\/uploads\\\/2022\\\/11\\\/vfplus-logo-01.png\",\"contentUrl\":\"https:\\\/\\\/www.vfplus.org.za\\\/wp-content\\\/uploads\\\/2022\\\/11\\\/vfplus-logo-01.png\",\"width\":130,\"height\":130,\"caption\":\"Vryheidsfront Plus\"},\"image\":{\"@id\":\"https:\\\/\\\/www.vfplus.org.za\\\/af\\\/#\\\/schema\\\/logo\\\/image\\\/\"},\"sameAs\":[\"https:\\\/\\\/www.facebook.com\\\/VFplus?fref=ts\",\"https:\\\/\\\/x.com\\\/VFplus\",\"https:\\\/\\\/www.instagram.com\\\/vfplus_ffplus\\\/?hl=en\",\"https:\\\/\\\/www.youtube.com\\\/user\\\/VRYHEIDSFRONTplus\"]},{\"@type\":\"Person\",\"@id\":\"https:\\\/\\\/www.vfplus.org.za\\\/af\\\/#\\\/schema\\\/person\\\/2c3e703fc713d95efd7b7bf7b34646f4\",\"name\":\"brand_candy_amy\",\"image\":{\"@type\":\"ImageObject\",\"inLanguage\":\"af-ZA\",\"@id\":\"https:\\\/\\\/secure.gravatar.com\\\/avatar\\\/d295c22bd41c5cb61e8aa7fcafe90d2d2302363bc123897b40165ee0165d4f6b?s=96&d=mm&r=g45c99b902ec3fd12cf6977a6b6edf27a\",\"url\":\"https:\\\/\\\/secure.gravatar.com\\\/avatar\\\/d295c22bd41c5cb61e8aa7fcafe90d2d2302363bc123897b40165ee0165d4f6b?s=96&d=mm&r=g\",\"contentUrl\":\"https:\\\/\\\/secure.gravatar.com\\\/avatar\\\/d295c22bd41c5cb61e8aa7fcafe90d2d2302363bc123897b40165ee0165d4f6b?s=96&d=mm&r=g\",\"caption\":\"brand_candy_amy\"},\"sameAs\":[\"https:\\\/\\\/brandcandy.co.za\"],\"url\":\"https:\\\/\\\/www.vfplus.org.za\\\/af\\\/author\\\/brand_candy_amy\\\/\"}]}<\/script>\n<!-- \/ Yoast SEO plugin. -->","yoast_head_json":{"title":"VF Plus waarsku teen onbeplande heffing vir beperkte busnetwerk | Vryheidsfront Plus","description":"Die VF Plus het tydens \u0149 raadsvergadering van die Ekurhuleni-metroraad gewaarsku dat die voorgestelde besigheidsplan vir die ge\u00efntegreerde openbare","robots":{"index":"index","follow":"follow","max-snippet":"max-snippet:-1","max-image-preview":"max-image-preview:large","max-video-preview":"max-video-preview:-1"},"canonical":"https:\/\/www.vfplus.org.za\/af\/mediaverklarings\/vf-plus-waarsku-teen-onbeplande-heffing-vir-beperkte-busnetwerk\/","og_locale":"af_ZA","og_type":"article","og_title":"VF Plus waarsku teen onbeplande heffing vir beperkte busnetwerk | Vryheidsfront Plus","og_description":"Die VF Plus het tydens \u0149 raadsvergadering van die Ekurhuleni-metroraad gewaarsku dat die voorgestelde besigheidsplan vir die ge\u00efntegreerde openbare","og_url":"https:\/\/www.vfplus.org.za\/af\/mediaverklarings\/vf-plus-waarsku-teen-onbeplande-heffing-vir-beperkte-busnetwerk\/","og_site_name":"Vryheidsfront Plus","article_publisher":"https:\/\/www.facebook.com\/VFplus?fref=ts","article_published_time":"2025-10-31T09:47:48+00:00","article_modified_time":"2025-10-31T09:47:53+00:00","og_image":[{"width":1024,"height":768,"url":"https:\/\/www.vfplus.org.za\/wp-content\/uploads\/2025\/10\/freedomfront_plus_VF-Plus-waarsku-teen-onbeplande-heffing-vir-beperkte-busnetwerk.png","type":"image\/png"}],"author":"Rudolf Herbst","twitter_card":"summary_large_image","twitter_creator":"@VFplus","twitter_site":"@VFplus","twitter_misc":{"Written by":"brand_candy_amy","Est. reading time":"2 minutes"},"schema":{"@context":"https:\/\/schema.org","@graph":[{"@type":"Article","@id":"https:\/\/www.vfplus.org.za\/af\/mediaverklarings\/vf-plus-waarsku-teen-onbeplande-heffing-vir-beperkte-busnetwerk\/#article","isPartOf":{"@id":"https:\/\/www.vfplus.org.za\/af\/mediaverklarings\/vf-plus-waarsku-teen-onbeplande-heffing-vir-beperkte-busnetwerk\/"},"author":{"name":"brand_candy_amy","@id":"https:\/\/www.vfplus.org.za\/af\/#\/schema\/person\/2c3e703fc713d95efd7b7bf7b34646f4"},"headline":"VF Plus waarsku teen onbeplande heffing vir beperkte busnetwerk","datePublished":"2025-10-31T09:47:48+00:00","dateModified":"2025-10-31T09:47:53+00:00","mainEntityOfPage":{"@id":"https:\/\/www.vfplus.org.za\/af\/mediaverklarings\/vf-plus-waarsku-teen-onbeplande-heffing-vir-beperkte-busnetwerk\/"},"wordCount":330,"publisher":{"@id":"https:\/\/www.vfplus.org.za\/af\/#organization"},"image":{"@id":"https:\/\/www.vfplus.org.za\/af\/mediaverklarings\/vf-plus-waarsku-teen-onbeplande-heffing-vir-beperkte-busnetwerk\/#primaryimage"},"thumbnailUrl":"https:\/\/www.vfplus.org.za\/wp-content\/uploads\/2025\/10\/freedomfront_plus_VF-Plus-waarsku-teen-onbeplande-heffing-vir-beperkte-busnetwerk.png","articleSection":["Mediaverklarings"],"inLanguage":"af-ZA"},{"@type":"WebPage","@id":"https:\/\/www.vfplus.org.za\/af\/mediaverklarings\/vf-plus-waarsku-teen-onbeplande-heffing-vir-beperkte-busnetwerk\/","url":"https:\/\/www.vfplus.org.za\/af\/mediaverklarings\/vf-plus-waarsku-teen-onbeplande-heffing-vir-beperkte-busnetwerk\/","name":"VF Plus waarsku teen onbeplande heffing vir beperkte busnetwerk | Vryheidsfront Plus","isPartOf":{"@id":"https:\/\/www.vfplus.org.za\/af\/#website"},"primaryImageOfPage":{"@id":"https:\/\/www.vfplus.org.za\/af\/mediaverklarings\/vf-plus-waarsku-teen-onbeplande-heffing-vir-beperkte-busnetwerk\/#primaryimage"},"image":{"@id":"https:\/\/www.vfplus.org.za\/af\/mediaverklarings\/vf-plus-waarsku-teen-onbeplande-heffing-vir-beperkte-busnetwerk\/#primaryimage"},"thumbnailUrl":"https:\/\/www.vfplus.org.za\/wp-content\/uploads\/2025\/10\/freedomfront_plus_VF-Plus-waarsku-teen-onbeplande-heffing-vir-beperkte-busnetwerk.png","datePublished":"2025-10-31T09:47:48+00:00","dateModified":"2025-10-31T09:47:53+00:00","description":"Die VF Plus het tydens \u0149 raadsvergadering van die Ekurhuleni-metroraad gewaarsku dat die voorgestelde besigheidsplan vir die ge\u00efntegreerde openbare","breadcrumb":{"@id":"https:\/\/www.vfplus.org.za\/af\/mediaverklarings\/vf-plus-waarsku-teen-onbeplande-heffing-vir-beperkte-busnetwerk\/#breadcrumb"},"inLanguage":"af-ZA","potentialAction":[{"@type":"ReadAction","target":["https:\/\/www.vfplus.org.za\/af\/mediaverklarings\/vf-plus-waarsku-teen-onbeplande-heffing-vir-beperkte-busnetwerk\/"]}]},{"@type":"ImageObject","inLanguage":"af-ZA","@id":"https:\/\/www.vfplus.org.za\/af\/mediaverklarings\/vf-plus-waarsku-teen-onbeplande-heffing-vir-beperkte-busnetwerk\/#primaryimage","url":"https:\/\/www.vfplus.org.za\/wp-content\/uploads\/2025\/10\/freedomfront_plus_VF-Plus-waarsku-teen-onbeplande-heffing-vir-beperkte-busnetwerk.png","contentUrl":"https:\/\/www.vfplus.org.za\/wp-content\/uploads\/2025\/10\/freedomfront_plus_VF-Plus-waarsku-teen-onbeplande-heffing-vir-beperkte-busnetwerk.png","width":1024,"height":768},{"@type":"BreadcrumbList","@id":"https:\/\/www.vfplus.org.za\/af\/mediaverklarings\/vf-plus-waarsku-teen-onbeplande-heffing-vir-beperkte-busnetwerk\/#breadcrumb","itemListElement":[{"@type":"ListItem","position":1,"name":"Tuis","item":"https:\/\/www.vfplus.org.za\/af\/"},{"@type":"ListItem","position":2,"name":"VF Plus waarsku teen onbeplande heffing vir beperkte busnetwerk"}]},{"@type":"WebSite","@id":"https:\/\/www.vfplus.org.za\/af\/#website","url":"https:\/\/www.vfplus.org.za\/af\/","name":"Freedom Front Plus","description":"Stand Up | Stand Together | Stand Strong","publisher":{"@id":"https:\/\/www.vfplus.org.za\/af\/#organization"},"potentialAction":[{"@type":"SearchAction","target":{"@type":"EntryPoint","urlTemplate":"https:\/\/www.vfplus.org.za\/af\/?s={search_term_string}"},"query-input":{"@type":"PropertyValueSpecification","valueRequired":true,"valueName":"search_term_string"}}],"inLanguage":"af-ZA"},{"@type":"Organization","@id":"https:\/\/www.vfplus.org.za\/af\/#organization","name":"Vryheidsfront Plus","alternateName":"VF Plus","url":"https:\/\/www.vfplus.org.za\/af\/","logo":{"@type":"ImageObject","inLanguage":"af-ZA","@id":"https:\/\/www.vfplus.org.za\/af\/#\/schema\/logo\/image\/","url":"https:\/\/www.vfplus.org.za\/wp-content\/uploads\/2022\/11\/vfplus-logo-01.png","contentUrl":"https:\/\/www.vfplus.org.za\/wp-content\/uploads\/2022\/11\/vfplus-logo-01.png","width":130,"height":130,"caption":"Vryheidsfront Plus"},"image":{"@id":"https:\/\/www.vfplus.org.za\/af\/#\/schema\/logo\/image\/"},"sameAs":["https:\/\/www.facebook.com\/VFplus?fref=ts","https:\/\/x.com\/VFplus","https:\/\/www.instagram.com\/vfplus_ffplus\/?hl=en","https:\/\/www.youtube.com\/user\/VRYHEIDSFRONTplus"]},{"@type":"Person","@id":"https:\/\/www.vfplus.org.za\/af\/#\/schema\/person\/2c3e703fc713d95efd7b7bf7b34646f4","name":"brand_candy_amy","image":{"@type":"ImageObject","inLanguage":"af-ZA","@id":"https:\/\/secure.gravatar.com\/avatar\/d295c22bd41c5cb61e8aa7fcafe90d2d2302363bc123897b40165ee0165d4f6b?s=96&d=mm&r=g45c99b902ec3fd12cf6977a6b6edf27a","url":"https:\/\/secure.gravatar.com\/avatar\/d295c22bd41c5cb61e8aa7fcafe90d2d2302363bc123897b40165ee0165d4f6b?s=96&d=mm&r=g","contentUrl":"https:\/\/secure.gravatar.com\/avatar\/d295c22bd41c5cb61e8aa7fcafe90d2d2302363bc123897b40165ee0165d4f6b?s=96&d=mm&r=g","caption":"brand_candy_amy"},"sameAs":["https:\/\/brandcandy.co.za"],"url":"https:\/\/www.vfplus.org.za\/af\/author\/brand_candy_amy\/"}]}},"authors":[{"term_id":279,"user_id":0,"is_guest":1,"slug":"rudolf-herbst","display_name":"Rudolf Herbst","avatar_url":{"url":"https:\/\/www.vfplus.org.za\/wp-content\/uploads\/2022\/11\/vfplus-logo-01.png","url2x":"https:\/\/www.vfplus.org.za\/wp-content\/uploads\/2022\/11\/vfplus-logo-01.png"},"author_category":"","user_url":"","last_name":"","first_name":"","job_title":"","description":""}],"_links":{"self":[{"href":"https:\/\/www.vfplus.org.za\/af\/wp-json\/wp\/v2\/posts\/83747","targetHints":{"allow":["GET"]}}],"collection":[{"href":"https:\/\/www.vfplus.org.za\/af\/wp-json\/wp\/v2\/posts"}],"about":[{"href":"https:\/\/www.vfplus.org.za\/af\/wp-json\/wp\/v2\/types\/post"}],"author":[{"embeddable":true,"href":"https:\/\/www.vfplus.org.za\/af\/wp-json\/wp\/v2\/users\/5"}],"replies":[{"embeddable":true,"href":"https:\/\/www.vfplus.org.za\/af\/wp-json\/wp\/v2\/comments?post=83747"}],"version-history":[{"count":1,"href":"https:\/\/www.vfplus.org.za\/af\/wp-json\/wp\/v2\/posts\/83747\/revisions"}],"predecessor-version":[{"id":83750,"href":"https:\/\/www.vfplus.org.za\/af\/wp-json\/wp\/v2\/posts\/83747\/revisions\/83750"}],"wp:featuredmedia":[{"embeddable":true,"href":"https:\/\/www.vfplus.org.za\/af\/wp-json\/wp\/v2\/media\/83748"}],"wp:attachment":[{"href":"https:\/\/www.vfplus.org.za\/af\/wp-json\/wp\/v2\/media?parent=83747"}],"wp:term":[{"taxonomy":"category","embeddable":true,"href":"https:\/\/www.vfplus.org.za\/af\/wp-json\/wp\/v2\/categories?post=83747"},{"taxonomy":"post_tag","embeddable":true,"href":"https:\/\/www.vfplus.org.za\/af\/wp-json\/wp\/v2\/tags?post=83747"},{"taxonomy":"author","embeddable":true,"href":"https:\/\/www.vfplus.org.za\/af\/wp-json\/wp\/v2\/ppma_author?post=83747"}],"curies":[{"name":"wp","href":"https:\/\/api.w.org\/{rel}","templated":true}]}}