{"id":83712,"date":"2025-10-30T11:44:22","date_gmt":"2025-10-30T09:44:22","guid":{"rendered":"https:\/\/www.vfplus.org.za\/?p=83712"},"modified":"2025-10-30T11:44:26","modified_gmt":"2025-10-30T09:44:26","slug":"vf-plus-wil-weet-waar-ekurhuleni-r5-miljoen-gaan-kry-vir-g20-maatskaplike-beraad","status":"publish","type":"post","link":"https:\/\/www.vfplus.org.za\/af\/mediaverklarings\/vf-plus-wil-weet-waar-ekurhuleni-r5-miljoen-gaan-kry-vir-g20-maatskaplike-beraad\/","title":{"rendered":"VF Plus wil weet waar Ekurhuleni R5 miljoen gaan kry vir G20-maatskaplike beraad"},"content":{"rendered":"\n<p class=\"wp-block-paragraph\">Die VF Plus het Donderdag tydens \u0149 raadsitting van die Ekurhuleni-metroraad duidelikheid gevra oor waar die R5 miljoen vandaan gaan kom vir die huur van lokale vir die G20-maatskaplike beraad.<\/p>\n\n\n\n<p class=\"wp-block-paragraph\">Di\u00e9 beraad vind plaas vanaf 18 tot 20 November.<\/p>\n\n\n\n<p class=\"wp-block-paragraph\">Sowat 5000 afgevaardigdes sal die beraad, wat fokus op jeugwerkskepping, inklusiewe groei en die toenemende kloof tussen ryk en arm, bywoon.<\/p>\n\n\n\n<p class=\"wp-block-paragraph\">Gedeeltes van die beraad word by die Birchwood-hotel en die OR Tambo-konferensiesentrum aangebied en die metro dra die verantwoordelikheid vir die huur van hierdie geriewe.<\/p>\n\n\n\n<p class=\"wp-block-paragraph\">Wat kommer wek, is dat hierdie uitgawe nie in die metro se begroting vervat is nie en ook nie in die ge\u00efntegreerde ontwikkelingsplan (GOP) verskyn nie.<\/p>\n\n\n\n<p class=\"wp-block-paragraph\">Die VF Plus eis daarom \u0149 volledige bekendmaking oor watter begrotingspos die R5 miljoen vir lokale moet befonds, of die tesourie die uitgawe ingevolge die Munisipale Finansi\u00eble Bestuurswet (MFMA) goedgekeur het, en of die metro beplan om bestaande diensleweringsprogramme te sny of n\u00f3g \u2019n lening aan te gaan wat die metro se skuldlas verder sal verhoog.<\/p>\n\n\n\n<p class=\"wp-block-paragraph\">Hierdie besluit weerspie\u00ebl \u2019n groeiende tendens waar prestige projekte en politieke beeldpoetsery voorkeur geniet, terwyl die werklike behoeftes van inwoners ge\u00efgnoreer word.<\/p>\n\n\n\n<p class=\"wp-block-paragraph\">Die skielike \u201copknapping\u201d van Kemptonpark se sakekern, n\u00e1 jare se verwaarlosing wek die indruk dat die metro slegs reageer wanneer internasionale aandag betrokke is.<\/p>\n\n\n\n<p class=\"wp-block-paragraph\">Plaaslike ondernemings en inwoners smeek al vir jare om ingryping te midde van verval, wetteloosheid en infrastruktuur-agteruitgang, maar die metro het dit bloot ge\u00efgnoreer.<\/p>\n\n\n\n<p class=\"wp-block-paragraph\">Maar nou, met die w\u00eareld se o\u00eb op Kemptonpark, is daar skielik geld beskikbaar en \u0149 dringendheid om die gebied op te knap.<\/p>\n\n\n\n<p class=\"wp-block-paragraph\">Inwoners verdien eerlike bestuur en deursigtigheid en nie skynvertonings en o\u00ebverblindery nie.<\/p>\n\n\n\n<p class=\"wp-block-paragraph\">Die VF Plus sal aanhou druk uitoefen totdat die metro volle verantwoordelikheid neem en die publiek ingelig word oor elke sent wat bestee word.<\/p>\n","protected":false},"excerpt":{"rendered":"<p>Die VF Plus het Donderdag tydens \u0149 raadsitting van die Ekurhuleni-metroraad duidelikheid gevra oor waar die R5 miljoen vandaan gaan kom vir die huur van lokale vir die G20-maatskaplike beraad. Di\u00e9 beraad vind plaas vanaf 18 tot 20 November. Sowat 5000 afgevaardigdes sal die beraad, wat fokus op jeugwerkskepping, inklusiewe groei en die toenemende kloof [&hellip;]<\/p>\n","protected":false},"author":5,"featured_media":83713,"comment_status":"closed","ping_status":"closed","sticky":false,"template":"","format":"standard","meta":{"_acf_changed":false,"_relevanssi_hide_post":"","_relevanssi_hide_content":"","_relevanssi_pin_for_all":"","_relevanssi_pin_keywords":"","_relevanssi_unpin_keywords":"","_relevanssi_related_keywords":"","_relevanssi_related_include_ids":"","_relevanssi_related_exclude_ids":"","_relevanssi_related_no_append":"","_relevanssi_related_not_related":"","_relevanssi_related_posts":"70039,60004,65841,23110,57402,17954","_relevanssi_noindex_reason":"","footnotes":""},"categories":[100],"tags":[],"ppma_author":[221],"class_list":["post-83712","post","type-post","status-publish","format-standard","has-post-thumbnail","hentry","category-mediaverklarings"],"acf":[],"yoast_head":"<!-- This site is optimized with the Yoast SEO plugin v28.4 - https:\/\/yoast.com\/product\/yoast-seo-wordpress\/ -->\n<title>VF Plus wil weet waar Ekurhuleni R5 miljoen gaan kry vir G20-maatskaplike beraad | Vryheidsfront Plus<\/title>\n<meta name=\"description\" content=\"Die VF Plus het Donderdag tydens \u0149 raadsitting van die Ekurhuleni-metroraad duidelikheid gevra oor waar die R5 miljoen vandaan gaan kom vir die huur van\" \/>\n<meta name=\"robots\" content=\"index, follow, max-snippet:-1, max-image-preview:large, max-video-preview:-1\" \/>\n<link rel=\"canonical\" href=\"https:\/\/www.vfplus.org.za\/af\/mediaverklarings\/vf-plus-wil-weet-waar-ekurhuleni-r5-miljoen-gaan-kry-vir-g20-maatskaplike-beraad\/\" \/>\n<meta property=\"og:locale\" content=\"af_ZA\" \/>\n<meta property=\"og:type\" content=\"article\" \/>\n<meta property=\"og:title\" content=\"VF Plus wil weet waar Ekurhuleni R5 miljoen gaan kry vir G20-maatskaplike beraad | Vryheidsfront Plus\" \/>\n<meta property=\"og:description\" content=\"Die VF Plus het Donderdag tydens \u0149 raadsitting van die Ekurhuleni-metroraad duidelikheid gevra oor waar die R5 miljoen vandaan gaan kom vir die huur van\" \/>\n<meta property=\"og:url\" content=\"https:\/\/www.vfplus.org.za\/af\/mediaverklarings\/vf-plus-wil-weet-waar-ekurhuleni-r5-miljoen-gaan-kry-vir-g20-maatskaplike-beraad\/\" \/>\n<meta property=\"og:site_name\" content=\"Vryheidsfront Plus\" \/>\n<meta property=\"article:publisher\" content=\"https:\/\/www.facebook.com\/VFplus?fref=ts\" \/>\n<meta property=\"article:published_time\" content=\"2025-10-30T09:44:22+00:00\" \/>\n<meta property=\"article:modified_time\" content=\"2025-10-30T09:44:26+00:00\" \/>\n<meta property=\"og:image\" content=\"https:\/\/www.vfplus.org.za\/wp-content\/uploads\/2025\/10\/freedomfront_plus_VF-Plus-wil-weet-waar-Ekurhuleni-R5-miljoen-gaan-kry-vir-G20-maatskaplike-beraad.png\" \/>\n\t<meta property=\"og:image:width\" content=\"1024\" \/>\n\t<meta property=\"og:image:height\" content=\"768\" \/>\n\t<meta property=\"og:image:type\" content=\"image\/png\" \/>\n<meta name=\"author\" content=\"Jennifer Glover\" \/>\n<meta name=\"twitter:card\" content=\"summary_large_image\" \/>\n<meta name=\"twitter:creator\" content=\"@VFplus\" \/>\n<meta name=\"twitter:site\" content=\"@VFplus\" \/>\n<meta name=\"twitter:label1\" content=\"Written by\" \/>\n\t<meta name=\"twitter:data1\" content=\"brand_candy_amy\" \/>\n\t<meta name=\"twitter:label2\" content=\"Est. reading time\" \/>\n\t<meta name=\"twitter:data2\" content=\"2 minutes\" \/>\n<script type=\"application\/ld+json\" class=\"yoast-schema-graph\">{\"@context\":\"https:\\\/\\\/schema.org\",\"@graph\":[{\"@type\":\"Article\",\"@id\":\"https:\\\/\\\/www.vfplus.org.za\\\/af\\\/mediaverklarings\\\/vf-plus-wil-weet-waar-ekurhuleni-r5-miljoen-gaan-kry-vir-g20-maatskaplike-beraad\\\/#article\",\"isPartOf\":{\"@id\":\"https:\\\/\\\/www.vfplus.org.za\\\/af\\\/mediaverklarings\\\/vf-plus-wil-weet-waar-ekurhuleni-r5-miljoen-gaan-kry-vir-g20-maatskaplike-beraad\\\/\"},\"author\":{\"name\":\"brand_candy_amy\",\"@id\":\"https:\\\/\\\/www.vfplus.org.za\\\/af\\\/#\\\/schema\\\/person\\\/2c3e703fc713d95efd7b7bf7b34646f4\"},\"headline\":\"VF Plus wil weet waar Ekurhuleni R5 miljoen gaan kry vir G20-maatskaplike beraad\",\"datePublished\":\"2025-10-30T09:44:22+00:00\",\"dateModified\":\"2025-10-30T09:44:26+00:00\",\"mainEntityOfPage\":{\"@id\":\"https:\\\/\\\/www.vfplus.org.za\\\/af\\\/mediaverklarings\\\/vf-plus-wil-weet-waar-ekurhuleni-r5-miljoen-gaan-kry-vir-g20-maatskaplike-beraad\\\/\"},\"wordCount\":313,\"publisher\":{\"@id\":\"https:\\\/\\\/www.vfplus.org.za\\\/af\\\/#organization\"},\"image\":{\"@id\":\"https:\\\/\\\/www.vfplus.org.za\\\/af\\\/mediaverklarings\\\/vf-plus-wil-weet-waar-ekurhuleni-r5-miljoen-gaan-kry-vir-g20-maatskaplike-beraad\\\/#primaryimage\"},\"thumbnailUrl\":\"https:\\\/\\\/www.vfplus.org.za\\\/wp-content\\\/uploads\\\/2025\\\/10\\\/freedomfront_plus_VF-Plus-wil-weet-waar-Ekurhuleni-R5-miljoen-gaan-kry-vir-G20-maatskaplike-beraad.png\",\"articleSection\":[\"Mediaverklarings\"],\"inLanguage\":\"af-ZA\"},{\"@type\":\"WebPage\",\"@id\":\"https:\\\/\\\/www.vfplus.org.za\\\/af\\\/mediaverklarings\\\/vf-plus-wil-weet-waar-ekurhuleni-r5-miljoen-gaan-kry-vir-g20-maatskaplike-beraad\\\/\",\"url\":\"https:\\\/\\\/www.vfplus.org.za\\\/af\\\/mediaverklarings\\\/vf-plus-wil-weet-waar-ekurhuleni-r5-miljoen-gaan-kry-vir-g20-maatskaplike-beraad\\\/\",\"name\":\"VF Plus wil weet waar Ekurhuleni R5 miljoen gaan kry vir G20-maatskaplike beraad | Vryheidsfront Plus\",\"isPartOf\":{\"@id\":\"https:\\\/\\\/www.vfplus.org.za\\\/af\\\/#website\"},\"primaryImageOfPage\":{\"@id\":\"https:\\\/\\\/www.vfplus.org.za\\\/af\\\/mediaverklarings\\\/vf-plus-wil-weet-waar-ekurhuleni-r5-miljoen-gaan-kry-vir-g20-maatskaplike-beraad\\\/#primaryimage\"},\"image\":{\"@id\":\"https:\\\/\\\/www.vfplus.org.za\\\/af\\\/mediaverklarings\\\/vf-plus-wil-weet-waar-ekurhuleni-r5-miljoen-gaan-kry-vir-g20-maatskaplike-beraad\\\/#primaryimage\"},\"thumbnailUrl\":\"https:\\\/\\\/www.vfplus.org.za\\\/wp-content\\\/uploads\\\/2025\\\/10\\\/freedomfront_plus_VF-Plus-wil-weet-waar-Ekurhuleni-R5-miljoen-gaan-kry-vir-G20-maatskaplike-beraad.png\",\"datePublished\":\"2025-10-30T09:44:22+00:00\",\"dateModified\":\"2025-10-30T09:44:26+00:00\",\"description\":\"Die VF Plus het Donderdag tydens \u0149 raadsitting van die Ekurhuleni-metroraad duidelikheid gevra oor waar die R5 miljoen vandaan gaan kom vir die huur van\",\"breadcrumb\":{\"@id\":\"https:\\\/\\\/www.vfplus.org.za\\\/af\\\/mediaverklarings\\\/vf-plus-wil-weet-waar-ekurhuleni-r5-miljoen-gaan-kry-vir-g20-maatskaplike-beraad\\\/#breadcrumb\"},\"inLanguage\":\"af-ZA\",\"potentialAction\":[{\"@type\":\"ReadAction\",\"target\":[\"https:\\\/\\\/www.vfplus.org.za\\\/af\\\/mediaverklarings\\\/vf-plus-wil-weet-waar-ekurhuleni-r5-miljoen-gaan-kry-vir-g20-maatskaplike-beraad\\\/\"]}]},{\"@type\":\"ImageObject\",\"inLanguage\":\"af-ZA\",\"@id\":\"https:\\\/\\\/www.vfplus.org.za\\\/af\\\/mediaverklarings\\\/vf-plus-wil-weet-waar-ekurhuleni-r5-miljoen-gaan-kry-vir-g20-maatskaplike-beraad\\\/#primaryimage\",\"url\":\"https:\\\/\\\/www.vfplus.org.za\\\/wp-content\\\/uploads\\\/2025\\\/10\\\/freedomfront_plus_VF-Plus-wil-weet-waar-Ekurhuleni-R5-miljoen-gaan-kry-vir-G20-maatskaplike-beraad.png\",\"contentUrl\":\"https:\\\/\\\/www.vfplus.org.za\\\/wp-content\\\/uploads\\\/2025\\\/10\\\/freedomfront_plus_VF-Plus-wil-weet-waar-Ekurhuleni-R5-miljoen-gaan-kry-vir-G20-maatskaplike-beraad.png\",\"width\":1024,\"height\":768},{\"@type\":\"BreadcrumbList\",\"@id\":\"https:\\\/\\\/www.vfplus.org.za\\\/af\\\/mediaverklarings\\\/vf-plus-wil-weet-waar-ekurhuleni-r5-miljoen-gaan-kry-vir-g20-maatskaplike-beraad\\\/#breadcrumb\",\"itemListElement\":[{\"@type\":\"ListItem\",\"position\":1,\"name\":\"Tuis\",\"item\":\"https:\\\/\\\/www.vfplus.org.za\\\/af\\\/\"},{\"@type\":\"ListItem\",\"position\":2,\"name\":\"VF Plus wil weet waar Ekurhuleni R5 miljoen gaan kry vir G20-maatskaplike beraad\"}]},{\"@type\":\"WebSite\",\"@id\":\"https:\\\/\\\/www.vfplus.org.za\\\/af\\\/#website\",\"url\":\"https:\\\/\\\/www.vfplus.org.za\\\/af\\\/\",\"name\":\"Freedom Front Plus\",\"description\":\"Stand Up | Stand Together | Stand Strong\",\"publisher\":{\"@id\":\"https:\\\/\\\/www.vfplus.org.za\\\/af\\\/#organization\"},\"potentialAction\":[{\"@type\":\"SearchAction\",\"target\":{\"@type\":\"EntryPoint\",\"urlTemplate\":\"https:\\\/\\\/www.vfplus.org.za\\\/af\\\/?s={search_term_string}\"},\"query-input\":{\"@type\":\"PropertyValueSpecification\",\"valueRequired\":true,\"valueName\":\"search_term_string\"}}],\"inLanguage\":\"af-ZA\"},{\"@type\":\"Organization\",\"@id\":\"https:\\\/\\\/www.vfplus.org.za\\\/af\\\/#organization\",\"name\":\"Vryheidsfront Plus\",\"alternateName\":\"VF Plus\",\"url\":\"https:\\\/\\\/www.vfplus.org.za\\\/af\\\/\",\"logo\":{\"@type\":\"ImageObject\",\"inLanguage\":\"af-ZA\",\"@id\":\"https:\\\/\\\/www.vfplus.org.za\\\/af\\\/#\\\/schema\\\/logo\\\/image\\\/\",\"url\":\"https:\\\/\\\/www.vfplus.org.za\\\/wp-content\\\/uploads\\\/2022\\\/11\\\/vfplus-logo-01.png\",\"contentUrl\":\"https:\\\/\\\/www.vfplus.org.za\\\/wp-content\\\/uploads\\\/2022\\\/11\\\/vfplus-logo-01.png\",\"width\":130,\"height\":130,\"caption\":\"Vryheidsfront Plus\"},\"image\":{\"@id\":\"https:\\\/\\\/www.vfplus.org.za\\\/af\\\/#\\\/schema\\\/logo\\\/image\\\/\"},\"sameAs\":[\"https:\\\/\\\/www.facebook.com\\\/VFplus?fref=ts\",\"https:\\\/\\\/x.com\\\/VFplus\",\"https:\\\/\\\/www.instagram.com\\\/vfplus_ffplus\\\/?hl=en\",\"https:\\\/\\\/www.youtube.com\\\/user\\\/VRYHEIDSFRONTplus\"]},{\"@type\":\"Person\",\"@id\":\"https:\\\/\\\/www.vfplus.org.za\\\/af\\\/#\\\/schema\\\/person\\\/2c3e703fc713d95efd7b7bf7b34646f4\",\"name\":\"brand_candy_amy\",\"image\":{\"@type\":\"ImageObject\",\"inLanguage\":\"af-ZA\",\"@id\":\"https:\\\/\\\/secure.gravatar.com\\\/avatar\\\/d295c22bd41c5cb61e8aa7fcafe90d2d2302363bc123897b40165ee0165d4f6b?s=96&d=mm&r=g45c99b902ec3fd12cf6977a6b6edf27a\",\"url\":\"https:\\\/\\\/secure.gravatar.com\\\/avatar\\\/d295c22bd41c5cb61e8aa7fcafe90d2d2302363bc123897b40165ee0165d4f6b?s=96&d=mm&r=g\",\"contentUrl\":\"https:\\\/\\\/secure.gravatar.com\\\/avatar\\\/d295c22bd41c5cb61e8aa7fcafe90d2d2302363bc123897b40165ee0165d4f6b?s=96&d=mm&r=g\",\"caption\":\"brand_candy_amy\"},\"sameAs\":[\"https:\\\/\\\/brandcandy.co.za\"],\"url\":\"https:\\\/\\\/www.vfplus.org.za\\\/af\\\/author\\\/brand_candy_amy\\\/\"}]}<\/script>\n<!-- \/ Yoast SEO plugin. -->","yoast_head_json":{"title":"VF Plus wil weet waar Ekurhuleni R5 miljoen gaan kry vir G20-maatskaplike beraad | Vryheidsfront Plus","description":"Die VF Plus het Donderdag tydens \u0149 raadsitting van die Ekurhuleni-metroraad duidelikheid gevra oor waar die R5 miljoen vandaan gaan kom vir die huur van","robots":{"index":"index","follow":"follow","max-snippet":"max-snippet:-1","max-image-preview":"max-image-preview:large","max-video-preview":"max-video-preview:-1"},"canonical":"https:\/\/www.vfplus.org.za\/af\/mediaverklarings\/vf-plus-wil-weet-waar-ekurhuleni-r5-miljoen-gaan-kry-vir-g20-maatskaplike-beraad\/","og_locale":"af_ZA","og_type":"article","og_title":"VF Plus wil weet waar Ekurhuleni R5 miljoen gaan kry vir G20-maatskaplike beraad | Vryheidsfront Plus","og_description":"Die VF Plus het Donderdag tydens \u0149 raadsitting van die Ekurhuleni-metroraad duidelikheid gevra oor waar die R5 miljoen vandaan gaan kom vir die huur van","og_url":"https:\/\/www.vfplus.org.za\/af\/mediaverklarings\/vf-plus-wil-weet-waar-ekurhuleni-r5-miljoen-gaan-kry-vir-g20-maatskaplike-beraad\/","og_site_name":"Vryheidsfront Plus","article_publisher":"https:\/\/www.facebook.com\/VFplus?fref=ts","article_published_time":"2025-10-30T09:44:22+00:00","article_modified_time":"2025-10-30T09:44:26+00:00","og_image":[{"width":1024,"height":768,"url":"https:\/\/www.vfplus.org.za\/wp-content\/uploads\/2025\/10\/freedomfront_plus_VF-Plus-wil-weet-waar-Ekurhuleni-R5-miljoen-gaan-kry-vir-G20-maatskaplike-beraad.png","type":"image\/png"}],"author":"Jennifer Glover","twitter_card":"summary_large_image","twitter_creator":"@VFplus","twitter_site":"@VFplus","twitter_misc":{"Written by":"brand_candy_amy","Est. reading time":"2 minutes"},"schema":{"@context":"https:\/\/schema.org","@graph":[{"@type":"Article","@id":"https:\/\/www.vfplus.org.za\/af\/mediaverklarings\/vf-plus-wil-weet-waar-ekurhuleni-r5-miljoen-gaan-kry-vir-g20-maatskaplike-beraad\/#article","isPartOf":{"@id":"https:\/\/www.vfplus.org.za\/af\/mediaverklarings\/vf-plus-wil-weet-waar-ekurhuleni-r5-miljoen-gaan-kry-vir-g20-maatskaplike-beraad\/"},"author":{"name":"brand_candy_amy","@id":"https:\/\/www.vfplus.org.za\/af\/#\/schema\/person\/2c3e703fc713d95efd7b7bf7b34646f4"},"headline":"VF Plus wil weet waar Ekurhuleni R5 miljoen gaan kry vir G20-maatskaplike beraad","datePublished":"2025-10-30T09:44:22+00:00","dateModified":"2025-10-30T09:44:26+00:00","mainEntityOfPage":{"@id":"https:\/\/www.vfplus.org.za\/af\/mediaverklarings\/vf-plus-wil-weet-waar-ekurhuleni-r5-miljoen-gaan-kry-vir-g20-maatskaplike-beraad\/"},"wordCount":313,"publisher":{"@id":"https:\/\/www.vfplus.org.za\/af\/#organization"},"image":{"@id":"https:\/\/www.vfplus.org.za\/af\/mediaverklarings\/vf-plus-wil-weet-waar-ekurhuleni-r5-miljoen-gaan-kry-vir-g20-maatskaplike-beraad\/#primaryimage"},"thumbnailUrl":"https:\/\/www.vfplus.org.za\/wp-content\/uploads\/2025\/10\/freedomfront_plus_VF-Plus-wil-weet-waar-Ekurhuleni-R5-miljoen-gaan-kry-vir-G20-maatskaplike-beraad.png","articleSection":["Mediaverklarings"],"inLanguage":"af-ZA"},{"@type":"WebPage","@id":"https:\/\/www.vfplus.org.za\/af\/mediaverklarings\/vf-plus-wil-weet-waar-ekurhuleni-r5-miljoen-gaan-kry-vir-g20-maatskaplike-beraad\/","url":"https:\/\/www.vfplus.org.za\/af\/mediaverklarings\/vf-plus-wil-weet-waar-ekurhuleni-r5-miljoen-gaan-kry-vir-g20-maatskaplike-beraad\/","name":"VF Plus wil weet waar Ekurhuleni R5 miljoen gaan kry vir G20-maatskaplike beraad | Vryheidsfront Plus","isPartOf":{"@id":"https:\/\/www.vfplus.org.za\/af\/#website"},"primaryImageOfPage":{"@id":"https:\/\/www.vfplus.org.za\/af\/mediaverklarings\/vf-plus-wil-weet-waar-ekurhuleni-r5-miljoen-gaan-kry-vir-g20-maatskaplike-beraad\/#primaryimage"},"image":{"@id":"https:\/\/www.vfplus.org.za\/af\/mediaverklarings\/vf-plus-wil-weet-waar-ekurhuleni-r5-miljoen-gaan-kry-vir-g20-maatskaplike-beraad\/#primaryimage"},"thumbnailUrl":"https:\/\/www.vfplus.org.za\/wp-content\/uploads\/2025\/10\/freedomfront_plus_VF-Plus-wil-weet-waar-Ekurhuleni-R5-miljoen-gaan-kry-vir-G20-maatskaplike-beraad.png","datePublished":"2025-10-30T09:44:22+00:00","dateModified":"2025-10-30T09:44:26+00:00","description":"Die VF Plus het Donderdag tydens \u0149 raadsitting van die Ekurhuleni-metroraad duidelikheid gevra oor waar die R5 miljoen vandaan gaan kom vir die huur van","breadcrumb":{"@id":"https:\/\/www.vfplus.org.za\/af\/mediaverklarings\/vf-plus-wil-weet-waar-ekurhuleni-r5-miljoen-gaan-kry-vir-g20-maatskaplike-beraad\/#breadcrumb"},"inLanguage":"af-ZA","potentialAction":[{"@type":"ReadAction","target":["https:\/\/www.vfplus.org.za\/af\/mediaverklarings\/vf-plus-wil-weet-waar-ekurhuleni-r5-miljoen-gaan-kry-vir-g20-maatskaplike-beraad\/"]}]},{"@type":"ImageObject","inLanguage":"af-ZA","@id":"https:\/\/www.vfplus.org.za\/af\/mediaverklarings\/vf-plus-wil-weet-waar-ekurhuleni-r5-miljoen-gaan-kry-vir-g20-maatskaplike-beraad\/#primaryimage","url":"https:\/\/www.vfplus.org.za\/wp-content\/uploads\/2025\/10\/freedomfront_plus_VF-Plus-wil-weet-waar-Ekurhuleni-R5-miljoen-gaan-kry-vir-G20-maatskaplike-beraad.png","contentUrl":"https:\/\/www.vfplus.org.za\/wp-content\/uploads\/2025\/10\/freedomfront_plus_VF-Plus-wil-weet-waar-Ekurhuleni-R5-miljoen-gaan-kry-vir-G20-maatskaplike-beraad.png","width":1024,"height":768},{"@type":"BreadcrumbList","@id":"https:\/\/www.vfplus.org.za\/af\/mediaverklarings\/vf-plus-wil-weet-waar-ekurhuleni-r5-miljoen-gaan-kry-vir-g20-maatskaplike-beraad\/#breadcrumb","itemListElement":[{"@type":"ListItem","position":1,"name":"Tuis","item":"https:\/\/www.vfplus.org.za\/af\/"},{"@type":"ListItem","position":2,"name":"VF Plus wil weet waar Ekurhuleni R5 miljoen gaan kry vir G20-maatskaplike beraad"}]},{"@type":"WebSite","@id":"https:\/\/www.vfplus.org.za\/af\/#website","url":"https:\/\/www.vfplus.org.za\/af\/","name":"Freedom Front Plus","description":"Stand Up | Stand Together | Stand Strong","publisher":{"@id":"https:\/\/www.vfplus.org.za\/af\/#organization"},"potentialAction":[{"@type":"SearchAction","target":{"@type":"EntryPoint","urlTemplate":"https:\/\/www.vfplus.org.za\/af\/?s={search_term_string}"},"query-input":{"@type":"PropertyValueSpecification","valueRequired":true,"valueName":"search_term_string"}}],"inLanguage":"af-ZA"},{"@type":"Organization","@id":"https:\/\/www.vfplus.org.za\/af\/#organization","name":"Vryheidsfront Plus","alternateName":"VF Plus","url":"https:\/\/www.vfplus.org.za\/af\/","logo":{"@type":"ImageObject","inLanguage":"af-ZA","@id":"https:\/\/www.vfplus.org.za\/af\/#\/schema\/logo\/image\/","url":"https:\/\/www.vfplus.org.za\/wp-content\/uploads\/2022\/11\/vfplus-logo-01.png","contentUrl":"https:\/\/www.vfplus.org.za\/wp-content\/uploads\/2022\/11\/vfplus-logo-01.png","width":130,"height":130,"caption":"Vryheidsfront Plus"},"image":{"@id":"https:\/\/www.vfplus.org.za\/af\/#\/schema\/logo\/image\/"},"sameAs":["https:\/\/www.facebook.com\/VFplus?fref=ts","https:\/\/x.com\/VFplus","https:\/\/www.instagram.com\/vfplus_ffplus\/?hl=en","https:\/\/www.youtube.com\/user\/VRYHEIDSFRONTplus"]},{"@type":"Person","@id":"https:\/\/www.vfplus.org.za\/af\/#\/schema\/person\/2c3e703fc713d95efd7b7bf7b34646f4","name":"brand_candy_amy","image":{"@type":"ImageObject","inLanguage":"af-ZA","@id":"https:\/\/secure.gravatar.com\/avatar\/d295c22bd41c5cb61e8aa7fcafe90d2d2302363bc123897b40165ee0165d4f6b?s=96&d=mm&r=g45c99b902ec3fd12cf6977a6b6edf27a","url":"https:\/\/secure.gravatar.com\/avatar\/d295c22bd41c5cb61e8aa7fcafe90d2d2302363bc123897b40165ee0165d4f6b?s=96&d=mm&r=g","contentUrl":"https:\/\/secure.gravatar.com\/avatar\/d295c22bd41c5cb61e8aa7fcafe90d2d2302363bc123897b40165ee0165d4f6b?s=96&d=mm&r=g","caption":"brand_candy_amy"},"sameAs":["https:\/\/brandcandy.co.za"],"url":"https:\/\/www.vfplus.org.za\/af\/author\/brand_candy_amy\/"}]}},"authors":[{"term_id":221,"user_id":0,"is_guest":1,"slug":"jennifer-glover","display_name":"Jennifer Glover","avatar_url":{"url":"https:\/\/www.vfplus.org.za\/wp-content\/uploads\/2023\/08\/freedomfront-plus-author-jennifer-glover-ekurhuleni.jpg-e1695731572507.png","url2x":"https:\/\/www.vfplus.org.za\/wp-content\/uploads\/2023\/08\/freedomfront-plus-author-jennifer-glover-ekurhuleni.jpg-e1695731572507.png"},"author_category":"","user_url":"","last_name":"","first_name":"","job_title":"","description":""}],"_links":{"self":[{"href":"https:\/\/www.vfplus.org.za\/af\/wp-json\/wp\/v2\/posts\/83712","targetHints":{"allow":["GET"]}}],"collection":[{"href":"https:\/\/www.vfplus.org.za\/af\/wp-json\/wp\/v2\/posts"}],"about":[{"href":"https:\/\/www.vfplus.org.za\/af\/wp-json\/wp\/v2\/types\/post"}],"author":[{"embeddable":true,"href":"https:\/\/www.vfplus.org.za\/af\/wp-json\/wp\/v2\/users\/5"}],"replies":[{"embeddable":true,"href":"https:\/\/www.vfplus.org.za\/af\/wp-json\/wp\/v2\/comments?post=83712"}],"version-history":[{"count":1,"href":"https:\/\/www.vfplus.org.za\/af\/wp-json\/wp\/v2\/posts\/83712\/revisions"}],"predecessor-version":[{"id":83715,"href":"https:\/\/www.vfplus.org.za\/af\/wp-json\/wp\/v2\/posts\/83712\/revisions\/83715"}],"wp:featuredmedia":[{"embeddable":true,"href":"https:\/\/www.vfplus.org.za\/af\/wp-json\/wp\/v2\/media\/83713"}],"wp:attachment":[{"href":"https:\/\/www.vfplus.org.za\/af\/wp-json\/wp\/v2\/media?parent=83712"}],"wp:term":[{"taxonomy":"category","embeddable":true,"href":"https:\/\/www.vfplus.org.za\/af\/wp-json\/wp\/v2\/categories?post=83712"},{"taxonomy":"post_tag","embeddable":true,"href":"https:\/\/www.vfplus.org.za\/af\/wp-json\/wp\/v2\/tags?post=83712"},{"taxonomy":"author","embeddable":true,"href":"https:\/\/www.vfplus.org.za\/af\/wp-json\/wp\/v2\/ppma_author?post=83712"}],"curies":[{"name":"wp","href":"https:\/\/api.w.org\/{rel}","templated":true}]}}