{"id":83623,"date":"2025-10-22T13:15:57","date_gmt":"2025-10-22T11:15:57","guid":{"rendered":"https:\/\/www.vfplus.org.za\/?p=83623"},"modified":"2025-10-22T13:16:06","modified_gmt":"2025-10-22T11:16:06","slug":"vf-plus-le-mosie-ter-tafel-oor-wanfunksionering-van-slimmeters-in-emfuleni","status":"publish","type":"post","link":"https:\/\/www.vfplus.org.za\/af\/mediaverklarings\/vf-plus-le-mosie-ter-tafel-oor-wanfunksionering-van-slimmeters-in-emfuleni\/","title":{"rendered":"VF Plus l\u00ea mosie ter tafel oor wanfunksionering van slimmeters in Emfuleni"},"content":{"rendered":"\n<p class=\"wp-block-paragraph\">Die VF Plus het \u0149 mosie ter tafel gel\u00ea oor die wanfunksionering van BXC-slimmeters in die Emfuleni-plaaslike munisipaliteit (Evaton, Sebokeng, Vaal Oewer, Vanderbijlpark, Vereeniging) wat op 27 November voor die raad sal dien.<\/p>\n\n\n\n<p class=\"wp-block-paragraph\">BXC is \u0149 nasionale maatskappy wat slimmeters aan verskeie munisipaliteite verskaf.<\/p>\n\n\n\n<p class=\"wp-block-paragraph\">Die party ontvang verskeie klagtes van inwoners wat nie \u0149 regverdige hoeveelheid krageenhede ontvang vir die bedrag wat hulle bestee het nie.<\/p>\n\n\n\n<p class=\"wp-block-paragraph\">In een geval het \u0149 inwoner R2 000 se krag aangekoop, maar slegs R1 000 se krageenhede ontvang. By navraag is sy meegedeel dat sy \u0149 agterstallige rekening by die munisipaliteit het. By nadere ondersoek, het die VF Plus vasgestel dat haar kragrekening nie agterstallig is nie.<\/p>\n\n\n\n<p class=\"wp-block-paragraph\">Die munisipaliteit het ook nie \u0149 re\u00ebl dat agterstallige rekeninge van voorafbetaalde eenhede afgetrek word nie.<\/p>\n\n\n\n<p class=\"wp-block-paragraph\">Daar is uiteindelik vasgestel dat die persoon se meter-instelling dieselfde is as die van die Setsoto-plaaslike munisipaliteit (Clocolan, Ficksburg, Marquard, Senekal) en nie die van Emfuleni nie.<\/p>\n\n\n\n<p class=\"wp-block-paragraph\">Daar is uiteindelik onderneem om die meter te vervang.<\/p>\n\n\n\n<p class=\"wp-block-paragraph\">Die VF Plus is nie gekant teen die installering van slimmeters nie, maar dan moet foute uitgeskakel word wat inwoners benadeel.<\/p>\n\n\n\n<p class=\"wp-block-paragraph\">In die mosie vra die VF Plus onder meer of die installering van slimmeters geoudit word en dat die kontrak tussen Emfuleni en BXC aan die raad beskikbaar gestel word.<\/p>\n\n\n\n<p class=\"wp-block-paragraph\">Daar moet ook duidelikheid verkry word oor hoe winsdeling plaasvind en wanneer Eskom betaal word.<\/p>\n\n\n\n<p class=\"wp-block-paragraph\">Die VF Plus sal die proses noukeurig volg om seker te maak dat inwoners nie onregverdig benadeel word met kragaankope nie.<\/p>\n","protected":false},"excerpt":{"rendered":"<p>Die VF Plus het \u0149 mosie ter tafel gel\u00ea oor die wanfunksionering van BXC-slimmeters in die Emfuleni-plaaslike munisipaliteit (Evaton, Sebokeng, Vaal Oewer, Vanderbijlpark, Vereeniging) wat op 27 November voor die raad sal dien. BXC is \u0149 nasionale maatskappy wat slimmeters aan verskeie munisipaliteite verskaf. Die party ontvang verskeie klagtes van inwoners wat nie \u0149 regverdige [&hellip;]<\/p>\n","protected":false},"author":5,"featured_media":83624,"comment_status":"closed","ping_status":"closed","sticky":false,"template":"","format":"standard","meta":{"_acf_changed":false,"_relevanssi_hide_post":"","_relevanssi_hide_content":"","_relevanssi_pin_for_all":"","_relevanssi_pin_keywords":"","_relevanssi_unpin_keywords":"","_relevanssi_related_keywords":"","_relevanssi_related_include_ids":"","_relevanssi_related_exclude_ids":"","_relevanssi_related_no_append":"","_relevanssi_related_not_related":"","_relevanssi_related_posts":"23067,61157,23265,17562,63535,63761","_relevanssi_noindex_reason":"","footnotes":""},"categories":[100],"tags":[],"ppma_author":[396],"class_list":["post-83623","post","type-post","status-publish","format-standard","has-post-thumbnail","hentry","category-mediaverklarings"],"acf":[],"yoast_head":"<!-- This site is optimized with the Yoast SEO plugin v28.4 - https:\/\/yoast.com\/product\/yoast-seo-wordpress\/ -->\n<title>VF Plus l\u00ea mosie ter tafel oor wanfunksionering van slimmeters in Emfuleni | Vryheidsfront Plus<\/title>\n<meta name=\"description\" content=\"Die VF Plus het \u0149 mosie ter tafel gel\u00ea oor die wanfunksionering van BXC-slimmeters in die Emfuleni-plaaslike munisipaliteit (Evaton, Sebokeng, Vaal Oewer,\" \/>\n<meta name=\"robots\" content=\"index, follow, max-snippet:-1, max-image-preview:large, max-video-preview:-1\" \/>\n<link rel=\"canonical\" href=\"https:\/\/www.vfplus.org.za\/af\/mediaverklarings\/vf-plus-le-mosie-ter-tafel-oor-wanfunksionering-van-slimmeters-in-emfuleni\/\" \/>\n<meta property=\"og:locale\" content=\"af_ZA\" \/>\n<meta property=\"og:type\" content=\"article\" \/>\n<meta property=\"og:title\" content=\"VF Plus l\u00ea mosie ter tafel oor wanfunksionering van slimmeters in Emfuleni | Vryheidsfront Plus\" \/>\n<meta property=\"og:description\" content=\"Die VF Plus het \u0149 mosie ter tafel gel\u00ea oor die wanfunksionering van BXC-slimmeters in die Emfuleni-plaaslike munisipaliteit (Evaton, Sebokeng, Vaal Oewer,\" \/>\n<meta property=\"og:url\" content=\"https:\/\/www.vfplus.org.za\/af\/mediaverklarings\/vf-plus-le-mosie-ter-tafel-oor-wanfunksionering-van-slimmeters-in-emfuleni\/\" \/>\n<meta property=\"og:site_name\" content=\"Vryheidsfront Plus\" \/>\n<meta property=\"article:publisher\" content=\"https:\/\/www.facebook.com\/VFplus?fref=ts\" \/>\n<meta property=\"article:published_time\" content=\"2025-10-22T11:15:57+00:00\" \/>\n<meta property=\"article:modified_time\" content=\"2025-10-22T11:16:06+00:00\" \/>\n<meta property=\"og:image\" content=\"https:\/\/www.vfplus.org.za\/wp-content\/uploads\/2025\/10\/freedomfront_plus_VF-Plus-le-mosie-ter-tafel-oor-wanfunksionering-van-slimmeters-in-Emfuleni.png\" \/>\n\t<meta property=\"og:image:width\" content=\"1024\" \/>\n\t<meta property=\"og:image:height\" content=\"768\" \/>\n\t<meta property=\"og:image:type\" content=\"image\/png\" \/>\n<meta name=\"author\" content=\"Cobus Cato\" \/>\n<meta name=\"twitter:card\" content=\"summary_large_image\" \/>\n<meta name=\"twitter:creator\" content=\"@VFplus\" \/>\n<meta name=\"twitter:site\" content=\"@VFplus\" \/>\n<meta name=\"twitter:label1\" content=\"Written by\" \/>\n\t<meta name=\"twitter:data1\" content=\"brand_candy_amy\" \/>\n\t<meta name=\"twitter:label2\" content=\"Est. reading time\" \/>\n\t<meta name=\"twitter:data2\" content=\"2 minutes\" \/>\n<script type=\"application\/ld+json\" class=\"yoast-schema-graph\">{\"@context\":\"https:\\\/\\\/schema.org\",\"@graph\":[{\"@type\":\"Article\",\"@id\":\"https:\\\/\\\/www.vfplus.org.za\\\/af\\\/mediaverklarings\\\/vf-plus-le-mosie-ter-tafel-oor-wanfunksionering-van-slimmeters-in-emfuleni\\\/#article\",\"isPartOf\":{\"@id\":\"https:\\\/\\\/www.vfplus.org.za\\\/af\\\/mediaverklarings\\\/vf-plus-le-mosie-ter-tafel-oor-wanfunksionering-van-slimmeters-in-emfuleni\\\/\"},\"author\":{\"name\":\"brand_candy_amy\",\"@id\":\"https:\\\/\\\/www.vfplus.org.za\\\/af\\\/#\\\/schema\\\/person\\\/2c3e703fc713d95efd7b7bf7b34646f4\"},\"headline\":\"VF Plus l\u00ea mosie ter tafel oor wanfunksionering van slimmeters in Emfuleni\",\"datePublished\":\"2025-10-22T11:15:57+00:00\",\"dateModified\":\"2025-10-22T11:16:06+00:00\",\"mainEntityOfPage\":{\"@id\":\"https:\\\/\\\/www.vfplus.org.za\\\/af\\\/mediaverklarings\\\/vf-plus-le-mosie-ter-tafel-oor-wanfunksionering-van-slimmeters-in-emfuleni\\\/\"},\"wordCount\":256,\"publisher\":{\"@id\":\"https:\\\/\\\/www.vfplus.org.za\\\/af\\\/#organization\"},\"image\":{\"@id\":\"https:\\\/\\\/www.vfplus.org.za\\\/af\\\/mediaverklarings\\\/vf-plus-le-mosie-ter-tafel-oor-wanfunksionering-van-slimmeters-in-emfuleni\\\/#primaryimage\"},\"thumbnailUrl\":\"https:\\\/\\\/www.vfplus.org.za\\\/wp-content\\\/uploads\\\/2025\\\/10\\\/freedomfront_plus_VF-Plus-le-mosie-ter-tafel-oor-wanfunksionering-van-slimmeters-in-Emfuleni.png\",\"articleSection\":[\"Mediaverklarings\"],\"inLanguage\":\"af-ZA\"},{\"@type\":\"WebPage\",\"@id\":\"https:\\\/\\\/www.vfplus.org.za\\\/af\\\/mediaverklarings\\\/vf-plus-le-mosie-ter-tafel-oor-wanfunksionering-van-slimmeters-in-emfuleni\\\/\",\"url\":\"https:\\\/\\\/www.vfplus.org.za\\\/af\\\/mediaverklarings\\\/vf-plus-le-mosie-ter-tafel-oor-wanfunksionering-van-slimmeters-in-emfuleni\\\/\",\"name\":\"VF Plus l\u00ea mosie ter tafel oor wanfunksionering van slimmeters in Emfuleni | Vryheidsfront Plus\",\"isPartOf\":{\"@id\":\"https:\\\/\\\/www.vfplus.org.za\\\/af\\\/#website\"},\"primaryImageOfPage\":{\"@id\":\"https:\\\/\\\/www.vfplus.org.za\\\/af\\\/mediaverklarings\\\/vf-plus-le-mosie-ter-tafel-oor-wanfunksionering-van-slimmeters-in-emfuleni\\\/#primaryimage\"},\"image\":{\"@id\":\"https:\\\/\\\/www.vfplus.org.za\\\/af\\\/mediaverklarings\\\/vf-plus-le-mosie-ter-tafel-oor-wanfunksionering-van-slimmeters-in-emfuleni\\\/#primaryimage\"},\"thumbnailUrl\":\"https:\\\/\\\/www.vfplus.org.za\\\/wp-content\\\/uploads\\\/2025\\\/10\\\/freedomfront_plus_VF-Plus-le-mosie-ter-tafel-oor-wanfunksionering-van-slimmeters-in-Emfuleni.png\",\"datePublished\":\"2025-10-22T11:15:57+00:00\",\"dateModified\":\"2025-10-22T11:16:06+00:00\",\"description\":\"Die VF Plus het \u0149 mosie ter tafel gel\u00ea oor die wanfunksionering van BXC-slimmeters in die Emfuleni-plaaslike munisipaliteit (Evaton, Sebokeng, Vaal Oewer,\",\"breadcrumb\":{\"@id\":\"https:\\\/\\\/www.vfplus.org.za\\\/af\\\/mediaverklarings\\\/vf-plus-le-mosie-ter-tafel-oor-wanfunksionering-van-slimmeters-in-emfuleni\\\/#breadcrumb\"},\"inLanguage\":\"af-ZA\",\"potentialAction\":[{\"@type\":\"ReadAction\",\"target\":[\"https:\\\/\\\/www.vfplus.org.za\\\/af\\\/mediaverklarings\\\/vf-plus-le-mosie-ter-tafel-oor-wanfunksionering-van-slimmeters-in-emfuleni\\\/\"]}]},{\"@type\":\"ImageObject\",\"inLanguage\":\"af-ZA\",\"@id\":\"https:\\\/\\\/www.vfplus.org.za\\\/af\\\/mediaverklarings\\\/vf-plus-le-mosie-ter-tafel-oor-wanfunksionering-van-slimmeters-in-emfuleni\\\/#primaryimage\",\"url\":\"https:\\\/\\\/www.vfplus.org.za\\\/wp-content\\\/uploads\\\/2025\\\/10\\\/freedomfront_plus_VF-Plus-le-mosie-ter-tafel-oor-wanfunksionering-van-slimmeters-in-Emfuleni.png\",\"contentUrl\":\"https:\\\/\\\/www.vfplus.org.za\\\/wp-content\\\/uploads\\\/2025\\\/10\\\/freedomfront_plus_VF-Plus-le-mosie-ter-tafel-oor-wanfunksionering-van-slimmeters-in-Emfuleni.png\",\"width\":1024,\"height\":768},{\"@type\":\"BreadcrumbList\",\"@id\":\"https:\\\/\\\/www.vfplus.org.za\\\/af\\\/mediaverklarings\\\/vf-plus-le-mosie-ter-tafel-oor-wanfunksionering-van-slimmeters-in-emfuleni\\\/#breadcrumb\",\"itemListElement\":[{\"@type\":\"ListItem\",\"position\":1,\"name\":\"Tuis\",\"item\":\"https:\\\/\\\/www.vfplus.org.za\\\/af\\\/\"},{\"@type\":\"ListItem\",\"position\":2,\"name\":\"VF Plus l\u00ea mosie ter tafel oor wanfunksionering van slimmeters in Emfuleni\"}]},{\"@type\":\"WebSite\",\"@id\":\"https:\\\/\\\/www.vfplus.org.za\\\/af\\\/#website\",\"url\":\"https:\\\/\\\/www.vfplus.org.za\\\/af\\\/\",\"name\":\"Freedom Front Plus\",\"description\":\"Stand Up | Stand Together | Stand Strong\",\"publisher\":{\"@id\":\"https:\\\/\\\/www.vfplus.org.za\\\/af\\\/#organization\"},\"potentialAction\":[{\"@type\":\"SearchAction\",\"target\":{\"@type\":\"EntryPoint\",\"urlTemplate\":\"https:\\\/\\\/www.vfplus.org.za\\\/af\\\/?s={search_term_string}\"},\"query-input\":{\"@type\":\"PropertyValueSpecification\",\"valueRequired\":true,\"valueName\":\"search_term_string\"}}],\"inLanguage\":\"af-ZA\"},{\"@type\":\"Organization\",\"@id\":\"https:\\\/\\\/www.vfplus.org.za\\\/af\\\/#organization\",\"name\":\"Vryheidsfront Plus\",\"alternateName\":\"VF Plus\",\"url\":\"https:\\\/\\\/www.vfplus.org.za\\\/af\\\/\",\"logo\":{\"@type\":\"ImageObject\",\"inLanguage\":\"af-ZA\",\"@id\":\"https:\\\/\\\/www.vfplus.org.za\\\/af\\\/#\\\/schema\\\/logo\\\/image\\\/\",\"url\":\"https:\\\/\\\/www.vfplus.org.za\\\/wp-content\\\/uploads\\\/2022\\\/11\\\/vfplus-logo-01.png\",\"contentUrl\":\"https:\\\/\\\/www.vfplus.org.za\\\/wp-content\\\/uploads\\\/2022\\\/11\\\/vfplus-logo-01.png\",\"width\":130,\"height\":130,\"caption\":\"Vryheidsfront Plus\"},\"image\":{\"@id\":\"https:\\\/\\\/www.vfplus.org.za\\\/af\\\/#\\\/schema\\\/logo\\\/image\\\/\"},\"sameAs\":[\"https:\\\/\\\/www.facebook.com\\\/VFplus?fref=ts\",\"https:\\\/\\\/x.com\\\/VFplus\",\"https:\\\/\\\/www.instagram.com\\\/vfplus_ffplus\\\/?hl=en\",\"https:\\\/\\\/www.youtube.com\\\/user\\\/VRYHEIDSFRONTplus\"]},{\"@type\":\"Person\",\"@id\":\"https:\\\/\\\/www.vfplus.org.za\\\/af\\\/#\\\/schema\\\/person\\\/2c3e703fc713d95efd7b7bf7b34646f4\",\"name\":\"brand_candy_amy\",\"image\":{\"@type\":\"ImageObject\",\"inLanguage\":\"af-ZA\",\"@id\":\"https:\\\/\\\/secure.gravatar.com\\\/avatar\\\/d295c22bd41c5cb61e8aa7fcafe90d2d2302363bc123897b40165ee0165d4f6b?s=96&d=mm&r=g45c99b902ec3fd12cf6977a6b6edf27a\",\"url\":\"https:\\\/\\\/secure.gravatar.com\\\/avatar\\\/d295c22bd41c5cb61e8aa7fcafe90d2d2302363bc123897b40165ee0165d4f6b?s=96&d=mm&r=g\",\"contentUrl\":\"https:\\\/\\\/secure.gravatar.com\\\/avatar\\\/d295c22bd41c5cb61e8aa7fcafe90d2d2302363bc123897b40165ee0165d4f6b?s=96&d=mm&r=g\",\"caption\":\"brand_candy_amy\"},\"sameAs\":[\"https:\\\/\\\/brandcandy.co.za\"],\"url\":\"https:\\\/\\\/www.vfplus.org.za\\\/af\\\/author\\\/brand_candy_amy\\\/\"}]}<\/script>\n<!-- \/ Yoast SEO plugin. -->","yoast_head_json":{"title":"VF Plus l\u00ea mosie ter tafel oor wanfunksionering van slimmeters in Emfuleni | Vryheidsfront Plus","description":"Die VF Plus het \u0149 mosie ter tafel gel\u00ea oor die wanfunksionering van BXC-slimmeters in die Emfuleni-plaaslike munisipaliteit (Evaton, Sebokeng, Vaal Oewer,","robots":{"index":"index","follow":"follow","max-snippet":"max-snippet:-1","max-image-preview":"max-image-preview:large","max-video-preview":"max-video-preview:-1"},"canonical":"https:\/\/www.vfplus.org.za\/af\/mediaverklarings\/vf-plus-le-mosie-ter-tafel-oor-wanfunksionering-van-slimmeters-in-emfuleni\/","og_locale":"af_ZA","og_type":"article","og_title":"VF Plus l\u00ea mosie ter tafel oor wanfunksionering van slimmeters in Emfuleni | Vryheidsfront Plus","og_description":"Die VF Plus het \u0149 mosie ter tafel gel\u00ea oor die wanfunksionering van BXC-slimmeters in die Emfuleni-plaaslike munisipaliteit (Evaton, Sebokeng, Vaal Oewer,","og_url":"https:\/\/www.vfplus.org.za\/af\/mediaverklarings\/vf-plus-le-mosie-ter-tafel-oor-wanfunksionering-van-slimmeters-in-emfuleni\/","og_site_name":"Vryheidsfront Plus","article_publisher":"https:\/\/www.facebook.com\/VFplus?fref=ts","article_published_time":"2025-10-22T11:15:57+00:00","article_modified_time":"2025-10-22T11:16:06+00:00","og_image":[{"width":1024,"height":768,"url":"https:\/\/www.vfplus.org.za\/wp-content\/uploads\/2025\/10\/freedomfront_plus_VF-Plus-le-mosie-ter-tafel-oor-wanfunksionering-van-slimmeters-in-Emfuleni.png","type":"image\/png"}],"author":"Cobus Cato","twitter_card":"summary_large_image","twitter_creator":"@VFplus","twitter_site":"@VFplus","twitter_misc":{"Written by":"brand_candy_amy","Est. reading time":"2 minutes"},"schema":{"@context":"https:\/\/schema.org","@graph":[{"@type":"Article","@id":"https:\/\/www.vfplus.org.za\/af\/mediaverklarings\/vf-plus-le-mosie-ter-tafel-oor-wanfunksionering-van-slimmeters-in-emfuleni\/#article","isPartOf":{"@id":"https:\/\/www.vfplus.org.za\/af\/mediaverklarings\/vf-plus-le-mosie-ter-tafel-oor-wanfunksionering-van-slimmeters-in-emfuleni\/"},"author":{"name":"brand_candy_amy","@id":"https:\/\/www.vfplus.org.za\/af\/#\/schema\/person\/2c3e703fc713d95efd7b7bf7b34646f4"},"headline":"VF Plus l\u00ea mosie ter tafel oor wanfunksionering van slimmeters in Emfuleni","datePublished":"2025-10-22T11:15:57+00:00","dateModified":"2025-10-22T11:16:06+00:00","mainEntityOfPage":{"@id":"https:\/\/www.vfplus.org.za\/af\/mediaverklarings\/vf-plus-le-mosie-ter-tafel-oor-wanfunksionering-van-slimmeters-in-emfuleni\/"},"wordCount":256,"publisher":{"@id":"https:\/\/www.vfplus.org.za\/af\/#organization"},"image":{"@id":"https:\/\/www.vfplus.org.za\/af\/mediaverklarings\/vf-plus-le-mosie-ter-tafel-oor-wanfunksionering-van-slimmeters-in-emfuleni\/#primaryimage"},"thumbnailUrl":"https:\/\/www.vfplus.org.za\/wp-content\/uploads\/2025\/10\/freedomfront_plus_VF-Plus-le-mosie-ter-tafel-oor-wanfunksionering-van-slimmeters-in-Emfuleni.png","articleSection":["Mediaverklarings"],"inLanguage":"af-ZA"},{"@type":"WebPage","@id":"https:\/\/www.vfplus.org.za\/af\/mediaverklarings\/vf-plus-le-mosie-ter-tafel-oor-wanfunksionering-van-slimmeters-in-emfuleni\/","url":"https:\/\/www.vfplus.org.za\/af\/mediaverklarings\/vf-plus-le-mosie-ter-tafel-oor-wanfunksionering-van-slimmeters-in-emfuleni\/","name":"VF Plus l\u00ea mosie ter tafel oor wanfunksionering van slimmeters in Emfuleni | Vryheidsfront Plus","isPartOf":{"@id":"https:\/\/www.vfplus.org.za\/af\/#website"},"primaryImageOfPage":{"@id":"https:\/\/www.vfplus.org.za\/af\/mediaverklarings\/vf-plus-le-mosie-ter-tafel-oor-wanfunksionering-van-slimmeters-in-emfuleni\/#primaryimage"},"image":{"@id":"https:\/\/www.vfplus.org.za\/af\/mediaverklarings\/vf-plus-le-mosie-ter-tafel-oor-wanfunksionering-van-slimmeters-in-emfuleni\/#primaryimage"},"thumbnailUrl":"https:\/\/www.vfplus.org.za\/wp-content\/uploads\/2025\/10\/freedomfront_plus_VF-Plus-le-mosie-ter-tafel-oor-wanfunksionering-van-slimmeters-in-Emfuleni.png","datePublished":"2025-10-22T11:15:57+00:00","dateModified":"2025-10-22T11:16:06+00:00","description":"Die VF Plus het \u0149 mosie ter tafel gel\u00ea oor die wanfunksionering van BXC-slimmeters in die Emfuleni-plaaslike munisipaliteit (Evaton, Sebokeng, Vaal Oewer,","breadcrumb":{"@id":"https:\/\/www.vfplus.org.za\/af\/mediaverklarings\/vf-plus-le-mosie-ter-tafel-oor-wanfunksionering-van-slimmeters-in-emfuleni\/#breadcrumb"},"inLanguage":"af-ZA","potentialAction":[{"@type":"ReadAction","target":["https:\/\/www.vfplus.org.za\/af\/mediaverklarings\/vf-plus-le-mosie-ter-tafel-oor-wanfunksionering-van-slimmeters-in-emfuleni\/"]}]},{"@type":"ImageObject","inLanguage":"af-ZA","@id":"https:\/\/www.vfplus.org.za\/af\/mediaverklarings\/vf-plus-le-mosie-ter-tafel-oor-wanfunksionering-van-slimmeters-in-emfuleni\/#primaryimage","url":"https:\/\/www.vfplus.org.za\/wp-content\/uploads\/2025\/10\/freedomfront_plus_VF-Plus-le-mosie-ter-tafel-oor-wanfunksionering-van-slimmeters-in-Emfuleni.png","contentUrl":"https:\/\/www.vfplus.org.za\/wp-content\/uploads\/2025\/10\/freedomfront_plus_VF-Plus-le-mosie-ter-tafel-oor-wanfunksionering-van-slimmeters-in-Emfuleni.png","width":1024,"height":768},{"@type":"BreadcrumbList","@id":"https:\/\/www.vfplus.org.za\/af\/mediaverklarings\/vf-plus-le-mosie-ter-tafel-oor-wanfunksionering-van-slimmeters-in-emfuleni\/#breadcrumb","itemListElement":[{"@type":"ListItem","position":1,"name":"Tuis","item":"https:\/\/www.vfplus.org.za\/af\/"},{"@type":"ListItem","position":2,"name":"VF Plus l\u00ea mosie ter tafel oor wanfunksionering van slimmeters in Emfuleni"}]},{"@type":"WebSite","@id":"https:\/\/www.vfplus.org.za\/af\/#website","url":"https:\/\/www.vfplus.org.za\/af\/","name":"Freedom Front Plus","description":"Stand Up | Stand Together | Stand Strong","publisher":{"@id":"https:\/\/www.vfplus.org.za\/af\/#organization"},"potentialAction":[{"@type":"SearchAction","target":{"@type":"EntryPoint","urlTemplate":"https:\/\/www.vfplus.org.za\/af\/?s={search_term_string}"},"query-input":{"@type":"PropertyValueSpecification","valueRequired":true,"valueName":"search_term_string"}}],"inLanguage":"af-ZA"},{"@type":"Organization","@id":"https:\/\/www.vfplus.org.za\/af\/#organization","name":"Vryheidsfront Plus","alternateName":"VF Plus","url":"https:\/\/www.vfplus.org.za\/af\/","logo":{"@type":"ImageObject","inLanguage":"af-ZA","@id":"https:\/\/www.vfplus.org.za\/af\/#\/schema\/logo\/image\/","url":"https:\/\/www.vfplus.org.za\/wp-content\/uploads\/2022\/11\/vfplus-logo-01.png","contentUrl":"https:\/\/www.vfplus.org.za\/wp-content\/uploads\/2022\/11\/vfplus-logo-01.png","width":130,"height":130,"caption":"Vryheidsfront Plus"},"image":{"@id":"https:\/\/www.vfplus.org.za\/af\/#\/schema\/logo\/image\/"},"sameAs":["https:\/\/www.facebook.com\/VFplus?fref=ts","https:\/\/x.com\/VFplus","https:\/\/www.instagram.com\/vfplus_ffplus\/?hl=en","https:\/\/www.youtube.com\/user\/VRYHEIDSFRONTplus"]},{"@type":"Person","@id":"https:\/\/www.vfplus.org.za\/af\/#\/schema\/person\/2c3e703fc713d95efd7b7bf7b34646f4","name":"brand_candy_amy","image":{"@type":"ImageObject","inLanguage":"af-ZA","@id":"https:\/\/secure.gravatar.com\/avatar\/d295c22bd41c5cb61e8aa7fcafe90d2d2302363bc123897b40165ee0165d4f6b?s=96&d=mm&r=g45c99b902ec3fd12cf6977a6b6edf27a","url":"https:\/\/secure.gravatar.com\/avatar\/d295c22bd41c5cb61e8aa7fcafe90d2d2302363bc123897b40165ee0165d4f6b?s=96&d=mm&r=g","contentUrl":"https:\/\/secure.gravatar.com\/avatar\/d295c22bd41c5cb61e8aa7fcafe90d2d2302363bc123897b40165ee0165d4f6b?s=96&d=mm&r=g","caption":"brand_candy_amy"},"sameAs":["https:\/\/brandcandy.co.za"],"url":"https:\/\/www.vfplus.org.za\/af\/author\/brand_candy_amy\/"}]}},"authors":[{"term_id":396,"user_id":0,"is_guest":1,"slug":"cobus-cato","display_name":"Cobus Cato","avatar_url":{"url":"https:\/\/www.vfplus.org.za\/wp-content\/uploads\/2023\/08\/freedomfront-plus-author-cobus-cato-emfuleni.jpg-e1695033583574.png","url2x":"https:\/\/www.vfplus.org.za\/wp-content\/uploads\/2023\/08\/freedomfront-plus-author-cobus-cato-emfuleni.jpg-e1695033583574.png"},"author_category":"","user_url":"","last_name":"","first_name":"","job_title":"","description":""}],"_links":{"self":[{"href":"https:\/\/www.vfplus.org.za\/af\/wp-json\/wp\/v2\/posts\/83623","targetHints":{"allow":["GET"]}}],"collection":[{"href":"https:\/\/www.vfplus.org.za\/af\/wp-json\/wp\/v2\/posts"}],"about":[{"href":"https:\/\/www.vfplus.org.za\/af\/wp-json\/wp\/v2\/types\/post"}],"author":[{"embeddable":true,"href":"https:\/\/www.vfplus.org.za\/af\/wp-json\/wp\/v2\/users\/5"}],"replies":[{"embeddable":true,"href":"https:\/\/www.vfplus.org.za\/af\/wp-json\/wp\/v2\/comments?post=83623"}],"version-history":[{"count":1,"href":"https:\/\/www.vfplus.org.za\/af\/wp-json\/wp\/v2\/posts\/83623\/revisions"}],"predecessor-version":[{"id":83626,"href":"https:\/\/www.vfplus.org.za\/af\/wp-json\/wp\/v2\/posts\/83623\/revisions\/83626"}],"wp:featuredmedia":[{"embeddable":true,"href":"https:\/\/www.vfplus.org.za\/af\/wp-json\/wp\/v2\/media\/83624"}],"wp:attachment":[{"href":"https:\/\/www.vfplus.org.za\/af\/wp-json\/wp\/v2\/media?parent=83623"}],"wp:term":[{"taxonomy":"category","embeddable":true,"href":"https:\/\/www.vfplus.org.za\/af\/wp-json\/wp\/v2\/categories?post=83623"},{"taxonomy":"post_tag","embeddable":true,"href":"https:\/\/www.vfplus.org.za\/af\/wp-json\/wp\/v2\/tags?post=83623"},{"taxonomy":"author","embeddable":true,"href":"https:\/\/www.vfplus.org.za\/af\/wp-json\/wp\/v2\/ppma_author?post=83623"}],"curies":[{"name":"wp","href":"https:\/\/api.w.org\/{rel}","templated":true}]}}