{"id":83350,"date":"2025-10-06T14:21:33","date_gmt":"2025-10-06T12:21:33","guid":{"rendered":"https:\/\/www.vfplus.org.za\/?p=83350"},"modified":"2025-10-06T14:21:36","modified_gmt":"2025-10-06T12:21:36","slug":"ekurhuleni-se-ondoeltreffende-oortydbestuur-laat-kemptonpark-inwoners-in-donker","status":"publish","type":"post","link":"https:\/\/www.vfplus.org.za\/af\/mediaverklarings\/ekurhuleni-se-ondoeltreffende-oortydbestuur-laat-kemptonpark-inwoners-in-donker\/","title":{"rendered":"Ekurhuleni se ondoeltreffende oortydbestuur laat Kemptonpark-inwoners in donker"},"content":{"rendered":"\n<p class=\"wp-block-paragraph\">Die Ekurhuleni-metro se onvermo\u00eb om die personeel van die energiedepartement se oortyd doeltreffend te bestuur, het inwoners van Kemptonpark onlangs vir meer as 24 uur sonder krag gelaat.<\/p>\n\n\n\n<p class=\"wp-block-paragraph\">Die departement het sy oortyd s\u00f3 wanbestuur dat daar \u0149 raadsbesluit geneem is dat slegs 40 uur se oortyd per maand aan die departement toegeken is. Di\u00e9 tyd mag ook net aangewend word om groot kragonderbrekings te herstel.<\/p>\n\n\n\n<p class=\"wp-block-paragraph\">Die misbruik van oortyd het nou daartoe gelei dat nie eens \u0149 eenvoudige kragonderbreking vinnig na-ure herstel kan word nie.<\/p>\n\n\n\n<p class=\"wp-block-paragraph\">Dit het daartoe gelei dat nagtelike kragonderbrekings op 26 en 29 September in Birch Acres nie herstel kon word nie omdat die oortydtoekenning reeds gebruik is. Inwoners moes tot die volgende dag wag vir herstelwerk om te begin.<\/p>\n\n\n\n<p class=\"wp-block-paragraph\">Dit is onaanvaarbaar dat ondernemings wat reeds onder ekonomiese druk is, van alternatiewe kragvoorsiening gebruik moet maak of sonder krag moet klaarkom.<\/p>\n\n\n\n<p class=\"wp-block-paragraph\">Inwoners verdien betroubare kragvoorsiening en nie eindelose verskonings nie.<\/p>\n\n\n\n<p class=\"wp-block-paragraph\">Dit is die departementshoof se plig om toe te sien dat oortydtoekennings nie misbruik word nie en effektief aangewend word sodat probleme gou aangespreek kan word.<\/p>\n\n\n\n<p class=\"wp-block-paragraph\">Die VF Plus herhaal dat die enigste manier om aanspreeklikheid en bevoegdheid terug te bring na plaaslike regering, by die stembus moet plaasvind.<\/p>\n","protected":false},"excerpt":{"rendered":"<p>Die Ekurhuleni-metro se onvermo\u00eb om die personeel van die energiedepartement se oortyd doeltreffend te bestuur, het inwoners van Kemptonpark onlangs vir meer as 24 uur sonder krag gelaat. Die departement het sy oortyd s\u00f3 wanbestuur dat daar \u0149 raadsbesluit geneem is dat slegs 40 uur se oortyd per maand aan die departement toegeken is. Di\u00e9 [&hellip;]<\/p>\n","protected":false},"author":5,"featured_media":83351,"comment_status":"closed","ping_status":"closed","sticky":false,"template":"","format":"standard","meta":{"_acf_changed":false,"_relevanssi_hide_post":"","_relevanssi_hide_content":"","_relevanssi_pin_for_all":"","_relevanssi_pin_keywords":"","_relevanssi_unpin_keywords":"","_relevanssi_related_keywords":"","_relevanssi_related_include_ids":"","_relevanssi_related_exclude_ids":"","_relevanssi_related_no_append":"","_relevanssi_related_not_related":"","_relevanssi_related_posts":"61856,61504,58189,71123,82705,58473","_relevanssi_noindex_reason":"","footnotes":""},"categories":[100],"tags":[],"ppma_author":[219],"class_list":["post-83350","post","type-post","status-publish","format-standard","has-post-thumbnail","hentry","category-mediaverklarings"],"acf":[],"yoast_head":"<!-- This site is optimized with the Yoast SEO plugin v28.3 - https:\/\/yoast.com\/product\/yoast-seo-wordpress\/ -->\n<title>Ekurhuleni se ondoeltreffende oortydbestuur laat Kemptonpark-inwoners in donker | Vryheidsfront Plus<\/title>\n<meta name=\"description\" content=\"Die Ekurhuleni-metro se onvermo\u00eb om die personeel van die energiedepartement se oortyd doeltreffend te bestuur, het inwoners van Kemptonpark onlangs vir\" \/>\n<meta name=\"robots\" content=\"index, follow, max-snippet:-1, max-image-preview:large, max-video-preview:-1\" \/>\n<link rel=\"canonical\" href=\"https:\/\/www.vfplus.org.za\/af\/mediaverklarings\/ekurhuleni-se-ondoeltreffende-oortydbestuur-laat-kemptonpark-inwoners-in-donker\/\" \/>\n<meta property=\"og:locale\" content=\"af_ZA\" \/>\n<meta property=\"og:type\" content=\"article\" \/>\n<meta property=\"og:title\" content=\"Ekurhuleni se ondoeltreffende oortydbestuur laat Kemptonpark-inwoners in donker | Vryheidsfront Plus\" \/>\n<meta property=\"og:description\" content=\"Die Ekurhuleni-metro se onvermo\u00eb om die personeel van die energiedepartement se oortyd doeltreffend te bestuur, het inwoners van Kemptonpark onlangs vir\" \/>\n<meta property=\"og:url\" content=\"https:\/\/www.vfplus.org.za\/af\/mediaverklarings\/ekurhuleni-se-ondoeltreffende-oortydbestuur-laat-kemptonpark-inwoners-in-donker\/\" \/>\n<meta property=\"og:site_name\" content=\"Vryheidsfront Plus\" \/>\n<meta property=\"article:publisher\" content=\"https:\/\/www.facebook.com\/VFplus?fref=ts\" \/>\n<meta property=\"article:published_time\" content=\"2025-10-06T12:21:33+00:00\" \/>\n<meta property=\"article:modified_time\" content=\"2025-10-06T12:21:36+00:00\" \/>\n<meta property=\"og:image\" content=\"https:\/\/www.vfplus.org.za\/wp-content\/uploads\/2025\/10\/freedomfront_plus_Ekurhuleni-se-ondoeltreffende-oortydbestuur-laat-Kemptonpark-inwoners-in-donker.png\" \/>\n\t<meta property=\"og:image:width\" content=\"1024\" \/>\n\t<meta property=\"og:image:height\" content=\"768\" \/>\n\t<meta property=\"og:image:type\" content=\"image\/png\" \/>\n<meta name=\"author\" content=\"Jean Kriek\" \/>\n<meta name=\"twitter:card\" content=\"summary_large_image\" \/>\n<meta name=\"twitter:creator\" content=\"@VFplus\" \/>\n<meta name=\"twitter:site\" content=\"@VFplus\" \/>\n<meta name=\"twitter:label1\" content=\"Written by\" \/>\n\t<meta name=\"twitter:data1\" content=\"brand_candy_amy\" \/>\n\t<meta name=\"twitter:label2\" content=\"Est. reading time\" \/>\n\t<meta name=\"twitter:data2\" content=\"2 minutes\" \/>\n<script type=\"application\/ld+json\" class=\"yoast-schema-graph\">{\"@context\":\"https:\\\/\\\/schema.org\",\"@graph\":[{\"@type\":\"Article\",\"@id\":\"https:\\\/\\\/www.vfplus.org.za\\\/af\\\/mediaverklarings\\\/ekurhuleni-se-ondoeltreffende-oortydbestuur-laat-kemptonpark-inwoners-in-donker\\\/#article\",\"isPartOf\":{\"@id\":\"https:\\\/\\\/www.vfplus.org.za\\\/af\\\/mediaverklarings\\\/ekurhuleni-se-ondoeltreffende-oortydbestuur-laat-kemptonpark-inwoners-in-donker\\\/\"},\"author\":{\"name\":\"brand_candy_amy\",\"@id\":\"https:\\\/\\\/www.vfplus.org.za\\\/af\\\/#\\\/schema\\\/person\\\/2c3e703fc713d95efd7b7bf7b34646f4\"},\"headline\":\"Ekurhuleni se ondoeltreffende oortydbestuur laat Kemptonpark-inwoners in donker\",\"datePublished\":\"2025-10-06T12:21:33+00:00\",\"dateModified\":\"2025-10-06T12:21:36+00:00\",\"mainEntityOfPage\":{\"@id\":\"https:\\\/\\\/www.vfplus.org.za\\\/af\\\/mediaverklarings\\\/ekurhuleni-se-ondoeltreffende-oortydbestuur-laat-kemptonpark-inwoners-in-donker\\\/\"},\"wordCount\":206,\"publisher\":{\"@id\":\"https:\\\/\\\/www.vfplus.org.za\\\/af\\\/#organization\"},\"image\":{\"@id\":\"https:\\\/\\\/www.vfplus.org.za\\\/af\\\/mediaverklarings\\\/ekurhuleni-se-ondoeltreffende-oortydbestuur-laat-kemptonpark-inwoners-in-donker\\\/#primaryimage\"},\"thumbnailUrl\":\"https:\\\/\\\/www.vfplus.org.za\\\/wp-content\\\/uploads\\\/2025\\\/10\\\/freedomfront_plus_Ekurhuleni-se-ondoeltreffende-oortydbestuur-laat-Kemptonpark-inwoners-in-donker.png\",\"articleSection\":[\"Mediaverklarings\"],\"inLanguage\":\"af-ZA\"},{\"@type\":\"WebPage\",\"@id\":\"https:\\\/\\\/www.vfplus.org.za\\\/af\\\/mediaverklarings\\\/ekurhuleni-se-ondoeltreffende-oortydbestuur-laat-kemptonpark-inwoners-in-donker\\\/\",\"url\":\"https:\\\/\\\/www.vfplus.org.za\\\/af\\\/mediaverklarings\\\/ekurhuleni-se-ondoeltreffende-oortydbestuur-laat-kemptonpark-inwoners-in-donker\\\/\",\"name\":\"Ekurhuleni se ondoeltreffende oortydbestuur laat Kemptonpark-inwoners in donker | Vryheidsfront Plus\",\"isPartOf\":{\"@id\":\"https:\\\/\\\/www.vfplus.org.za\\\/af\\\/#website\"},\"primaryImageOfPage\":{\"@id\":\"https:\\\/\\\/www.vfplus.org.za\\\/af\\\/mediaverklarings\\\/ekurhuleni-se-ondoeltreffende-oortydbestuur-laat-kemptonpark-inwoners-in-donker\\\/#primaryimage\"},\"image\":{\"@id\":\"https:\\\/\\\/www.vfplus.org.za\\\/af\\\/mediaverklarings\\\/ekurhuleni-se-ondoeltreffende-oortydbestuur-laat-kemptonpark-inwoners-in-donker\\\/#primaryimage\"},\"thumbnailUrl\":\"https:\\\/\\\/www.vfplus.org.za\\\/wp-content\\\/uploads\\\/2025\\\/10\\\/freedomfront_plus_Ekurhuleni-se-ondoeltreffende-oortydbestuur-laat-Kemptonpark-inwoners-in-donker.png\",\"datePublished\":\"2025-10-06T12:21:33+00:00\",\"dateModified\":\"2025-10-06T12:21:36+00:00\",\"description\":\"Die Ekurhuleni-metro se onvermo\u00eb om die personeel van die energiedepartement se oortyd doeltreffend te bestuur, het inwoners van Kemptonpark onlangs vir\",\"breadcrumb\":{\"@id\":\"https:\\\/\\\/www.vfplus.org.za\\\/af\\\/mediaverklarings\\\/ekurhuleni-se-ondoeltreffende-oortydbestuur-laat-kemptonpark-inwoners-in-donker\\\/#breadcrumb\"},\"inLanguage\":\"af-ZA\",\"potentialAction\":[{\"@type\":\"ReadAction\",\"target\":[\"https:\\\/\\\/www.vfplus.org.za\\\/af\\\/mediaverklarings\\\/ekurhuleni-se-ondoeltreffende-oortydbestuur-laat-kemptonpark-inwoners-in-donker\\\/\"]}]},{\"@type\":\"ImageObject\",\"inLanguage\":\"af-ZA\",\"@id\":\"https:\\\/\\\/www.vfplus.org.za\\\/af\\\/mediaverklarings\\\/ekurhuleni-se-ondoeltreffende-oortydbestuur-laat-kemptonpark-inwoners-in-donker\\\/#primaryimage\",\"url\":\"https:\\\/\\\/www.vfplus.org.za\\\/wp-content\\\/uploads\\\/2025\\\/10\\\/freedomfront_plus_Ekurhuleni-se-ondoeltreffende-oortydbestuur-laat-Kemptonpark-inwoners-in-donker.png\",\"contentUrl\":\"https:\\\/\\\/www.vfplus.org.za\\\/wp-content\\\/uploads\\\/2025\\\/10\\\/freedomfront_plus_Ekurhuleni-se-ondoeltreffende-oortydbestuur-laat-Kemptonpark-inwoners-in-donker.png\",\"width\":1024,\"height\":768},{\"@type\":\"BreadcrumbList\",\"@id\":\"https:\\\/\\\/www.vfplus.org.za\\\/af\\\/mediaverklarings\\\/ekurhuleni-se-ondoeltreffende-oortydbestuur-laat-kemptonpark-inwoners-in-donker\\\/#breadcrumb\",\"itemListElement\":[{\"@type\":\"ListItem\",\"position\":1,\"name\":\"Tuis\",\"item\":\"https:\\\/\\\/www.vfplus.org.za\\\/af\\\/\"},{\"@type\":\"ListItem\",\"position\":2,\"name\":\"Ekurhuleni se ondoeltreffende oortydbestuur laat Kemptonpark-inwoners in donker\"}]},{\"@type\":\"WebSite\",\"@id\":\"https:\\\/\\\/www.vfplus.org.za\\\/af\\\/#website\",\"url\":\"https:\\\/\\\/www.vfplus.org.za\\\/af\\\/\",\"name\":\"Freedom Front Plus\",\"description\":\"Stand Up | Stand Together | Stand Strong\",\"publisher\":{\"@id\":\"https:\\\/\\\/www.vfplus.org.za\\\/af\\\/#organization\"},\"potentialAction\":[{\"@type\":\"SearchAction\",\"target\":{\"@type\":\"EntryPoint\",\"urlTemplate\":\"https:\\\/\\\/www.vfplus.org.za\\\/af\\\/?s={search_term_string}\"},\"query-input\":{\"@type\":\"PropertyValueSpecification\",\"valueRequired\":true,\"valueName\":\"search_term_string\"}}],\"inLanguage\":\"af-ZA\"},{\"@type\":\"Organization\",\"@id\":\"https:\\\/\\\/www.vfplus.org.za\\\/af\\\/#organization\",\"name\":\"Vryheidsfront Plus\",\"alternateName\":\"VF Plus\",\"url\":\"https:\\\/\\\/www.vfplus.org.za\\\/af\\\/\",\"logo\":{\"@type\":\"ImageObject\",\"inLanguage\":\"af-ZA\",\"@id\":\"https:\\\/\\\/www.vfplus.org.za\\\/af\\\/#\\\/schema\\\/logo\\\/image\\\/\",\"url\":\"https:\\\/\\\/www.vfplus.org.za\\\/wp-content\\\/uploads\\\/2022\\\/11\\\/vfplus-logo-01.png\",\"contentUrl\":\"https:\\\/\\\/www.vfplus.org.za\\\/wp-content\\\/uploads\\\/2022\\\/11\\\/vfplus-logo-01.png\",\"width\":130,\"height\":130,\"caption\":\"Vryheidsfront Plus\"},\"image\":{\"@id\":\"https:\\\/\\\/www.vfplus.org.za\\\/af\\\/#\\\/schema\\\/logo\\\/image\\\/\"},\"sameAs\":[\"https:\\\/\\\/www.facebook.com\\\/VFplus?fref=ts\",\"https:\\\/\\\/x.com\\\/VFplus\",\"https:\\\/\\\/www.instagram.com\\\/vfplus_ffplus\\\/?hl=en\",\"https:\\\/\\\/www.youtube.com\\\/user\\\/VRYHEIDSFRONTplus\"]},{\"@type\":\"Person\",\"@id\":\"https:\\\/\\\/www.vfplus.org.za\\\/af\\\/#\\\/schema\\\/person\\\/2c3e703fc713d95efd7b7bf7b34646f4\",\"name\":\"brand_candy_amy\",\"image\":{\"@type\":\"ImageObject\",\"inLanguage\":\"af-ZA\",\"@id\":\"https:\\\/\\\/secure.gravatar.com\\\/avatar\\\/d295c22bd41c5cb61e8aa7fcafe90d2d2302363bc123897b40165ee0165d4f6b?s=96&d=mm&r=g45c99b902ec3fd12cf6977a6b6edf27a\",\"url\":\"https:\\\/\\\/secure.gravatar.com\\\/avatar\\\/d295c22bd41c5cb61e8aa7fcafe90d2d2302363bc123897b40165ee0165d4f6b?s=96&d=mm&r=g\",\"contentUrl\":\"https:\\\/\\\/secure.gravatar.com\\\/avatar\\\/d295c22bd41c5cb61e8aa7fcafe90d2d2302363bc123897b40165ee0165d4f6b?s=96&d=mm&r=g\",\"caption\":\"brand_candy_amy\"},\"sameAs\":[\"https:\\\/\\\/brandcandy.co.za\"],\"url\":\"https:\\\/\\\/www.vfplus.org.za\\\/af\\\/author\\\/brand_candy_amy\\\/\"}]}<\/script>\n<!-- \/ Yoast SEO plugin. -->","yoast_head_json":{"title":"Ekurhuleni se ondoeltreffende oortydbestuur laat Kemptonpark-inwoners in donker | Vryheidsfront Plus","description":"Die Ekurhuleni-metro se onvermo\u00eb om die personeel van die energiedepartement se oortyd doeltreffend te bestuur, het inwoners van Kemptonpark onlangs vir","robots":{"index":"index","follow":"follow","max-snippet":"max-snippet:-1","max-image-preview":"max-image-preview:large","max-video-preview":"max-video-preview:-1"},"canonical":"https:\/\/www.vfplus.org.za\/af\/mediaverklarings\/ekurhuleni-se-ondoeltreffende-oortydbestuur-laat-kemptonpark-inwoners-in-donker\/","og_locale":"af_ZA","og_type":"article","og_title":"Ekurhuleni se ondoeltreffende oortydbestuur laat Kemptonpark-inwoners in donker | Vryheidsfront Plus","og_description":"Die Ekurhuleni-metro se onvermo\u00eb om die personeel van die energiedepartement se oortyd doeltreffend te bestuur, het inwoners van Kemptonpark onlangs vir","og_url":"https:\/\/www.vfplus.org.za\/af\/mediaverklarings\/ekurhuleni-se-ondoeltreffende-oortydbestuur-laat-kemptonpark-inwoners-in-donker\/","og_site_name":"Vryheidsfront Plus","article_publisher":"https:\/\/www.facebook.com\/VFplus?fref=ts","article_published_time":"2025-10-06T12:21:33+00:00","article_modified_time":"2025-10-06T12:21:36+00:00","og_image":[{"width":1024,"height":768,"url":"https:\/\/www.vfplus.org.za\/wp-content\/uploads\/2025\/10\/freedomfront_plus_Ekurhuleni-se-ondoeltreffende-oortydbestuur-laat-Kemptonpark-inwoners-in-donker.png","type":"image\/png"}],"author":"Jean Kriek","twitter_card":"summary_large_image","twitter_creator":"@VFplus","twitter_site":"@VFplus","twitter_misc":{"Written by":"brand_candy_amy","Est. reading time":"2 minutes"},"schema":{"@context":"https:\/\/schema.org","@graph":[{"@type":"Article","@id":"https:\/\/www.vfplus.org.za\/af\/mediaverklarings\/ekurhuleni-se-ondoeltreffende-oortydbestuur-laat-kemptonpark-inwoners-in-donker\/#article","isPartOf":{"@id":"https:\/\/www.vfplus.org.za\/af\/mediaverklarings\/ekurhuleni-se-ondoeltreffende-oortydbestuur-laat-kemptonpark-inwoners-in-donker\/"},"author":{"name":"brand_candy_amy","@id":"https:\/\/www.vfplus.org.za\/af\/#\/schema\/person\/2c3e703fc713d95efd7b7bf7b34646f4"},"headline":"Ekurhuleni se ondoeltreffende oortydbestuur laat Kemptonpark-inwoners in donker","datePublished":"2025-10-06T12:21:33+00:00","dateModified":"2025-10-06T12:21:36+00:00","mainEntityOfPage":{"@id":"https:\/\/www.vfplus.org.za\/af\/mediaverklarings\/ekurhuleni-se-ondoeltreffende-oortydbestuur-laat-kemptonpark-inwoners-in-donker\/"},"wordCount":206,"publisher":{"@id":"https:\/\/www.vfplus.org.za\/af\/#organization"},"image":{"@id":"https:\/\/www.vfplus.org.za\/af\/mediaverklarings\/ekurhuleni-se-ondoeltreffende-oortydbestuur-laat-kemptonpark-inwoners-in-donker\/#primaryimage"},"thumbnailUrl":"https:\/\/www.vfplus.org.za\/wp-content\/uploads\/2025\/10\/freedomfront_plus_Ekurhuleni-se-ondoeltreffende-oortydbestuur-laat-Kemptonpark-inwoners-in-donker.png","articleSection":["Mediaverklarings"],"inLanguage":"af-ZA"},{"@type":"WebPage","@id":"https:\/\/www.vfplus.org.za\/af\/mediaverklarings\/ekurhuleni-se-ondoeltreffende-oortydbestuur-laat-kemptonpark-inwoners-in-donker\/","url":"https:\/\/www.vfplus.org.za\/af\/mediaverklarings\/ekurhuleni-se-ondoeltreffende-oortydbestuur-laat-kemptonpark-inwoners-in-donker\/","name":"Ekurhuleni se ondoeltreffende oortydbestuur laat Kemptonpark-inwoners in donker | Vryheidsfront Plus","isPartOf":{"@id":"https:\/\/www.vfplus.org.za\/af\/#website"},"primaryImageOfPage":{"@id":"https:\/\/www.vfplus.org.za\/af\/mediaverklarings\/ekurhuleni-se-ondoeltreffende-oortydbestuur-laat-kemptonpark-inwoners-in-donker\/#primaryimage"},"image":{"@id":"https:\/\/www.vfplus.org.za\/af\/mediaverklarings\/ekurhuleni-se-ondoeltreffende-oortydbestuur-laat-kemptonpark-inwoners-in-donker\/#primaryimage"},"thumbnailUrl":"https:\/\/www.vfplus.org.za\/wp-content\/uploads\/2025\/10\/freedomfront_plus_Ekurhuleni-se-ondoeltreffende-oortydbestuur-laat-Kemptonpark-inwoners-in-donker.png","datePublished":"2025-10-06T12:21:33+00:00","dateModified":"2025-10-06T12:21:36+00:00","description":"Die Ekurhuleni-metro se onvermo\u00eb om die personeel van die energiedepartement se oortyd doeltreffend te bestuur, het inwoners van Kemptonpark onlangs vir","breadcrumb":{"@id":"https:\/\/www.vfplus.org.za\/af\/mediaverklarings\/ekurhuleni-se-ondoeltreffende-oortydbestuur-laat-kemptonpark-inwoners-in-donker\/#breadcrumb"},"inLanguage":"af-ZA","potentialAction":[{"@type":"ReadAction","target":["https:\/\/www.vfplus.org.za\/af\/mediaverklarings\/ekurhuleni-se-ondoeltreffende-oortydbestuur-laat-kemptonpark-inwoners-in-donker\/"]}]},{"@type":"ImageObject","inLanguage":"af-ZA","@id":"https:\/\/www.vfplus.org.za\/af\/mediaverklarings\/ekurhuleni-se-ondoeltreffende-oortydbestuur-laat-kemptonpark-inwoners-in-donker\/#primaryimage","url":"https:\/\/www.vfplus.org.za\/wp-content\/uploads\/2025\/10\/freedomfront_plus_Ekurhuleni-se-ondoeltreffende-oortydbestuur-laat-Kemptonpark-inwoners-in-donker.png","contentUrl":"https:\/\/www.vfplus.org.za\/wp-content\/uploads\/2025\/10\/freedomfront_plus_Ekurhuleni-se-ondoeltreffende-oortydbestuur-laat-Kemptonpark-inwoners-in-donker.png","width":1024,"height":768},{"@type":"BreadcrumbList","@id":"https:\/\/www.vfplus.org.za\/af\/mediaverklarings\/ekurhuleni-se-ondoeltreffende-oortydbestuur-laat-kemptonpark-inwoners-in-donker\/#breadcrumb","itemListElement":[{"@type":"ListItem","position":1,"name":"Tuis","item":"https:\/\/www.vfplus.org.za\/af\/"},{"@type":"ListItem","position":2,"name":"Ekurhuleni se ondoeltreffende oortydbestuur laat Kemptonpark-inwoners in donker"}]},{"@type":"WebSite","@id":"https:\/\/www.vfplus.org.za\/af\/#website","url":"https:\/\/www.vfplus.org.za\/af\/","name":"Freedom Front Plus","description":"Stand Up | Stand Together | Stand Strong","publisher":{"@id":"https:\/\/www.vfplus.org.za\/af\/#organization"},"potentialAction":[{"@type":"SearchAction","target":{"@type":"EntryPoint","urlTemplate":"https:\/\/www.vfplus.org.za\/af\/?s={search_term_string}"},"query-input":{"@type":"PropertyValueSpecification","valueRequired":true,"valueName":"search_term_string"}}],"inLanguage":"af-ZA"},{"@type":"Organization","@id":"https:\/\/www.vfplus.org.za\/af\/#organization","name":"Vryheidsfront Plus","alternateName":"VF Plus","url":"https:\/\/www.vfplus.org.za\/af\/","logo":{"@type":"ImageObject","inLanguage":"af-ZA","@id":"https:\/\/www.vfplus.org.za\/af\/#\/schema\/logo\/image\/","url":"https:\/\/www.vfplus.org.za\/wp-content\/uploads\/2022\/11\/vfplus-logo-01.png","contentUrl":"https:\/\/www.vfplus.org.za\/wp-content\/uploads\/2022\/11\/vfplus-logo-01.png","width":130,"height":130,"caption":"Vryheidsfront Plus"},"image":{"@id":"https:\/\/www.vfplus.org.za\/af\/#\/schema\/logo\/image\/"},"sameAs":["https:\/\/www.facebook.com\/VFplus?fref=ts","https:\/\/x.com\/VFplus","https:\/\/www.instagram.com\/vfplus_ffplus\/?hl=en","https:\/\/www.youtube.com\/user\/VRYHEIDSFRONTplus"]},{"@type":"Person","@id":"https:\/\/www.vfplus.org.za\/af\/#\/schema\/person\/2c3e703fc713d95efd7b7bf7b34646f4","name":"brand_candy_amy","image":{"@type":"ImageObject","inLanguage":"af-ZA","@id":"https:\/\/secure.gravatar.com\/avatar\/d295c22bd41c5cb61e8aa7fcafe90d2d2302363bc123897b40165ee0165d4f6b?s=96&d=mm&r=g45c99b902ec3fd12cf6977a6b6edf27a","url":"https:\/\/secure.gravatar.com\/avatar\/d295c22bd41c5cb61e8aa7fcafe90d2d2302363bc123897b40165ee0165d4f6b?s=96&d=mm&r=g","contentUrl":"https:\/\/secure.gravatar.com\/avatar\/d295c22bd41c5cb61e8aa7fcafe90d2d2302363bc123897b40165ee0165d4f6b?s=96&d=mm&r=g","caption":"brand_candy_amy"},"sameAs":["https:\/\/brandcandy.co.za"],"url":"https:\/\/www.vfplus.org.za\/af\/author\/brand_candy_amy\/"}]}},"authors":[{"term_id":219,"user_id":0,"is_guest":1,"slug":"jean-kriek","display_name":"Jean Kriek","avatar_url":{"url":"https:\/\/www.vfplus.org.za\/wp-content\/uploads\/2023\/08\/freedomfront-plus-author-jean-kriek-ekurhuleni.jpg-e1695726501844.png","url2x":"https:\/\/www.vfplus.org.za\/wp-content\/uploads\/2023\/08\/freedomfront-plus-author-jean-kriek-ekurhuleni.jpg-e1695726501844.png"},"author_category":"","user_url":"","last_name":"","first_name":"","job_title":"","description":""}],"_links":{"self":[{"href":"https:\/\/www.vfplus.org.za\/af\/wp-json\/wp\/v2\/posts\/83350","targetHints":{"allow":["GET"]}}],"collection":[{"href":"https:\/\/www.vfplus.org.za\/af\/wp-json\/wp\/v2\/posts"}],"about":[{"href":"https:\/\/www.vfplus.org.za\/af\/wp-json\/wp\/v2\/types\/post"}],"author":[{"embeddable":true,"href":"https:\/\/www.vfplus.org.za\/af\/wp-json\/wp\/v2\/users\/5"}],"replies":[{"embeddable":true,"href":"https:\/\/www.vfplus.org.za\/af\/wp-json\/wp\/v2\/comments?post=83350"}],"version-history":[{"count":1,"href":"https:\/\/www.vfplus.org.za\/af\/wp-json\/wp\/v2\/posts\/83350\/revisions"}],"predecessor-version":[{"id":83353,"href":"https:\/\/www.vfplus.org.za\/af\/wp-json\/wp\/v2\/posts\/83350\/revisions\/83353"}],"wp:featuredmedia":[{"embeddable":true,"href":"https:\/\/www.vfplus.org.za\/af\/wp-json\/wp\/v2\/media\/83351"}],"wp:attachment":[{"href":"https:\/\/www.vfplus.org.za\/af\/wp-json\/wp\/v2\/media?parent=83350"}],"wp:term":[{"taxonomy":"category","embeddable":true,"href":"https:\/\/www.vfplus.org.za\/af\/wp-json\/wp\/v2\/categories?post=83350"},{"taxonomy":"post_tag","embeddable":true,"href":"https:\/\/www.vfplus.org.za\/af\/wp-json\/wp\/v2\/tags?post=83350"},{"taxonomy":"author","embeddable":true,"href":"https:\/\/www.vfplus.org.za\/af\/wp-json\/wp\/v2\/ppma_author?post=83350"}],"curies":[{"name":"wp","href":"https:\/\/api.w.org\/{rel}","templated":true}]}}