{"id":81755,"date":"2025-08-01T13:36:28","date_gmt":"2025-08-01T11:36:28","guid":{"rendered":"https:\/\/www.vfplus.org.za\/?p=81755"},"modified":"2025-08-01T13:36:31","modified_gmt":"2025-08-01T11:36:31","slug":"kontrakteur-kanselleer-emfuleni-se-finansiele-sisteem-weens-wanbetaling","status":"publish","type":"post","link":"https:\/\/www.vfplus.org.za\/af\/mediaverklarings\/kontrakteur-kanselleer-emfuleni-se-finansiele-sisteem-weens-wanbetaling\/","title":{"rendered":"Kontrakteur kanselleer Emfuleni se finansi\u00eble sisteem weens wanbetaling"},"content":{"rendered":"\n<p class=\"wp-block-paragraph\">Die Emfuleni-plaaslike munisipaliteit (Evaton, Sebokeng, Vaal Oewer, Vanderbijlpark, Vereeniging) is verder in die moeilikheid nadat die kontrakteur BCX Solar wat die munisipaliteit se finansi\u00eble stelsel hanteer, sy dienste gekanselleer het weens wanbetaling.<\/p>\n\n\n\n<p class=\"wp-block-paragraph\">Emfuleni het die lisensiegeld van R3,6 miljoen betaal, maar nie die stelsel se onderhoudsfooi nie.<\/p>\n\n\n\n<p class=\"wp-block-paragraph\">Met die finansi\u00eble stelsel wat buite werking is, kan geen klaringsertifikate uitgereik word nie, inwoners kan nie voorafbetaalde krag by die sentrum aankoop nie en geen re\u00eblings kan getref word vir die aan- of afsluiting van krag en water nie.<\/p>\n\n\n\n<p class=\"wp-block-paragraph\">BCX Solar is maar een van vele diensverskaffers wat Emfuleni nie kan betaal nie weens Rand Water se beslaglegging op die munisipaliteit se lopende bankrekening. Emfuleni skuld Rand Water R1,3 miljard.<\/p>\n\n\n\n<p class=\"wp-block-paragraph\">Die klientedienssentrum in Paul Krugerstraat, Vanderbijlpark, waar die stelsel gebruik word, is op 30 Julie weens uitstaande huurgeld gesluit. Die sentrum is intussen weer geopen n\u00e1 Emfuleni \u0149 gedeelte van die agterstallige huurgeld vereffen het en \u0149 tydelike ooreenkoms met die eienaar van die getref het.<\/p>\n\n\n\n<p class=\"wp-block-paragraph\">Rand Water het ingestem om Emfuleni se bankrekening tydelik te open om \u0149 gedeelte van die agterstallige huurgeld en die lisensiegeld aan BCX te vereffen.<\/p>\n\n\n\n<p class=\"wp-block-paragraph\">Die kansellasie van die stelsel en die sluiting van die sentrum volg kort op \u0149 verslag van die Gautengse wetgewerkomitee vir samewerkende regering en tradisionele sake (Cogta) wat aanbeveel dat Emfuleni onder volledige artikel 139 administrasie geplaas word met finansi\u00eble beheer wat oorgedra word aan die provinsiale- of nasionale tesourie.<\/p>\n\n\n\n<p class=\"wp-block-paragraph\">Cogta het Emfuleni verlede week besoek om in gesprek met die munisipaliteit te tree, maar nog geen uitsluitsel is gegee of die munisipaliteit wel onder administrasie geplaas gaan word nie.<\/p>\n\n\n\n<p class=\"wp-block-paragraph\">Die VF Plus het geen hoop op verbetering indien Cogta wel besluit om Emfuleni onder administrasie te plaas nie.<\/p>\n\n\n\n<p class=\"wp-block-paragraph\">Die munisipaliteit was reeds vanaf 2018 &#8211; 2022 onder gedeeltelike administrasie en die munisipaliteit se skuld aan grootmaatdiensverskaffers het toe drasties vermeerder.<\/p>\n\n\n\n<p class=\"wp-block-paragraph\">Die enigste oplossing is om van die ANC ontslae te raak onder wie se beheer Emfuleni in \u0149 finansi\u00eble moeras verval het.<\/p>\n","protected":false},"excerpt":{"rendered":"<p>Die Emfuleni-plaaslike munisipaliteit (Evaton, Sebokeng, Vaal Oewer, Vanderbijlpark, Vereeniging) is verder in die moeilikheid nadat die kontrakteur BCX Solar wat die munisipaliteit se finansi\u00eble stelsel hanteer, sy dienste gekanselleer het weens wanbetaling. Emfuleni het die lisensiegeld van R3,6 miljoen betaal, maar nie die stelsel se onderhoudsfooi nie. Met die finansi\u00eble stelsel wat buite werking is, [&hellip;]<\/p>\n","protected":false},"author":5,"featured_media":81756,"comment_status":"closed","ping_status":"closed","sticky":false,"template":"","format":"standard","meta":{"_acf_changed":false,"_relevanssi_hide_post":"","_relevanssi_hide_content":"","_relevanssi_pin_for_all":"","_relevanssi_pin_keywords":"","_relevanssi_unpin_keywords":"","_relevanssi_related_keywords":"","_relevanssi_related_include_ids":"","_relevanssi_related_exclude_ids":"","_relevanssi_related_no_append":"","_relevanssi_related_not_related":"","_relevanssi_related_posts":"63571,59640,23387,77195,20060,62615","_relevanssi_noindex_reason":"","footnotes":""},"categories":[100],"tags":[],"ppma_author":[193],"class_list":["post-81755","post","type-post","status-publish","format-standard","has-post-thumbnail","hentry","category-mediaverklarings"],"acf":[],"yoast_head":"<!-- This site is optimized with the Yoast SEO plugin v28.3 - https:\/\/yoast.com\/product\/yoast-seo-wordpress\/ -->\n<title>Kontrakteur kanselleer Emfuleni se finansi\u00eble sisteem weens wanbetaling | Vryheidsfront Plus<\/title>\n<meta name=\"description\" content=\"Die Emfuleni-plaaslike munisipaliteit (Evaton, Sebokeng, Vaal Oewer, Vanderbijlpark, Vereeniging) is verder in die moeilikheid nadat die kontrakteur BCX\" \/>\n<meta name=\"robots\" content=\"index, follow, max-snippet:-1, max-image-preview:large, max-video-preview:-1\" \/>\n<link rel=\"canonical\" href=\"https:\/\/www.vfplus.org.za\/af\/mediaverklarings\/kontrakteur-kanselleer-emfuleni-se-finansiele-sisteem-weens-wanbetaling\/\" \/>\n<meta property=\"og:locale\" content=\"af_ZA\" \/>\n<meta property=\"og:type\" content=\"article\" \/>\n<meta property=\"og:title\" content=\"Kontrakteur kanselleer Emfuleni se finansi\u00eble sisteem weens wanbetaling | Vryheidsfront Plus\" \/>\n<meta property=\"og:description\" content=\"Die Emfuleni-plaaslike munisipaliteit (Evaton, Sebokeng, Vaal Oewer, Vanderbijlpark, Vereeniging) is verder in die moeilikheid nadat die kontrakteur BCX\" \/>\n<meta property=\"og:url\" content=\"https:\/\/www.vfplus.org.za\/af\/mediaverklarings\/kontrakteur-kanselleer-emfuleni-se-finansiele-sisteem-weens-wanbetaling\/\" \/>\n<meta property=\"og:site_name\" content=\"Vryheidsfront Plus\" \/>\n<meta property=\"article:publisher\" content=\"https:\/\/www.facebook.com\/VFplus?fref=ts\" \/>\n<meta property=\"article:published_time\" content=\"2025-08-01T11:36:28+00:00\" \/>\n<meta property=\"article:modified_time\" content=\"2025-08-01T11:36:31+00:00\" \/>\n<meta property=\"og:image\" content=\"https:\/\/www.vfplus.org.za\/wp-content\/uploads\/2025\/08\/freedomfront_plus_Kontrakteur-kanselleer-Emfuleni-se-finansiele-sisteem-weens-wanbetaling.png\" \/>\n\t<meta property=\"og:image:width\" content=\"1024\" \/>\n\t<meta property=\"og:image:height\" content=\"768\" \/>\n\t<meta property=\"og:image:type\" content=\"image\/png\" \/>\n<meta name=\"author\" content=\"Gerda Senekal\" \/>\n<meta name=\"twitter:card\" content=\"summary_large_image\" \/>\n<meta name=\"twitter:creator\" content=\"@VFplus\" \/>\n<meta name=\"twitter:site\" content=\"@VFplus\" \/>\n<meta name=\"twitter:label1\" content=\"Written by\" \/>\n\t<meta name=\"twitter:data1\" content=\"brand_candy_amy\" \/>\n\t<meta name=\"twitter:label2\" content=\"Est. reading time\" \/>\n\t<meta name=\"twitter:data2\" content=\"3 minutes\" \/>\n<script type=\"application\/ld+json\" class=\"yoast-schema-graph\">{\"@context\":\"https:\\\/\\\/schema.org\",\"@graph\":[{\"@type\":\"Article\",\"@id\":\"https:\\\/\\\/www.vfplus.org.za\\\/af\\\/mediaverklarings\\\/kontrakteur-kanselleer-emfuleni-se-finansiele-sisteem-weens-wanbetaling\\\/#article\",\"isPartOf\":{\"@id\":\"https:\\\/\\\/www.vfplus.org.za\\\/af\\\/mediaverklarings\\\/kontrakteur-kanselleer-emfuleni-se-finansiele-sisteem-weens-wanbetaling\\\/\"},\"author\":{\"name\":\"brand_candy_amy\",\"@id\":\"https:\\\/\\\/www.vfplus.org.za\\\/af\\\/#\\\/schema\\\/person\\\/2c3e703fc713d95efd7b7bf7b34646f4\"},\"headline\":\"Kontrakteur kanselleer Emfuleni se finansi\u00eble sisteem weens wanbetaling\",\"datePublished\":\"2025-08-01T11:36:28+00:00\",\"dateModified\":\"2025-08-01T11:36:31+00:00\",\"mainEntityOfPage\":{\"@id\":\"https:\\\/\\\/www.vfplus.org.za\\\/af\\\/mediaverklarings\\\/kontrakteur-kanselleer-emfuleni-se-finansiele-sisteem-weens-wanbetaling\\\/\"},\"wordCount\":337,\"publisher\":{\"@id\":\"https:\\\/\\\/www.vfplus.org.za\\\/af\\\/#organization\"},\"image\":{\"@id\":\"https:\\\/\\\/www.vfplus.org.za\\\/af\\\/mediaverklarings\\\/kontrakteur-kanselleer-emfuleni-se-finansiele-sisteem-weens-wanbetaling\\\/#primaryimage\"},\"thumbnailUrl\":\"https:\\\/\\\/www.vfplus.org.za\\\/wp-content\\\/uploads\\\/2025\\\/08\\\/freedomfront_plus_Kontrakteur-kanselleer-Emfuleni-se-finansiele-sisteem-weens-wanbetaling.png\",\"articleSection\":[\"Mediaverklarings\"],\"inLanguage\":\"af-ZA\"},{\"@type\":\"WebPage\",\"@id\":\"https:\\\/\\\/www.vfplus.org.za\\\/af\\\/mediaverklarings\\\/kontrakteur-kanselleer-emfuleni-se-finansiele-sisteem-weens-wanbetaling\\\/\",\"url\":\"https:\\\/\\\/www.vfplus.org.za\\\/af\\\/mediaverklarings\\\/kontrakteur-kanselleer-emfuleni-se-finansiele-sisteem-weens-wanbetaling\\\/\",\"name\":\"Kontrakteur kanselleer Emfuleni se finansi\u00eble sisteem weens wanbetaling | Vryheidsfront Plus\",\"isPartOf\":{\"@id\":\"https:\\\/\\\/www.vfplus.org.za\\\/af\\\/#website\"},\"primaryImageOfPage\":{\"@id\":\"https:\\\/\\\/www.vfplus.org.za\\\/af\\\/mediaverklarings\\\/kontrakteur-kanselleer-emfuleni-se-finansiele-sisteem-weens-wanbetaling\\\/#primaryimage\"},\"image\":{\"@id\":\"https:\\\/\\\/www.vfplus.org.za\\\/af\\\/mediaverklarings\\\/kontrakteur-kanselleer-emfuleni-se-finansiele-sisteem-weens-wanbetaling\\\/#primaryimage\"},\"thumbnailUrl\":\"https:\\\/\\\/www.vfplus.org.za\\\/wp-content\\\/uploads\\\/2025\\\/08\\\/freedomfront_plus_Kontrakteur-kanselleer-Emfuleni-se-finansiele-sisteem-weens-wanbetaling.png\",\"datePublished\":\"2025-08-01T11:36:28+00:00\",\"dateModified\":\"2025-08-01T11:36:31+00:00\",\"description\":\"Die Emfuleni-plaaslike munisipaliteit (Evaton, Sebokeng, Vaal Oewer, Vanderbijlpark, Vereeniging) is verder in die moeilikheid nadat die kontrakteur BCX\",\"breadcrumb\":{\"@id\":\"https:\\\/\\\/www.vfplus.org.za\\\/af\\\/mediaverklarings\\\/kontrakteur-kanselleer-emfuleni-se-finansiele-sisteem-weens-wanbetaling\\\/#breadcrumb\"},\"inLanguage\":\"af-ZA\",\"potentialAction\":[{\"@type\":\"ReadAction\",\"target\":[\"https:\\\/\\\/www.vfplus.org.za\\\/af\\\/mediaverklarings\\\/kontrakteur-kanselleer-emfuleni-se-finansiele-sisteem-weens-wanbetaling\\\/\"]}]},{\"@type\":\"ImageObject\",\"inLanguage\":\"af-ZA\",\"@id\":\"https:\\\/\\\/www.vfplus.org.za\\\/af\\\/mediaverklarings\\\/kontrakteur-kanselleer-emfuleni-se-finansiele-sisteem-weens-wanbetaling\\\/#primaryimage\",\"url\":\"https:\\\/\\\/www.vfplus.org.za\\\/wp-content\\\/uploads\\\/2025\\\/08\\\/freedomfront_plus_Kontrakteur-kanselleer-Emfuleni-se-finansiele-sisteem-weens-wanbetaling.png\",\"contentUrl\":\"https:\\\/\\\/www.vfplus.org.za\\\/wp-content\\\/uploads\\\/2025\\\/08\\\/freedomfront_plus_Kontrakteur-kanselleer-Emfuleni-se-finansiele-sisteem-weens-wanbetaling.png\",\"width\":1024,\"height\":768},{\"@type\":\"BreadcrumbList\",\"@id\":\"https:\\\/\\\/www.vfplus.org.za\\\/af\\\/mediaverklarings\\\/kontrakteur-kanselleer-emfuleni-se-finansiele-sisteem-weens-wanbetaling\\\/#breadcrumb\",\"itemListElement\":[{\"@type\":\"ListItem\",\"position\":1,\"name\":\"Tuis\",\"item\":\"https:\\\/\\\/www.vfplus.org.za\\\/af\\\/\"},{\"@type\":\"ListItem\",\"position\":2,\"name\":\"Kontrakteur kanselleer Emfuleni se finansi\u00eble sisteem weens wanbetaling\"}]},{\"@type\":\"WebSite\",\"@id\":\"https:\\\/\\\/www.vfplus.org.za\\\/af\\\/#website\",\"url\":\"https:\\\/\\\/www.vfplus.org.za\\\/af\\\/\",\"name\":\"Freedom Front Plus\",\"description\":\"Stand Up | Stand Together | Stand Strong\",\"publisher\":{\"@id\":\"https:\\\/\\\/www.vfplus.org.za\\\/af\\\/#organization\"},\"potentialAction\":[{\"@type\":\"SearchAction\",\"target\":{\"@type\":\"EntryPoint\",\"urlTemplate\":\"https:\\\/\\\/www.vfplus.org.za\\\/af\\\/?s={search_term_string}\"},\"query-input\":{\"@type\":\"PropertyValueSpecification\",\"valueRequired\":true,\"valueName\":\"search_term_string\"}}],\"inLanguage\":\"af-ZA\"},{\"@type\":\"Organization\",\"@id\":\"https:\\\/\\\/www.vfplus.org.za\\\/af\\\/#organization\",\"name\":\"Vryheidsfront Plus\",\"alternateName\":\"VF Plus\",\"url\":\"https:\\\/\\\/www.vfplus.org.za\\\/af\\\/\",\"logo\":{\"@type\":\"ImageObject\",\"inLanguage\":\"af-ZA\",\"@id\":\"https:\\\/\\\/www.vfplus.org.za\\\/af\\\/#\\\/schema\\\/logo\\\/image\\\/\",\"url\":\"https:\\\/\\\/www.vfplus.org.za\\\/wp-content\\\/uploads\\\/2022\\\/11\\\/vfplus-logo-01.png\",\"contentUrl\":\"https:\\\/\\\/www.vfplus.org.za\\\/wp-content\\\/uploads\\\/2022\\\/11\\\/vfplus-logo-01.png\",\"width\":130,\"height\":130,\"caption\":\"Vryheidsfront Plus\"},\"image\":{\"@id\":\"https:\\\/\\\/www.vfplus.org.za\\\/af\\\/#\\\/schema\\\/logo\\\/image\\\/\"},\"sameAs\":[\"https:\\\/\\\/www.facebook.com\\\/VFplus?fref=ts\",\"https:\\\/\\\/x.com\\\/VFplus\",\"https:\\\/\\\/www.instagram.com\\\/vfplus_ffplus\\\/?hl=en\",\"https:\\\/\\\/www.youtube.com\\\/user\\\/VRYHEIDSFRONTplus\"]},{\"@type\":\"Person\",\"@id\":\"https:\\\/\\\/www.vfplus.org.za\\\/af\\\/#\\\/schema\\\/person\\\/2c3e703fc713d95efd7b7bf7b34646f4\",\"name\":\"brand_candy_amy\",\"image\":{\"@type\":\"ImageObject\",\"inLanguage\":\"af-ZA\",\"@id\":\"https:\\\/\\\/secure.gravatar.com\\\/avatar\\\/d295c22bd41c5cb61e8aa7fcafe90d2d2302363bc123897b40165ee0165d4f6b?s=96&d=mm&r=g45c99b902ec3fd12cf6977a6b6edf27a\",\"url\":\"https:\\\/\\\/secure.gravatar.com\\\/avatar\\\/d295c22bd41c5cb61e8aa7fcafe90d2d2302363bc123897b40165ee0165d4f6b?s=96&d=mm&r=g\",\"contentUrl\":\"https:\\\/\\\/secure.gravatar.com\\\/avatar\\\/d295c22bd41c5cb61e8aa7fcafe90d2d2302363bc123897b40165ee0165d4f6b?s=96&d=mm&r=g\",\"caption\":\"brand_candy_amy\"},\"sameAs\":[\"https:\\\/\\\/brandcandy.co.za\"],\"url\":\"https:\\\/\\\/www.vfplus.org.za\\\/af\\\/author\\\/brand_candy_amy\\\/\"}]}<\/script>\n<!-- \/ Yoast SEO plugin. -->","yoast_head_json":{"title":"Kontrakteur kanselleer Emfuleni se finansi\u00eble sisteem weens wanbetaling | Vryheidsfront Plus","description":"Die Emfuleni-plaaslike munisipaliteit (Evaton, Sebokeng, Vaal Oewer, Vanderbijlpark, Vereeniging) is verder in die moeilikheid nadat die kontrakteur BCX","robots":{"index":"index","follow":"follow","max-snippet":"max-snippet:-1","max-image-preview":"max-image-preview:large","max-video-preview":"max-video-preview:-1"},"canonical":"https:\/\/www.vfplus.org.za\/af\/mediaverklarings\/kontrakteur-kanselleer-emfuleni-se-finansiele-sisteem-weens-wanbetaling\/","og_locale":"af_ZA","og_type":"article","og_title":"Kontrakteur kanselleer Emfuleni se finansi\u00eble sisteem weens wanbetaling | Vryheidsfront Plus","og_description":"Die Emfuleni-plaaslike munisipaliteit (Evaton, Sebokeng, Vaal Oewer, Vanderbijlpark, Vereeniging) is verder in die moeilikheid nadat die kontrakteur BCX","og_url":"https:\/\/www.vfplus.org.za\/af\/mediaverklarings\/kontrakteur-kanselleer-emfuleni-se-finansiele-sisteem-weens-wanbetaling\/","og_site_name":"Vryheidsfront Plus","article_publisher":"https:\/\/www.facebook.com\/VFplus?fref=ts","article_published_time":"2025-08-01T11:36:28+00:00","article_modified_time":"2025-08-01T11:36:31+00:00","og_image":[{"width":1024,"height":768,"url":"https:\/\/www.vfplus.org.za\/wp-content\/uploads\/2025\/08\/freedomfront_plus_Kontrakteur-kanselleer-Emfuleni-se-finansiele-sisteem-weens-wanbetaling.png","type":"image\/png"}],"author":"Gerda Senekal","twitter_card":"summary_large_image","twitter_creator":"@VFplus","twitter_site":"@VFplus","twitter_misc":{"Written by":"brand_candy_amy","Est. reading time":"3 minutes"},"schema":{"@context":"https:\/\/schema.org","@graph":[{"@type":"Article","@id":"https:\/\/www.vfplus.org.za\/af\/mediaverklarings\/kontrakteur-kanselleer-emfuleni-se-finansiele-sisteem-weens-wanbetaling\/#article","isPartOf":{"@id":"https:\/\/www.vfplus.org.za\/af\/mediaverklarings\/kontrakteur-kanselleer-emfuleni-se-finansiele-sisteem-weens-wanbetaling\/"},"author":{"name":"brand_candy_amy","@id":"https:\/\/www.vfplus.org.za\/af\/#\/schema\/person\/2c3e703fc713d95efd7b7bf7b34646f4"},"headline":"Kontrakteur kanselleer Emfuleni se finansi\u00eble sisteem weens wanbetaling","datePublished":"2025-08-01T11:36:28+00:00","dateModified":"2025-08-01T11:36:31+00:00","mainEntityOfPage":{"@id":"https:\/\/www.vfplus.org.za\/af\/mediaverklarings\/kontrakteur-kanselleer-emfuleni-se-finansiele-sisteem-weens-wanbetaling\/"},"wordCount":337,"publisher":{"@id":"https:\/\/www.vfplus.org.za\/af\/#organization"},"image":{"@id":"https:\/\/www.vfplus.org.za\/af\/mediaverklarings\/kontrakteur-kanselleer-emfuleni-se-finansiele-sisteem-weens-wanbetaling\/#primaryimage"},"thumbnailUrl":"https:\/\/www.vfplus.org.za\/wp-content\/uploads\/2025\/08\/freedomfront_plus_Kontrakteur-kanselleer-Emfuleni-se-finansiele-sisteem-weens-wanbetaling.png","articleSection":["Mediaverklarings"],"inLanguage":"af-ZA"},{"@type":"WebPage","@id":"https:\/\/www.vfplus.org.za\/af\/mediaverklarings\/kontrakteur-kanselleer-emfuleni-se-finansiele-sisteem-weens-wanbetaling\/","url":"https:\/\/www.vfplus.org.za\/af\/mediaverklarings\/kontrakteur-kanselleer-emfuleni-se-finansiele-sisteem-weens-wanbetaling\/","name":"Kontrakteur kanselleer Emfuleni se finansi\u00eble sisteem weens wanbetaling | Vryheidsfront Plus","isPartOf":{"@id":"https:\/\/www.vfplus.org.za\/af\/#website"},"primaryImageOfPage":{"@id":"https:\/\/www.vfplus.org.za\/af\/mediaverklarings\/kontrakteur-kanselleer-emfuleni-se-finansiele-sisteem-weens-wanbetaling\/#primaryimage"},"image":{"@id":"https:\/\/www.vfplus.org.za\/af\/mediaverklarings\/kontrakteur-kanselleer-emfuleni-se-finansiele-sisteem-weens-wanbetaling\/#primaryimage"},"thumbnailUrl":"https:\/\/www.vfplus.org.za\/wp-content\/uploads\/2025\/08\/freedomfront_plus_Kontrakteur-kanselleer-Emfuleni-se-finansiele-sisteem-weens-wanbetaling.png","datePublished":"2025-08-01T11:36:28+00:00","dateModified":"2025-08-01T11:36:31+00:00","description":"Die Emfuleni-plaaslike munisipaliteit (Evaton, Sebokeng, Vaal Oewer, Vanderbijlpark, Vereeniging) is verder in die moeilikheid nadat die kontrakteur BCX","breadcrumb":{"@id":"https:\/\/www.vfplus.org.za\/af\/mediaverklarings\/kontrakteur-kanselleer-emfuleni-se-finansiele-sisteem-weens-wanbetaling\/#breadcrumb"},"inLanguage":"af-ZA","potentialAction":[{"@type":"ReadAction","target":["https:\/\/www.vfplus.org.za\/af\/mediaverklarings\/kontrakteur-kanselleer-emfuleni-se-finansiele-sisteem-weens-wanbetaling\/"]}]},{"@type":"ImageObject","inLanguage":"af-ZA","@id":"https:\/\/www.vfplus.org.za\/af\/mediaverklarings\/kontrakteur-kanselleer-emfuleni-se-finansiele-sisteem-weens-wanbetaling\/#primaryimage","url":"https:\/\/www.vfplus.org.za\/wp-content\/uploads\/2025\/08\/freedomfront_plus_Kontrakteur-kanselleer-Emfuleni-se-finansiele-sisteem-weens-wanbetaling.png","contentUrl":"https:\/\/www.vfplus.org.za\/wp-content\/uploads\/2025\/08\/freedomfront_plus_Kontrakteur-kanselleer-Emfuleni-se-finansiele-sisteem-weens-wanbetaling.png","width":1024,"height":768},{"@type":"BreadcrumbList","@id":"https:\/\/www.vfplus.org.za\/af\/mediaverklarings\/kontrakteur-kanselleer-emfuleni-se-finansiele-sisteem-weens-wanbetaling\/#breadcrumb","itemListElement":[{"@type":"ListItem","position":1,"name":"Tuis","item":"https:\/\/www.vfplus.org.za\/af\/"},{"@type":"ListItem","position":2,"name":"Kontrakteur kanselleer Emfuleni se finansi\u00eble sisteem weens wanbetaling"}]},{"@type":"WebSite","@id":"https:\/\/www.vfplus.org.za\/af\/#website","url":"https:\/\/www.vfplus.org.za\/af\/","name":"Freedom Front Plus","description":"Stand Up | Stand Together | Stand Strong","publisher":{"@id":"https:\/\/www.vfplus.org.za\/af\/#organization"},"potentialAction":[{"@type":"SearchAction","target":{"@type":"EntryPoint","urlTemplate":"https:\/\/www.vfplus.org.za\/af\/?s={search_term_string}"},"query-input":{"@type":"PropertyValueSpecification","valueRequired":true,"valueName":"search_term_string"}}],"inLanguage":"af-ZA"},{"@type":"Organization","@id":"https:\/\/www.vfplus.org.za\/af\/#organization","name":"Vryheidsfront Plus","alternateName":"VF Plus","url":"https:\/\/www.vfplus.org.za\/af\/","logo":{"@type":"ImageObject","inLanguage":"af-ZA","@id":"https:\/\/www.vfplus.org.za\/af\/#\/schema\/logo\/image\/","url":"https:\/\/www.vfplus.org.za\/wp-content\/uploads\/2022\/11\/vfplus-logo-01.png","contentUrl":"https:\/\/www.vfplus.org.za\/wp-content\/uploads\/2022\/11\/vfplus-logo-01.png","width":130,"height":130,"caption":"Vryheidsfront Plus"},"image":{"@id":"https:\/\/www.vfplus.org.za\/af\/#\/schema\/logo\/image\/"},"sameAs":["https:\/\/www.facebook.com\/VFplus?fref=ts","https:\/\/x.com\/VFplus","https:\/\/www.instagram.com\/vfplus_ffplus\/?hl=en","https:\/\/www.youtube.com\/user\/VRYHEIDSFRONTplus"]},{"@type":"Person","@id":"https:\/\/www.vfplus.org.za\/af\/#\/schema\/person\/2c3e703fc713d95efd7b7bf7b34646f4","name":"brand_candy_amy","image":{"@type":"ImageObject","inLanguage":"af-ZA","@id":"https:\/\/secure.gravatar.com\/avatar\/d295c22bd41c5cb61e8aa7fcafe90d2d2302363bc123897b40165ee0165d4f6b?s=96&d=mm&r=g45c99b902ec3fd12cf6977a6b6edf27a","url":"https:\/\/secure.gravatar.com\/avatar\/d295c22bd41c5cb61e8aa7fcafe90d2d2302363bc123897b40165ee0165d4f6b?s=96&d=mm&r=g","contentUrl":"https:\/\/secure.gravatar.com\/avatar\/d295c22bd41c5cb61e8aa7fcafe90d2d2302363bc123897b40165ee0165d4f6b?s=96&d=mm&r=g","caption":"brand_candy_amy"},"sameAs":["https:\/\/brandcandy.co.za"],"url":"https:\/\/www.vfplus.org.za\/af\/author\/brand_candy_amy\/"}]}},"authors":[{"term_id":193,"user_id":0,"is_guest":1,"slug":"gerda-senekal","display_name":"Gerda Senekal","avatar_url":{"url":"https:\/\/www.vfplus.org.za\/wp-content\/uploads\/2023\/06\/freedomfront_plus_author_Gerda_Senekal_01.jpg","url2x":"https:\/\/www.vfplus.org.za\/wp-content\/uploads\/2023\/06\/freedomfront_plus_author_Gerda_Senekal_01.jpg"},"author_category":"","user_url":"","last_name":"","first_name":"","job_title":"","description":""}],"_links":{"self":[{"href":"https:\/\/www.vfplus.org.za\/af\/wp-json\/wp\/v2\/posts\/81755","targetHints":{"allow":["GET"]}}],"collection":[{"href":"https:\/\/www.vfplus.org.za\/af\/wp-json\/wp\/v2\/posts"}],"about":[{"href":"https:\/\/www.vfplus.org.za\/af\/wp-json\/wp\/v2\/types\/post"}],"author":[{"embeddable":true,"href":"https:\/\/www.vfplus.org.za\/af\/wp-json\/wp\/v2\/users\/5"}],"replies":[{"embeddable":true,"href":"https:\/\/www.vfplus.org.za\/af\/wp-json\/wp\/v2\/comments?post=81755"}],"version-history":[{"count":1,"href":"https:\/\/www.vfplus.org.za\/af\/wp-json\/wp\/v2\/posts\/81755\/revisions"}],"predecessor-version":[{"id":81758,"href":"https:\/\/www.vfplus.org.za\/af\/wp-json\/wp\/v2\/posts\/81755\/revisions\/81758"}],"wp:featuredmedia":[{"embeddable":true,"href":"https:\/\/www.vfplus.org.za\/af\/wp-json\/wp\/v2\/media\/81756"}],"wp:attachment":[{"href":"https:\/\/www.vfplus.org.za\/af\/wp-json\/wp\/v2\/media?parent=81755"}],"wp:term":[{"taxonomy":"category","embeddable":true,"href":"https:\/\/www.vfplus.org.za\/af\/wp-json\/wp\/v2\/categories?post=81755"},{"taxonomy":"post_tag","embeddable":true,"href":"https:\/\/www.vfplus.org.za\/af\/wp-json\/wp\/v2\/tags?post=81755"},{"taxonomy":"author","embeddable":true,"href":"https:\/\/www.vfplus.org.za\/af\/wp-json\/wp\/v2\/ppma_author?post=81755"}],"curies":[{"name":"wp","href":"https:\/\/api.w.org\/{rel}","templated":true}]}}