{"id":81735,"date":"2025-08-01T11:49:35","date_gmt":"2025-08-01T09:49:35","guid":{"rendered":"https:\/\/www.vfplus.org.za\/?p=81735"},"modified":"2025-08-01T15:07:30","modified_gmt":"2025-08-01T13:07:30","slug":"vf-plus-sal-nie-oorsese-uitstappies-vir-mbombela-amptenare-steun","status":"publish","type":"post","link":"https:\/\/www.vfplus.org.za\/af\/mediaverklarings\/vf-plus-sal-nie-oorsese-uitstappies-vir-mbombela-amptenare-steun\/","title":{"rendered":"VF Plus sal nie oorsese uitstappies vir Mbombela-amptenare steun"},"content":{"rendered":"\n<p class=\"wp-block-paragraph\">Die VF Plus veroordeel die Mbombela-plaaslike munisipaliteit (Nelspruit, Hazyview, Witrivier en Barberton) se besluit om twee bykomende afgevaardigdes na die 2025-W\u00eareldwaterweek in Stockholm in Swede te stuur ten koste van plaaslike belastingbetalers.<\/p>\n\n\n\n<p class=\"wp-block-paragraph\">Die waterdiensverskaffer van Mbombela, Silulumanzi, het die uitvoerende burgemeester, Sibongile Makushe-Mazibuko en die munisipale bestuurder mnr. Wiseman Khumalo, genooi om die geleentheid by te woon op sy onkoste.<\/p>\n\n\n\n<p class=\"wp-block-paragraph\">In \u0149 stap wat Mbombela se finansi\u00eble beperkings verontagsaam, het die ANC sy meerderheid in die raad gebruik om befondsing vir twee bykomende afgevaardigdes goed te keur op die rekening van die munisipaliteit.<\/p>\n\n\n\n<p class=\"wp-block-paragraph\">Hierdie besluit kom op \u0149 tydstip waar \u0149 begrotingskrisis Mbombela in die gesig staar met krediteure wat meer as R2 miljard verskuldig is. Dit sluit onder meer in die skuld van die departement van openbare werke en vervoer (R110,6 miljoen), klinieke (R31 miljoen) en skole (R10,3 miljoen).<\/p>\n\n\n\n<p class=\"wp-block-paragraph\">Die VF Plus is van mening dat die burgemeester en munisipale bestuurder moet terugstaan en fokus op die probleme van die munisipaliteit en die uitnodiging eerder moet delegeer na twee betrokke of kundige amptenare.<\/p>\n\n\n\n<p class=\"wp-block-paragraph\">In stede daarvan het die ANC weer politieke voorkeur geprioritiseer bo dienslewering en fiskale verantwoordelikheid.<\/p>\n\n\n\n<p class=\"wp-block-paragraph\">Daar is ook oor die afgelope 36 maande geen enkele verslag oor oorsese reise in die raad ter tafel gel\u00ea om die tasbare voordele van die reise of verbeterings in munisipale bestuur te demonstreer nie.<\/p>\n\n\n\n<p class=\"wp-block-paragraph\">Die party eis \u0149 omvattende verslag oor waarom vorige besluite oor reisverantwoordbaarheid nie ge\u00efmplementeer is nie en dat dissiplin\u00eare stappe ingestel word teen diegene wat daarvoor verantwoordelik is.<\/p>\n\n\n\n<p class=\"wp-block-paragraph\">Die VF Plus bly daartoe verbind om die munisipaliteit aanspreeklik te hou en te verseker dat openbare fondse gebruik word om inwoners te bevoordeel, nie om politieke uitstappies te subsidieer nie.<\/p>\n","protected":false},"excerpt":{"rendered":"<p>Die VF Plus veroordeel die Mbombela-plaaslike munisipaliteit (Nelspruit, Hazyview, Witrivier en Barberton) se besluit om twee bykomende afgevaardigdes na die 2025-W\u00eareldwaterweek in Stockholm in Swede te stuur ten koste van plaaslike belastingbetalers. Die waterdiensverskaffer van Mbombela, Silulumanzi, het die uitvoerende burgemeester, Sibongile Makushe-Mazibuko en die munisipale bestuurder mnr. Wiseman Khumalo, genooi om die geleentheid by [&hellip;]<\/p>\n","protected":false},"author":5,"featured_media":81736,"comment_status":"closed","ping_status":"closed","sticky":false,"template":"","format":"standard","meta":{"_acf_changed":false,"_relevanssi_hide_post":"","_relevanssi_hide_content":"","_relevanssi_pin_for_all":"","_relevanssi_pin_keywords":"","_relevanssi_unpin_keywords":"","_relevanssi_related_keywords":"","_relevanssi_related_include_ids":"","_relevanssi_related_exclude_ids":"","_relevanssi_related_no_append":"","_relevanssi_related_not_related":"","_relevanssi_related_posts":"20283,23007,59480,61172,63192,63747","_relevanssi_noindex_reason":"","footnotes":""},"categories":[100],"tags":[],"ppma_author":[473],"class_list":["post-81735","post","type-post","status-publish","format-standard","has-post-thumbnail","hentry","category-mediaverklarings"],"acf":[],"yoast_head":"<!-- This site is optimized with the Yoast SEO plugin v28.3 - https:\/\/yoast.com\/product\/yoast-seo-wordpress\/ -->\n<title>VF Plus sal nie oorsese uitstappies vir Mbombela-amptenare steun | Vryheidsfront Plus<\/title>\n<meta name=\"description\" content=\"Die VF Plus veroordeel die Mbombela-plaaslike munisipaliteit (Nelspruit, Hazyview, Witrivier en Barberton) se besluit om twee bykomende afgevaardigdes na\" \/>\n<meta name=\"robots\" content=\"index, follow, max-snippet:-1, max-image-preview:large, max-video-preview:-1\" \/>\n<link rel=\"canonical\" href=\"https:\/\/www.vfplus.org.za\/af\/mediaverklarings\/vf-plus-sal-nie-oorsese-uitstappies-vir-mbombela-amptenare-steun\/\" \/>\n<meta property=\"og:locale\" content=\"af_ZA\" \/>\n<meta property=\"og:type\" content=\"article\" \/>\n<meta property=\"og:title\" content=\"VF Plus sal nie oorsese uitstappies vir Mbombela-amptenare steun | Vryheidsfront Plus\" \/>\n<meta property=\"og:description\" content=\"Die VF Plus veroordeel die Mbombela-plaaslike munisipaliteit (Nelspruit, Hazyview, Witrivier en Barberton) se besluit om twee bykomende afgevaardigdes na\" \/>\n<meta property=\"og:url\" content=\"https:\/\/www.vfplus.org.za\/af\/mediaverklarings\/vf-plus-sal-nie-oorsese-uitstappies-vir-mbombela-amptenare-steun\/\" \/>\n<meta property=\"og:site_name\" content=\"Vryheidsfront Plus\" \/>\n<meta property=\"article:publisher\" content=\"https:\/\/www.facebook.com\/VFplus?fref=ts\" \/>\n<meta property=\"article:published_time\" content=\"2025-08-01T09:49:35+00:00\" \/>\n<meta property=\"article:modified_time\" content=\"2025-08-01T13:07:30+00:00\" \/>\n<meta property=\"og:image\" content=\"https:\/\/www.vfplus.org.za\/wp-content\/uploads\/2025\/08\/freedomfront_plus_VF-Plus-sal-nie-oorsese-uitstappies-vir-Mbombela-amptenare-steun.png\" \/>\n\t<meta property=\"og:image:width\" content=\"1024\" \/>\n\t<meta property=\"og:image:height\" content=\"768\" \/>\n\t<meta property=\"og:image:type\" content=\"image\/png\" \/>\n<meta name=\"author\" content=\"Ken Robertson\" \/>\n<meta name=\"twitter:card\" content=\"summary_large_image\" \/>\n<meta name=\"twitter:creator\" content=\"@VFplus\" \/>\n<meta name=\"twitter:site\" content=\"@VFplus\" \/>\n<meta name=\"twitter:label1\" content=\"Written by\" \/>\n\t<meta name=\"twitter:data1\" content=\"brand_candy_amy\" \/>\n\t<meta name=\"twitter:label2\" content=\"Est. reading time\" \/>\n\t<meta name=\"twitter:data2\" content=\"2 minutes\" \/>\n<script type=\"application\/ld+json\" class=\"yoast-schema-graph\">{\"@context\":\"https:\\\/\\\/schema.org\",\"@graph\":[{\"@type\":\"Article\",\"@id\":\"https:\\\/\\\/www.vfplus.org.za\\\/af\\\/mediaverklarings\\\/vf-plus-sal-nie-oorsese-uitstappies-vir-mbombela-amptenare-steun\\\/#article\",\"isPartOf\":{\"@id\":\"https:\\\/\\\/www.vfplus.org.za\\\/af\\\/mediaverklarings\\\/vf-plus-sal-nie-oorsese-uitstappies-vir-mbombela-amptenare-steun\\\/\"},\"author\":{\"name\":\"brand_candy_amy\",\"@id\":\"https:\\\/\\\/www.vfplus.org.za\\\/af\\\/#\\\/schema\\\/person\\\/2c3e703fc713d95efd7b7bf7b34646f4\"},\"headline\":\"VF Plus sal nie oorsese uitstappies vir Mbombela-amptenare steun\",\"datePublished\":\"2025-08-01T09:49:35+00:00\",\"dateModified\":\"2025-08-01T13:07:30+00:00\",\"mainEntityOfPage\":{\"@id\":\"https:\\\/\\\/www.vfplus.org.za\\\/af\\\/mediaverklarings\\\/vf-plus-sal-nie-oorsese-uitstappies-vir-mbombela-amptenare-steun\\\/\"},\"wordCount\":291,\"publisher\":{\"@id\":\"https:\\\/\\\/www.vfplus.org.za\\\/af\\\/#organization\"},\"image\":{\"@id\":\"https:\\\/\\\/www.vfplus.org.za\\\/af\\\/mediaverklarings\\\/vf-plus-sal-nie-oorsese-uitstappies-vir-mbombela-amptenare-steun\\\/#primaryimage\"},\"thumbnailUrl\":\"https:\\\/\\\/www.vfplus.org.za\\\/wp-content\\\/uploads\\\/2025\\\/08\\\/freedomfront_plus_VF-Plus-sal-nie-oorsese-uitstappies-vir-Mbombela-amptenare-steun.png\",\"articleSection\":[\"Mediaverklarings\"],\"inLanguage\":\"af-ZA\"},{\"@type\":\"WebPage\",\"@id\":\"https:\\\/\\\/www.vfplus.org.za\\\/af\\\/mediaverklarings\\\/vf-plus-sal-nie-oorsese-uitstappies-vir-mbombela-amptenare-steun\\\/\",\"url\":\"https:\\\/\\\/www.vfplus.org.za\\\/af\\\/mediaverklarings\\\/vf-plus-sal-nie-oorsese-uitstappies-vir-mbombela-amptenare-steun\\\/\",\"name\":\"VF Plus sal nie oorsese uitstappies vir Mbombela-amptenare steun | Vryheidsfront Plus\",\"isPartOf\":{\"@id\":\"https:\\\/\\\/www.vfplus.org.za\\\/af\\\/#website\"},\"primaryImageOfPage\":{\"@id\":\"https:\\\/\\\/www.vfplus.org.za\\\/af\\\/mediaverklarings\\\/vf-plus-sal-nie-oorsese-uitstappies-vir-mbombela-amptenare-steun\\\/#primaryimage\"},\"image\":{\"@id\":\"https:\\\/\\\/www.vfplus.org.za\\\/af\\\/mediaverklarings\\\/vf-plus-sal-nie-oorsese-uitstappies-vir-mbombela-amptenare-steun\\\/#primaryimage\"},\"thumbnailUrl\":\"https:\\\/\\\/www.vfplus.org.za\\\/wp-content\\\/uploads\\\/2025\\\/08\\\/freedomfront_plus_VF-Plus-sal-nie-oorsese-uitstappies-vir-Mbombela-amptenare-steun.png\",\"datePublished\":\"2025-08-01T09:49:35+00:00\",\"dateModified\":\"2025-08-01T13:07:30+00:00\",\"description\":\"Die VF Plus veroordeel die Mbombela-plaaslike munisipaliteit (Nelspruit, Hazyview, Witrivier en Barberton) se besluit om twee bykomende afgevaardigdes na\",\"breadcrumb\":{\"@id\":\"https:\\\/\\\/www.vfplus.org.za\\\/af\\\/mediaverklarings\\\/vf-plus-sal-nie-oorsese-uitstappies-vir-mbombela-amptenare-steun\\\/#breadcrumb\"},\"inLanguage\":\"af-ZA\",\"potentialAction\":[{\"@type\":\"ReadAction\",\"target\":[\"https:\\\/\\\/www.vfplus.org.za\\\/af\\\/mediaverklarings\\\/vf-plus-sal-nie-oorsese-uitstappies-vir-mbombela-amptenare-steun\\\/\"]}]},{\"@type\":\"ImageObject\",\"inLanguage\":\"af-ZA\",\"@id\":\"https:\\\/\\\/www.vfplus.org.za\\\/af\\\/mediaverklarings\\\/vf-plus-sal-nie-oorsese-uitstappies-vir-mbombela-amptenare-steun\\\/#primaryimage\",\"url\":\"https:\\\/\\\/www.vfplus.org.za\\\/wp-content\\\/uploads\\\/2025\\\/08\\\/freedomfront_plus_VF-Plus-sal-nie-oorsese-uitstappies-vir-Mbombela-amptenare-steun.png\",\"contentUrl\":\"https:\\\/\\\/www.vfplus.org.za\\\/wp-content\\\/uploads\\\/2025\\\/08\\\/freedomfront_plus_VF-Plus-sal-nie-oorsese-uitstappies-vir-Mbombela-amptenare-steun.png\",\"width\":1024,\"height\":768},{\"@type\":\"BreadcrumbList\",\"@id\":\"https:\\\/\\\/www.vfplus.org.za\\\/af\\\/mediaverklarings\\\/vf-plus-sal-nie-oorsese-uitstappies-vir-mbombela-amptenare-steun\\\/#breadcrumb\",\"itemListElement\":[{\"@type\":\"ListItem\",\"position\":1,\"name\":\"Tuis\",\"item\":\"https:\\\/\\\/www.vfplus.org.za\\\/af\\\/\"},{\"@type\":\"ListItem\",\"position\":2,\"name\":\"VF Plus sal nie oorsese uitstappies vir Mbombela-amptenare steun\"}]},{\"@type\":\"WebSite\",\"@id\":\"https:\\\/\\\/www.vfplus.org.za\\\/af\\\/#website\",\"url\":\"https:\\\/\\\/www.vfplus.org.za\\\/af\\\/\",\"name\":\"Freedom Front Plus\",\"description\":\"Stand Up | Stand Together | Stand Strong\",\"publisher\":{\"@id\":\"https:\\\/\\\/www.vfplus.org.za\\\/af\\\/#organization\"},\"potentialAction\":[{\"@type\":\"SearchAction\",\"target\":{\"@type\":\"EntryPoint\",\"urlTemplate\":\"https:\\\/\\\/www.vfplus.org.za\\\/af\\\/?s={search_term_string}\"},\"query-input\":{\"@type\":\"PropertyValueSpecification\",\"valueRequired\":true,\"valueName\":\"search_term_string\"}}],\"inLanguage\":\"af-ZA\"},{\"@type\":\"Organization\",\"@id\":\"https:\\\/\\\/www.vfplus.org.za\\\/af\\\/#organization\",\"name\":\"Vryheidsfront Plus\",\"alternateName\":\"VF Plus\",\"url\":\"https:\\\/\\\/www.vfplus.org.za\\\/af\\\/\",\"logo\":{\"@type\":\"ImageObject\",\"inLanguage\":\"af-ZA\",\"@id\":\"https:\\\/\\\/www.vfplus.org.za\\\/af\\\/#\\\/schema\\\/logo\\\/image\\\/\",\"url\":\"https:\\\/\\\/www.vfplus.org.za\\\/wp-content\\\/uploads\\\/2022\\\/11\\\/vfplus-logo-01.png\",\"contentUrl\":\"https:\\\/\\\/www.vfplus.org.za\\\/wp-content\\\/uploads\\\/2022\\\/11\\\/vfplus-logo-01.png\",\"width\":130,\"height\":130,\"caption\":\"Vryheidsfront Plus\"},\"image\":{\"@id\":\"https:\\\/\\\/www.vfplus.org.za\\\/af\\\/#\\\/schema\\\/logo\\\/image\\\/\"},\"sameAs\":[\"https:\\\/\\\/www.facebook.com\\\/VFplus?fref=ts\",\"https:\\\/\\\/x.com\\\/VFplus\",\"https:\\\/\\\/www.instagram.com\\\/vfplus_ffplus\\\/?hl=en\",\"https:\\\/\\\/www.youtube.com\\\/user\\\/VRYHEIDSFRONTplus\"]},{\"@type\":\"Person\",\"@id\":\"https:\\\/\\\/www.vfplus.org.za\\\/af\\\/#\\\/schema\\\/person\\\/2c3e703fc713d95efd7b7bf7b34646f4\",\"name\":\"brand_candy_amy\",\"image\":{\"@type\":\"ImageObject\",\"inLanguage\":\"af-ZA\",\"@id\":\"https:\\\/\\\/secure.gravatar.com\\\/avatar\\\/d295c22bd41c5cb61e8aa7fcafe90d2d2302363bc123897b40165ee0165d4f6b?s=96&d=mm&r=g45c99b902ec3fd12cf6977a6b6edf27a\",\"url\":\"https:\\\/\\\/secure.gravatar.com\\\/avatar\\\/d295c22bd41c5cb61e8aa7fcafe90d2d2302363bc123897b40165ee0165d4f6b?s=96&d=mm&r=g\",\"contentUrl\":\"https:\\\/\\\/secure.gravatar.com\\\/avatar\\\/d295c22bd41c5cb61e8aa7fcafe90d2d2302363bc123897b40165ee0165d4f6b?s=96&d=mm&r=g\",\"caption\":\"brand_candy_amy\"},\"sameAs\":[\"https:\\\/\\\/brandcandy.co.za\"],\"url\":\"https:\\\/\\\/www.vfplus.org.za\\\/af\\\/author\\\/brand_candy_amy\\\/\"}]}<\/script>\n<!-- \/ Yoast SEO plugin. -->","yoast_head_json":{"title":"VF Plus sal nie oorsese uitstappies vir Mbombela-amptenare steun | Vryheidsfront Plus","description":"Die VF Plus veroordeel die Mbombela-plaaslike munisipaliteit (Nelspruit, Hazyview, Witrivier en Barberton) se besluit om twee bykomende afgevaardigdes na","robots":{"index":"index","follow":"follow","max-snippet":"max-snippet:-1","max-image-preview":"max-image-preview:large","max-video-preview":"max-video-preview:-1"},"canonical":"https:\/\/www.vfplus.org.za\/af\/mediaverklarings\/vf-plus-sal-nie-oorsese-uitstappies-vir-mbombela-amptenare-steun\/","og_locale":"af_ZA","og_type":"article","og_title":"VF Plus sal nie oorsese uitstappies vir Mbombela-amptenare steun | Vryheidsfront Plus","og_description":"Die VF Plus veroordeel die Mbombela-plaaslike munisipaliteit (Nelspruit, Hazyview, Witrivier en Barberton) se besluit om twee bykomende afgevaardigdes na","og_url":"https:\/\/www.vfplus.org.za\/af\/mediaverklarings\/vf-plus-sal-nie-oorsese-uitstappies-vir-mbombela-amptenare-steun\/","og_site_name":"Vryheidsfront Plus","article_publisher":"https:\/\/www.facebook.com\/VFplus?fref=ts","article_published_time":"2025-08-01T09:49:35+00:00","article_modified_time":"2025-08-01T13:07:30+00:00","og_image":[{"width":1024,"height":768,"url":"https:\/\/www.vfplus.org.za\/wp-content\/uploads\/2025\/08\/freedomfront_plus_VF-Plus-sal-nie-oorsese-uitstappies-vir-Mbombela-amptenare-steun.png","type":"image\/png"}],"author":"Ken Robertson","twitter_card":"summary_large_image","twitter_creator":"@VFplus","twitter_site":"@VFplus","twitter_misc":{"Written by":"brand_candy_amy","Est. reading time":"2 minutes"},"schema":{"@context":"https:\/\/schema.org","@graph":[{"@type":"Article","@id":"https:\/\/www.vfplus.org.za\/af\/mediaverklarings\/vf-plus-sal-nie-oorsese-uitstappies-vir-mbombela-amptenare-steun\/#article","isPartOf":{"@id":"https:\/\/www.vfplus.org.za\/af\/mediaverklarings\/vf-plus-sal-nie-oorsese-uitstappies-vir-mbombela-amptenare-steun\/"},"author":{"name":"brand_candy_amy","@id":"https:\/\/www.vfplus.org.za\/af\/#\/schema\/person\/2c3e703fc713d95efd7b7bf7b34646f4"},"headline":"VF Plus sal nie oorsese uitstappies vir Mbombela-amptenare steun","datePublished":"2025-08-01T09:49:35+00:00","dateModified":"2025-08-01T13:07:30+00:00","mainEntityOfPage":{"@id":"https:\/\/www.vfplus.org.za\/af\/mediaverklarings\/vf-plus-sal-nie-oorsese-uitstappies-vir-mbombela-amptenare-steun\/"},"wordCount":291,"publisher":{"@id":"https:\/\/www.vfplus.org.za\/af\/#organization"},"image":{"@id":"https:\/\/www.vfplus.org.za\/af\/mediaverklarings\/vf-plus-sal-nie-oorsese-uitstappies-vir-mbombela-amptenare-steun\/#primaryimage"},"thumbnailUrl":"https:\/\/www.vfplus.org.za\/wp-content\/uploads\/2025\/08\/freedomfront_plus_VF-Plus-sal-nie-oorsese-uitstappies-vir-Mbombela-amptenare-steun.png","articleSection":["Mediaverklarings"],"inLanguage":"af-ZA"},{"@type":"WebPage","@id":"https:\/\/www.vfplus.org.za\/af\/mediaverklarings\/vf-plus-sal-nie-oorsese-uitstappies-vir-mbombela-amptenare-steun\/","url":"https:\/\/www.vfplus.org.za\/af\/mediaverklarings\/vf-plus-sal-nie-oorsese-uitstappies-vir-mbombela-amptenare-steun\/","name":"VF Plus sal nie oorsese uitstappies vir Mbombela-amptenare steun | Vryheidsfront Plus","isPartOf":{"@id":"https:\/\/www.vfplus.org.za\/af\/#website"},"primaryImageOfPage":{"@id":"https:\/\/www.vfplus.org.za\/af\/mediaverklarings\/vf-plus-sal-nie-oorsese-uitstappies-vir-mbombela-amptenare-steun\/#primaryimage"},"image":{"@id":"https:\/\/www.vfplus.org.za\/af\/mediaverklarings\/vf-plus-sal-nie-oorsese-uitstappies-vir-mbombela-amptenare-steun\/#primaryimage"},"thumbnailUrl":"https:\/\/www.vfplus.org.za\/wp-content\/uploads\/2025\/08\/freedomfront_plus_VF-Plus-sal-nie-oorsese-uitstappies-vir-Mbombela-amptenare-steun.png","datePublished":"2025-08-01T09:49:35+00:00","dateModified":"2025-08-01T13:07:30+00:00","description":"Die VF Plus veroordeel die Mbombela-plaaslike munisipaliteit (Nelspruit, Hazyview, Witrivier en Barberton) se besluit om twee bykomende afgevaardigdes na","breadcrumb":{"@id":"https:\/\/www.vfplus.org.za\/af\/mediaverklarings\/vf-plus-sal-nie-oorsese-uitstappies-vir-mbombela-amptenare-steun\/#breadcrumb"},"inLanguage":"af-ZA","potentialAction":[{"@type":"ReadAction","target":["https:\/\/www.vfplus.org.za\/af\/mediaverklarings\/vf-plus-sal-nie-oorsese-uitstappies-vir-mbombela-amptenare-steun\/"]}]},{"@type":"ImageObject","inLanguage":"af-ZA","@id":"https:\/\/www.vfplus.org.za\/af\/mediaverklarings\/vf-plus-sal-nie-oorsese-uitstappies-vir-mbombela-amptenare-steun\/#primaryimage","url":"https:\/\/www.vfplus.org.za\/wp-content\/uploads\/2025\/08\/freedomfront_plus_VF-Plus-sal-nie-oorsese-uitstappies-vir-Mbombela-amptenare-steun.png","contentUrl":"https:\/\/www.vfplus.org.za\/wp-content\/uploads\/2025\/08\/freedomfront_plus_VF-Plus-sal-nie-oorsese-uitstappies-vir-Mbombela-amptenare-steun.png","width":1024,"height":768},{"@type":"BreadcrumbList","@id":"https:\/\/www.vfplus.org.za\/af\/mediaverklarings\/vf-plus-sal-nie-oorsese-uitstappies-vir-mbombela-amptenare-steun\/#breadcrumb","itemListElement":[{"@type":"ListItem","position":1,"name":"Tuis","item":"https:\/\/www.vfplus.org.za\/af\/"},{"@type":"ListItem","position":2,"name":"VF Plus sal nie oorsese uitstappies vir Mbombela-amptenare steun"}]},{"@type":"WebSite","@id":"https:\/\/www.vfplus.org.za\/af\/#website","url":"https:\/\/www.vfplus.org.za\/af\/","name":"Freedom Front Plus","description":"Stand Up | Stand Together | Stand Strong","publisher":{"@id":"https:\/\/www.vfplus.org.za\/af\/#organization"},"potentialAction":[{"@type":"SearchAction","target":{"@type":"EntryPoint","urlTemplate":"https:\/\/www.vfplus.org.za\/af\/?s={search_term_string}"},"query-input":{"@type":"PropertyValueSpecification","valueRequired":true,"valueName":"search_term_string"}}],"inLanguage":"af-ZA"},{"@type":"Organization","@id":"https:\/\/www.vfplus.org.za\/af\/#organization","name":"Vryheidsfront Plus","alternateName":"VF Plus","url":"https:\/\/www.vfplus.org.za\/af\/","logo":{"@type":"ImageObject","inLanguage":"af-ZA","@id":"https:\/\/www.vfplus.org.za\/af\/#\/schema\/logo\/image\/","url":"https:\/\/www.vfplus.org.za\/wp-content\/uploads\/2022\/11\/vfplus-logo-01.png","contentUrl":"https:\/\/www.vfplus.org.za\/wp-content\/uploads\/2022\/11\/vfplus-logo-01.png","width":130,"height":130,"caption":"Vryheidsfront Plus"},"image":{"@id":"https:\/\/www.vfplus.org.za\/af\/#\/schema\/logo\/image\/"},"sameAs":["https:\/\/www.facebook.com\/VFplus?fref=ts","https:\/\/x.com\/VFplus","https:\/\/www.instagram.com\/vfplus_ffplus\/?hl=en","https:\/\/www.youtube.com\/user\/VRYHEIDSFRONTplus"]},{"@type":"Person","@id":"https:\/\/www.vfplus.org.za\/af\/#\/schema\/person\/2c3e703fc713d95efd7b7bf7b34646f4","name":"brand_candy_amy","image":{"@type":"ImageObject","inLanguage":"af-ZA","@id":"https:\/\/secure.gravatar.com\/avatar\/d295c22bd41c5cb61e8aa7fcafe90d2d2302363bc123897b40165ee0165d4f6b?s=96&d=mm&r=g45c99b902ec3fd12cf6977a6b6edf27a","url":"https:\/\/secure.gravatar.com\/avatar\/d295c22bd41c5cb61e8aa7fcafe90d2d2302363bc123897b40165ee0165d4f6b?s=96&d=mm&r=g","contentUrl":"https:\/\/secure.gravatar.com\/avatar\/d295c22bd41c5cb61e8aa7fcafe90d2d2302363bc123897b40165ee0165d4f6b?s=96&d=mm&r=g","caption":"brand_candy_amy"},"sameAs":["https:\/\/brandcandy.co.za"],"url":"https:\/\/www.vfplus.org.za\/af\/author\/brand_candy_amy\/"}]}},"authors":[{"term_id":473,"user_id":0,"is_guest":1,"slug":"ken-robertson-1","display_name":"Ken Robertson","avatar_url":{"url":"https:\/\/www.vfplus.org.za\/wp-content\/uploads\/2023\/09\/freedomfront-authors-ken-robertson-mbombela.jpg.png","url2x":"https:\/\/www.vfplus.org.za\/wp-content\/uploads\/2023\/09\/freedomfront-authors-ken-robertson-mbombela.jpg.png"},"author_category":"","user_url":"","last_name":"","first_name":"","job_title":"","description":""}],"_links":{"self":[{"href":"https:\/\/www.vfplus.org.za\/af\/wp-json\/wp\/v2\/posts\/81735","targetHints":{"allow":["GET"]}}],"collection":[{"href":"https:\/\/www.vfplus.org.za\/af\/wp-json\/wp\/v2\/posts"}],"about":[{"href":"https:\/\/www.vfplus.org.za\/af\/wp-json\/wp\/v2\/types\/post"}],"author":[{"embeddable":true,"href":"https:\/\/www.vfplus.org.za\/af\/wp-json\/wp\/v2\/users\/5"}],"replies":[{"embeddable":true,"href":"https:\/\/www.vfplus.org.za\/af\/wp-json\/wp\/v2\/comments?post=81735"}],"version-history":[{"count":2,"href":"https:\/\/www.vfplus.org.za\/af\/wp-json\/wp\/v2\/posts\/81735\/revisions"}],"predecessor-version":[{"id":81766,"href":"https:\/\/www.vfplus.org.za\/af\/wp-json\/wp\/v2\/posts\/81735\/revisions\/81766"}],"wp:featuredmedia":[{"embeddable":true,"href":"https:\/\/www.vfplus.org.za\/af\/wp-json\/wp\/v2\/media\/81736"}],"wp:attachment":[{"href":"https:\/\/www.vfplus.org.za\/af\/wp-json\/wp\/v2\/media?parent=81735"}],"wp:term":[{"taxonomy":"category","embeddable":true,"href":"https:\/\/www.vfplus.org.za\/af\/wp-json\/wp\/v2\/categories?post=81735"},{"taxonomy":"post_tag","embeddable":true,"href":"https:\/\/www.vfplus.org.za\/af\/wp-json\/wp\/v2\/tags?post=81735"},{"taxonomy":"author","embeddable":true,"href":"https:\/\/www.vfplus.org.za\/af\/wp-json\/wp\/v2\/ppma_author?post=81735"}],"curies":[{"name":"wp","href":"https:\/\/api.w.org\/{rel}","templated":true}]}}