{"id":81647,"date":"2025-07-28T14:21:30","date_gmt":"2025-07-28T12:21:30","guid":{"rendered":"https:\/\/www.vfplus.org.za\/?p=81647"},"modified":"2025-07-28T14:21:33","modified_gmt":"2025-07-28T12:21:33","slug":"cogta-oorsig-bewys-anc-bestuur-vrystaatse-munisipaliteit-die-afgrond-in","status":"publish","type":"post","link":"https:\/\/www.vfplus.org.za\/af\/mediaverklarings\/cogta-oorsig-bewys-anc-bestuur-vrystaatse-munisipaliteit-die-afgrond-in\/","title":{"rendered":"Cogta-oorsig bewys ANC \u201cbestuur\u201d Vrystaatse munisipaliteit die afgrond in"},"content":{"rendered":"\n<p class=\"wp-block-paragraph\">Solank as wat die ANC in beheer van Vrystaatse munisipaliteite is, sal daar geen verbetering of verandering in plaaslike regering in die provinsie wees nie.<\/p>\n\n\n\n<p class=\"wp-block-paragraph\">Vrystaatse munisipaliteite was nog nooit in die haglike finansi\u00eble toestand waarin dit tans is nie.<\/p>\n\n\n\n<p class=\"wp-block-paragraph\">D\u00edt blyk duidelik uit die gesamentlike oorsig van die nasionale en provinsiale portefeuljekomitees vir samewerkende regering en tradisionele sake (Cogta) verlede week.<\/p>\n\n\n\n<p class=\"wp-block-paragraph\">Die munisipale ouditverslae vir die 2023\/24-finansi\u00eble jaar dui duidelik op \u0149 gebrek aan verantwoordbaarheid en finansi\u00eble wanbestuur.<\/p>\n\n\n\n<p class=\"wp-block-paragraph\">Ander bevindings sluit in dat ondersoeke na finansi\u00eble ongerymdhede of glad nie gedoen word nie of vir jare sloer sonder enige afhandeling. Daar word selfde indien ooit teen skuldige amptenare opgetree en munisipaliteite gaan bloot voort om openbare fondse te wanbestee of te plunder.<\/p>\n\n\n\n<p class=\"wp-block-paragraph\">Daar is talle munisipaliteite wat jaar na jaar onbefondsde begrotings goedkeur ten spyte van waarskuwings dat dit op \u0149 onrealistiese invorderingskoers gegrond is.<\/p>\n\n\n\n<p class=\"wp-block-paragraph\">Munisipaliteite se gesamentlike agterstallige skuld aan derdepartye soos pensioenfondse, die inkomstediens en die ouditeur-generaal (OG), beloop meer as R830 miljoen.<\/p>\n\n\n\n<p class=\"wp-block-paragraph\">Skuld aan die Vaalsentraal-waterraad beloop tans meer as R10 miljard met geen duidelike plan om dit te vereffen nie.<\/p>\n\n\n\n<p class=\"wp-block-paragraph\">Nog die Vrystaatse premier, Maqueen Letshoa-Mathae, n\u00f3g die LUR vir samewerkende regering, Saki Mokoena, kon \u0149 geloofwaardige herstelplan bied om die vervalle munisipaliteite in die Vrystaat te red.<\/p>\n\n\n\n<p class=\"wp-block-paragraph\">Die enigste manier om dit te doen, is om van die ANC by die stembus ontslae te raak.<\/p>\n","protected":false},"excerpt":{"rendered":"<p>Solank as wat die ANC in beheer van Vrystaatse munisipaliteite is, sal daar geen verbetering of verandering in plaaslike regering in die provinsie wees nie. Vrystaatse munisipaliteite was nog nooit in die haglike finansi\u00eble toestand waarin dit tans is nie. D\u00edt blyk duidelik uit die gesamentlike oorsig van die nasionale en provinsiale portefeuljekomitees vir samewerkende [&hellip;]<\/p>\n","protected":false},"author":5,"featured_media":81648,"comment_status":"closed","ping_status":"closed","sticky":false,"template":"","format":"standard","meta":{"_acf_changed":false,"_relevanssi_hide_post":"","_relevanssi_hide_content":"","_relevanssi_pin_for_all":"","_relevanssi_pin_keywords":"","_relevanssi_unpin_keywords":"","_relevanssi_related_keywords":"","_relevanssi_related_include_ids":"","_relevanssi_related_exclude_ids":"","_relevanssi_related_no_append":"","_relevanssi_related_not_related":"","_relevanssi_related_posts":"71164,61410,20019,61580,79524,59862","_relevanssi_noindex_reason":"","footnotes":""},"categories":[100],"tags":[],"ppma_author":[306,118],"class_list":["post-81647","post","type-post","status-publish","format-standard","has-post-thumbnail","hentry","category-mediaverklarings"],"acf":[],"yoast_head":"<!-- This site is optimized with the Yoast SEO plugin v28.3 - https:\/\/yoast.com\/product\/yoast-seo-wordpress\/ -->\n<title>Cogta-oorsig bewys ANC \u201cbestuur\u201d Vrystaatse munisipaliteit die afgrond in | Vryheidsfront Plus<\/title>\n<meta name=\"description\" content=\"Solank as wat die ANC in beheer van Vrystaatse munisipaliteite is, sal daar geen verbetering of verandering in plaaslike regering in die provinsie wees\" \/>\n<meta name=\"robots\" content=\"index, follow, max-snippet:-1, max-image-preview:large, max-video-preview:-1\" \/>\n<link rel=\"canonical\" href=\"https:\/\/www.vfplus.org.za\/af\/mediaverklarings\/cogta-oorsig-bewys-anc-bestuur-vrystaatse-munisipaliteit-die-afgrond-in\/\" \/>\n<meta property=\"og:locale\" content=\"af_ZA\" \/>\n<meta property=\"og:type\" content=\"article\" \/>\n<meta property=\"og:title\" content=\"Cogta-oorsig bewys ANC \u201cbestuur\u201d Vrystaatse munisipaliteit die afgrond in | Vryheidsfront Plus\" \/>\n<meta property=\"og:description\" content=\"Solank as wat die ANC in beheer van Vrystaatse munisipaliteite is, sal daar geen verbetering of verandering in plaaslike regering in die provinsie wees\" \/>\n<meta property=\"og:url\" content=\"https:\/\/www.vfplus.org.za\/af\/mediaverklarings\/cogta-oorsig-bewys-anc-bestuur-vrystaatse-munisipaliteit-die-afgrond-in\/\" \/>\n<meta property=\"og:site_name\" content=\"Vryheidsfront Plus\" \/>\n<meta property=\"article:publisher\" content=\"https:\/\/www.facebook.com\/VFplus?fref=ts\" \/>\n<meta property=\"article:published_time\" content=\"2025-07-28T12:21:30+00:00\" \/>\n<meta property=\"article:modified_time\" content=\"2025-07-28T12:21:33+00:00\" \/>\n<meta property=\"og:image\" content=\"https:\/\/www.vfplus.org.za\/wp-content\/uploads\/2025\/07\/freedomfront_plus_Cogta-oorsig-bewys-ANC-bestuur-Vrystaatse-munisipaliteit-die-afgrond-in.png\" \/>\n\t<meta property=\"og:image:width\" content=\"1024\" \/>\n\t<meta property=\"og:image:height\" content=\"768\" \/>\n\t<meta property=\"og:image:type\" content=\"image\/png\" \/>\n<meta name=\"author\" content=\"Armand Cloete, Mr Armand Cloete\" \/>\n<meta name=\"twitter:card\" content=\"summary_large_image\" \/>\n<meta name=\"twitter:creator\" content=\"@VFplus\" \/>\n<meta name=\"twitter:site\" content=\"@VFplus\" \/>\n<meta name=\"twitter:label1\" content=\"Written by\" \/>\n\t<meta name=\"twitter:data1\" content=\"brand_candy_amy\" \/>\n\t<meta name=\"twitter:label2\" content=\"Est. reading time\" \/>\n\t<meta name=\"twitter:data2\" content=\"2 minutes\" \/>\n<script type=\"application\/ld+json\" class=\"yoast-schema-graph\">{\"@context\":\"https:\\\/\\\/schema.org\",\"@graph\":[{\"@type\":\"Article\",\"@id\":\"https:\\\/\\\/www.vfplus.org.za\\\/af\\\/mediaverklarings\\\/cogta-oorsig-bewys-anc-bestuur-vrystaatse-munisipaliteit-die-afgrond-in\\\/#article\",\"isPartOf\":{\"@id\":\"https:\\\/\\\/www.vfplus.org.za\\\/af\\\/mediaverklarings\\\/cogta-oorsig-bewys-anc-bestuur-vrystaatse-munisipaliteit-die-afgrond-in\\\/\"},\"author\":{\"name\":\"brand_candy_amy\",\"@id\":\"https:\\\/\\\/www.vfplus.org.za\\\/af\\\/#\\\/schema\\\/person\\\/2c3e703fc713d95efd7b7bf7b34646f4\"},\"headline\":\"Cogta-oorsig bewys ANC \u201cbestuur\u201d Vrystaatse munisipaliteit die afgrond in\",\"datePublished\":\"2025-07-28T12:21:30+00:00\",\"dateModified\":\"2025-07-28T12:21:33+00:00\",\"mainEntityOfPage\":{\"@id\":\"https:\\\/\\\/www.vfplus.org.za\\\/af\\\/mediaverklarings\\\/cogta-oorsig-bewys-anc-bestuur-vrystaatse-munisipaliteit-die-afgrond-in\\\/\"},\"wordCount\":243,\"publisher\":{\"@id\":\"https:\\\/\\\/www.vfplus.org.za\\\/af\\\/#organization\"},\"image\":{\"@id\":\"https:\\\/\\\/www.vfplus.org.za\\\/af\\\/mediaverklarings\\\/cogta-oorsig-bewys-anc-bestuur-vrystaatse-munisipaliteit-die-afgrond-in\\\/#primaryimage\"},\"thumbnailUrl\":\"https:\\\/\\\/www.vfplus.org.za\\\/wp-content\\\/uploads\\\/2025\\\/07\\\/freedomfront_plus_Cogta-oorsig-bewys-ANC-bestuur-Vrystaatse-munisipaliteit-die-afgrond-in.png\",\"articleSection\":[\"Mediaverklarings\"],\"inLanguage\":\"af-ZA\"},{\"@type\":\"WebPage\",\"@id\":\"https:\\\/\\\/www.vfplus.org.za\\\/af\\\/mediaverklarings\\\/cogta-oorsig-bewys-anc-bestuur-vrystaatse-munisipaliteit-die-afgrond-in\\\/\",\"url\":\"https:\\\/\\\/www.vfplus.org.za\\\/af\\\/mediaverklarings\\\/cogta-oorsig-bewys-anc-bestuur-vrystaatse-munisipaliteit-die-afgrond-in\\\/\",\"name\":\"Cogta-oorsig bewys ANC \u201cbestuur\u201d Vrystaatse munisipaliteit die afgrond in | Vryheidsfront Plus\",\"isPartOf\":{\"@id\":\"https:\\\/\\\/www.vfplus.org.za\\\/af\\\/#website\"},\"primaryImageOfPage\":{\"@id\":\"https:\\\/\\\/www.vfplus.org.za\\\/af\\\/mediaverklarings\\\/cogta-oorsig-bewys-anc-bestuur-vrystaatse-munisipaliteit-die-afgrond-in\\\/#primaryimage\"},\"image\":{\"@id\":\"https:\\\/\\\/www.vfplus.org.za\\\/af\\\/mediaverklarings\\\/cogta-oorsig-bewys-anc-bestuur-vrystaatse-munisipaliteit-die-afgrond-in\\\/#primaryimage\"},\"thumbnailUrl\":\"https:\\\/\\\/www.vfplus.org.za\\\/wp-content\\\/uploads\\\/2025\\\/07\\\/freedomfront_plus_Cogta-oorsig-bewys-ANC-bestuur-Vrystaatse-munisipaliteit-die-afgrond-in.png\",\"datePublished\":\"2025-07-28T12:21:30+00:00\",\"dateModified\":\"2025-07-28T12:21:33+00:00\",\"description\":\"Solank as wat die ANC in beheer van Vrystaatse munisipaliteite is, sal daar geen verbetering of verandering in plaaslike regering in die provinsie wees\",\"breadcrumb\":{\"@id\":\"https:\\\/\\\/www.vfplus.org.za\\\/af\\\/mediaverklarings\\\/cogta-oorsig-bewys-anc-bestuur-vrystaatse-munisipaliteit-die-afgrond-in\\\/#breadcrumb\"},\"inLanguage\":\"af-ZA\",\"potentialAction\":[{\"@type\":\"ReadAction\",\"target\":[\"https:\\\/\\\/www.vfplus.org.za\\\/af\\\/mediaverklarings\\\/cogta-oorsig-bewys-anc-bestuur-vrystaatse-munisipaliteit-die-afgrond-in\\\/\"]}]},{\"@type\":\"ImageObject\",\"inLanguage\":\"af-ZA\",\"@id\":\"https:\\\/\\\/www.vfplus.org.za\\\/af\\\/mediaverklarings\\\/cogta-oorsig-bewys-anc-bestuur-vrystaatse-munisipaliteit-die-afgrond-in\\\/#primaryimage\",\"url\":\"https:\\\/\\\/www.vfplus.org.za\\\/wp-content\\\/uploads\\\/2025\\\/07\\\/freedomfront_plus_Cogta-oorsig-bewys-ANC-bestuur-Vrystaatse-munisipaliteit-die-afgrond-in.png\",\"contentUrl\":\"https:\\\/\\\/www.vfplus.org.za\\\/wp-content\\\/uploads\\\/2025\\\/07\\\/freedomfront_plus_Cogta-oorsig-bewys-ANC-bestuur-Vrystaatse-munisipaliteit-die-afgrond-in.png\",\"width\":1024,\"height\":768},{\"@type\":\"BreadcrumbList\",\"@id\":\"https:\\\/\\\/www.vfplus.org.za\\\/af\\\/mediaverklarings\\\/cogta-oorsig-bewys-anc-bestuur-vrystaatse-munisipaliteit-die-afgrond-in\\\/#breadcrumb\",\"itemListElement\":[{\"@type\":\"ListItem\",\"position\":1,\"name\":\"Tuis\",\"item\":\"https:\\\/\\\/www.vfplus.org.za\\\/af\\\/\"},{\"@type\":\"ListItem\",\"position\":2,\"name\":\"Cogta-oorsig bewys ANC \u201cbestuur\u201d Vrystaatse munisipaliteit die afgrond in\"}]},{\"@type\":\"WebSite\",\"@id\":\"https:\\\/\\\/www.vfplus.org.za\\\/af\\\/#website\",\"url\":\"https:\\\/\\\/www.vfplus.org.za\\\/af\\\/\",\"name\":\"Freedom Front Plus\",\"description\":\"Stand Up | Stand Together | Stand Strong\",\"publisher\":{\"@id\":\"https:\\\/\\\/www.vfplus.org.za\\\/af\\\/#organization\"},\"potentialAction\":[{\"@type\":\"SearchAction\",\"target\":{\"@type\":\"EntryPoint\",\"urlTemplate\":\"https:\\\/\\\/www.vfplus.org.za\\\/af\\\/?s={search_term_string}\"},\"query-input\":{\"@type\":\"PropertyValueSpecification\",\"valueRequired\":true,\"valueName\":\"search_term_string\"}}],\"inLanguage\":\"af-ZA\"},{\"@type\":\"Organization\",\"@id\":\"https:\\\/\\\/www.vfplus.org.za\\\/af\\\/#organization\",\"name\":\"Vryheidsfront Plus\",\"alternateName\":\"VF Plus\",\"url\":\"https:\\\/\\\/www.vfplus.org.za\\\/af\\\/\",\"logo\":{\"@type\":\"ImageObject\",\"inLanguage\":\"af-ZA\",\"@id\":\"https:\\\/\\\/www.vfplus.org.za\\\/af\\\/#\\\/schema\\\/logo\\\/image\\\/\",\"url\":\"https:\\\/\\\/www.vfplus.org.za\\\/wp-content\\\/uploads\\\/2022\\\/11\\\/vfplus-logo-01.png\",\"contentUrl\":\"https:\\\/\\\/www.vfplus.org.za\\\/wp-content\\\/uploads\\\/2022\\\/11\\\/vfplus-logo-01.png\",\"width\":130,\"height\":130,\"caption\":\"Vryheidsfront Plus\"},\"image\":{\"@id\":\"https:\\\/\\\/www.vfplus.org.za\\\/af\\\/#\\\/schema\\\/logo\\\/image\\\/\"},\"sameAs\":[\"https:\\\/\\\/www.facebook.com\\\/VFplus?fref=ts\",\"https:\\\/\\\/x.com\\\/VFplus\",\"https:\\\/\\\/www.instagram.com\\\/vfplus_ffplus\\\/?hl=en\",\"https:\\\/\\\/www.youtube.com\\\/user\\\/VRYHEIDSFRONTplus\"]},{\"@type\":\"Person\",\"@id\":\"https:\\\/\\\/www.vfplus.org.za\\\/af\\\/#\\\/schema\\\/person\\\/2c3e703fc713d95efd7b7bf7b34646f4\",\"name\":\"brand_candy_amy\",\"image\":{\"@type\":\"ImageObject\",\"inLanguage\":\"af-ZA\",\"@id\":\"https:\\\/\\\/secure.gravatar.com\\\/avatar\\\/d295c22bd41c5cb61e8aa7fcafe90d2d2302363bc123897b40165ee0165d4f6b?s=96&d=mm&r=g45c99b902ec3fd12cf6977a6b6edf27a\",\"url\":\"https:\\\/\\\/secure.gravatar.com\\\/avatar\\\/d295c22bd41c5cb61e8aa7fcafe90d2d2302363bc123897b40165ee0165d4f6b?s=96&d=mm&r=g\",\"contentUrl\":\"https:\\\/\\\/secure.gravatar.com\\\/avatar\\\/d295c22bd41c5cb61e8aa7fcafe90d2d2302363bc123897b40165ee0165d4f6b?s=96&d=mm&r=g\",\"caption\":\"brand_candy_amy\"},\"sameAs\":[\"https:\\\/\\\/brandcandy.co.za\"],\"url\":\"https:\\\/\\\/www.vfplus.org.za\\\/af\\\/author\\\/brand_candy_amy\\\/\"}]}<\/script>\n<!-- \/ Yoast SEO plugin. -->","yoast_head_json":{"title":"Cogta-oorsig bewys ANC \u201cbestuur\u201d Vrystaatse munisipaliteit die afgrond in | Vryheidsfront Plus","description":"Solank as wat die ANC in beheer van Vrystaatse munisipaliteite is, sal daar geen verbetering of verandering in plaaslike regering in die provinsie wees","robots":{"index":"index","follow":"follow","max-snippet":"max-snippet:-1","max-image-preview":"max-image-preview:large","max-video-preview":"max-video-preview:-1"},"canonical":"https:\/\/www.vfplus.org.za\/af\/mediaverklarings\/cogta-oorsig-bewys-anc-bestuur-vrystaatse-munisipaliteit-die-afgrond-in\/","og_locale":"af_ZA","og_type":"article","og_title":"Cogta-oorsig bewys ANC \u201cbestuur\u201d Vrystaatse munisipaliteit die afgrond in | Vryheidsfront Plus","og_description":"Solank as wat die ANC in beheer van Vrystaatse munisipaliteite is, sal daar geen verbetering of verandering in plaaslike regering in die provinsie wees","og_url":"https:\/\/www.vfplus.org.za\/af\/mediaverklarings\/cogta-oorsig-bewys-anc-bestuur-vrystaatse-munisipaliteit-die-afgrond-in\/","og_site_name":"Vryheidsfront Plus","article_publisher":"https:\/\/www.facebook.com\/VFplus?fref=ts","article_published_time":"2025-07-28T12:21:30+00:00","article_modified_time":"2025-07-28T12:21:33+00:00","og_image":[{"width":1024,"height":768,"url":"https:\/\/www.vfplus.org.za\/wp-content\/uploads\/2025\/07\/freedomfront_plus_Cogta-oorsig-bewys-ANC-bestuur-Vrystaatse-munisipaliteit-die-afgrond-in.png","type":"image\/png"}],"author":"Armand Cloete, Mr Armand Cloete","twitter_card":"summary_large_image","twitter_creator":"@VFplus","twitter_site":"@VFplus","twitter_misc":{"Written by":"brand_candy_amy","Est. reading time":"2 minutes"},"schema":{"@context":"https:\/\/schema.org","@graph":[{"@type":"Article","@id":"https:\/\/www.vfplus.org.za\/af\/mediaverklarings\/cogta-oorsig-bewys-anc-bestuur-vrystaatse-munisipaliteit-die-afgrond-in\/#article","isPartOf":{"@id":"https:\/\/www.vfplus.org.za\/af\/mediaverklarings\/cogta-oorsig-bewys-anc-bestuur-vrystaatse-munisipaliteit-die-afgrond-in\/"},"author":{"name":"brand_candy_amy","@id":"https:\/\/www.vfplus.org.za\/af\/#\/schema\/person\/2c3e703fc713d95efd7b7bf7b34646f4"},"headline":"Cogta-oorsig bewys ANC \u201cbestuur\u201d Vrystaatse munisipaliteit die afgrond in","datePublished":"2025-07-28T12:21:30+00:00","dateModified":"2025-07-28T12:21:33+00:00","mainEntityOfPage":{"@id":"https:\/\/www.vfplus.org.za\/af\/mediaverklarings\/cogta-oorsig-bewys-anc-bestuur-vrystaatse-munisipaliteit-die-afgrond-in\/"},"wordCount":243,"publisher":{"@id":"https:\/\/www.vfplus.org.za\/af\/#organization"},"image":{"@id":"https:\/\/www.vfplus.org.za\/af\/mediaverklarings\/cogta-oorsig-bewys-anc-bestuur-vrystaatse-munisipaliteit-die-afgrond-in\/#primaryimage"},"thumbnailUrl":"https:\/\/www.vfplus.org.za\/wp-content\/uploads\/2025\/07\/freedomfront_plus_Cogta-oorsig-bewys-ANC-bestuur-Vrystaatse-munisipaliteit-die-afgrond-in.png","articleSection":["Mediaverklarings"],"inLanguage":"af-ZA"},{"@type":"WebPage","@id":"https:\/\/www.vfplus.org.za\/af\/mediaverklarings\/cogta-oorsig-bewys-anc-bestuur-vrystaatse-munisipaliteit-die-afgrond-in\/","url":"https:\/\/www.vfplus.org.za\/af\/mediaverklarings\/cogta-oorsig-bewys-anc-bestuur-vrystaatse-munisipaliteit-die-afgrond-in\/","name":"Cogta-oorsig bewys ANC \u201cbestuur\u201d Vrystaatse munisipaliteit die afgrond in | Vryheidsfront Plus","isPartOf":{"@id":"https:\/\/www.vfplus.org.za\/af\/#website"},"primaryImageOfPage":{"@id":"https:\/\/www.vfplus.org.za\/af\/mediaverklarings\/cogta-oorsig-bewys-anc-bestuur-vrystaatse-munisipaliteit-die-afgrond-in\/#primaryimage"},"image":{"@id":"https:\/\/www.vfplus.org.za\/af\/mediaverklarings\/cogta-oorsig-bewys-anc-bestuur-vrystaatse-munisipaliteit-die-afgrond-in\/#primaryimage"},"thumbnailUrl":"https:\/\/www.vfplus.org.za\/wp-content\/uploads\/2025\/07\/freedomfront_plus_Cogta-oorsig-bewys-ANC-bestuur-Vrystaatse-munisipaliteit-die-afgrond-in.png","datePublished":"2025-07-28T12:21:30+00:00","dateModified":"2025-07-28T12:21:33+00:00","description":"Solank as wat die ANC in beheer van Vrystaatse munisipaliteite is, sal daar geen verbetering of verandering in plaaslike regering in die provinsie wees","breadcrumb":{"@id":"https:\/\/www.vfplus.org.za\/af\/mediaverklarings\/cogta-oorsig-bewys-anc-bestuur-vrystaatse-munisipaliteit-die-afgrond-in\/#breadcrumb"},"inLanguage":"af-ZA","potentialAction":[{"@type":"ReadAction","target":["https:\/\/www.vfplus.org.za\/af\/mediaverklarings\/cogta-oorsig-bewys-anc-bestuur-vrystaatse-munisipaliteit-die-afgrond-in\/"]}]},{"@type":"ImageObject","inLanguage":"af-ZA","@id":"https:\/\/www.vfplus.org.za\/af\/mediaverklarings\/cogta-oorsig-bewys-anc-bestuur-vrystaatse-munisipaliteit-die-afgrond-in\/#primaryimage","url":"https:\/\/www.vfplus.org.za\/wp-content\/uploads\/2025\/07\/freedomfront_plus_Cogta-oorsig-bewys-ANC-bestuur-Vrystaatse-munisipaliteit-die-afgrond-in.png","contentUrl":"https:\/\/www.vfplus.org.za\/wp-content\/uploads\/2025\/07\/freedomfront_plus_Cogta-oorsig-bewys-ANC-bestuur-Vrystaatse-munisipaliteit-die-afgrond-in.png","width":1024,"height":768},{"@type":"BreadcrumbList","@id":"https:\/\/www.vfplus.org.za\/af\/mediaverklarings\/cogta-oorsig-bewys-anc-bestuur-vrystaatse-munisipaliteit-die-afgrond-in\/#breadcrumb","itemListElement":[{"@type":"ListItem","position":1,"name":"Tuis","item":"https:\/\/www.vfplus.org.za\/af\/"},{"@type":"ListItem","position":2,"name":"Cogta-oorsig bewys ANC \u201cbestuur\u201d Vrystaatse munisipaliteit die afgrond in"}]},{"@type":"WebSite","@id":"https:\/\/www.vfplus.org.za\/af\/#website","url":"https:\/\/www.vfplus.org.za\/af\/","name":"Freedom Front Plus","description":"Stand Up | Stand Together | Stand Strong","publisher":{"@id":"https:\/\/www.vfplus.org.za\/af\/#organization"},"potentialAction":[{"@type":"SearchAction","target":{"@type":"EntryPoint","urlTemplate":"https:\/\/www.vfplus.org.za\/af\/?s={search_term_string}"},"query-input":{"@type":"PropertyValueSpecification","valueRequired":true,"valueName":"search_term_string"}}],"inLanguage":"af-ZA"},{"@type":"Organization","@id":"https:\/\/www.vfplus.org.za\/af\/#organization","name":"Vryheidsfront Plus","alternateName":"VF Plus","url":"https:\/\/www.vfplus.org.za\/af\/","logo":{"@type":"ImageObject","inLanguage":"af-ZA","@id":"https:\/\/www.vfplus.org.za\/af\/#\/schema\/logo\/image\/","url":"https:\/\/www.vfplus.org.za\/wp-content\/uploads\/2022\/11\/vfplus-logo-01.png","contentUrl":"https:\/\/www.vfplus.org.za\/wp-content\/uploads\/2022\/11\/vfplus-logo-01.png","width":130,"height":130,"caption":"Vryheidsfront Plus"},"image":{"@id":"https:\/\/www.vfplus.org.za\/af\/#\/schema\/logo\/image\/"},"sameAs":["https:\/\/www.facebook.com\/VFplus?fref=ts","https:\/\/x.com\/VFplus","https:\/\/www.instagram.com\/vfplus_ffplus\/?hl=en","https:\/\/www.youtube.com\/user\/VRYHEIDSFRONTplus"]},{"@type":"Person","@id":"https:\/\/www.vfplus.org.za\/af\/#\/schema\/person\/2c3e703fc713d95efd7b7bf7b34646f4","name":"brand_candy_amy","image":{"@type":"ImageObject","inLanguage":"af-ZA","@id":"https:\/\/secure.gravatar.com\/avatar\/d295c22bd41c5cb61e8aa7fcafe90d2d2302363bc123897b40165ee0165d4f6b?s=96&d=mm&r=g45c99b902ec3fd12cf6977a6b6edf27a","url":"https:\/\/secure.gravatar.com\/avatar\/d295c22bd41c5cb61e8aa7fcafe90d2d2302363bc123897b40165ee0165d4f6b?s=96&d=mm&r=g","contentUrl":"https:\/\/secure.gravatar.com\/avatar\/d295c22bd41c5cb61e8aa7fcafe90d2d2302363bc123897b40165ee0165d4f6b?s=96&d=mm&r=g","caption":"brand_candy_amy"},"sameAs":["https:\/\/brandcandy.co.za"],"url":"https:\/\/www.vfplus.org.za\/af\/author\/brand_candy_amy\/"}]}},"authors":[{"term_id":306,"user_id":0,"is_guest":1,"slug":"armand-cloete","display_name":"Armand Cloete","avatar_url":{"url":"https:\/\/www.vfplus.org.za\/wp-content\/uploads\/2023\/06\/freedomfront_plus_author_Armand_Cloete_01.jpg","url2x":"https:\/\/www.vfplus.org.za\/wp-content\/uploads\/2023\/06\/freedomfront_plus_author_Armand_Cloete_01.jpg"},"author_category":"","user_url":"","last_name":"","first_name":"","job_title":"","description":""},{"term_id":118,"user_id":0,"is_guest":1,"slug":"mr-armand-cloete","display_name":"Mr Armand Cloete","avatar_url":{"url":"https:\/\/www.vfplus.org.za\/wp-content\/uploads\/2023\/06\/freedomfront_plus_author_Armand_Cloete_01.jpg","url2x":"https:\/\/www.vfplus.org.za\/wp-content\/uploads\/2023\/06\/freedomfront_plus_author_Armand_Cloete_01.jpg"},"author_category":"","user_url":"","last_name":"","first_name":"Armand Cloete","job_title":"","description":""}],"_links":{"self":[{"href":"https:\/\/www.vfplus.org.za\/af\/wp-json\/wp\/v2\/posts\/81647","targetHints":{"allow":["GET"]}}],"collection":[{"href":"https:\/\/www.vfplus.org.za\/af\/wp-json\/wp\/v2\/posts"}],"about":[{"href":"https:\/\/www.vfplus.org.za\/af\/wp-json\/wp\/v2\/types\/post"}],"author":[{"embeddable":true,"href":"https:\/\/www.vfplus.org.za\/af\/wp-json\/wp\/v2\/users\/5"}],"replies":[{"embeddable":true,"href":"https:\/\/www.vfplus.org.za\/af\/wp-json\/wp\/v2\/comments?post=81647"}],"version-history":[{"count":1,"href":"https:\/\/www.vfplus.org.za\/af\/wp-json\/wp\/v2\/posts\/81647\/revisions"}],"predecessor-version":[{"id":81650,"href":"https:\/\/www.vfplus.org.za\/af\/wp-json\/wp\/v2\/posts\/81647\/revisions\/81650"}],"wp:featuredmedia":[{"embeddable":true,"href":"https:\/\/www.vfplus.org.za\/af\/wp-json\/wp\/v2\/media\/81648"}],"wp:attachment":[{"href":"https:\/\/www.vfplus.org.za\/af\/wp-json\/wp\/v2\/media?parent=81647"}],"wp:term":[{"taxonomy":"category","embeddable":true,"href":"https:\/\/www.vfplus.org.za\/af\/wp-json\/wp\/v2\/categories?post=81647"},{"taxonomy":"post_tag","embeddable":true,"href":"https:\/\/www.vfplus.org.za\/af\/wp-json\/wp\/v2\/tags?post=81647"},{"taxonomy":"author","embeddable":true,"href":"https:\/\/www.vfplus.org.za\/af\/wp-json\/wp\/v2\/ppma_author?post=81647"}],"curies":[{"name":"wp","href":"https:\/\/api.w.org\/{rel}","templated":true}]}}