{"id":80570,"date":"2025-05-30T15:21:31","date_gmt":"2025-05-30T13:21:31","guid":{"rendered":"https:\/\/www.vfplus.org.za\/?p=80570"},"modified":"2025-05-30T15:21:37","modified_gmt":"2025-05-30T13:21:37","slug":"vf-plus-wil-weet-hoekom-tshwane-onder-presteer-in-dienslewering","status":"publish","type":"post","link":"https:\/\/www.vfplus.org.za\/af\/mediaverklarings\/vf-plus-wil-weet-hoekom-tshwane-onder-presteer-in-dienslewering\/","title":{"rendered":"VF Plus wil weet hoekom Tshwane onder presteer in dienslewering"},"content":{"rendered":"\n<p class=\"wp-block-paragraph\">Die VF Plus het tydens die afgelope raadsvergadering van die Tshwane-metroraad sy kommer uitgespreek oor die metro se vlak van vordering met kapitaalprojekte en prestasies soos weerspie\u00ebl in die derde kwartaal se dienslewering- en implementeringsplan.<\/p>\n\n\n\n<p class=\"wp-block-paragraph\">Volgens die jongste verslag wat aan die raad voorgel\u00ea is, toon die meeste projekte \u00f3f geen vordering nie \u00f3f is ver agter die geskeduleerde teikens. Die statistiek is skokkend:<\/p>\n\n\n\n<p class=\"wp-block-paragraph\">\u2022 24 projekte toon 0% vordering.<br>\u2022 43 projekte presteer tussen 1% en 39%.<br>\u2022 Slegs 15 projekte (minder as 15%) toon vordering tussen 70% en 99%.<\/p>\n\n\n\n<p class=\"wp-block-paragraph\">Ten opsigte van kapitaalprojekte is slegs 32% van 158 projekte tot dusver sinvol uitgevoer. Dit beteken byna een uit elke sewe projekte het geen vordering getoon nie.<\/p>\n\n\n\n<p class=\"wp-block-paragraph\">Dit is onaanvaarbaar dat belangrike infrastruktuur- en diensleweringsprojekte in die hoofstad van Suid-Afrika op hierdie wyse vertraag word of glad nie vorder nie.<\/p>\n\n\n\n<p class=\"wp-block-paragraph\">Die reaksie van die stadsadministrasie is telkens dat hulle \u2018kennis neem\u2019 van die probleme.<\/p>\n\n\n\n<p class=\"wp-block-paragraph\">Die VF Plus waarsku dat die dag gaan kom dat die dood van die hoofstad in die metroraad aangekondig word en selfs dan gaan die aanbeveling wees dat die raad \u2018kennis neem\u2019.<\/p>\n\n\n\n<p class=\"wp-block-paragraph\">Hoewel die metro &#8216;n skuldverligtingskema ingestel het en beweer dit is \u2018allesomvattend\u2019, het slegs 102 huishoudings en drie ondernemings teen einde Maart 2025 daarvoor aansoek gedoen.<\/p>\n\n\n\n<p class=\"wp-block-paragraph\">Dit is \u2018n duidelike teken van beperkte impak. Die sogenaamde amnestie vir onwettige kragverbindings het 10 200 aansoeke gegenereer, wat minder as 0.02% van die uitgereikte rekeninge in November 2024 verteenwoordig.<\/p>\n\n\n\n<p class=\"wp-block-paragraph\">Die VF Plus aanvaar nie langer die verskonings van \u2018administratiewe uitdagings\u2019 of die gebrek aan politieke wil om die gebrek aan prestasie te verduidelik nie.<\/p>\n\n\n\n<p class=\"wp-block-paragraph\">Die metro het daadwerklike optrede nodig. Nie n\u00f3g \u2018n verslag of n\u00f3g \u2018n vergadering nie.<\/p>\n\n\n\n<p class=\"wp-block-paragraph\">Die VF Plus eis dat elke departement en burgemeesterskomiteelid aanspreeklik gehou word vir hul verantwoordelikhede en dat onderprestasie as \u2018n noodgeval behandel behoort te word.<\/p>\n\n\n\n<p class=\"wp-block-paragraph\">Dienslewering is nie onderhandelbaar nie, veral nie in \u2018n metro waar infrastruktuur onder druk is en gemeenskappe gereeld sonder water, elektrisiteit en met onveilige paaie sit nie.<\/p>\n\n\n\n<p class=\"wp-block-paragraph\">Die inwoners van Tshwane verdien beter. Die VF Plus sal nie stilbly terwyl die wiele van die metro afkom nie.<\/p>\n","protected":false},"excerpt":{"rendered":"<p>Die VF Plus het tydens die afgelope raadsvergadering van die Tshwane-metroraad sy kommer uitgespreek oor die metro se vlak van vordering met kapitaalprojekte en prestasies soos weerspie\u00ebl in die derde kwartaal se dienslewering- en implementeringsplan. Volgens die jongste verslag wat aan die raad voorgel\u00ea is, toon die meeste projekte \u00f3f geen vordering nie \u00f3f is [&hellip;]<\/p>\n","protected":false},"author":5,"featured_media":80571,"comment_status":"closed","ping_status":"closed","sticky":false,"template":"","format":"standard","meta":{"_acf_changed":false,"_relevanssi_hide_post":"","_relevanssi_hide_content":"","_relevanssi_pin_for_all":"","_relevanssi_pin_keywords":"","_relevanssi_unpin_keywords":"","_relevanssi_related_keywords":"","_relevanssi_related_include_ids":"","_relevanssi_related_exclude_ids":"","_relevanssi_related_no_append":"","_relevanssi_related_not_related":"","_relevanssi_related_posts":"77472,58292,78264,60315,23021,75623","_relevanssi_noindex_reason":"","footnotes":""},"categories":[100],"tags":[],"ppma_author":[264],"class_list":["post-80570","post","type-post","status-publish","format-standard","has-post-thumbnail","hentry","category-mediaverklarings"],"acf":[],"yoast_head":"<!-- This site is optimized with the Yoast SEO plugin v28.3 - https:\/\/yoast.com\/product\/yoast-seo-wordpress\/ -->\n<title>VF Plus wil weet hoekom Tshwane onder presteer in dienslewering | Vryheidsfront Plus<\/title>\n<meta name=\"description\" content=\"Die VF Plus het tydens die afgelope raadsvergadering van die Tshwane-metroraad sy kommer uitgespreek oor die metro se vlak van vordering met\" \/>\n<meta name=\"robots\" content=\"index, follow, max-snippet:-1, max-image-preview:large, max-video-preview:-1\" \/>\n<link rel=\"canonical\" href=\"https:\/\/www.vfplus.org.za\/af\/mediaverklarings\/vf-plus-wil-weet-hoekom-tshwane-onder-presteer-in-dienslewering\/\" \/>\n<meta property=\"og:locale\" content=\"af_ZA\" \/>\n<meta property=\"og:type\" content=\"article\" \/>\n<meta property=\"og:title\" content=\"VF Plus wil weet hoekom Tshwane onder presteer in dienslewering | Vryheidsfront Plus\" \/>\n<meta property=\"og:description\" content=\"Die VF Plus het tydens die afgelope raadsvergadering van die Tshwane-metroraad sy kommer uitgespreek oor die metro se vlak van vordering met\" \/>\n<meta property=\"og:url\" content=\"https:\/\/www.vfplus.org.za\/af\/mediaverklarings\/vf-plus-wil-weet-hoekom-tshwane-onder-presteer-in-dienslewering\/\" \/>\n<meta property=\"og:site_name\" content=\"Vryheidsfront Plus\" \/>\n<meta property=\"article:publisher\" content=\"https:\/\/www.facebook.com\/VFplus?fref=ts\" \/>\n<meta property=\"article:published_time\" content=\"2025-05-30T13:21:31+00:00\" \/>\n<meta property=\"article:modified_time\" content=\"2025-05-30T13:21:37+00:00\" \/>\n<meta property=\"og:image\" content=\"https:\/\/www.vfplus.org.za\/wp-content\/uploads\/2025\/05\/freedomfront_plus_VF-Plus-wil-weet-hoekom-Tshwane-onder-presteer-in-dienslewering.png\" \/>\n\t<meta property=\"og:image:width\" content=\"1024\" \/>\n\t<meta property=\"og:image:height\" content=\"768\" \/>\n\t<meta property=\"og:image:type\" content=\"image\/png\" \/>\n<meta name=\"author\" content=\"Nick Pascoe\" \/>\n<meta name=\"twitter:card\" content=\"summary_large_image\" \/>\n<meta name=\"twitter:creator\" content=\"@VFplus\" \/>\n<meta name=\"twitter:site\" content=\"@VFplus\" \/>\n<meta name=\"twitter:label1\" content=\"Written by\" \/>\n\t<meta name=\"twitter:data1\" content=\"brand_candy_amy\" \/>\n\t<meta name=\"twitter:label2\" content=\"Est. reading time\" \/>\n\t<meta name=\"twitter:data2\" content=\"3 minutes\" \/>\n<script type=\"application\/ld+json\" class=\"yoast-schema-graph\">{\"@context\":\"https:\\\/\\\/schema.org\",\"@graph\":[{\"@type\":\"Article\",\"@id\":\"https:\\\/\\\/www.vfplus.org.za\\\/af\\\/mediaverklarings\\\/vf-plus-wil-weet-hoekom-tshwane-onder-presteer-in-dienslewering\\\/#article\",\"isPartOf\":{\"@id\":\"https:\\\/\\\/www.vfplus.org.za\\\/af\\\/mediaverklarings\\\/vf-plus-wil-weet-hoekom-tshwane-onder-presteer-in-dienslewering\\\/\"},\"author\":{\"name\":\"brand_candy_amy\",\"@id\":\"https:\\\/\\\/www.vfplus.org.za\\\/af\\\/#\\\/schema\\\/person\\\/2c3e703fc713d95efd7b7bf7b34646f4\"},\"headline\":\"VF Plus wil weet hoekom Tshwane onder presteer in dienslewering\",\"datePublished\":\"2025-05-30T13:21:31+00:00\",\"dateModified\":\"2025-05-30T13:21:37+00:00\",\"mainEntityOfPage\":{\"@id\":\"https:\\\/\\\/www.vfplus.org.za\\\/af\\\/mediaverklarings\\\/vf-plus-wil-weet-hoekom-tshwane-onder-presteer-in-dienslewering\\\/\"},\"wordCount\":349,\"publisher\":{\"@id\":\"https:\\\/\\\/www.vfplus.org.za\\\/af\\\/#organization\"},\"image\":{\"@id\":\"https:\\\/\\\/www.vfplus.org.za\\\/af\\\/mediaverklarings\\\/vf-plus-wil-weet-hoekom-tshwane-onder-presteer-in-dienslewering\\\/#primaryimage\"},\"thumbnailUrl\":\"https:\\\/\\\/www.vfplus.org.za\\\/wp-content\\\/uploads\\\/2025\\\/05\\\/freedomfront_plus_VF-Plus-wil-weet-hoekom-Tshwane-onder-presteer-in-dienslewering.png\",\"articleSection\":[\"Mediaverklarings\"],\"inLanguage\":\"af-ZA\"},{\"@type\":\"WebPage\",\"@id\":\"https:\\\/\\\/www.vfplus.org.za\\\/af\\\/mediaverklarings\\\/vf-plus-wil-weet-hoekom-tshwane-onder-presteer-in-dienslewering\\\/\",\"url\":\"https:\\\/\\\/www.vfplus.org.za\\\/af\\\/mediaverklarings\\\/vf-plus-wil-weet-hoekom-tshwane-onder-presteer-in-dienslewering\\\/\",\"name\":\"VF Plus wil weet hoekom Tshwane onder presteer in dienslewering | Vryheidsfront Plus\",\"isPartOf\":{\"@id\":\"https:\\\/\\\/www.vfplus.org.za\\\/af\\\/#website\"},\"primaryImageOfPage\":{\"@id\":\"https:\\\/\\\/www.vfplus.org.za\\\/af\\\/mediaverklarings\\\/vf-plus-wil-weet-hoekom-tshwane-onder-presteer-in-dienslewering\\\/#primaryimage\"},\"image\":{\"@id\":\"https:\\\/\\\/www.vfplus.org.za\\\/af\\\/mediaverklarings\\\/vf-plus-wil-weet-hoekom-tshwane-onder-presteer-in-dienslewering\\\/#primaryimage\"},\"thumbnailUrl\":\"https:\\\/\\\/www.vfplus.org.za\\\/wp-content\\\/uploads\\\/2025\\\/05\\\/freedomfront_plus_VF-Plus-wil-weet-hoekom-Tshwane-onder-presteer-in-dienslewering.png\",\"datePublished\":\"2025-05-30T13:21:31+00:00\",\"dateModified\":\"2025-05-30T13:21:37+00:00\",\"description\":\"Die VF Plus het tydens die afgelope raadsvergadering van die Tshwane-metroraad sy kommer uitgespreek oor die metro se vlak van vordering met\",\"breadcrumb\":{\"@id\":\"https:\\\/\\\/www.vfplus.org.za\\\/af\\\/mediaverklarings\\\/vf-plus-wil-weet-hoekom-tshwane-onder-presteer-in-dienslewering\\\/#breadcrumb\"},\"inLanguage\":\"af-ZA\",\"potentialAction\":[{\"@type\":\"ReadAction\",\"target\":[\"https:\\\/\\\/www.vfplus.org.za\\\/af\\\/mediaverklarings\\\/vf-plus-wil-weet-hoekom-tshwane-onder-presteer-in-dienslewering\\\/\"]}]},{\"@type\":\"ImageObject\",\"inLanguage\":\"af-ZA\",\"@id\":\"https:\\\/\\\/www.vfplus.org.za\\\/af\\\/mediaverklarings\\\/vf-plus-wil-weet-hoekom-tshwane-onder-presteer-in-dienslewering\\\/#primaryimage\",\"url\":\"https:\\\/\\\/www.vfplus.org.za\\\/wp-content\\\/uploads\\\/2025\\\/05\\\/freedomfront_plus_VF-Plus-wil-weet-hoekom-Tshwane-onder-presteer-in-dienslewering.png\",\"contentUrl\":\"https:\\\/\\\/www.vfplus.org.za\\\/wp-content\\\/uploads\\\/2025\\\/05\\\/freedomfront_plus_VF-Plus-wil-weet-hoekom-Tshwane-onder-presteer-in-dienslewering.png\",\"width\":1024,\"height\":768},{\"@type\":\"BreadcrumbList\",\"@id\":\"https:\\\/\\\/www.vfplus.org.za\\\/af\\\/mediaverklarings\\\/vf-plus-wil-weet-hoekom-tshwane-onder-presteer-in-dienslewering\\\/#breadcrumb\",\"itemListElement\":[{\"@type\":\"ListItem\",\"position\":1,\"name\":\"Tuis\",\"item\":\"https:\\\/\\\/www.vfplus.org.za\\\/af\\\/\"},{\"@type\":\"ListItem\",\"position\":2,\"name\":\"VF Plus wil weet hoekom Tshwane onder presteer in dienslewering\"}]},{\"@type\":\"WebSite\",\"@id\":\"https:\\\/\\\/www.vfplus.org.za\\\/af\\\/#website\",\"url\":\"https:\\\/\\\/www.vfplus.org.za\\\/af\\\/\",\"name\":\"Freedom Front Plus\",\"description\":\"Stand Up | Stand Together | Stand Strong\",\"publisher\":{\"@id\":\"https:\\\/\\\/www.vfplus.org.za\\\/af\\\/#organization\"},\"potentialAction\":[{\"@type\":\"SearchAction\",\"target\":{\"@type\":\"EntryPoint\",\"urlTemplate\":\"https:\\\/\\\/www.vfplus.org.za\\\/af\\\/?s={search_term_string}\"},\"query-input\":{\"@type\":\"PropertyValueSpecification\",\"valueRequired\":true,\"valueName\":\"search_term_string\"}}],\"inLanguage\":\"af-ZA\"},{\"@type\":\"Organization\",\"@id\":\"https:\\\/\\\/www.vfplus.org.za\\\/af\\\/#organization\",\"name\":\"Vryheidsfront Plus\",\"alternateName\":\"VF Plus\",\"url\":\"https:\\\/\\\/www.vfplus.org.za\\\/af\\\/\",\"logo\":{\"@type\":\"ImageObject\",\"inLanguage\":\"af-ZA\",\"@id\":\"https:\\\/\\\/www.vfplus.org.za\\\/af\\\/#\\\/schema\\\/logo\\\/image\\\/\",\"url\":\"https:\\\/\\\/www.vfplus.org.za\\\/wp-content\\\/uploads\\\/2022\\\/11\\\/vfplus-logo-01.png\",\"contentUrl\":\"https:\\\/\\\/www.vfplus.org.za\\\/wp-content\\\/uploads\\\/2022\\\/11\\\/vfplus-logo-01.png\",\"width\":130,\"height\":130,\"caption\":\"Vryheidsfront Plus\"},\"image\":{\"@id\":\"https:\\\/\\\/www.vfplus.org.za\\\/af\\\/#\\\/schema\\\/logo\\\/image\\\/\"},\"sameAs\":[\"https:\\\/\\\/www.facebook.com\\\/VFplus?fref=ts\",\"https:\\\/\\\/x.com\\\/VFplus\",\"https:\\\/\\\/www.instagram.com\\\/vfplus_ffplus\\\/?hl=en\",\"https:\\\/\\\/www.youtube.com\\\/user\\\/VRYHEIDSFRONTplus\"]},{\"@type\":\"Person\",\"@id\":\"https:\\\/\\\/www.vfplus.org.za\\\/af\\\/#\\\/schema\\\/person\\\/2c3e703fc713d95efd7b7bf7b34646f4\",\"name\":\"brand_candy_amy\",\"image\":{\"@type\":\"ImageObject\",\"inLanguage\":\"af-ZA\",\"@id\":\"https:\\\/\\\/secure.gravatar.com\\\/avatar\\\/d295c22bd41c5cb61e8aa7fcafe90d2d2302363bc123897b40165ee0165d4f6b?s=96&d=mm&r=g45c99b902ec3fd12cf6977a6b6edf27a\",\"url\":\"https:\\\/\\\/secure.gravatar.com\\\/avatar\\\/d295c22bd41c5cb61e8aa7fcafe90d2d2302363bc123897b40165ee0165d4f6b?s=96&d=mm&r=g\",\"contentUrl\":\"https:\\\/\\\/secure.gravatar.com\\\/avatar\\\/d295c22bd41c5cb61e8aa7fcafe90d2d2302363bc123897b40165ee0165d4f6b?s=96&d=mm&r=g\",\"caption\":\"brand_candy_amy\"},\"sameAs\":[\"https:\\\/\\\/brandcandy.co.za\"],\"url\":\"https:\\\/\\\/www.vfplus.org.za\\\/af\\\/author\\\/brand_candy_amy\\\/\"}]}<\/script>\n<!-- \/ Yoast SEO plugin. -->","yoast_head_json":{"title":"VF Plus wil weet hoekom Tshwane onder presteer in dienslewering | Vryheidsfront Plus","description":"Die VF Plus het tydens die afgelope raadsvergadering van die Tshwane-metroraad sy kommer uitgespreek oor die metro se vlak van vordering met","robots":{"index":"index","follow":"follow","max-snippet":"max-snippet:-1","max-image-preview":"max-image-preview:large","max-video-preview":"max-video-preview:-1"},"canonical":"https:\/\/www.vfplus.org.za\/af\/mediaverklarings\/vf-plus-wil-weet-hoekom-tshwane-onder-presteer-in-dienslewering\/","og_locale":"af_ZA","og_type":"article","og_title":"VF Plus wil weet hoekom Tshwane onder presteer in dienslewering | Vryheidsfront Plus","og_description":"Die VF Plus het tydens die afgelope raadsvergadering van die Tshwane-metroraad sy kommer uitgespreek oor die metro se vlak van vordering met","og_url":"https:\/\/www.vfplus.org.za\/af\/mediaverklarings\/vf-plus-wil-weet-hoekom-tshwane-onder-presteer-in-dienslewering\/","og_site_name":"Vryheidsfront Plus","article_publisher":"https:\/\/www.facebook.com\/VFplus?fref=ts","article_published_time":"2025-05-30T13:21:31+00:00","article_modified_time":"2025-05-30T13:21:37+00:00","og_image":[{"width":1024,"height":768,"url":"https:\/\/www.vfplus.org.za\/wp-content\/uploads\/2025\/05\/freedomfront_plus_VF-Plus-wil-weet-hoekom-Tshwane-onder-presteer-in-dienslewering.png","type":"image\/png"}],"author":"Nick Pascoe","twitter_card":"summary_large_image","twitter_creator":"@VFplus","twitter_site":"@VFplus","twitter_misc":{"Written by":"brand_candy_amy","Est. reading time":"3 minutes"},"schema":{"@context":"https:\/\/schema.org","@graph":[{"@type":"Article","@id":"https:\/\/www.vfplus.org.za\/af\/mediaverklarings\/vf-plus-wil-weet-hoekom-tshwane-onder-presteer-in-dienslewering\/#article","isPartOf":{"@id":"https:\/\/www.vfplus.org.za\/af\/mediaverklarings\/vf-plus-wil-weet-hoekom-tshwane-onder-presteer-in-dienslewering\/"},"author":{"name":"brand_candy_amy","@id":"https:\/\/www.vfplus.org.za\/af\/#\/schema\/person\/2c3e703fc713d95efd7b7bf7b34646f4"},"headline":"VF Plus wil weet hoekom Tshwane onder presteer in dienslewering","datePublished":"2025-05-30T13:21:31+00:00","dateModified":"2025-05-30T13:21:37+00:00","mainEntityOfPage":{"@id":"https:\/\/www.vfplus.org.za\/af\/mediaverklarings\/vf-plus-wil-weet-hoekom-tshwane-onder-presteer-in-dienslewering\/"},"wordCount":349,"publisher":{"@id":"https:\/\/www.vfplus.org.za\/af\/#organization"},"image":{"@id":"https:\/\/www.vfplus.org.za\/af\/mediaverklarings\/vf-plus-wil-weet-hoekom-tshwane-onder-presteer-in-dienslewering\/#primaryimage"},"thumbnailUrl":"https:\/\/www.vfplus.org.za\/wp-content\/uploads\/2025\/05\/freedomfront_plus_VF-Plus-wil-weet-hoekom-Tshwane-onder-presteer-in-dienslewering.png","articleSection":["Mediaverklarings"],"inLanguage":"af-ZA"},{"@type":"WebPage","@id":"https:\/\/www.vfplus.org.za\/af\/mediaverklarings\/vf-plus-wil-weet-hoekom-tshwane-onder-presteer-in-dienslewering\/","url":"https:\/\/www.vfplus.org.za\/af\/mediaverklarings\/vf-plus-wil-weet-hoekom-tshwane-onder-presteer-in-dienslewering\/","name":"VF Plus wil weet hoekom Tshwane onder presteer in dienslewering | Vryheidsfront Plus","isPartOf":{"@id":"https:\/\/www.vfplus.org.za\/af\/#website"},"primaryImageOfPage":{"@id":"https:\/\/www.vfplus.org.za\/af\/mediaverklarings\/vf-plus-wil-weet-hoekom-tshwane-onder-presteer-in-dienslewering\/#primaryimage"},"image":{"@id":"https:\/\/www.vfplus.org.za\/af\/mediaverklarings\/vf-plus-wil-weet-hoekom-tshwane-onder-presteer-in-dienslewering\/#primaryimage"},"thumbnailUrl":"https:\/\/www.vfplus.org.za\/wp-content\/uploads\/2025\/05\/freedomfront_plus_VF-Plus-wil-weet-hoekom-Tshwane-onder-presteer-in-dienslewering.png","datePublished":"2025-05-30T13:21:31+00:00","dateModified":"2025-05-30T13:21:37+00:00","description":"Die VF Plus het tydens die afgelope raadsvergadering van die Tshwane-metroraad sy kommer uitgespreek oor die metro se vlak van vordering met","breadcrumb":{"@id":"https:\/\/www.vfplus.org.za\/af\/mediaverklarings\/vf-plus-wil-weet-hoekom-tshwane-onder-presteer-in-dienslewering\/#breadcrumb"},"inLanguage":"af-ZA","potentialAction":[{"@type":"ReadAction","target":["https:\/\/www.vfplus.org.za\/af\/mediaverklarings\/vf-plus-wil-weet-hoekom-tshwane-onder-presteer-in-dienslewering\/"]}]},{"@type":"ImageObject","inLanguage":"af-ZA","@id":"https:\/\/www.vfplus.org.za\/af\/mediaverklarings\/vf-plus-wil-weet-hoekom-tshwane-onder-presteer-in-dienslewering\/#primaryimage","url":"https:\/\/www.vfplus.org.za\/wp-content\/uploads\/2025\/05\/freedomfront_plus_VF-Plus-wil-weet-hoekom-Tshwane-onder-presteer-in-dienslewering.png","contentUrl":"https:\/\/www.vfplus.org.za\/wp-content\/uploads\/2025\/05\/freedomfront_plus_VF-Plus-wil-weet-hoekom-Tshwane-onder-presteer-in-dienslewering.png","width":1024,"height":768},{"@type":"BreadcrumbList","@id":"https:\/\/www.vfplus.org.za\/af\/mediaverklarings\/vf-plus-wil-weet-hoekom-tshwane-onder-presteer-in-dienslewering\/#breadcrumb","itemListElement":[{"@type":"ListItem","position":1,"name":"Tuis","item":"https:\/\/www.vfplus.org.za\/af\/"},{"@type":"ListItem","position":2,"name":"VF Plus wil weet hoekom Tshwane onder presteer in dienslewering"}]},{"@type":"WebSite","@id":"https:\/\/www.vfplus.org.za\/af\/#website","url":"https:\/\/www.vfplus.org.za\/af\/","name":"Freedom Front Plus","description":"Stand Up | Stand Together | Stand Strong","publisher":{"@id":"https:\/\/www.vfplus.org.za\/af\/#organization"},"potentialAction":[{"@type":"SearchAction","target":{"@type":"EntryPoint","urlTemplate":"https:\/\/www.vfplus.org.za\/af\/?s={search_term_string}"},"query-input":{"@type":"PropertyValueSpecification","valueRequired":true,"valueName":"search_term_string"}}],"inLanguage":"af-ZA"},{"@type":"Organization","@id":"https:\/\/www.vfplus.org.za\/af\/#organization","name":"Vryheidsfront Plus","alternateName":"VF Plus","url":"https:\/\/www.vfplus.org.za\/af\/","logo":{"@type":"ImageObject","inLanguage":"af-ZA","@id":"https:\/\/www.vfplus.org.za\/af\/#\/schema\/logo\/image\/","url":"https:\/\/www.vfplus.org.za\/wp-content\/uploads\/2022\/11\/vfplus-logo-01.png","contentUrl":"https:\/\/www.vfplus.org.za\/wp-content\/uploads\/2022\/11\/vfplus-logo-01.png","width":130,"height":130,"caption":"Vryheidsfront Plus"},"image":{"@id":"https:\/\/www.vfplus.org.za\/af\/#\/schema\/logo\/image\/"},"sameAs":["https:\/\/www.facebook.com\/VFplus?fref=ts","https:\/\/x.com\/VFplus","https:\/\/www.instagram.com\/vfplus_ffplus\/?hl=en","https:\/\/www.youtube.com\/user\/VRYHEIDSFRONTplus"]},{"@type":"Person","@id":"https:\/\/www.vfplus.org.za\/af\/#\/schema\/person\/2c3e703fc713d95efd7b7bf7b34646f4","name":"brand_candy_amy","image":{"@type":"ImageObject","inLanguage":"af-ZA","@id":"https:\/\/secure.gravatar.com\/avatar\/d295c22bd41c5cb61e8aa7fcafe90d2d2302363bc123897b40165ee0165d4f6b?s=96&d=mm&r=g45c99b902ec3fd12cf6977a6b6edf27a","url":"https:\/\/secure.gravatar.com\/avatar\/d295c22bd41c5cb61e8aa7fcafe90d2d2302363bc123897b40165ee0165d4f6b?s=96&d=mm&r=g","contentUrl":"https:\/\/secure.gravatar.com\/avatar\/d295c22bd41c5cb61e8aa7fcafe90d2d2302363bc123897b40165ee0165d4f6b?s=96&d=mm&r=g","caption":"brand_candy_amy"},"sameAs":["https:\/\/brandcandy.co.za"],"url":"https:\/\/www.vfplus.org.za\/af\/author\/brand_candy_amy\/"}]}},"authors":[{"term_id":264,"user_id":0,"is_guest":1,"slug":"nick-pascoe","display_name":"Nick Pascoe","avatar_url":{"url":"https:\/\/www.vfplus.org.za\/wp-content\/uploads\/2023\/08\/freedomfront-plus-author-nick-pascoe-city-of-tswane.jpg-e1695816060580.png","url2x":"https:\/\/www.vfplus.org.za\/wp-content\/uploads\/2023\/08\/freedomfront-plus-author-nick-pascoe-city-of-tswane.jpg-e1695816060580.png"},"author_category":"","user_url":"","last_name":"","first_name":"","job_title":"","description":""}],"_links":{"self":[{"href":"https:\/\/www.vfplus.org.za\/af\/wp-json\/wp\/v2\/posts\/80570","targetHints":{"allow":["GET"]}}],"collection":[{"href":"https:\/\/www.vfplus.org.za\/af\/wp-json\/wp\/v2\/posts"}],"about":[{"href":"https:\/\/www.vfplus.org.za\/af\/wp-json\/wp\/v2\/types\/post"}],"author":[{"embeddable":true,"href":"https:\/\/www.vfplus.org.za\/af\/wp-json\/wp\/v2\/users\/5"}],"replies":[{"embeddable":true,"href":"https:\/\/www.vfplus.org.za\/af\/wp-json\/wp\/v2\/comments?post=80570"}],"version-history":[{"count":1,"href":"https:\/\/www.vfplus.org.za\/af\/wp-json\/wp\/v2\/posts\/80570\/revisions"}],"predecessor-version":[{"id":80573,"href":"https:\/\/www.vfplus.org.za\/af\/wp-json\/wp\/v2\/posts\/80570\/revisions\/80573"}],"wp:featuredmedia":[{"embeddable":true,"href":"https:\/\/www.vfplus.org.za\/af\/wp-json\/wp\/v2\/media\/80571"}],"wp:attachment":[{"href":"https:\/\/www.vfplus.org.za\/af\/wp-json\/wp\/v2\/media?parent=80570"}],"wp:term":[{"taxonomy":"category","embeddable":true,"href":"https:\/\/www.vfplus.org.za\/af\/wp-json\/wp\/v2\/categories?post=80570"},{"taxonomy":"post_tag","embeddable":true,"href":"https:\/\/www.vfplus.org.za\/af\/wp-json\/wp\/v2\/tags?post=80570"},{"taxonomy":"author","embeddable":true,"href":"https:\/\/www.vfplus.org.za\/af\/wp-json\/wp\/v2\/ppma_author?post=80570"}],"curies":[{"name":"wp","href":"https:\/\/api.w.org\/{rel}","templated":true}]}}