{"id":80522,"date":"2025-05-30T11:21:13","date_gmt":"2025-05-30T09:21:13","guid":{"rendered":"https:\/\/www.vfplus.org.za\/?p=80522"},"modified":"2025-05-30T11:21:17","modified_gmt":"2025-05-30T09:21:17","slug":"ekurhuleni-konsepbegroting-n-oorlog-teen-belastingbetalers","status":"publish","type":"post","link":"https:\/\/www.vfplus.org.za\/af\/mediaverklarings\/ekurhuleni-konsepbegroting-n-oorlog-teen-belastingbetalers\/","title":{"rendered":"Ekurhuleni-konsepbegroting \u0149 oorlog teen belastingbetalers"},"content":{"rendered":"\n<p class=\"wp-block-paragraph\">Die VF Plus verwerp die Ekurhuleni-metro se konsepbegroting vir die 2025\/26-finansi\u00eble jaar en beskou dit as \u0149 oorlog teen belastingbetalers en \u0149 begroting wat geen groei of stabiliteit bied nie.<\/p>\n\n\n\n<p class=\"wp-block-paragraph\">Die begroting is \u0149 erkenning van finansi\u00eble verval, onoordeelkundige tariefverhogings en \u2018n voorbeeld van \u2018n munisipaliteit wat beheer verloor het. Die begroting straf bloot sy belastingbetalers.<\/p>\n\n\n\n<p class=\"wp-block-paragraph\">Onder die vaandel van \u201cfinansi\u00eble volhoubaarheid\u201d word reuse tariefverhogings op inwoners afgedwing, ten spyte van gebrekkige dienslewering.<\/p>\n\n\n\n<p class=\"wp-block-paragraph\">Die voorgestelde tariefverhogings is as volg:<\/p>\n\n\n\n<p class=\"wp-block-paragraph\">\u2022 Water: +15%<br>\u2022 Sanitasie: +10%<br>\u2022 Elektrisiteit: Tot +12.74% (Nersa)<br>\u2022 Vullisverwydering: +6%<\/p>\n\n\n\n<p class=\"wp-block-paragraph\">Inwoners moet meer betaal, maar kry minder: Wateronderbrekings, kragonderbrekings, slaggate, vervalle infrastruktuur, en \u2019n metro waar dienslewering stilstaan.<\/p>\n\n\n\n<p class=\"wp-block-paragraph\">Met \u2018n inforderingskoers van 86.52% aan die einde van die derde kwartaal van die 2024\/25-finansi\u00eble begroting bly dit steeds ver onder die begrotingsteiken van 90%. Die metro se likiditeit is swak en sy afhanklikheid van tariefverhogings is nie volhoubaar nie.<\/p>\n\n\n\n<p class=\"wp-block-paragraph\">Meer as R2 miljard per jaar gaan verlore weens oormatige verbruik deur sogenaamde behoeftiges wat onbeperkte toegang het tot gratis dienste, sonder enige beheer of monitering.<\/p>\n\n\n\n<p class=\"wp-block-paragraph\">Die metro het duidelik geen vermo\u00eb of politieke wil om hierdie misbruik aan te spreek nie.<\/p>\n\n\n\n<p class=\"wp-block-paragraph\">Alhoewel die begroting spog met ses sogenaamde \u201cburgemeesterspilare\u201d, is daar geen konkrete plan, geen begrotingswaarborge en geen waarneembare vordering in enige van die gebiede soos infrastruktuur, onderhoud of ekonomiese groei nie.<\/p>\n\n\n\n<p class=\"wp-block-paragraph\">\u2018n Dienslewering- en begrotingsimplementeringsplan is nie tydens die vergadering aan die raad voorgel\u00ea nie en tog word daar van raadslede verwag om \u2018n R65,5 miljard begroting goed te keur.<\/p>\n\n\n\n<p class=\"wp-block-paragraph\">Die VF Plus steun ook nie die uitkoms van die ge\u00efntegreerde ontwikkelingsplan (GOP) se openbare deelname proses in April nie. Die insette van die gemeenskap is bloot ge\u00efgnoreer en nie in die finale dokument vervat nie.<\/p>\n\n\n\n<p class=\"wp-block-paragraph\">Die VF Plus eis:<\/p>\n\n\n\n<p class=\"wp-block-paragraph\">\u2022 Onmiddellike bevriesing van die voorgestelde tariefverhogings.<br>\u2022 \u2019n Forensiese oudit oor onbeheerde verbruik van gratis dienste.<br>\u2022 Dat belastinggeld aangewend word aan die instandhouding en opgradering van infrastruktuur en nie aan oordrewe salarisse nie.<\/p>\n\n\n\n<p class=\"wp-block-paragraph\">Hierdie begroting is nie geloofwaardig, regverdig of in belang van Ekurhuleni se inwoners nie. Die VF Plus sal aanhou veg vir finansi\u00eble dissipline, aanspreeklikheid en diens aan wetsgehoorsame inwoners.<\/p>\n","protected":false},"excerpt":{"rendered":"<p>Die VF Plus verwerp die Ekurhuleni-metro se konsepbegroting vir die 2025\/26-finansi\u00eble jaar en beskou dit as \u0149 oorlog teen belastingbetalers en \u0149 begroting wat geen groei of stabiliteit bied nie. Die begroting is \u0149 erkenning van finansi\u00eble verval, onoordeelkundige tariefverhogings en \u2018n voorbeeld van \u2018n munisipaliteit wat beheer verloor het. Die begroting straf bloot sy [&hellip;]<\/p>\n","protected":false},"author":5,"featured_media":80524,"comment_status":"closed","ping_status":"closed","sticky":false,"template":"","format":"standard","meta":{"_acf_changed":false,"_relevanssi_hide_post":"","_relevanssi_hide_content":"","_relevanssi_pin_for_all":"","_relevanssi_pin_keywords":"","_relevanssi_unpin_keywords":"","_relevanssi_related_keywords":"","_relevanssi_related_include_ids":"","_relevanssi_related_exclude_ids":"","_relevanssi_related_no_append":"","_relevanssi_related_not_related":"","_relevanssi_related_posts":"57490,20420,61466,23167,61444,63180","_relevanssi_noindex_reason":"","footnotes":""},"categories":[100],"tags":[],"ppma_author":[173],"class_list":["post-80522","post","type-post","status-publish","format-standard","has-post-thumbnail","hentry","category-mediaverklarings"],"acf":[],"yoast_head":"<!-- This site is optimized with the Yoast SEO plugin v28.3 - https:\/\/yoast.com\/product\/yoast-seo-wordpress\/ -->\n<title>Ekurhuleni-konsepbegroting \u0149 oorlog teen belastingbetalers | Vryheidsfront Plus<\/title>\n<meta name=\"description\" content=\"Die VF Plus verwerp die Ekurhuleni-metro se konsepbegroting vir die 2025\/26-finansi\u00eble jaar en beskou dit as \u0149 oorlog teen belastingbetalers en \u0149\" \/>\n<meta name=\"robots\" content=\"index, follow, max-snippet:-1, max-image-preview:large, max-video-preview:-1\" \/>\n<link rel=\"canonical\" href=\"https:\/\/www.vfplus.org.za\/af\/mediaverklarings\/ekurhuleni-konsepbegroting-n-oorlog-teen-belastingbetalers\/\" \/>\n<meta property=\"og:locale\" content=\"af_ZA\" \/>\n<meta property=\"og:type\" content=\"article\" \/>\n<meta property=\"og:title\" content=\"Ekurhuleni-konsepbegroting \u0149 oorlog teen belastingbetalers | Vryheidsfront Plus\" \/>\n<meta property=\"og:description\" content=\"Die VF Plus verwerp die Ekurhuleni-metro se konsepbegroting vir die 2025\/26-finansi\u00eble jaar en beskou dit as \u0149 oorlog teen belastingbetalers en \u0149\" \/>\n<meta property=\"og:url\" content=\"https:\/\/www.vfplus.org.za\/af\/mediaverklarings\/ekurhuleni-konsepbegroting-n-oorlog-teen-belastingbetalers\/\" \/>\n<meta property=\"og:site_name\" content=\"Vryheidsfront Plus\" \/>\n<meta property=\"article:publisher\" content=\"https:\/\/www.facebook.com\/VFplus?fref=ts\" \/>\n<meta property=\"article:published_time\" content=\"2025-05-30T09:21:13+00:00\" \/>\n<meta property=\"article:modified_time\" content=\"2025-05-30T09:21:17+00:00\" \/>\n<meta property=\"og:image\" content=\"https:\/\/www.vfplus.org.za\/wp-content\/uploads\/2025\/05\/freedomfront_plus_Ekurhuleni-konsepbegroting-n-oorlog-teen-belastingbetalers.png\" \/>\n\t<meta property=\"og:image:width\" content=\"1024\" \/>\n\t<meta property=\"og:image:height\" content=\"768\" \/>\n\t<meta property=\"og:image:type\" content=\"image\/png\" \/>\n<meta name=\"author\" content=\"Denise Janse van Rensburg\" \/>\n<meta name=\"twitter:card\" content=\"summary_large_image\" \/>\n<meta name=\"twitter:creator\" content=\"@VFplus\" \/>\n<meta name=\"twitter:site\" content=\"@VFplus\" \/>\n<meta name=\"twitter:label1\" content=\"Written by\" \/>\n\t<meta name=\"twitter:data1\" content=\"brand_candy_amy\" \/>\n\t<meta name=\"twitter:label2\" content=\"Est. reading time\" \/>\n\t<meta name=\"twitter:data2\" content=\"3 minutes\" \/>\n<script type=\"application\/ld+json\" class=\"yoast-schema-graph\">{\"@context\":\"https:\\\/\\\/schema.org\",\"@graph\":[{\"@type\":\"Article\",\"@id\":\"https:\\\/\\\/www.vfplus.org.za\\\/af\\\/mediaverklarings\\\/ekurhuleni-konsepbegroting-n-oorlog-teen-belastingbetalers\\\/#article\",\"isPartOf\":{\"@id\":\"https:\\\/\\\/www.vfplus.org.za\\\/af\\\/mediaverklarings\\\/ekurhuleni-konsepbegroting-n-oorlog-teen-belastingbetalers\\\/\"},\"author\":{\"name\":\"brand_candy_amy\",\"@id\":\"https:\\\/\\\/www.vfplus.org.za\\\/af\\\/#\\\/schema\\\/person\\\/2c3e703fc713d95efd7b7bf7b34646f4\"},\"headline\":\"Ekurhuleni-konsepbegroting \u0149 oorlog teen belastingbetalers\",\"datePublished\":\"2025-05-30T09:21:13+00:00\",\"dateModified\":\"2025-05-30T09:21:17+00:00\",\"mainEntityOfPage\":{\"@id\":\"https:\\\/\\\/www.vfplus.org.za\\\/af\\\/mediaverklarings\\\/ekurhuleni-konsepbegroting-n-oorlog-teen-belastingbetalers\\\/\"},\"wordCount\":352,\"publisher\":{\"@id\":\"https:\\\/\\\/www.vfplus.org.za\\\/af\\\/#organization\"},\"image\":{\"@id\":\"https:\\\/\\\/www.vfplus.org.za\\\/af\\\/mediaverklarings\\\/ekurhuleni-konsepbegroting-n-oorlog-teen-belastingbetalers\\\/#primaryimage\"},\"thumbnailUrl\":\"https:\\\/\\\/www.vfplus.org.za\\\/wp-content\\\/uploads\\\/2025\\\/05\\\/freedomfront_plus_Ekurhuleni-konsepbegroting-n-oorlog-teen-belastingbetalers.png\",\"articleSection\":[\"Mediaverklarings\"],\"inLanguage\":\"af-ZA\"},{\"@type\":\"WebPage\",\"@id\":\"https:\\\/\\\/www.vfplus.org.za\\\/af\\\/mediaverklarings\\\/ekurhuleni-konsepbegroting-n-oorlog-teen-belastingbetalers\\\/\",\"url\":\"https:\\\/\\\/www.vfplus.org.za\\\/af\\\/mediaverklarings\\\/ekurhuleni-konsepbegroting-n-oorlog-teen-belastingbetalers\\\/\",\"name\":\"Ekurhuleni-konsepbegroting \u0149 oorlog teen belastingbetalers | Vryheidsfront Plus\",\"isPartOf\":{\"@id\":\"https:\\\/\\\/www.vfplus.org.za\\\/af\\\/#website\"},\"primaryImageOfPage\":{\"@id\":\"https:\\\/\\\/www.vfplus.org.za\\\/af\\\/mediaverklarings\\\/ekurhuleni-konsepbegroting-n-oorlog-teen-belastingbetalers\\\/#primaryimage\"},\"image\":{\"@id\":\"https:\\\/\\\/www.vfplus.org.za\\\/af\\\/mediaverklarings\\\/ekurhuleni-konsepbegroting-n-oorlog-teen-belastingbetalers\\\/#primaryimage\"},\"thumbnailUrl\":\"https:\\\/\\\/www.vfplus.org.za\\\/wp-content\\\/uploads\\\/2025\\\/05\\\/freedomfront_plus_Ekurhuleni-konsepbegroting-n-oorlog-teen-belastingbetalers.png\",\"datePublished\":\"2025-05-30T09:21:13+00:00\",\"dateModified\":\"2025-05-30T09:21:17+00:00\",\"description\":\"Die VF Plus verwerp die Ekurhuleni-metro se konsepbegroting vir die 2025\\\/26-finansi\u00eble jaar en beskou dit as \u0149 oorlog teen belastingbetalers en \u0149\",\"breadcrumb\":{\"@id\":\"https:\\\/\\\/www.vfplus.org.za\\\/af\\\/mediaverklarings\\\/ekurhuleni-konsepbegroting-n-oorlog-teen-belastingbetalers\\\/#breadcrumb\"},\"inLanguage\":\"af-ZA\",\"potentialAction\":[{\"@type\":\"ReadAction\",\"target\":[\"https:\\\/\\\/www.vfplus.org.za\\\/af\\\/mediaverklarings\\\/ekurhuleni-konsepbegroting-n-oorlog-teen-belastingbetalers\\\/\"]}]},{\"@type\":\"ImageObject\",\"inLanguage\":\"af-ZA\",\"@id\":\"https:\\\/\\\/www.vfplus.org.za\\\/af\\\/mediaverklarings\\\/ekurhuleni-konsepbegroting-n-oorlog-teen-belastingbetalers\\\/#primaryimage\",\"url\":\"https:\\\/\\\/www.vfplus.org.za\\\/wp-content\\\/uploads\\\/2025\\\/05\\\/freedomfront_plus_Ekurhuleni-konsepbegroting-n-oorlog-teen-belastingbetalers.png\",\"contentUrl\":\"https:\\\/\\\/www.vfplus.org.za\\\/wp-content\\\/uploads\\\/2025\\\/05\\\/freedomfront_plus_Ekurhuleni-konsepbegroting-n-oorlog-teen-belastingbetalers.png\",\"width\":1024,\"height\":768},{\"@type\":\"BreadcrumbList\",\"@id\":\"https:\\\/\\\/www.vfplus.org.za\\\/af\\\/mediaverklarings\\\/ekurhuleni-konsepbegroting-n-oorlog-teen-belastingbetalers\\\/#breadcrumb\",\"itemListElement\":[{\"@type\":\"ListItem\",\"position\":1,\"name\":\"Tuis\",\"item\":\"https:\\\/\\\/www.vfplus.org.za\\\/af\\\/\"},{\"@type\":\"ListItem\",\"position\":2,\"name\":\"Ekurhuleni-konsepbegroting \u0149 oorlog teen belastingbetalers\"}]},{\"@type\":\"WebSite\",\"@id\":\"https:\\\/\\\/www.vfplus.org.za\\\/af\\\/#website\",\"url\":\"https:\\\/\\\/www.vfplus.org.za\\\/af\\\/\",\"name\":\"Freedom Front Plus\",\"description\":\"Stand Up | Stand Together | Stand Strong\",\"publisher\":{\"@id\":\"https:\\\/\\\/www.vfplus.org.za\\\/af\\\/#organization\"},\"potentialAction\":[{\"@type\":\"SearchAction\",\"target\":{\"@type\":\"EntryPoint\",\"urlTemplate\":\"https:\\\/\\\/www.vfplus.org.za\\\/af\\\/?s={search_term_string}\"},\"query-input\":{\"@type\":\"PropertyValueSpecification\",\"valueRequired\":true,\"valueName\":\"search_term_string\"}}],\"inLanguage\":\"af-ZA\"},{\"@type\":\"Organization\",\"@id\":\"https:\\\/\\\/www.vfplus.org.za\\\/af\\\/#organization\",\"name\":\"Vryheidsfront Plus\",\"alternateName\":\"VF Plus\",\"url\":\"https:\\\/\\\/www.vfplus.org.za\\\/af\\\/\",\"logo\":{\"@type\":\"ImageObject\",\"inLanguage\":\"af-ZA\",\"@id\":\"https:\\\/\\\/www.vfplus.org.za\\\/af\\\/#\\\/schema\\\/logo\\\/image\\\/\",\"url\":\"https:\\\/\\\/www.vfplus.org.za\\\/wp-content\\\/uploads\\\/2022\\\/11\\\/vfplus-logo-01.png\",\"contentUrl\":\"https:\\\/\\\/www.vfplus.org.za\\\/wp-content\\\/uploads\\\/2022\\\/11\\\/vfplus-logo-01.png\",\"width\":130,\"height\":130,\"caption\":\"Vryheidsfront Plus\"},\"image\":{\"@id\":\"https:\\\/\\\/www.vfplus.org.za\\\/af\\\/#\\\/schema\\\/logo\\\/image\\\/\"},\"sameAs\":[\"https:\\\/\\\/www.facebook.com\\\/VFplus?fref=ts\",\"https:\\\/\\\/x.com\\\/VFplus\",\"https:\\\/\\\/www.instagram.com\\\/vfplus_ffplus\\\/?hl=en\",\"https:\\\/\\\/www.youtube.com\\\/user\\\/VRYHEIDSFRONTplus\"]},{\"@type\":\"Person\",\"@id\":\"https:\\\/\\\/www.vfplus.org.za\\\/af\\\/#\\\/schema\\\/person\\\/2c3e703fc713d95efd7b7bf7b34646f4\",\"name\":\"brand_candy_amy\",\"image\":{\"@type\":\"ImageObject\",\"inLanguage\":\"af-ZA\",\"@id\":\"https:\\\/\\\/secure.gravatar.com\\\/avatar\\\/d295c22bd41c5cb61e8aa7fcafe90d2d2302363bc123897b40165ee0165d4f6b?s=96&d=mm&r=g45c99b902ec3fd12cf6977a6b6edf27a\",\"url\":\"https:\\\/\\\/secure.gravatar.com\\\/avatar\\\/d295c22bd41c5cb61e8aa7fcafe90d2d2302363bc123897b40165ee0165d4f6b?s=96&d=mm&r=g\",\"contentUrl\":\"https:\\\/\\\/secure.gravatar.com\\\/avatar\\\/d295c22bd41c5cb61e8aa7fcafe90d2d2302363bc123897b40165ee0165d4f6b?s=96&d=mm&r=g\",\"caption\":\"brand_candy_amy\"},\"sameAs\":[\"https:\\\/\\\/brandcandy.co.za\"],\"url\":\"https:\\\/\\\/www.vfplus.org.za\\\/af\\\/author\\\/brand_candy_amy\\\/\"}]}<\/script>\n<!-- \/ Yoast SEO plugin. -->","yoast_head_json":{"title":"Ekurhuleni-konsepbegroting \u0149 oorlog teen belastingbetalers | Vryheidsfront Plus","description":"Die VF Plus verwerp die Ekurhuleni-metro se konsepbegroting vir die 2025\/26-finansi\u00eble jaar en beskou dit as \u0149 oorlog teen belastingbetalers en \u0149","robots":{"index":"index","follow":"follow","max-snippet":"max-snippet:-1","max-image-preview":"max-image-preview:large","max-video-preview":"max-video-preview:-1"},"canonical":"https:\/\/www.vfplus.org.za\/af\/mediaverklarings\/ekurhuleni-konsepbegroting-n-oorlog-teen-belastingbetalers\/","og_locale":"af_ZA","og_type":"article","og_title":"Ekurhuleni-konsepbegroting \u0149 oorlog teen belastingbetalers | Vryheidsfront Plus","og_description":"Die VF Plus verwerp die Ekurhuleni-metro se konsepbegroting vir die 2025\/26-finansi\u00eble jaar en beskou dit as \u0149 oorlog teen belastingbetalers en \u0149","og_url":"https:\/\/www.vfplus.org.za\/af\/mediaverklarings\/ekurhuleni-konsepbegroting-n-oorlog-teen-belastingbetalers\/","og_site_name":"Vryheidsfront Plus","article_publisher":"https:\/\/www.facebook.com\/VFplus?fref=ts","article_published_time":"2025-05-30T09:21:13+00:00","article_modified_time":"2025-05-30T09:21:17+00:00","og_image":[{"width":1024,"height":768,"url":"https:\/\/www.vfplus.org.za\/wp-content\/uploads\/2025\/05\/freedomfront_plus_Ekurhuleni-konsepbegroting-n-oorlog-teen-belastingbetalers.png","type":"image\/png"}],"author":"Denise Janse van Rensburg","twitter_card":"summary_large_image","twitter_creator":"@VFplus","twitter_site":"@VFplus","twitter_misc":{"Written by":"brand_candy_amy","Est. reading time":"3 minutes"},"schema":{"@context":"https:\/\/schema.org","@graph":[{"@type":"Article","@id":"https:\/\/www.vfplus.org.za\/af\/mediaverklarings\/ekurhuleni-konsepbegroting-n-oorlog-teen-belastingbetalers\/#article","isPartOf":{"@id":"https:\/\/www.vfplus.org.za\/af\/mediaverklarings\/ekurhuleni-konsepbegroting-n-oorlog-teen-belastingbetalers\/"},"author":{"name":"brand_candy_amy","@id":"https:\/\/www.vfplus.org.za\/af\/#\/schema\/person\/2c3e703fc713d95efd7b7bf7b34646f4"},"headline":"Ekurhuleni-konsepbegroting \u0149 oorlog teen belastingbetalers","datePublished":"2025-05-30T09:21:13+00:00","dateModified":"2025-05-30T09:21:17+00:00","mainEntityOfPage":{"@id":"https:\/\/www.vfplus.org.za\/af\/mediaverklarings\/ekurhuleni-konsepbegroting-n-oorlog-teen-belastingbetalers\/"},"wordCount":352,"publisher":{"@id":"https:\/\/www.vfplus.org.za\/af\/#organization"},"image":{"@id":"https:\/\/www.vfplus.org.za\/af\/mediaverklarings\/ekurhuleni-konsepbegroting-n-oorlog-teen-belastingbetalers\/#primaryimage"},"thumbnailUrl":"https:\/\/www.vfplus.org.za\/wp-content\/uploads\/2025\/05\/freedomfront_plus_Ekurhuleni-konsepbegroting-n-oorlog-teen-belastingbetalers.png","articleSection":["Mediaverklarings"],"inLanguage":"af-ZA"},{"@type":"WebPage","@id":"https:\/\/www.vfplus.org.za\/af\/mediaverklarings\/ekurhuleni-konsepbegroting-n-oorlog-teen-belastingbetalers\/","url":"https:\/\/www.vfplus.org.za\/af\/mediaverklarings\/ekurhuleni-konsepbegroting-n-oorlog-teen-belastingbetalers\/","name":"Ekurhuleni-konsepbegroting \u0149 oorlog teen belastingbetalers | Vryheidsfront Plus","isPartOf":{"@id":"https:\/\/www.vfplus.org.za\/af\/#website"},"primaryImageOfPage":{"@id":"https:\/\/www.vfplus.org.za\/af\/mediaverklarings\/ekurhuleni-konsepbegroting-n-oorlog-teen-belastingbetalers\/#primaryimage"},"image":{"@id":"https:\/\/www.vfplus.org.za\/af\/mediaverklarings\/ekurhuleni-konsepbegroting-n-oorlog-teen-belastingbetalers\/#primaryimage"},"thumbnailUrl":"https:\/\/www.vfplus.org.za\/wp-content\/uploads\/2025\/05\/freedomfront_plus_Ekurhuleni-konsepbegroting-n-oorlog-teen-belastingbetalers.png","datePublished":"2025-05-30T09:21:13+00:00","dateModified":"2025-05-30T09:21:17+00:00","description":"Die VF Plus verwerp die Ekurhuleni-metro se konsepbegroting vir die 2025\/26-finansi\u00eble jaar en beskou dit as \u0149 oorlog teen belastingbetalers en \u0149","breadcrumb":{"@id":"https:\/\/www.vfplus.org.za\/af\/mediaverklarings\/ekurhuleni-konsepbegroting-n-oorlog-teen-belastingbetalers\/#breadcrumb"},"inLanguage":"af-ZA","potentialAction":[{"@type":"ReadAction","target":["https:\/\/www.vfplus.org.za\/af\/mediaverklarings\/ekurhuleni-konsepbegroting-n-oorlog-teen-belastingbetalers\/"]}]},{"@type":"ImageObject","inLanguage":"af-ZA","@id":"https:\/\/www.vfplus.org.za\/af\/mediaverklarings\/ekurhuleni-konsepbegroting-n-oorlog-teen-belastingbetalers\/#primaryimage","url":"https:\/\/www.vfplus.org.za\/wp-content\/uploads\/2025\/05\/freedomfront_plus_Ekurhuleni-konsepbegroting-n-oorlog-teen-belastingbetalers.png","contentUrl":"https:\/\/www.vfplus.org.za\/wp-content\/uploads\/2025\/05\/freedomfront_plus_Ekurhuleni-konsepbegroting-n-oorlog-teen-belastingbetalers.png","width":1024,"height":768},{"@type":"BreadcrumbList","@id":"https:\/\/www.vfplus.org.za\/af\/mediaverklarings\/ekurhuleni-konsepbegroting-n-oorlog-teen-belastingbetalers\/#breadcrumb","itemListElement":[{"@type":"ListItem","position":1,"name":"Tuis","item":"https:\/\/www.vfplus.org.za\/af\/"},{"@type":"ListItem","position":2,"name":"Ekurhuleni-konsepbegroting \u0149 oorlog teen belastingbetalers"}]},{"@type":"WebSite","@id":"https:\/\/www.vfplus.org.za\/af\/#website","url":"https:\/\/www.vfplus.org.za\/af\/","name":"Freedom Front Plus","description":"Stand Up | Stand Together | Stand Strong","publisher":{"@id":"https:\/\/www.vfplus.org.za\/af\/#organization"},"potentialAction":[{"@type":"SearchAction","target":{"@type":"EntryPoint","urlTemplate":"https:\/\/www.vfplus.org.za\/af\/?s={search_term_string}"},"query-input":{"@type":"PropertyValueSpecification","valueRequired":true,"valueName":"search_term_string"}}],"inLanguage":"af-ZA"},{"@type":"Organization","@id":"https:\/\/www.vfplus.org.za\/af\/#organization","name":"Vryheidsfront Plus","alternateName":"VF Plus","url":"https:\/\/www.vfplus.org.za\/af\/","logo":{"@type":"ImageObject","inLanguage":"af-ZA","@id":"https:\/\/www.vfplus.org.za\/af\/#\/schema\/logo\/image\/","url":"https:\/\/www.vfplus.org.za\/wp-content\/uploads\/2022\/11\/vfplus-logo-01.png","contentUrl":"https:\/\/www.vfplus.org.za\/wp-content\/uploads\/2022\/11\/vfplus-logo-01.png","width":130,"height":130,"caption":"Vryheidsfront Plus"},"image":{"@id":"https:\/\/www.vfplus.org.za\/af\/#\/schema\/logo\/image\/"},"sameAs":["https:\/\/www.facebook.com\/VFplus?fref=ts","https:\/\/x.com\/VFplus","https:\/\/www.instagram.com\/vfplus_ffplus\/?hl=en","https:\/\/www.youtube.com\/user\/VRYHEIDSFRONTplus"]},{"@type":"Person","@id":"https:\/\/www.vfplus.org.za\/af\/#\/schema\/person\/2c3e703fc713d95efd7b7bf7b34646f4","name":"brand_candy_amy","image":{"@type":"ImageObject","inLanguage":"af-ZA","@id":"https:\/\/secure.gravatar.com\/avatar\/d295c22bd41c5cb61e8aa7fcafe90d2d2302363bc123897b40165ee0165d4f6b?s=96&d=mm&r=g45c99b902ec3fd12cf6977a6b6edf27a","url":"https:\/\/secure.gravatar.com\/avatar\/d295c22bd41c5cb61e8aa7fcafe90d2d2302363bc123897b40165ee0165d4f6b?s=96&d=mm&r=g","contentUrl":"https:\/\/secure.gravatar.com\/avatar\/d295c22bd41c5cb61e8aa7fcafe90d2d2302363bc123897b40165ee0165d4f6b?s=96&d=mm&r=g","caption":"brand_candy_amy"},"sameAs":["https:\/\/brandcandy.co.za"],"url":"https:\/\/www.vfplus.org.za\/af\/author\/brand_candy_amy\/"}]}},"authors":[{"term_id":173,"user_id":0,"is_guest":1,"slug":"denise-janse-van-rensburg","display_name":"Denise Janse van Rensburg","avatar_url":{"url":"https:\/\/www.vfplus.org.za\/wp-content\/uploads\/2023\/08\/freedomfront-plus-author-denise-jansen-van-rensburg-ekurhuleni.jpg-e1695109243620.png","url2x":"https:\/\/www.vfplus.org.za\/wp-content\/uploads\/2023\/08\/freedomfront-plus-author-denise-jansen-van-rensburg-ekurhuleni.jpg-e1695109243620.png"},"author_category":"","user_url":"","last_name":"","first_name":"","job_title":"","description":""}],"_links":{"self":[{"href":"https:\/\/www.vfplus.org.za\/af\/wp-json\/wp\/v2\/posts\/80522","targetHints":{"allow":["GET"]}}],"collection":[{"href":"https:\/\/www.vfplus.org.za\/af\/wp-json\/wp\/v2\/posts"}],"about":[{"href":"https:\/\/www.vfplus.org.za\/af\/wp-json\/wp\/v2\/types\/post"}],"author":[{"embeddable":true,"href":"https:\/\/www.vfplus.org.za\/af\/wp-json\/wp\/v2\/users\/5"}],"replies":[{"embeddable":true,"href":"https:\/\/www.vfplus.org.za\/af\/wp-json\/wp\/v2\/comments?post=80522"}],"version-history":[{"count":1,"href":"https:\/\/www.vfplus.org.za\/af\/wp-json\/wp\/v2\/posts\/80522\/revisions"}],"predecessor-version":[{"id":80526,"href":"https:\/\/www.vfplus.org.za\/af\/wp-json\/wp\/v2\/posts\/80522\/revisions\/80526"}],"wp:featuredmedia":[{"embeddable":true,"href":"https:\/\/www.vfplus.org.za\/af\/wp-json\/wp\/v2\/media\/80524"}],"wp:attachment":[{"href":"https:\/\/www.vfplus.org.za\/af\/wp-json\/wp\/v2\/media?parent=80522"}],"wp:term":[{"taxonomy":"category","embeddable":true,"href":"https:\/\/www.vfplus.org.za\/af\/wp-json\/wp\/v2\/categories?post=80522"},{"taxonomy":"post_tag","embeddable":true,"href":"https:\/\/www.vfplus.org.za\/af\/wp-json\/wp\/v2\/tags?post=80522"},{"taxonomy":"author","embeddable":true,"href":"https:\/\/www.vfplus.org.za\/af\/wp-json\/wp\/v2\/ppma_author?post=80522"}],"curies":[{"name":"wp","href":"https:\/\/api.w.org\/{rel}","templated":true}]}}