{"id":80508,"date":"2025-05-30T09:10:59","date_gmt":"2025-05-30T07:10:59","guid":{"rendered":"https:\/\/www.vfplus.org.za\/?p=80508"},"modified":"2025-05-30T09:11:02","modified_gmt":"2025-05-30T07:11:02","slug":"johannesburg-metro-se-2025-26-begroting-dompel-stad-dieper-in-die-donker","status":"publish","type":"post","link":"https:\/\/www.vfplus.org.za\/af\/mediaverklarings\/johannesburg-metro-se-2025-26-begroting-dompel-stad-dieper-in-die-donker\/","title":{"rendered":"Johannesburg-metro se 2025\/26-begroting dompel stad dieper in die donker"},"content":{"rendered":"\n<p class=\"wp-block-paragraph\">Die VF Plus het nie die Johannesburg-metro se 2025\/26-finansi\u00eble begroting gesteun nie omdat die begroting \u0149 totale gebrek aan visie weerspie\u00ebl en tot nadeel van die inwoners van die stad is.<\/p>\n\n\n\n<p class=\"wp-block-paragraph\">Die party het op 24 April 2025 met die burgemeester, Dada Morero, en die burgemeesterskomiteelid oor finansies, Margaret Arnolds, vergader en werkbare voorstelle ter tafel gel\u00ea om \u2018n positiewe, werkbare begroting daar te stel. Die voorstelle is ge\u00efgnoreer.<\/p>\n\n\n\n<p class=\"wp-block-paragraph\">Die begroting het \u0149 groot finansi\u00eble impak op inwoners terwyl dienslewering verswak.<\/p>\n\n\n\n<p class=\"wp-block-paragraph\">Die tariewe vir die stad se dienste word met baie meer as die inflasiekoers verhoog, wat inwoners net nie meer kan bekostig nie.<\/p>\n\n\n\n<p class=\"wp-block-paragraph\">Die inkomste-begroting beloop R84.8 miljoen, terwyl uitgawes R80.7 miljoen bedra. Dit laat die stad met \u2018n begrote surplus van R4.1 miljoen. Die surplus is broodnodig om agterstallige rekeninge te betaal. Van die surplus word egter slegs R650 miljoen aan kapitaalprojekte toegeken.<\/p>\n\n\n\n<p class=\"wp-block-paragraph\">Die kapitaalbegroting beloop R8.7 miljoen, wat R1.0 miljoen meer is as in 2024\/2025. Die enigste ligpunt hier is dat die kapitaaltoewysing aan Johannesburg Water verhoog van R1.291 miljoen na R1.703 miljoen.<\/p>\n\n\n\n<p class=\"wp-block-paragraph\">Hoewel dit nie naastenby genoeg is om \u2018n wesenlike impak te maak om die vervalle waterinfrastruktuur te herstel nie, is dit tog \u2018n stap in die regte rigting.<\/p>\n\n\n\n<p class=\"wp-block-paragraph\">Dit is onverstaanbaar dat die kapitaaltoewysing aan City Power verlaag is van R1.532 miljoen na R1.360 miljoen, terwyl daar \u2018n geweldige agterstand is op kraginfrastruktuur.<\/p>\n\n\n\n<p class=\"wp-block-paragraph\">Om die kapitaalprojekte te befonds wil die stad \u2018n verdere R3.5 miljoen leen. Die rentekoste vir die 2025\/2026 jaar beloop reeds R7.2 miljoen per dag en gaan net verder verhoog.<\/p>\n\n\n\n<p class=\"wp-block-paragraph\">Daar is geen daadwerklike plan om die vermorsing en diefstal van water en krag, die nie betaling vir dienste, of die uitreik van Aarto-boetes, wat deur die Poskantoor behartig moet word, aan te spreek nie.<\/p>\n\n\n\n<p class=\"wp-block-paragraph\">Sou die kwessies die aandag kry wat dit verdien, sou die stad genoeg ekstra inkomste kon genereer wat tot gevolg sou h\u00ea dat die verhogings in tariewe minimaal kon wees en meer op kapitaalprojekte bestee kon word. Geen addisionele lenings sou nodig wees nie.<\/p>\n\n\n\n<p class=\"wp-block-paragraph\">Hierdie begroting gaan geen onderneming aanmoedig om in die stad te bel\u00ea nie, dit gaan dienslewering belemmer, die infrastruktuur verder laat verval, werkloosheid verder laat toeneem en groter finansi\u00eble druk plaas op die betalende inwoners van die stad.<\/p>\n\n\n\n<p class=\"wp-block-paragraph\">Die VF Plus sal onder geen omstandighede die begroting steun nie, en sal sy stem dik maak in die begrotingsdebat om die belange van die inwoners te beskerm.<\/p>\n","protected":false},"excerpt":{"rendered":"<p>Die VF Plus het nie die Johannesburg-metro se 2025\/26-finansi\u00eble begroting gesteun nie omdat die begroting \u0149 totale gebrek aan visie weerspie\u00ebl en tot nadeel van die inwoners van die stad is. Die party het op 24 April 2025 met die burgemeester, Dada Morero, en die burgemeesterskomiteelid oor finansies, Margaret Arnolds, vergader en werkbare voorstelle ter [&hellip;]<\/p>\n","protected":false},"author":5,"featured_media":80509,"comment_status":"closed","ping_status":"closed","sticky":false,"template":"","format":"standard","meta":{"_acf_changed":false,"_relevanssi_hide_post":"","_relevanssi_hide_content":"","_relevanssi_pin_for_all":"","_relevanssi_pin_keywords":"","_relevanssi_unpin_keywords":"","_relevanssi_related_keywords":"","_relevanssi_related_include_ids":"","_relevanssi_related_exclude_ids":"","_relevanssi_related_no_append":"","_relevanssi_related_not_related":"","_relevanssi_related_posts":"61115,79373,20268,57381,62162,17729","_relevanssi_noindex_reason":"","footnotes":""},"categories":[100],"tags":[],"ppma_author":[673],"class_list":["post-80508","post","type-post","status-publish","format-standard","has-post-thumbnail","hentry","category-mediaverklarings"],"acf":[],"yoast_head":"<!-- This site is optimized with the Yoast SEO plugin v28.3 - https:\/\/yoast.com\/product\/yoast-seo-wordpress\/ -->\n<title>Johannesburg-metro se 2025\/26-begroting dompel stad dieper in die donker | Vryheidsfront Plus<\/title>\n<meta name=\"description\" content=\"Die VF Plus het nie die Johannesburg-metro se 2025\/26-finansi\u00eble begroting gesteun nie omdat die begroting \u0149 totale gebrek aan visie weerspie\u00ebl en tot\" \/>\n<meta name=\"robots\" content=\"index, follow, max-snippet:-1, max-image-preview:large, max-video-preview:-1\" \/>\n<link rel=\"canonical\" href=\"https:\/\/www.vfplus.org.za\/af\/mediaverklarings\/johannesburg-metro-se-2025-26-begroting-dompel-stad-dieper-in-die-donker\/\" \/>\n<meta property=\"og:locale\" content=\"af_ZA\" \/>\n<meta property=\"og:type\" content=\"article\" \/>\n<meta property=\"og:title\" content=\"Johannesburg-metro se 2025\/26-begroting dompel stad dieper in die donker | Vryheidsfront Plus\" \/>\n<meta property=\"og:description\" content=\"Die VF Plus het nie die Johannesburg-metro se 2025\/26-finansi\u00eble begroting gesteun nie omdat die begroting \u0149 totale gebrek aan visie weerspie\u00ebl en tot\" \/>\n<meta property=\"og:url\" content=\"https:\/\/www.vfplus.org.za\/af\/mediaverklarings\/johannesburg-metro-se-2025-26-begroting-dompel-stad-dieper-in-die-donker\/\" \/>\n<meta property=\"og:site_name\" content=\"Vryheidsfront Plus\" \/>\n<meta property=\"article:publisher\" content=\"https:\/\/www.facebook.com\/VFplus?fref=ts\" \/>\n<meta property=\"article:published_time\" content=\"2025-05-30T07:10:59+00:00\" \/>\n<meta property=\"article:modified_time\" content=\"2025-05-30T07:11:02+00:00\" \/>\n<meta property=\"og:image\" content=\"https:\/\/www.vfplus.org.za\/wp-content\/uploads\/2025\/05\/freedomfront_plus_Johannesburg-metro-se-202526-begroting-dompel-stad-dieper-in-die-donker.png\" \/>\n\t<meta property=\"og:image:width\" content=\"1024\" \/>\n\t<meta property=\"og:image:height\" content=\"768\" \/>\n\t<meta property=\"og:image:type\" content=\"image\/png\" \/>\n<meta name=\"author\" content=\"Cor Boer\" \/>\n<meta name=\"twitter:card\" content=\"summary_large_image\" \/>\n<meta name=\"twitter:creator\" content=\"@VFplus\" \/>\n<meta name=\"twitter:site\" content=\"@VFplus\" \/>\n<meta name=\"twitter:label1\" content=\"Written by\" \/>\n\t<meta name=\"twitter:data1\" content=\"brand_candy_amy\" \/>\n\t<meta name=\"twitter:label2\" content=\"Est. reading time\" \/>\n\t<meta name=\"twitter:data2\" content=\"3 minutes\" \/>\n<script type=\"application\/ld+json\" class=\"yoast-schema-graph\">{\"@context\":\"https:\\\/\\\/schema.org\",\"@graph\":[{\"@type\":\"Article\",\"@id\":\"https:\\\/\\\/www.vfplus.org.za\\\/af\\\/mediaverklarings\\\/johannesburg-metro-se-2025-26-begroting-dompel-stad-dieper-in-die-donker\\\/#article\",\"isPartOf\":{\"@id\":\"https:\\\/\\\/www.vfplus.org.za\\\/af\\\/mediaverklarings\\\/johannesburg-metro-se-2025-26-begroting-dompel-stad-dieper-in-die-donker\\\/\"},\"author\":{\"name\":\"brand_candy_amy\",\"@id\":\"https:\\\/\\\/www.vfplus.org.za\\\/af\\\/#\\\/schema\\\/person\\\/2c3e703fc713d95efd7b7bf7b34646f4\"},\"headline\":\"Johannesburg-metro se 2025\\\/26-begroting dompel stad dieper in die donker\",\"datePublished\":\"2025-05-30T07:10:59+00:00\",\"dateModified\":\"2025-05-30T07:11:02+00:00\",\"mainEntityOfPage\":{\"@id\":\"https:\\\/\\\/www.vfplus.org.za\\\/af\\\/mediaverklarings\\\/johannesburg-metro-se-2025-26-begroting-dompel-stad-dieper-in-die-donker\\\/\"},\"wordCount\":412,\"publisher\":{\"@id\":\"https:\\\/\\\/www.vfplus.org.za\\\/af\\\/#organization\"},\"image\":{\"@id\":\"https:\\\/\\\/www.vfplus.org.za\\\/af\\\/mediaverklarings\\\/johannesburg-metro-se-2025-26-begroting-dompel-stad-dieper-in-die-donker\\\/#primaryimage\"},\"thumbnailUrl\":\"https:\\\/\\\/www.vfplus.org.za\\\/wp-content\\\/uploads\\\/2025\\\/05\\\/freedomfront_plus_Johannesburg-metro-se-202526-begroting-dompel-stad-dieper-in-die-donker.png\",\"articleSection\":[\"Mediaverklarings\"],\"inLanguage\":\"af-ZA\"},{\"@type\":\"WebPage\",\"@id\":\"https:\\\/\\\/www.vfplus.org.za\\\/af\\\/mediaverklarings\\\/johannesburg-metro-se-2025-26-begroting-dompel-stad-dieper-in-die-donker\\\/\",\"url\":\"https:\\\/\\\/www.vfplus.org.za\\\/af\\\/mediaverklarings\\\/johannesburg-metro-se-2025-26-begroting-dompel-stad-dieper-in-die-donker\\\/\",\"name\":\"Johannesburg-metro se 2025\\\/26-begroting dompel stad dieper in die donker | Vryheidsfront Plus\",\"isPartOf\":{\"@id\":\"https:\\\/\\\/www.vfplus.org.za\\\/af\\\/#website\"},\"primaryImageOfPage\":{\"@id\":\"https:\\\/\\\/www.vfplus.org.za\\\/af\\\/mediaverklarings\\\/johannesburg-metro-se-2025-26-begroting-dompel-stad-dieper-in-die-donker\\\/#primaryimage\"},\"image\":{\"@id\":\"https:\\\/\\\/www.vfplus.org.za\\\/af\\\/mediaverklarings\\\/johannesburg-metro-se-2025-26-begroting-dompel-stad-dieper-in-die-donker\\\/#primaryimage\"},\"thumbnailUrl\":\"https:\\\/\\\/www.vfplus.org.za\\\/wp-content\\\/uploads\\\/2025\\\/05\\\/freedomfront_plus_Johannesburg-metro-se-202526-begroting-dompel-stad-dieper-in-die-donker.png\",\"datePublished\":\"2025-05-30T07:10:59+00:00\",\"dateModified\":\"2025-05-30T07:11:02+00:00\",\"description\":\"Die VF Plus het nie die Johannesburg-metro se 2025\\\/26-finansi\u00eble begroting gesteun nie omdat die begroting \u0149 totale gebrek aan visie weerspie\u00ebl en tot\",\"breadcrumb\":{\"@id\":\"https:\\\/\\\/www.vfplus.org.za\\\/af\\\/mediaverklarings\\\/johannesburg-metro-se-2025-26-begroting-dompel-stad-dieper-in-die-donker\\\/#breadcrumb\"},\"inLanguage\":\"af-ZA\",\"potentialAction\":[{\"@type\":\"ReadAction\",\"target\":[\"https:\\\/\\\/www.vfplus.org.za\\\/af\\\/mediaverklarings\\\/johannesburg-metro-se-2025-26-begroting-dompel-stad-dieper-in-die-donker\\\/\"]}]},{\"@type\":\"ImageObject\",\"inLanguage\":\"af-ZA\",\"@id\":\"https:\\\/\\\/www.vfplus.org.za\\\/af\\\/mediaverklarings\\\/johannesburg-metro-se-2025-26-begroting-dompel-stad-dieper-in-die-donker\\\/#primaryimage\",\"url\":\"https:\\\/\\\/www.vfplus.org.za\\\/wp-content\\\/uploads\\\/2025\\\/05\\\/freedomfront_plus_Johannesburg-metro-se-202526-begroting-dompel-stad-dieper-in-die-donker.png\",\"contentUrl\":\"https:\\\/\\\/www.vfplus.org.za\\\/wp-content\\\/uploads\\\/2025\\\/05\\\/freedomfront_plus_Johannesburg-metro-se-202526-begroting-dompel-stad-dieper-in-die-donker.png\",\"width\":1024,\"height\":768},{\"@type\":\"BreadcrumbList\",\"@id\":\"https:\\\/\\\/www.vfplus.org.za\\\/af\\\/mediaverklarings\\\/johannesburg-metro-se-2025-26-begroting-dompel-stad-dieper-in-die-donker\\\/#breadcrumb\",\"itemListElement\":[{\"@type\":\"ListItem\",\"position\":1,\"name\":\"Tuis\",\"item\":\"https:\\\/\\\/www.vfplus.org.za\\\/af\\\/\"},{\"@type\":\"ListItem\",\"position\":2,\"name\":\"Johannesburg-metro se 2025\\\/26-begroting dompel stad dieper in die donker\"}]},{\"@type\":\"WebSite\",\"@id\":\"https:\\\/\\\/www.vfplus.org.za\\\/af\\\/#website\",\"url\":\"https:\\\/\\\/www.vfplus.org.za\\\/af\\\/\",\"name\":\"Freedom Front Plus\",\"description\":\"Stand Up | Stand Together | Stand Strong\",\"publisher\":{\"@id\":\"https:\\\/\\\/www.vfplus.org.za\\\/af\\\/#organization\"},\"potentialAction\":[{\"@type\":\"SearchAction\",\"target\":{\"@type\":\"EntryPoint\",\"urlTemplate\":\"https:\\\/\\\/www.vfplus.org.za\\\/af\\\/?s={search_term_string}\"},\"query-input\":{\"@type\":\"PropertyValueSpecification\",\"valueRequired\":true,\"valueName\":\"search_term_string\"}}],\"inLanguage\":\"af-ZA\"},{\"@type\":\"Organization\",\"@id\":\"https:\\\/\\\/www.vfplus.org.za\\\/af\\\/#organization\",\"name\":\"Vryheidsfront Plus\",\"alternateName\":\"VF Plus\",\"url\":\"https:\\\/\\\/www.vfplus.org.za\\\/af\\\/\",\"logo\":{\"@type\":\"ImageObject\",\"inLanguage\":\"af-ZA\",\"@id\":\"https:\\\/\\\/www.vfplus.org.za\\\/af\\\/#\\\/schema\\\/logo\\\/image\\\/\",\"url\":\"https:\\\/\\\/www.vfplus.org.za\\\/wp-content\\\/uploads\\\/2022\\\/11\\\/vfplus-logo-01.png\",\"contentUrl\":\"https:\\\/\\\/www.vfplus.org.za\\\/wp-content\\\/uploads\\\/2022\\\/11\\\/vfplus-logo-01.png\",\"width\":130,\"height\":130,\"caption\":\"Vryheidsfront Plus\"},\"image\":{\"@id\":\"https:\\\/\\\/www.vfplus.org.za\\\/af\\\/#\\\/schema\\\/logo\\\/image\\\/\"},\"sameAs\":[\"https:\\\/\\\/www.facebook.com\\\/VFplus?fref=ts\",\"https:\\\/\\\/x.com\\\/VFplus\",\"https:\\\/\\\/www.instagram.com\\\/vfplus_ffplus\\\/?hl=en\",\"https:\\\/\\\/www.youtube.com\\\/user\\\/VRYHEIDSFRONTplus\"]},{\"@type\":\"Person\",\"@id\":\"https:\\\/\\\/www.vfplus.org.za\\\/af\\\/#\\\/schema\\\/person\\\/2c3e703fc713d95efd7b7bf7b34646f4\",\"name\":\"brand_candy_amy\",\"image\":{\"@type\":\"ImageObject\",\"inLanguage\":\"af-ZA\",\"@id\":\"https:\\\/\\\/secure.gravatar.com\\\/avatar\\\/d295c22bd41c5cb61e8aa7fcafe90d2d2302363bc123897b40165ee0165d4f6b?s=96&d=mm&r=g45c99b902ec3fd12cf6977a6b6edf27a\",\"url\":\"https:\\\/\\\/secure.gravatar.com\\\/avatar\\\/d295c22bd41c5cb61e8aa7fcafe90d2d2302363bc123897b40165ee0165d4f6b?s=96&d=mm&r=g\",\"contentUrl\":\"https:\\\/\\\/secure.gravatar.com\\\/avatar\\\/d295c22bd41c5cb61e8aa7fcafe90d2d2302363bc123897b40165ee0165d4f6b?s=96&d=mm&r=g\",\"caption\":\"brand_candy_amy\"},\"sameAs\":[\"https:\\\/\\\/brandcandy.co.za\"],\"url\":\"https:\\\/\\\/www.vfplus.org.za\\\/af\\\/author\\\/brand_candy_amy\\\/\"}]}<\/script>\n<!-- \/ Yoast SEO plugin. -->","yoast_head_json":{"title":"Johannesburg-metro se 2025\/26-begroting dompel stad dieper in die donker | Vryheidsfront Plus","description":"Die VF Plus het nie die Johannesburg-metro se 2025\/26-finansi\u00eble begroting gesteun nie omdat die begroting \u0149 totale gebrek aan visie weerspie\u00ebl en tot","robots":{"index":"index","follow":"follow","max-snippet":"max-snippet:-1","max-image-preview":"max-image-preview:large","max-video-preview":"max-video-preview:-1"},"canonical":"https:\/\/www.vfplus.org.za\/af\/mediaverklarings\/johannesburg-metro-se-2025-26-begroting-dompel-stad-dieper-in-die-donker\/","og_locale":"af_ZA","og_type":"article","og_title":"Johannesburg-metro se 2025\/26-begroting dompel stad dieper in die donker | Vryheidsfront Plus","og_description":"Die VF Plus het nie die Johannesburg-metro se 2025\/26-finansi\u00eble begroting gesteun nie omdat die begroting \u0149 totale gebrek aan visie weerspie\u00ebl en tot","og_url":"https:\/\/www.vfplus.org.za\/af\/mediaverklarings\/johannesburg-metro-se-2025-26-begroting-dompel-stad-dieper-in-die-donker\/","og_site_name":"Vryheidsfront Plus","article_publisher":"https:\/\/www.facebook.com\/VFplus?fref=ts","article_published_time":"2025-05-30T07:10:59+00:00","article_modified_time":"2025-05-30T07:11:02+00:00","og_image":[{"width":1024,"height":768,"url":"https:\/\/www.vfplus.org.za\/wp-content\/uploads\/2025\/05\/freedomfront_plus_Johannesburg-metro-se-202526-begroting-dompel-stad-dieper-in-die-donker.png","type":"image\/png"}],"author":"Cor Boer","twitter_card":"summary_large_image","twitter_creator":"@VFplus","twitter_site":"@VFplus","twitter_misc":{"Written by":"brand_candy_amy","Est. reading time":"3 minutes"},"schema":{"@context":"https:\/\/schema.org","@graph":[{"@type":"Article","@id":"https:\/\/www.vfplus.org.za\/af\/mediaverklarings\/johannesburg-metro-se-2025-26-begroting-dompel-stad-dieper-in-die-donker\/#article","isPartOf":{"@id":"https:\/\/www.vfplus.org.za\/af\/mediaverklarings\/johannesburg-metro-se-2025-26-begroting-dompel-stad-dieper-in-die-donker\/"},"author":{"name":"brand_candy_amy","@id":"https:\/\/www.vfplus.org.za\/af\/#\/schema\/person\/2c3e703fc713d95efd7b7bf7b34646f4"},"headline":"Johannesburg-metro se 2025\/26-begroting dompel stad dieper in die donker","datePublished":"2025-05-30T07:10:59+00:00","dateModified":"2025-05-30T07:11:02+00:00","mainEntityOfPage":{"@id":"https:\/\/www.vfplus.org.za\/af\/mediaverklarings\/johannesburg-metro-se-2025-26-begroting-dompel-stad-dieper-in-die-donker\/"},"wordCount":412,"publisher":{"@id":"https:\/\/www.vfplus.org.za\/af\/#organization"},"image":{"@id":"https:\/\/www.vfplus.org.za\/af\/mediaverklarings\/johannesburg-metro-se-2025-26-begroting-dompel-stad-dieper-in-die-donker\/#primaryimage"},"thumbnailUrl":"https:\/\/www.vfplus.org.za\/wp-content\/uploads\/2025\/05\/freedomfront_plus_Johannesburg-metro-se-202526-begroting-dompel-stad-dieper-in-die-donker.png","articleSection":["Mediaverklarings"],"inLanguage":"af-ZA"},{"@type":"WebPage","@id":"https:\/\/www.vfplus.org.za\/af\/mediaverklarings\/johannesburg-metro-se-2025-26-begroting-dompel-stad-dieper-in-die-donker\/","url":"https:\/\/www.vfplus.org.za\/af\/mediaverklarings\/johannesburg-metro-se-2025-26-begroting-dompel-stad-dieper-in-die-donker\/","name":"Johannesburg-metro se 2025\/26-begroting dompel stad dieper in die donker | Vryheidsfront Plus","isPartOf":{"@id":"https:\/\/www.vfplus.org.za\/af\/#website"},"primaryImageOfPage":{"@id":"https:\/\/www.vfplus.org.za\/af\/mediaverklarings\/johannesburg-metro-se-2025-26-begroting-dompel-stad-dieper-in-die-donker\/#primaryimage"},"image":{"@id":"https:\/\/www.vfplus.org.za\/af\/mediaverklarings\/johannesburg-metro-se-2025-26-begroting-dompel-stad-dieper-in-die-donker\/#primaryimage"},"thumbnailUrl":"https:\/\/www.vfplus.org.za\/wp-content\/uploads\/2025\/05\/freedomfront_plus_Johannesburg-metro-se-202526-begroting-dompel-stad-dieper-in-die-donker.png","datePublished":"2025-05-30T07:10:59+00:00","dateModified":"2025-05-30T07:11:02+00:00","description":"Die VF Plus het nie die Johannesburg-metro se 2025\/26-finansi\u00eble begroting gesteun nie omdat die begroting \u0149 totale gebrek aan visie weerspie\u00ebl en tot","breadcrumb":{"@id":"https:\/\/www.vfplus.org.za\/af\/mediaverklarings\/johannesburg-metro-se-2025-26-begroting-dompel-stad-dieper-in-die-donker\/#breadcrumb"},"inLanguage":"af-ZA","potentialAction":[{"@type":"ReadAction","target":["https:\/\/www.vfplus.org.za\/af\/mediaverklarings\/johannesburg-metro-se-2025-26-begroting-dompel-stad-dieper-in-die-donker\/"]}]},{"@type":"ImageObject","inLanguage":"af-ZA","@id":"https:\/\/www.vfplus.org.za\/af\/mediaverklarings\/johannesburg-metro-se-2025-26-begroting-dompel-stad-dieper-in-die-donker\/#primaryimage","url":"https:\/\/www.vfplus.org.za\/wp-content\/uploads\/2025\/05\/freedomfront_plus_Johannesburg-metro-se-202526-begroting-dompel-stad-dieper-in-die-donker.png","contentUrl":"https:\/\/www.vfplus.org.za\/wp-content\/uploads\/2025\/05\/freedomfront_plus_Johannesburg-metro-se-202526-begroting-dompel-stad-dieper-in-die-donker.png","width":1024,"height":768},{"@type":"BreadcrumbList","@id":"https:\/\/www.vfplus.org.za\/af\/mediaverklarings\/johannesburg-metro-se-2025-26-begroting-dompel-stad-dieper-in-die-donker\/#breadcrumb","itemListElement":[{"@type":"ListItem","position":1,"name":"Tuis","item":"https:\/\/www.vfplus.org.za\/af\/"},{"@type":"ListItem","position":2,"name":"Johannesburg-metro se 2025\/26-begroting dompel stad dieper in die donker"}]},{"@type":"WebSite","@id":"https:\/\/www.vfplus.org.za\/af\/#website","url":"https:\/\/www.vfplus.org.za\/af\/","name":"Freedom Front Plus","description":"Stand Up | Stand Together | Stand Strong","publisher":{"@id":"https:\/\/www.vfplus.org.za\/af\/#organization"},"potentialAction":[{"@type":"SearchAction","target":{"@type":"EntryPoint","urlTemplate":"https:\/\/www.vfplus.org.za\/af\/?s={search_term_string}"},"query-input":{"@type":"PropertyValueSpecification","valueRequired":true,"valueName":"search_term_string"}}],"inLanguage":"af-ZA"},{"@type":"Organization","@id":"https:\/\/www.vfplus.org.za\/af\/#organization","name":"Vryheidsfront Plus","alternateName":"VF Plus","url":"https:\/\/www.vfplus.org.za\/af\/","logo":{"@type":"ImageObject","inLanguage":"af-ZA","@id":"https:\/\/www.vfplus.org.za\/af\/#\/schema\/logo\/image\/","url":"https:\/\/www.vfplus.org.za\/wp-content\/uploads\/2022\/11\/vfplus-logo-01.png","contentUrl":"https:\/\/www.vfplus.org.za\/wp-content\/uploads\/2022\/11\/vfplus-logo-01.png","width":130,"height":130,"caption":"Vryheidsfront Plus"},"image":{"@id":"https:\/\/www.vfplus.org.za\/af\/#\/schema\/logo\/image\/"},"sameAs":["https:\/\/www.facebook.com\/VFplus?fref=ts","https:\/\/x.com\/VFplus","https:\/\/www.instagram.com\/vfplus_ffplus\/?hl=en","https:\/\/www.youtube.com\/user\/VRYHEIDSFRONTplus"]},{"@type":"Person","@id":"https:\/\/www.vfplus.org.za\/af\/#\/schema\/person\/2c3e703fc713d95efd7b7bf7b34646f4","name":"brand_candy_amy","image":{"@type":"ImageObject","inLanguage":"af-ZA","@id":"https:\/\/secure.gravatar.com\/avatar\/d295c22bd41c5cb61e8aa7fcafe90d2d2302363bc123897b40165ee0165d4f6b?s=96&d=mm&r=g45c99b902ec3fd12cf6977a6b6edf27a","url":"https:\/\/secure.gravatar.com\/avatar\/d295c22bd41c5cb61e8aa7fcafe90d2d2302363bc123897b40165ee0165d4f6b?s=96&d=mm&r=g","contentUrl":"https:\/\/secure.gravatar.com\/avatar\/d295c22bd41c5cb61e8aa7fcafe90d2d2302363bc123897b40165ee0165d4f6b?s=96&d=mm&r=g","caption":"brand_candy_amy"},"sameAs":["https:\/\/brandcandy.co.za"],"url":"https:\/\/www.vfplus.org.za\/af\/author\/brand_candy_amy\/"}]}},"authors":[{"term_id":673,"user_id":0,"is_guest":1,"slug":"cor-boer","display_name":"Cor Boer","avatar_url":{"url":"https:\/\/www.vfplus.org.za\/wp-content\/uploads\/2022\/11\/vfplus-logo-01.png","url2x":"https:\/\/www.vfplus.org.za\/wp-content\/uploads\/2022\/11\/vfplus-logo-01.png"},"author_category":"","user_url":"","last_name":"","first_name":"","job_title":"","description":""}],"_links":{"self":[{"href":"https:\/\/www.vfplus.org.za\/af\/wp-json\/wp\/v2\/posts\/80508","targetHints":{"allow":["GET"]}}],"collection":[{"href":"https:\/\/www.vfplus.org.za\/af\/wp-json\/wp\/v2\/posts"}],"about":[{"href":"https:\/\/www.vfplus.org.za\/af\/wp-json\/wp\/v2\/types\/post"}],"author":[{"embeddable":true,"href":"https:\/\/www.vfplus.org.za\/af\/wp-json\/wp\/v2\/users\/5"}],"replies":[{"embeddable":true,"href":"https:\/\/www.vfplus.org.za\/af\/wp-json\/wp\/v2\/comments?post=80508"}],"version-history":[{"count":1,"href":"https:\/\/www.vfplus.org.za\/af\/wp-json\/wp\/v2\/posts\/80508\/revisions"}],"predecessor-version":[{"id":80511,"href":"https:\/\/www.vfplus.org.za\/af\/wp-json\/wp\/v2\/posts\/80508\/revisions\/80511"}],"wp:featuredmedia":[{"embeddable":true,"href":"https:\/\/www.vfplus.org.za\/af\/wp-json\/wp\/v2\/media\/80509"}],"wp:attachment":[{"href":"https:\/\/www.vfplus.org.za\/af\/wp-json\/wp\/v2\/media?parent=80508"}],"wp:term":[{"taxonomy":"category","embeddable":true,"href":"https:\/\/www.vfplus.org.za\/af\/wp-json\/wp\/v2\/categories?post=80508"},{"taxonomy":"post_tag","embeddable":true,"href":"https:\/\/www.vfplus.org.za\/af\/wp-json\/wp\/v2\/tags?post=80508"},{"taxonomy":"author","embeddable":true,"href":"https:\/\/www.vfplus.org.za\/af\/wp-json\/wp\/v2\/ppma_author?post=80508"}],"curies":[{"name":"wp","href":"https:\/\/api.w.org\/{rel}","templated":true}]}}