{"id":80502,"date":"2025-05-29T11:27:08","date_gmt":"2025-05-29T09:27:08","guid":{"rendered":"https:\/\/www.vfplus.org.za\/?p=80502"},"modified":"2025-05-29T11:27:12","modified_gmt":"2025-05-29T09:27:12","slug":"vf-plus-verwerp-konsepbegroting-van-tshwane-metro","status":"publish","type":"post","link":"https:\/\/www.vfplus.org.za\/af\/mediaverklarings\/vf-plus-verwerp-konsepbegroting-van-tshwane-metro\/","title":{"rendered":"VF Plus verwerp konsepbegroting van Tshwane-metro"},"content":{"rendered":"\n<p class=\"wp-block-paragraph\">Die VF Plus verwerp die konsepbegroting van die Tshwane-metro vir die 2025\/26-finansi\u00eble jaar wat inwoners met buitensporige belasting, onregverdige heffings en twyfelagtige finansi\u00eble praktyke gaan belas.<\/p>\n\n\n\n<p class=\"wp-block-paragraph\">Hierdie begroting prioritiseer geldgenerering bo etiese regering, ignoreer ekonomiese realiteite en versuim om finansi\u00eble regverdigheid te verseker.<\/p>\n\n\n\n<p class=\"wp-block-paragraph\">Die VF Plus steun nie die konsepbegroting nie om die volgende redes:<\/p>\n\n\n\n<p class=\"wp-block-paragraph\">\u2022 Onregverdige eiendomswaardasie en oormatige belasting\u2019<\/p>\n\n\n\n<p class=\"wp-block-paragraph\">Die algemene eiendomswaardasierol het gelei tot gemiddelde waardeverhogings van 24.17% op eiendomme wat belastingverpligtinge aansienlik verhoog.<\/p>\n\n\n\n<p class=\"wp-block-paragraph\">Die metro voer aan dat hy die impak verminder het deur die tarief met 4% te verlaag en die drumpelwaarde van R150,000 tot R250,000 te verhoog, maar dit bied geen werklike verligting nie.<br>Met \u0149 teiken van R11,19 miljard vir eiendomsbelastinginkomste &#8211; \u2019n 10%-styging van die vorige jaar &#8211; oorskry hierdie verhoging inflasie en ekonomiese groeivooruitskattings.<\/p>\n\n\n\n<p class=\"wp-block-paragraph\">Sommige huiseienaars moet waardasiestygings van 30% tot 300% absorbeer, met geen substansi\u00eble belastingverligting nie.<\/p>\n\n\n\n<p class=\"wp-block-paragraph\">Die Suid-Afrikaanse Eiendomseienaarsvereniging (SAPOA) en AfriForum het sterk besware hierteen ingedien en dit beklemtoon die VF Plus se siening dat hierdie begroting onrealistiese inkomste-uitbreidings teiken en huiseienaars onregverdig benadeel.<\/p>\n\n\n\n<p class=\"wp-block-paragraph\">\u2022 Onregverdige en omstrede stedelike skoonmaakheffing vir inwoners en ondernemings wat van private vullisverwyderingsdienste gebruik maak.<\/p>\n\n\n\n<p class=\"wp-block-paragraph\">Hierdie heffing dwing hulle om te betaal vir \u0149 diens wat hulle nie van die metro ontvang nie. Dit is ook \u0149 vorm van dubbele belasting en is \u0149 oortreding van die Munisipale Finansi\u00eble Bestuurswet wat bepaal dat munisipale heffings werklike diensgebruik moet weerspie\u00ebl.<\/p>\n\n\n\n<p class=\"wp-block-paragraph\">Die VF Plus eis dat die skoonmaakheffing afgeskaf word.<\/p>\n\n\n\n<p class=\"wp-block-paragraph\">\u2022 Infrastruktuurverval en diensleweringsgebreke.<\/p>\n\n\n\n<p class=\"wp-block-paragraph\">Terwyl die metro belasting verhoog en nuwe heffings opl\u00ea, verval die metro se infrastruktuur. Paaie en waterpype is in \u0149 haglike toestand en kragnetwerke faal herhaaldelik.<\/p>\n\n\n\n<p class=\"wp-block-paragraph\">Gereelde kragonderbrekings en watertekorte is nie net \u0149 ongemak nie, dit is ernstige finansi\u00eble laste wat ondernemings verlam en ekonomiese groei belemmer. Die VF Plus veroordeel die metro se versuim om in infrastruktuur-instandhouding te bel\u00ea en eis dringende ingryping om verdere verval te keer.<\/p>\n\n\n\n<p class=\"wp-block-paragraph\">\u2022 Die metro se verkrygingsbeleid gegrond op swart ekonomiese bemagtiging (SEB) lei tot oormatige koste wat onnodig uitgawes verhoog en openbare fondse uitput. Baie kontrakte word teen oordrewe pryse toegeken, wat eerder \u0149 uitgesoekte groep bevoordeel as om kwaliteit dienslewering te verseker.<\/p>\n\n\n\n<p class=\"wp-block-paragraph\">Die VF Plus eis dringende verkrygingshervorming, met deursigtigheid, kostedoeltreffendheid en verantwoordelike finansi\u00eble bestuur as prioriteite.<\/p>\n\n\n\n<p class=\"wp-block-paragraph\">Die metro beweer hierdie begroting is volledig befonds, maar sy stabiliteit berus uitsluitlik op betwiste inkomstebronne. Indien eiendomswaardasies verlaag of die stedelike skoonmaakheffing suksesvol betwis word, sal die Tshwane-metro gedwing word om:<\/p>\n\n\n\n<p class=\"wp-block-paragraph\">\u2022 Oormatige uitgawes te verminder om verlore inkomste te verreken.<br>\u2022 Alternatiewe, wettige inkomstebronne te verken eerder as buitensporige belasting.<br>\u2022 Finansi\u00eble beleid te hervorm om aan grondwetlike vereistes te voldoen.<\/p>\n\n\n\n<p class=\"wp-block-paragraph\">Billikheid, rekenskap en finansi\u00eble geregtigheid moet se\u00ebvier.<\/p>\n\n\n\n<p class=\"wp-block-paragraph\">Die VF Plus verwerp die 2025\/26-finansi\u00eble begroting. Die party doen \u0149 beroep op die raad om verantwoordelik op te tree en die belange van Tshwane se inwoners te beskerm.<\/p>\n","protected":false},"excerpt":{"rendered":"<p>Die VF Plus verwerp die konsepbegroting van die Tshwane-metro vir die 2025\/26-finansi\u00eble jaar wat inwoners met buitensporige belasting, onregverdige heffings en twyfelagtige finansi\u00eble praktyke gaan belas. Hierdie begroting prioritiseer geldgenerering bo etiese regering, ignoreer ekonomiese realiteite en versuim om finansi\u00eble regverdigheid te verseker. Die VF Plus steun nie die konsepbegroting nie om die volgende redes: [&hellip;]<\/p>\n","protected":false},"author":5,"featured_media":80503,"comment_status":"closed","ping_status":"closed","sticky":false,"template":"","format":"standard","meta":{"_acf_changed":false,"_relevanssi_hide_post":"","_relevanssi_hide_content":"","_relevanssi_pin_for_all":"","_relevanssi_pin_keywords":"","_relevanssi_unpin_keywords":"","_relevanssi_related_keywords":"","_relevanssi_related_include_ids":"","_relevanssi_related_exclude_ids":"","_relevanssi_related_no_append":"","_relevanssi_related_not_related":"","_relevanssi_related_posts":"59655,57944,67504,60962,61194,62972","_relevanssi_noindex_reason":"","footnotes":""},"categories":[100],"tags":[],"ppma_author":[312],"class_list":["post-80502","post","type-post","status-publish","format-standard","has-post-thumbnail","hentry","category-mediaverklarings"],"acf":[],"yoast_head":"<!-- This site is optimized with the Yoast SEO plugin v28.3 - https:\/\/yoast.com\/product\/yoast-seo-wordpress\/ -->\n<title>VF Plus verwerp konsepbegroting van Tshwane-metro | Vryheidsfront Plus<\/title>\n<meta name=\"description\" content=\"Die VF Plus verwerp die konsepbegroting van die Tshwane-metro vir die 2025\/26-finansi\u00eble jaar wat inwoners met buitensporige belasting, onregverdige\" \/>\n<meta name=\"robots\" content=\"index, follow, max-snippet:-1, max-image-preview:large, max-video-preview:-1\" \/>\n<link rel=\"canonical\" href=\"https:\/\/www.vfplus.org.za\/af\/mediaverklarings\/vf-plus-verwerp-konsepbegroting-van-tshwane-metro\/\" \/>\n<meta property=\"og:locale\" content=\"af_ZA\" \/>\n<meta property=\"og:type\" content=\"article\" \/>\n<meta property=\"og:title\" content=\"VF Plus verwerp konsepbegroting van Tshwane-metro | Vryheidsfront Plus\" \/>\n<meta property=\"og:description\" content=\"Die VF Plus verwerp die konsepbegroting van die Tshwane-metro vir die 2025\/26-finansi\u00eble jaar wat inwoners met buitensporige belasting, onregverdige\" \/>\n<meta property=\"og:url\" content=\"https:\/\/www.vfplus.org.za\/af\/mediaverklarings\/vf-plus-verwerp-konsepbegroting-van-tshwane-metro\/\" \/>\n<meta property=\"og:site_name\" content=\"Vryheidsfront Plus\" \/>\n<meta property=\"article:publisher\" content=\"https:\/\/www.facebook.com\/VFplus?fref=ts\" \/>\n<meta property=\"article:published_time\" content=\"2025-05-29T09:27:08+00:00\" \/>\n<meta property=\"article:modified_time\" content=\"2025-05-29T09:27:12+00:00\" \/>\n<meta property=\"og:image\" content=\"https:\/\/www.vfplus.org.za\/wp-content\/uploads\/2025\/05\/freedomfront_plus_VF-Plus-verwerp-konsepbegroting-van-Tshwane-metro.png\" \/>\n\t<meta property=\"og:image:width\" content=\"1024\" \/>\n\t<meta property=\"og:image:height\" content=\"768\" \/>\n\t<meta property=\"og:image:type\" content=\"image\/png\" \/>\n<meta name=\"author\" content=\"Grandi Theunissen\" \/>\n<meta name=\"twitter:card\" content=\"summary_large_image\" \/>\n<meta name=\"twitter:creator\" content=\"@VFplus\" \/>\n<meta name=\"twitter:site\" content=\"@VFplus\" \/>\n<meta name=\"twitter:label1\" content=\"Written by\" \/>\n\t<meta name=\"twitter:data1\" content=\"brand_candy_amy\" \/>\n\t<meta name=\"twitter:label2\" content=\"Est. reading time\" \/>\n\t<meta name=\"twitter:data2\" content=\"3 minutes\" \/>\n<script type=\"application\/ld+json\" class=\"yoast-schema-graph\">{\"@context\":\"https:\\\/\\\/schema.org\",\"@graph\":[{\"@type\":\"Article\",\"@id\":\"https:\\\/\\\/www.vfplus.org.za\\\/af\\\/mediaverklarings\\\/vf-plus-verwerp-konsepbegroting-van-tshwane-metro\\\/#article\",\"isPartOf\":{\"@id\":\"https:\\\/\\\/www.vfplus.org.za\\\/af\\\/mediaverklarings\\\/vf-plus-verwerp-konsepbegroting-van-tshwane-metro\\\/\"},\"author\":{\"name\":\"brand_candy_amy\",\"@id\":\"https:\\\/\\\/www.vfplus.org.za\\\/af\\\/#\\\/schema\\\/person\\\/2c3e703fc713d95efd7b7bf7b34646f4\"},\"headline\":\"VF Plus verwerp konsepbegroting van Tshwane-metro\",\"datePublished\":\"2025-05-29T09:27:08+00:00\",\"dateModified\":\"2025-05-29T09:27:12+00:00\",\"mainEntityOfPage\":{\"@id\":\"https:\\\/\\\/www.vfplus.org.za\\\/af\\\/mediaverklarings\\\/vf-plus-verwerp-konsepbegroting-van-tshwane-metro\\\/\"},\"wordCount\":474,\"publisher\":{\"@id\":\"https:\\\/\\\/www.vfplus.org.za\\\/af\\\/#organization\"},\"image\":{\"@id\":\"https:\\\/\\\/www.vfplus.org.za\\\/af\\\/mediaverklarings\\\/vf-plus-verwerp-konsepbegroting-van-tshwane-metro\\\/#primaryimage\"},\"thumbnailUrl\":\"https:\\\/\\\/www.vfplus.org.za\\\/wp-content\\\/uploads\\\/2025\\\/05\\\/freedomfront_plus_VF-Plus-verwerp-konsepbegroting-van-Tshwane-metro.png\",\"articleSection\":[\"Mediaverklarings\"],\"inLanguage\":\"af-ZA\"},{\"@type\":\"WebPage\",\"@id\":\"https:\\\/\\\/www.vfplus.org.za\\\/af\\\/mediaverklarings\\\/vf-plus-verwerp-konsepbegroting-van-tshwane-metro\\\/\",\"url\":\"https:\\\/\\\/www.vfplus.org.za\\\/af\\\/mediaverklarings\\\/vf-plus-verwerp-konsepbegroting-van-tshwane-metro\\\/\",\"name\":\"VF Plus verwerp konsepbegroting van Tshwane-metro | Vryheidsfront Plus\",\"isPartOf\":{\"@id\":\"https:\\\/\\\/www.vfplus.org.za\\\/af\\\/#website\"},\"primaryImageOfPage\":{\"@id\":\"https:\\\/\\\/www.vfplus.org.za\\\/af\\\/mediaverklarings\\\/vf-plus-verwerp-konsepbegroting-van-tshwane-metro\\\/#primaryimage\"},\"image\":{\"@id\":\"https:\\\/\\\/www.vfplus.org.za\\\/af\\\/mediaverklarings\\\/vf-plus-verwerp-konsepbegroting-van-tshwane-metro\\\/#primaryimage\"},\"thumbnailUrl\":\"https:\\\/\\\/www.vfplus.org.za\\\/wp-content\\\/uploads\\\/2025\\\/05\\\/freedomfront_plus_VF-Plus-verwerp-konsepbegroting-van-Tshwane-metro.png\",\"datePublished\":\"2025-05-29T09:27:08+00:00\",\"dateModified\":\"2025-05-29T09:27:12+00:00\",\"description\":\"Die VF Plus verwerp die konsepbegroting van die Tshwane-metro vir die 2025\\\/26-finansi\u00eble jaar wat inwoners met buitensporige belasting, onregverdige\",\"breadcrumb\":{\"@id\":\"https:\\\/\\\/www.vfplus.org.za\\\/af\\\/mediaverklarings\\\/vf-plus-verwerp-konsepbegroting-van-tshwane-metro\\\/#breadcrumb\"},\"inLanguage\":\"af-ZA\",\"potentialAction\":[{\"@type\":\"ReadAction\",\"target\":[\"https:\\\/\\\/www.vfplus.org.za\\\/af\\\/mediaverklarings\\\/vf-plus-verwerp-konsepbegroting-van-tshwane-metro\\\/\"]}]},{\"@type\":\"ImageObject\",\"inLanguage\":\"af-ZA\",\"@id\":\"https:\\\/\\\/www.vfplus.org.za\\\/af\\\/mediaverklarings\\\/vf-plus-verwerp-konsepbegroting-van-tshwane-metro\\\/#primaryimage\",\"url\":\"https:\\\/\\\/www.vfplus.org.za\\\/wp-content\\\/uploads\\\/2025\\\/05\\\/freedomfront_plus_VF-Plus-verwerp-konsepbegroting-van-Tshwane-metro.png\",\"contentUrl\":\"https:\\\/\\\/www.vfplus.org.za\\\/wp-content\\\/uploads\\\/2025\\\/05\\\/freedomfront_plus_VF-Plus-verwerp-konsepbegroting-van-Tshwane-metro.png\",\"width\":1024,\"height\":768},{\"@type\":\"BreadcrumbList\",\"@id\":\"https:\\\/\\\/www.vfplus.org.za\\\/af\\\/mediaverklarings\\\/vf-plus-verwerp-konsepbegroting-van-tshwane-metro\\\/#breadcrumb\",\"itemListElement\":[{\"@type\":\"ListItem\",\"position\":1,\"name\":\"Tuis\",\"item\":\"https:\\\/\\\/www.vfplus.org.za\\\/af\\\/\"},{\"@type\":\"ListItem\",\"position\":2,\"name\":\"VF Plus verwerp konsepbegroting van Tshwane-metro\"}]},{\"@type\":\"WebSite\",\"@id\":\"https:\\\/\\\/www.vfplus.org.za\\\/af\\\/#website\",\"url\":\"https:\\\/\\\/www.vfplus.org.za\\\/af\\\/\",\"name\":\"Freedom Front Plus\",\"description\":\"Stand Up | Stand Together | Stand Strong\",\"publisher\":{\"@id\":\"https:\\\/\\\/www.vfplus.org.za\\\/af\\\/#organization\"},\"potentialAction\":[{\"@type\":\"SearchAction\",\"target\":{\"@type\":\"EntryPoint\",\"urlTemplate\":\"https:\\\/\\\/www.vfplus.org.za\\\/af\\\/?s={search_term_string}\"},\"query-input\":{\"@type\":\"PropertyValueSpecification\",\"valueRequired\":true,\"valueName\":\"search_term_string\"}}],\"inLanguage\":\"af-ZA\"},{\"@type\":\"Organization\",\"@id\":\"https:\\\/\\\/www.vfplus.org.za\\\/af\\\/#organization\",\"name\":\"Vryheidsfront Plus\",\"alternateName\":\"VF Plus\",\"url\":\"https:\\\/\\\/www.vfplus.org.za\\\/af\\\/\",\"logo\":{\"@type\":\"ImageObject\",\"inLanguage\":\"af-ZA\",\"@id\":\"https:\\\/\\\/www.vfplus.org.za\\\/af\\\/#\\\/schema\\\/logo\\\/image\\\/\",\"url\":\"https:\\\/\\\/www.vfplus.org.za\\\/wp-content\\\/uploads\\\/2022\\\/11\\\/vfplus-logo-01.png\",\"contentUrl\":\"https:\\\/\\\/www.vfplus.org.za\\\/wp-content\\\/uploads\\\/2022\\\/11\\\/vfplus-logo-01.png\",\"width\":130,\"height\":130,\"caption\":\"Vryheidsfront Plus\"},\"image\":{\"@id\":\"https:\\\/\\\/www.vfplus.org.za\\\/af\\\/#\\\/schema\\\/logo\\\/image\\\/\"},\"sameAs\":[\"https:\\\/\\\/www.facebook.com\\\/VFplus?fref=ts\",\"https:\\\/\\\/x.com\\\/VFplus\",\"https:\\\/\\\/www.instagram.com\\\/vfplus_ffplus\\\/?hl=en\",\"https:\\\/\\\/www.youtube.com\\\/user\\\/VRYHEIDSFRONTplus\"]},{\"@type\":\"Person\",\"@id\":\"https:\\\/\\\/www.vfplus.org.za\\\/af\\\/#\\\/schema\\\/person\\\/2c3e703fc713d95efd7b7bf7b34646f4\",\"name\":\"brand_candy_amy\",\"image\":{\"@type\":\"ImageObject\",\"inLanguage\":\"af-ZA\",\"@id\":\"https:\\\/\\\/secure.gravatar.com\\\/avatar\\\/d295c22bd41c5cb61e8aa7fcafe90d2d2302363bc123897b40165ee0165d4f6b?s=96&d=mm&r=g45c99b902ec3fd12cf6977a6b6edf27a\",\"url\":\"https:\\\/\\\/secure.gravatar.com\\\/avatar\\\/d295c22bd41c5cb61e8aa7fcafe90d2d2302363bc123897b40165ee0165d4f6b?s=96&d=mm&r=g\",\"contentUrl\":\"https:\\\/\\\/secure.gravatar.com\\\/avatar\\\/d295c22bd41c5cb61e8aa7fcafe90d2d2302363bc123897b40165ee0165d4f6b?s=96&d=mm&r=g\",\"caption\":\"brand_candy_amy\"},\"sameAs\":[\"https:\\\/\\\/brandcandy.co.za\"],\"url\":\"https:\\\/\\\/www.vfplus.org.za\\\/af\\\/author\\\/brand_candy_amy\\\/\"}]}<\/script>\n<!-- \/ Yoast SEO plugin. -->","yoast_head_json":{"title":"VF Plus verwerp konsepbegroting van Tshwane-metro | Vryheidsfront Plus","description":"Die VF Plus verwerp die konsepbegroting van die Tshwane-metro vir die 2025\/26-finansi\u00eble jaar wat inwoners met buitensporige belasting, onregverdige","robots":{"index":"index","follow":"follow","max-snippet":"max-snippet:-1","max-image-preview":"max-image-preview:large","max-video-preview":"max-video-preview:-1"},"canonical":"https:\/\/www.vfplus.org.za\/af\/mediaverklarings\/vf-plus-verwerp-konsepbegroting-van-tshwane-metro\/","og_locale":"af_ZA","og_type":"article","og_title":"VF Plus verwerp konsepbegroting van Tshwane-metro | Vryheidsfront Plus","og_description":"Die VF Plus verwerp die konsepbegroting van die Tshwane-metro vir die 2025\/26-finansi\u00eble jaar wat inwoners met buitensporige belasting, onregverdige","og_url":"https:\/\/www.vfplus.org.za\/af\/mediaverklarings\/vf-plus-verwerp-konsepbegroting-van-tshwane-metro\/","og_site_name":"Vryheidsfront Plus","article_publisher":"https:\/\/www.facebook.com\/VFplus?fref=ts","article_published_time":"2025-05-29T09:27:08+00:00","article_modified_time":"2025-05-29T09:27:12+00:00","og_image":[{"width":1024,"height":768,"url":"https:\/\/www.vfplus.org.za\/wp-content\/uploads\/2025\/05\/freedomfront_plus_VF-Plus-verwerp-konsepbegroting-van-Tshwane-metro.png","type":"image\/png"}],"author":"Grandi Theunissen","twitter_card":"summary_large_image","twitter_creator":"@VFplus","twitter_site":"@VFplus","twitter_misc":{"Written by":"brand_candy_amy","Est. reading time":"3 minutes"},"schema":{"@context":"https:\/\/schema.org","@graph":[{"@type":"Article","@id":"https:\/\/www.vfplus.org.za\/af\/mediaverklarings\/vf-plus-verwerp-konsepbegroting-van-tshwane-metro\/#article","isPartOf":{"@id":"https:\/\/www.vfplus.org.za\/af\/mediaverklarings\/vf-plus-verwerp-konsepbegroting-van-tshwane-metro\/"},"author":{"name":"brand_candy_amy","@id":"https:\/\/www.vfplus.org.za\/af\/#\/schema\/person\/2c3e703fc713d95efd7b7bf7b34646f4"},"headline":"VF Plus verwerp konsepbegroting van Tshwane-metro","datePublished":"2025-05-29T09:27:08+00:00","dateModified":"2025-05-29T09:27:12+00:00","mainEntityOfPage":{"@id":"https:\/\/www.vfplus.org.za\/af\/mediaverklarings\/vf-plus-verwerp-konsepbegroting-van-tshwane-metro\/"},"wordCount":474,"publisher":{"@id":"https:\/\/www.vfplus.org.za\/af\/#organization"},"image":{"@id":"https:\/\/www.vfplus.org.za\/af\/mediaverklarings\/vf-plus-verwerp-konsepbegroting-van-tshwane-metro\/#primaryimage"},"thumbnailUrl":"https:\/\/www.vfplus.org.za\/wp-content\/uploads\/2025\/05\/freedomfront_plus_VF-Plus-verwerp-konsepbegroting-van-Tshwane-metro.png","articleSection":["Mediaverklarings"],"inLanguage":"af-ZA"},{"@type":"WebPage","@id":"https:\/\/www.vfplus.org.za\/af\/mediaverklarings\/vf-plus-verwerp-konsepbegroting-van-tshwane-metro\/","url":"https:\/\/www.vfplus.org.za\/af\/mediaverklarings\/vf-plus-verwerp-konsepbegroting-van-tshwane-metro\/","name":"VF Plus verwerp konsepbegroting van Tshwane-metro | Vryheidsfront Plus","isPartOf":{"@id":"https:\/\/www.vfplus.org.za\/af\/#website"},"primaryImageOfPage":{"@id":"https:\/\/www.vfplus.org.za\/af\/mediaverklarings\/vf-plus-verwerp-konsepbegroting-van-tshwane-metro\/#primaryimage"},"image":{"@id":"https:\/\/www.vfplus.org.za\/af\/mediaverklarings\/vf-plus-verwerp-konsepbegroting-van-tshwane-metro\/#primaryimage"},"thumbnailUrl":"https:\/\/www.vfplus.org.za\/wp-content\/uploads\/2025\/05\/freedomfront_plus_VF-Plus-verwerp-konsepbegroting-van-Tshwane-metro.png","datePublished":"2025-05-29T09:27:08+00:00","dateModified":"2025-05-29T09:27:12+00:00","description":"Die VF Plus verwerp die konsepbegroting van die Tshwane-metro vir die 2025\/26-finansi\u00eble jaar wat inwoners met buitensporige belasting, onregverdige","breadcrumb":{"@id":"https:\/\/www.vfplus.org.za\/af\/mediaverklarings\/vf-plus-verwerp-konsepbegroting-van-tshwane-metro\/#breadcrumb"},"inLanguage":"af-ZA","potentialAction":[{"@type":"ReadAction","target":["https:\/\/www.vfplus.org.za\/af\/mediaverklarings\/vf-plus-verwerp-konsepbegroting-van-tshwane-metro\/"]}]},{"@type":"ImageObject","inLanguage":"af-ZA","@id":"https:\/\/www.vfplus.org.za\/af\/mediaverklarings\/vf-plus-verwerp-konsepbegroting-van-tshwane-metro\/#primaryimage","url":"https:\/\/www.vfplus.org.za\/wp-content\/uploads\/2025\/05\/freedomfront_plus_VF-Plus-verwerp-konsepbegroting-van-Tshwane-metro.png","contentUrl":"https:\/\/www.vfplus.org.za\/wp-content\/uploads\/2025\/05\/freedomfront_plus_VF-Plus-verwerp-konsepbegroting-van-Tshwane-metro.png","width":1024,"height":768},{"@type":"BreadcrumbList","@id":"https:\/\/www.vfplus.org.za\/af\/mediaverklarings\/vf-plus-verwerp-konsepbegroting-van-tshwane-metro\/#breadcrumb","itemListElement":[{"@type":"ListItem","position":1,"name":"Tuis","item":"https:\/\/www.vfplus.org.za\/af\/"},{"@type":"ListItem","position":2,"name":"VF Plus verwerp konsepbegroting van Tshwane-metro"}]},{"@type":"WebSite","@id":"https:\/\/www.vfplus.org.za\/af\/#website","url":"https:\/\/www.vfplus.org.za\/af\/","name":"Freedom Front Plus","description":"Stand Up | Stand Together | Stand Strong","publisher":{"@id":"https:\/\/www.vfplus.org.za\/af\/#organization"},"potentialAction":[{"@type":"SearchAction","target":{"@type":"EntryPoint","urlTemplate":"https:\/\/www.vfplus.org.za\/af\/?s={search_term_string}"},"query-input":{"@type":"PropertyValueSpecification","valueRequired":true,"valueName":"search_term_string"}}],"inLanguage":"af-ZA"},{"@type":"Organization","@id":"https:\/\/www.vfplus.org.za\/af\/#organization","name":"Vryheidsfront Plus","alternateName":"VF Plus","url":"https:\/\/www.vfplus.org.za\/af\/","logo":{"@type":"ImageObject","inLanguage":"af-ZA","@id":"https:\/\/www.vfplus.org.za\/af\/#\/schema\/logo\/image\/","url":"https:\/\/www.vfplus.org.za\/wp-content\/uploads\/2022\/11\/vfplus-logo-01.png","contentUrl":"https:\/\/www.vfplus.org.za\/wp-content\/uploads\/2022\/11\/vfplus-logo-01.png","width":130,"height":130,"caption":"Vryheidsfront Plus"},"image":{"@id":"https:\/\/www.vfplus.org.za\/af\/#\/schema\/logo\/image\/"},"sameAs":["https:\/\/www.facebook.com\/VFplus?fref=ts","https:\/\/x.com\/VFplus","https:\/\/www.instagram.com\/vfplus_ffplus\/?hl=en","https:\/\/www.youtube.com\/user\/VRYHEIDSFRONTplus"]},{"@type":"Person","@id":"https:\/\/www.vfplus.org.za\/af\/#\/schema\/person\/2c3e703fc713d95efd7b7bf7b34646f4","name":"brand_candy_amy","image":{"@type":"ImageObject","inLanguage":"af-ZA","@id":"https:\/\/secure.gravatar.com\/avatar\/d295c22bd41c5cb61e8aa7fcafe90d2d2302363bc123897b40165ee0165d4f6b?s=96&d=mm&r=g45c99b902ec3fd12cf6977a6b6edf27a","url":"https:\/\/secure.gravatar.com\/avatar\/d295c22bd41c5cb61e8aa7fcafe90d2d2302363bc123897b40165ee0165d4f6b?s=96&d=mm&r=g","contentUrl":"https:\/\/secure.gravatar.com\/avatar\/d295c22bd41c5cb61e8aa7fcafe90d2d2302363bc123897b40165ee0165d4f6b?s=96&d=mm&r=g","caption":"brand_candy_amy"},"sameAs":["https:\/\/brandcandy.co.za"],"url":"https:\/\/www.vfplus.org.za\/af\/author\/brand_candy_amy\/"}]}},"authors":[{"term_id":312,"user_id":0,"is_guest":1,"slug":"grandi-theunissen","display_name":"Grandi Theunissen","avatar_url":{"url":"https:\/\/www.vfplus.org.za\/wp-content\/uploads\/2023\/08\/freedomfront-plus-author-grandi-theunissen-city-of-tswane.jpg-e1694694313835.png","url2x":"https:\/\/www.vfplus.org.za\/wp-content\/uploads\/2023\/08\/freedomfront-plus-author-grandi-theunissen-city-of-tswane.jpg-e1694694313835.png"},"author_category":"","user_url":"","last_name":"","first_name":"","job_title":"","description":""}],"_links":{"self":[{"href":"https:\/\/www.vfplus.org.za\/af\/wp-json\/wp\/v2\/posts\/80502","targetHints":{"allow":["GET"]}}],"collection":[{"href":"https:\/\/www.vfplus.org.za\/af\/wp-json\/wp\/v2\/posts"}],"about":[{"href":"https:\/\/www.vfplus.org.za\/af\/wp-json\/wp\/v2\/types\/post"}],"author":[{"embeddable":true,"href":"https:\/\/www.vfplus.org.za\/af\/wp-json\/wp\/v2\/users\/5"}],"replies":[{"embeddable":true,"href":"https:\/\/www.vfplus.org.za\/af\/wp-json\/wp\/v2\/comments?post=80502"}],"version-history":[{"count":1,"href":"https:\/\/www.vfplus.org.za\/af\/wp-json\/wp\/v2\/posts\/80502\/revisions"}],"predecessor-version":[{"id":80505,"href":"https:\/\/www.vfplus.org.za\/af\/wp-json\/wp\/v2\/posts\/80502\/revisions\/80505"}],"wp:featuredmedia":[{"embeddable":true,"href":"https:\/\/www.vfplus.org.za\/af\/wp-json\/wp\/v2\/media\/80503"}],"wp:attachment":[{"href":"https:\/\/www.vfplus.org.za\/af\/wp-json\/wp\/v2\/media?parent=80502"}],"wp:term":[{"taxonomy":"category","embeddable":true,"href":"https:\/\/www.vfplus.org.za\/af\/wp-json\/wp\/v2\/categories?post=80502"},{"taxonomy":"post_tag","embeddable":true,"href":"https:\/\/www.vfplus.org.za\/af\/wp-json\/wp\/v2\/tags?post=80502"},{"taxonomy":"author","embeddable":true,"href":"https:\/\/www.vfplus.org.za\/af\/wp-json\/wp\/v2\/ppma_author?post=80502"}],"curies":[{"name":"wp","href":"https:\/\/api.w.org\/{rel}","templated":true}]}}