{"id":80388,"date":"2025-05-22T10:24:00","date_gmt":"2025-05-22T08:24:00","guid":{"rendered":"https:\/\/www.vfplus.org.za\/?p=80388"},"modified":"2025-05-22T10:24:04","modified_gmt":"2025-05-22T08:24:04","slug":"trump-ontbloot-waarheid-oor-suid-afrika-en-anc-voor-die-wereld","status":"publish","type":"post","link":"https:\/\/www.vfplus.org.za\/af\/jongste-nuus\/trump-ontbloot-waarheid-oor-suid-afrika-en-anc-voor-die-wereld\/","title":{"rendered":"Trump ontbloot waarheid oor Suid-Afrika en ANC voor die w\u00eareld"},"content":{"rendered":"\n<p class=\"wp-block-paragraph\">Suid-Afrika is gisteraand voor die o\u00eb van die w\u00eareld as \u2018n land van geweld met \u2018n sukkelende ekonomie, inploffende infrastruktuur en algemene stagnering ontbloot.<\/p>\n\n\n\n<p class=\"wp-block-paragraph\">Dit was die resultaat van die gesprek tussen presidente Cyril Ramaphosa van Suid-Afrika en Donald Trump van Amerika, en dit was pynlik om te aanskou.<\/p>\n\n\n\n<p class=\"wp-block-paragraph\">Ek het \u2019n week gelede gewaarsku dat, in die lig van pres. Trump se uitsprake oor Suid-Afrika en die terugstuur van Suid-Afrika se ambassadeur, \u2019n oorhaastige ontmoeting tussen Ramaphosa en Trump voortydig is.<\/p>\n\n\n\n<p class=\"wp-block-paragraph\">Hierdie kon nie \u2019n gewone gesprek wees tussen leiers soos ander lande die afgelope tyd met Trump gehad het nie.<\/p>\n\n\n\n<p class=\"wp-block-paragraph\">In hierdie geval moes dit voorafgegaan gewees het met gesprekke op amptenaarsvlak en mindere politici ten einde eers te poog om \u2019n klimaat vir \u2019n sinvolle gesprek te skep. Pres. Ramaphosa het dit blykbaar nie nodig geag nie.<\/p>\n\n\n\n<p class=\"wp-block-paragraph\">N\u00e1 gisteraand weet die hele w\u00eareld dat Suid-Afrika \u2018n land is waar vryelik en gereeld gedreunsing word dat Afrikaners en boere vermoor moet word (\u201cKill the Boer, Kill the Farmer\u201d).<\/p>\n\n\n\n<p class=\"wp-block-paragraph\">Dat Suid-Afrika \u2018n land is waar Afrikaners en ander minderhede geboelie, afgeknou en deur rasgegronde wetgewing benadeel word.<\/p>\n\n\n\n<p class=\"wp-block-paragraph\">Waarom moes dit vir pres. Trump nodig wees om onder die fokus en spreiligte van die w\u00eareld te vra waarom Julius Malema nog nie in hegtenis geneem is vir sy aanhitsing tot moord nie?<\/p>\n\n\n\n<p class=\"wp-block-paragraph\">Waarom moes pres. Trump die president van Suid-Afrika Cyril Ramaphosa, eers in sy kantoor kry om s\u00f3 \u2018n flou uitspraak te kry dat Ramaphosa nie Malema se uitsprake steun nie?<\/p>\n\n\n\n<p class=\"wp-block-paragraph\">Almal in Suid-Afrika weet dat pres. Ramaphosa daaroor swyg en Malema nie teengaan of weerspreek nie. Almal in Suid-Afrika weet dat pres. Ramaphosa herhaaldelik steeds ontken dat daar iets soos plaasmoorde is.<\/p>\n\n\n\n<p class=\"wp-block-paragraph\">Verlede Dinsdag het pres. Ramaphosa Nampo besoek waar \u2018n gedenkmuur staan met die name van meer as \u2018n duisend boere wat wreed vermoor is wat hy verkies het om nie te besoek nie.<\/p>\n\n\n\n<p class=\"wp-block-paragraph\">Die uitreik van pres. Ramaphosa om ekonomies met Amerika saam te werk moet verwelkom word. Beleggings en kapitale investering om die Suid-Afrikaanse ekonomie van verdere stagnering te red, is noodsaaklik.<\/p>\n\n\n\n<p class=\"wp-block-paragraph\">Daar moet egter goed verstaan word dat daardie beleggings en kapitale investering nie gaan realiseer solank as wat pres. Ramaphosa en die ANC bly vasklou aan uitgediende, mislukte en rasgegronde ekonomiese beleide soos swart ekonomiese bemagtiging (SEB), regstellende aksie (RA) en onteiening van eiendom sonder vergoeding nie.<\/p>\n\n\n\n<p class=\"wp-block-paragraph\">Solank as wat hierdie beleide die grondslag van regeringsbeleid bly, sal die RNE nie daaraan slaag om die ekonomie te laat groei, of broodnodige werksgeleenthede te skep nie.<\/p>\n\n\n\n<p class=\"wp-block-paragraph\">Die VF Plus sal voortgaan om die belange van die Afrikaner en ander minderhede in Suid-Afrika \u00e9n in die buiteland te bevorder en te beskerm.<\/p>\n\n\n\n<p class=\"wp-block-paragraph\">Ons sal ook voortgaan om die nodige druk te plaas sodat die uitgediende rasgegronde ekonomiese beleide van die ANC wat op almal afgedruk word, be\u00ebindig en vervang word met ekonomiese beleide met \u2018n bewese suksesrekord regdeur die w\u00eareld.<\/p>\n\n\n\n<p class=\"wp-block-paragraph\">Pres. Ramaphosa het die boodskap hard en duidelik gekry oor wat fout is in Suid-Afrika. En van nou af sal die w\u00eareld fyn dophou of daar ag geslaan word op die waarskuwings.<\/p>\n","protected":false},"excerpt":{"rendered":"<p>Suid-Afrika is gisteraand voor die o\u00eb van die w\u00eareld as \u2018n land van geweld met \u2018n sukkelende ekonomie, inploffende infrastruktuur en algemene stagnering ontbloot. Dit was die resultaat van die gesprek tussen presidente Cyril Ramaphosa van Suid-Afrika en Donald Trump van Amerika, en dit was pynlik om te aanskou. Ek het \u2019n week gelede gewaarsku [&hellip;]<\/p>\n","protected":false},"author":9,"featured_media":80389,"comment_status":"closed","ping_status":"closed","sticky":false,"template":"","format":"standard","meta":{"_acf_changed":false,"_relevanssi_hide_post":"","_relevanssi_hide_content":"","_relevanssi_pin_for_all":"","_relevanssi_pin_keywords":"","_relevanssi_unpin_keywords":"","_relevanssi_related_keywords":"","_relevanssi_related_include_ids":"","_relevanssi_related_exclude_ids":"","_relevanssi_related_no_append":"","_relevanssi_related_not_related":"","_relevanssi_related_posts":"17719,60064,72452,57857,60509,62415","_relevanssi_noindex_reason":"","footnotes":""},"categories":[74,100],"tags":[],"ppma_author":[103],"class_list":["post-80388","post","type-post","status-publish","format-standard","has-post-thumbnail","hentry","category-jongste-nuus","category-mediaverklarings"],"acf":[],"yoast_head":"<!-- This site is optimized with the Yoast SEO plugin v28.3 - https:\/\/yoast.com\/product\/yoast-seo-wordpress\/ -->\n<title>Trump ontbloot waarheid oor Suid-Afrika en ANC voor die w\u00eareld | Vryheidsfront Plus<\/title>\n<meta name=\"description\" content=\"Suid-Afrika is gisteraand voor die o\u00eb van die w\u00eareld as \u2018n land van geweld met \u2018n sukkelende ekonomie, inploffende infrastruktuur en algemene stagnering\" \/>\n<meta name=\"robots\" content=\"index, follow, max-snippet:-1, max-image-preview:large, max-video-preview:-1\" \/>\n<link rel=\"canonical\" href=\"https:\/\/www.vfplus.org.za\/af\/jongste-nuus\/trump-ontbloot-waarheid-oor-suid-afrika-en-anc-voor-die-wereld\/\" \/>\n<meta property=\"og:locale\" content=\"af_ZA\" \/>\n<meta property=\"og:type\" content=\"article\" \/>\n<meta property=\"og:title\" content=\"Trump ontbloot waarheid oor Suid-Afrika en ANC voor die w\u00eareld | Vryheidsfront Plus\" \/>\n<meta property=\"og:description\" content=\"Suid-Afrika is gisteraand voor die o\u00eb van die w\u00eareld as \u2018n land van geweld met \u2018n sukkelende ekonomie, inploffende infrastruktuur en algemene stagnering\" \/>\n<meta property=\"og:url\" content=\"https:\/\/www.vfplus.org.za\/af\/jongste-nuus\/trump-ontbloot-waarheid-oor-suid-afrika-en-anc-voor-die-wereld\/\" \/>\n<meta property=\"og:site_name\" content=\"Vryheidsfront Plus\" \/>\n<meta property=\"article:publisher\" content=\"https:\/\/www.facebook.com\/VFplus?fref=ts\" \/>\n<meta property=\"article:published_time\" content=\"2025-05-22T08:24:00+00:00\" \/>\n<meta property=\"article:modified_time\" content=\"2025-05-22T08:24:04+00:00\" \/>\n<meta property=\"og:image\" content=\"https:\/\/www.vfplus.org.za\/wp-content\/uploads\/2025\/05\/freedomfront_plus_Trump-ontbloot-waarheid-oor-Suid-Afrika-en-ANC-voor-die-wereld.png\" \/>\n\t<meta property=\"og:image:width\" content=\"1024\" \/>\n\t<meta property=\"og:image:height\" content=\"768\" \/>\n\t<meta property=\"og:image:type\" content=\"image\/png\" \/>\n<meta name=\"author\" content=\"Dr Corne Mulder\" \/>\n<meta name=\"twitter:card\" content=\"summary_large_image\" \/>\n<meta name=\"twitter:creator\" content=\"@VFplus\" \/>\n<meta name=\"twitter:site\" content=\"@VFplus\" \/>\n<meta name=\"twitter:label1\" content=\"Written by\" \/>\n\t<meta name=\"twitter:data1\" content=\"Dr Corne Mulder\" \/>\n\t<meta name=\"twitter:label2\" content=\"Est. reading time\" \/>\n\t<meta name=\"twitter:data2\" content=\"4 minutes\" \/>\n<script type=\"application\/ld+json\" class=\"yoast-schema-graph\">{\"@context\":\"https:\\\/\\\/schema.org\",\"@graph\":[{\"@type\":\"Article\",\"@id\":\"https:\\\/\\\/www.vfplus.org.za\\\/af\\\/jongste-nuus\\\/trump-ontbloot-waarheid-oor-suid-afrika-en-anc-voor-die-wereld\\\/#article\",\"isPartOf\":{\"@id\":\"https:\\\/\\\/www.vfplus.org.za\\\/af\\\/jongste-nuus\\\/trump-ontbloot-waarheid-oor-suid-afrika-en-anc-voor-die-wereld\\\/\"},\"author\":{\"name\":\"Dr Corne Mulder\",\"@id\":\"https:\\\/\\\/www.vfplus.org.za\\\/af\\\/#\\\/schema\\\/person\\\/92ca089c5092477df7b9ff55838ddd14\"},\"headline\":\"Trump ontbloot waarheid oor Suid-Afrika en ANC voor die w\u00eareld\",\"datePublished\":\"2025-05-22T08:24:00+00:00\",\"dateModified\":\"2025-05-22T08:24:04+00:00\",\"mainEntityOfPage\":{\"@id\":\"https:\\\/\\\/www.vfplus.org.za\\\/af\\\/jongste-nuus\\\/trump-ontbloot-waarheid-oor-suid-afrika-en-anc-voor-die-wereld\\\/\"},\"wordCount\":534,\"publisher\":{\"@id\":\"https:\\\/\\\/www.vfplus.org.za\\\/af\\\/#organization\"},\"image\":{\"@id\":\"https:\\\/\\\/www.vfplus.org.za\\\/af\\\/jongste-nuus\\\/trump-ontbloot-waarheid-oor-suid-afrika-en-anc-voor-die-wereld\\\/#primaryimage\"},\"thumbnailUrl\":\"https:\\\/\\\/www.vfplus.org.za\\\/wp-content\\\/uploads\\\/2025\\\/05\\\/freedomfront_plus_Trump-ontbloot-waarheid-oor-Suid-Afrika-en-ANC-voor-die-wereld.png\",\"articleSection\":[\"Jongste nuus\",\"Mediaverklarings\"],\"inLanguage\":\"af-ZA\"},{\"@type\":\"WebPage\",\"@id\":\"https:\\\/\\\/www.vfplus.org.za\\\/af\\\/jongste-nuus\\\/trump-ontbloot-waarheid-oor-suid-afrika-en-anc-voor-die-wereld\\\/\",\"url\":\"https:\\\/\\\/www.vfplus.org.za\\\/af\\\/jongste-nuus\\\/trump-ontbloot-waarheid-oor-suid-afrika-en-anc-voor-die-wereld\\\/\",\"name\":\"Trump ontbloot waarheid oor Suid-Afrika en ANC voor die w\u00eareld | Vryheidsfront Plus\",\"isPartOf\":{\"@id\":\"https:\\\/\\\/www.vfplus.org.za\\\/af\\\/#website\"},\"primaryImageOfPage\":{\"@id\":\"https:\\\/\\\/www.vfplus.org.za\\\/af\\\/jongste-nuus\\\/trump-ontbloot-waarheid-oor-suid-afrika-en-anc-voor-die-wereld\\\/#primaryimage\"},\"image\":{\"@id\":\"https:\\\/\\\/www.vfplus.org.za\\\/af\\\/jongste-nuus\\\/trump-ontbloot-waarheid-oor-suid-afrika-en-anc-voor-die-wereld\\\/#primaryimage\"},\"thumbnailUrl\":\"https:\\\/\\\/www.vfplus.org.za\\\/wp-content\\\/uploads\\\/2025\\\/05\\\/freedomfront_plus_Trump-ontbloot-waarheid-oor-Suid-Afrika-en-ANC-voor-die-wereld.png\",\"datePublished\":\"2025-05-22T08:24:00+00:00\",\"dateModified\":\"2025-05-22T08:24:04+00:00\",\"description\":\"Suid-Afrika is gisteraand voor die o\u00eb van die w\u00eareld as \u2018n land van geweld met \u2018n sukkelende ekonomie, inploffende infrastruktuur en algemene stagnering\",\"breadcrumb\":{\"@id\":\"https:\\\/\\\/www.vfplus.org.za\\\/af\\\/jongste-nuus\\\/trump-ontbloot-waarheid-oor-suid-afrika-en-anc-voor-die-wereld\\\/#breadcrumb\"},\"inLanguage\":\"af-ZA\",\"potentialAction\":[{\"@type\":\"ReadAction\",\"target\":[\"https:\\\/\\\/www.vfplus.org.za\\\/af\\\/jongste-nuus\\\/trump-ontbloot-waarheid-oor-suid-afrika-en-anc-voor-die-wereld\\\/\"]}]},{\"@type\":\"ImageObject\",\"inLanguage\":\"af-ZA\",\"@id\":\"https:\\\/\\\/www.vfplus.org.za\\\/af\\\/jongste-nuus\\\/trump-ontbloot-waarheid-oor-suid-afrika-en-anc-voor-die-wereld\\\/#primaryimage\",\"url\":\"https:\\\/\\\/www.vfplus.org.za\\\/wp-content\\\/uploads\\\/2025\\\/05\\\/freedomfront_plus_Trump-ontbloot-waarheid-oor-Suid-Afrika-en-ANC-voor-die-wereld.png\",\"contentUrl\":\"https:\\\/\\\/www.vfplus.org.za\\\/wp-content\\\/uploads\\\/2025\\\/05\\\/freedomfront_plus_Trump-ontbloot-waarheid-oor-Suid-Afrika-en-ANC-voor-die-wereld.png\",\"width\":1024,\"height\":768},{\"@type\":\"BreadcrumbList\",\"@id\":\"https:\\\/\\\/www.vfplus.org.za\\\/af\\\/jongste-nuus\\\/trump-ontbloot-waarheid-oor-suid-afrika-en-anc-voor-die-wereld\\\/#breadcrumb\",\"itemListElement\":[{\"@type\":\"ListItem\",\"position\":1,\"name\":\"Tuis\",\"item\":\"https:\\\/\\\/www.vfplus.org.za\\\/af\\\/\"},{\"@type\":\"ListItem\",\"position\":2,\"name\":\"Trump ontbloot waarheid oor Suid-Afrika en ANC voor die w\u00eareld\"}]},{\"@type\":\"WebSite\",\"@id\":\"https:\\\/\\\/www.vfplus.org.za\\\/af\\\/#website\",\"url\":\"https:\\\/\\\/www.vfplus.org.za\\\/af\\\/\",\"name\":\"Freedom Front Plus\",\"description\":\"Stand Up | Stand Together | Stand Strong\",\"publisher\":{\"@id\":\"https:\\\/\\\/www.vfplus.org.za\\\/af\\\/#organization\"},\"potentialAction\":[{\"@type\":\"SearchAction\",\"target\":{\"@type\":\"EntryPoint\",\"urlTemplate\":\"https:\\\/\\\/www.vfplus.org.za\\\/af\\\/?s={search_term_string}\"},\"query-input\":{\"@type\":\"PropertyValueSpecification\",\"valueRequired\":true,\"valueName\":\"search_term_string\"}}],\"inLanguage\":\"af-ZA\"},{\"@type\":\"Organization\",\"@id\":\"https:\\\/\\\/www.vfplus.org.za\\\/af\\\/#organization\",\"name\":\"Vryheidsfront Plus\",\"alternateName\":\"VF Plus\",\"url\":\"https:\\\/\\\/www.vfplus.org.za\\\/af\\\/\",\"logo\":{\"@type\":\"ImageObject\",\"inLanguage\":\"af-ZA\",\"@id\":\"https:\\\/\\\/www.vfplus.org.za\\\/af\\\/#\\\/schema\\\/logo\\\/image\\\/\",\"url\":\"https:\\\/\\\/www.vfplus.org.za\\\/wp-content\\\/uploads\\\/2022\\\/11\\\/vfplus-logo-01.png\",\"contentUrl\":\"https:\\\/\\\/www.vfplus.org.za\\\/wp-content\\\/uploads\\\/2022\\\/11\\\/vfplus-logo-01.png\",\"width\":130,\"height\":130,\"caption\":\"Vryheidsfront Plus\"},\"image\":{\"@id\":\"https:\\\/\\\/www.vfplus.org.za\\\/af\\\/#\\\/schema\\\/logo\\\/image\\\/\"},\"sameAs\":[\"https:\\\/\\\/www.facebook.com\\\/VFplus?fref=ts\",\"https:\\\/\\\/x.com\\\/VFplus\",\"https:\\\/\\\/www.instagram.com\\\/vfplus_ffplus\\\/?hl=en\",\"https:\\\/\\\/www.youtube.com\\\/user\\\/VRYHEIDSFRONTplus\"]},{\"@type\":\"Person\",\"@id\":\"https:\\\/\\\/www.vfplus.org.za\\\/af\\\/#\\\/schema\\\/person\\\/92ca089c5092477df7b9ff55838ddd14\",\"name\":\"Dr Corne Mulder\",\"image\":{\"@type\":\"ImageObject\",\"inLanguage\":\"af-ZA\",\"@id\":\"https:\\\/\\\/www.vfplus.org.za\\\/wp-content\\\/uploads\\\/2023\\\/06\\\/freedomfront_plus_author_Dr_Corne_Mulder_01.jpg37c2efb20aab62e570cb53fac5e2635b\",\"url\":\"https:\\\/\\\/www.vfplus.org.za\\\/wp-content\\\/uploads\\\/2023\\\/06\\\/freedomfront_plus_author_Dr_Corne_Mulder_01.jpg\",\"contentUrl\":\"https:\\\/\\\/www.vfplus.org.za\\\/wp-content\\\/uploads\\\/2023\\\/06\\\/freedomfront_plus_author_Dr_Corne_Mulder_01.jpg\",\"caption\":\"Dr Corne Mulder\"},\"url\":\"https:\\\/\\\/www.vfplus.org.za\\\/af\\\/author\\\/dr-corne-mulder\\\/\"}]}<\/script>\n<!-- \/ Yoast SEO plugin. -->","yoast_head_json":{"title":"Trump ontbloot waarheid oor Suid-Afrika en ANC voor die w\u00eareld | Vryheidsfront Plus","description":"Suid-Afrika is gisteraand voor die o\u00eb van die w\u00eareld as \u2018n land van geweld met \u2018n sukkelende ekonomie, inploffende infrastruktuur en algemene stagnering","robots":{"index":"index","follow":"follow","max-snippet":"max-snippet:-1","max-image-preview":"max-image-preview:large","max-video-preview":"max-video-preview:-1"},"canonical":"https:\/\/www.vfplus.org.za\/af\/jongste-nuus\/trump-ontbloot-waarheid-oor-suid-afrika-en-anc-voor-die-wereld\/","og_locale":"af_ZA","og_type":"article","og_title":"Trump ontbloot waarheid oor Suid-Afrika en ANC voor die w\u00eareld | Vryheidsfront Plus","og_description":"Suid-Afrika is gisteraand voor die o\u00eb van die w\u00eareld as \u2018n land van geweld met \u2018n sukkelende ekonomie, inploffende infrastruktuur en algemene stagnering","og_url":"https:\/\/www.vfplus.org.za\/af\/jongste-nuus\/trump-ontbloot-waarheid-oor-suid-afrika-en-anc-voor-die-wereld\/","og_site_name":"Vryheidsfront Plus","article_publisher":"https:\/\/www.facebook.com\/VFplus?fref=ts","article_published_time":"2025-05-22T08:24:00+00:00","article_modified_time":"2025-05-22T08:24:04+00:00","og_image":[{"width":1024,"height":768,"url":"https:\/\/www.vfplus.org.za\/wp-content\/uploads\/2025\/05\/freedomfront_plus_Trump-ontbloot-waarheid-oor-Suid-Afrika-en-ANC-voor-die-wereld.png","type":"image\/png"}],"author":"Dr Corne Mulder","twitter_card":"summary_large_image","twitter_creator":"@VFplus","twitter_site":"@VFplus","twitter_misc":{"Written by":"Dr Corne Mulder","Est. reading time":"4 minutes"},"schema":{"@context":"https:\/\/schema.org","@graph":[{"@type":"Article","@id":"https:\/\/www.vfplus.org.za\/af\/jongste-nuus\/trump-ontbloot-waarheid-oor-suid-afrika-en-anc-voor-die-wereld\/#article","isPartOf":{"@id":"https:\/\/www.vfplus.org.za\/af\/jongste-nuus\/trump-ontbloot-waarheid-oor-suid-afrika-en-anc-voor-die-wereld\/"},"author":{"name":"Dr Corne Mulder","@id":"https:\/\/www.vfplus.org.za\/af\/#\/schema\/person\/92ca089c5092477df7b9ff55838ddd14"},"headline":"Trump ontbloot waarheid oor Suid-Afrika en ANC voor die w\u00eareld","datePublished":"2025-05-22T08:24:00+00:00","dateModified":"2025-05-22T08:24:04+00:00","mainEntityOfPage":{"@id":"https:\/\/www.vfplus.org.za\/af\/jongste-nuus\/trump-ontbloot-waarheid-oor-suid-afrika-en-anc-voor-die-wereld\/"},"wordCount":534,"publisher":{"@id":"https:\/\/www.vfplus.org.za\/af\/#organization"},"image":{"@id":"https:\/\/www.vfplus.org.za\/af\/jongste-nuus\/trump-ontbloot-waarheid-oor-suid-afrika-en-anc-voor-die-wereld\/#primaryimage"},"thumbnailUrl":"https:\/\/www.vfplus.org.za\/wp-content\/uploads\/2025\/05\/freedomfront_plus_Trump-ontbloot-waarheid-oor-Suid-Afrika-en-ANC-voor-die-wereld.png","articleSection":["Jongste nuus","Mediaverklarings"],"inLanguage":"af-ZA"},{"@type":"WebPage","@id":"https:\/\/www.vfplus.org.za\/af\/jongste-nuus\/trump-ontbloot-waarheid-oor-suid-afrika-en-anc-voor-die-wereld\/","url":"https:\/\/www.vfplus.org.za\/af\/jongste-nuus\/trump-ontbloot-waarheid-oor-suid-afrika-en-anc-voor-die-wereld\/","name":"Trump ontbloot waarheid oor Suid-Afrika en ANC voor die w\u00eareld | Vryheidsfront Plus","isPartOf":{"@id":"https:\/\/www.vfplus.org.za\/af\/#website"},"primaryImageOfPage":{"@id":"https:\/\/www.vfplus.org.za\/af\/jongste-nuus\/trump-ontbloot-waarheid-oor-suid-afrika-en-anc-voor-die-wereld\/#primaryimage"},"image":{"@id":"https:\/\/www.vfplus.org.za\/af\/jongste-nuus\/trump-ontbloot-waarheid-oor-suid-afrika-en-anc-voor-die-wereld\/#primaryimage"},"thumbnailUrl":"https:\/\/www.vfplus.org.za\/wp-content\/uploads\/2025\/05\/freedomfront_plus_Trump-ontbloot-waarheid-oor-Suid-Afrika-en-ANC-voor-die-wereld.png","datePublished":"2025-05-22T08:24:00+00:00","dateModified":"2025-05-22T08:24:04+00:00","description":"Suid-Afrika is gisteraand voor die o\u00eb van die w\u00eareld as \u2018n land van geweld met \u2018n sukkelende ekonomie, inploffende infrastruktuur en algemene stagnering","breadcrumb":{"@id":"https:\/\/www.vfplus.org.za\/af\/jongste-nuus\/trump-ontbloot-waarheid-oor-suid-afrika-en-anc-voor-die-wereld\/#breadcrumb"},"inLanguage":"af-ZA","potentialAction":[{"@type":"ReadAction","target":["https:\/\/www.vfplus.org.za\/af\/jongste-nuus\/trump-ontbloot-waarheid-oor-suid-afrika-en-anc-voor-die-wereld\/"]}]},{"@type":"ImageObject","inLanguage":"af-ZA","@id":"https:\/\/www.vfplus.org.za\/af\/jongste-nuus\/trump-ontbloot-waarheid-oor-suid-afrika-en-anc-voor-die-wereld\/#primaryimage","url":"https:\/\/www.vfplus.org.za\/wp-content\/uploads\/2025\/05\/freedomfront_plus_Trump-ontbloot-waarheid-oor-Suid-Afrika-en-ANC-voor-die-wereld.png","contentUrl":"https:\/\/www.vfplus.org.za\/wp-content\/uploads\/2025\/05\/freedomfront_plus_Trump-ontbloot-waarheid-oor-Suid-Afrika-en-ANC-voor-die-wereld.png","width":1024,"height":768},{"@type":"BreadcrumbList","@id":"https:\/\/www.vfplus.org.za\/af\/jongste-nuus\/trump-ontbloot-waarheid-oor-suid-afrika-en-anc-voor-die-wereld\/#breadcrumb","itemListElement":[{"@type":"ListItem","position":1,"name":"Tuis","item":"https:\/\/www.vfplus.org.za\/af\/"},{"@type":"ListItem","position":2,"name":"Trump ontbloot waarheid oor Suid-Afrika en ANC voor die w\u00eareld"}]},{"@type":"WebSite","@id":"https:\/\/www.vfplus.org.za\/af\/#website","url":"https:\/\/www.vfplus.org.za\/af\/","name":"Freedom Front Plus","description":"Stand Up | Stand Together | Stand Strong","publisher":{"@id":"https:\/\/www.vfplus.org.za\/af\/#organization"},"potentialAction":[{"@type":"SearchAction","target":{"@type":"EntryPoint","urlTemplate":"https:\/\/www.vfplus.org.za\/af\/?s={search_term_string}"},"query-input":{"@type":"PropertyValueSpecification","valueRequired":true,"valueName":"search_term_string"}}],"inLanguage":"af-ZA"},{"@type":"Organization","@id":"https:\/\/www.vfplus.org.za\/af\/#organization","name":"Vryheidsfront Plus","alternateName":"VF Plus","url":"https:\/\/www.vfplus.org.za\/af\/","logo":{"@type":"ImageObject","inLanguage":"af-ZA","@id":"https:\/\/www.vfplus.org.za\/af\/#\/schema\/logo\/image\/","url":"https:\/\/www.vfplus.org.za\/wp-content\/uploads\/2022\/11\/vfplus-logo-01.png","contentUrl":"https:\/\/www.vfplus.org.za\/wp-content\/uploads\/2022\/11\/vfplus-logo-01.png","width":130,"height":130,"caption":"Vryheidsfront Plus"},"image":{"@id":"https:\/\/www.vfplus.org.za\/af\/#\/schema\/logo\/image\/"},"sameAs":["https:\/\/www.facebook.com\/VFplus?fref=ts","https:\/\/x.com\/VFplus","https:\/\/www.instagram.com\/vfplus_ffplus\/?hl=en","https:\/\/www.youtube.com\/user\/VRYHEIDSFRONTplus"]},{"@type":"Person","@id":"https:\/\/www.vfplus.org.za\/af\/#\/schema\/person\/92ca089c5092477df7b9ff55838ddd14","name":"Dr Corne Mulder","image":{"@type":"ImageObject","inLanguage":"af-ZA","@id":"https:\/\/www.vfplus.org.za\/wp-content\/uploads\/2023\/06\/freedomfront_plus_author_Dr_Corne_Mulder_01.jpg37c2efb20aab62e570cb53fac5e2635b","url":"https:\/\/www.vfplus.org.za\/wp-content\/uploads\/2023\/06\/freedomfront_plus_author_Dr_Corne_Mulder_01.jpg","contentUrl":"https:\/\/www.vfplus.org.za\/wp-content\/uploads\/2023\/06\/freedomfront_plus_author_Dr_Corne_Mulder_01.jpg","caption":"Dr Corne Mulder"},"url":"https:\/\/www.vfplus.org.za\/af\/author\/dr-corne-mulder\/"}]}},"authors":[{"term_id":103,"user_id":9,"is_guest":0,"slug":"dr-corne-mulder","display_name":"Dr Corne Mulder","avatar_url":{"url":"https:\/\/www.vfplus.org.za\/wp-content\/uploads\/2023\/06\/freedomfront_plus_author_Dr_Corne_Mulder_01.jpg","url2x":"https:\/\/www.vfplus.org.za\/wp-content\/uploads\/2023\/06\/freedomfront_plus_author_Dr_Corne_Mulder_01.jpg"},"author_category":"","user_url":"","last_name":"","first_name":"Dr Corn\u00e9 Mulder","job_title":"","description":""}],"_links":{"self":[{"href":"https:\/\/www.vfplus.org.za\/af\/wp-json\/wp\/v2\/posts\/80388","targetHints":{"allow":["GET"]}}],"collection":[{"href":"https:\/\/www.vfplus.org.za\/af\/wp-json\/wp\/v2\/posts"}],"about":[{"href":"https:\/\/www.vfplus.org.za\/af\/wp-json\/wp\/v2\/types\/post"}],"author":[{"embeddable":true,"href":"https:\/\/www.vfplus.org.za\/af\/wp-json\/wp\/v2\/users\/9"}],"replies":[{"embeddable":true,"href":"https:\/\/www.vfplus.org.za\/af\/wp-json\/wp\/v2\/comments?post=80388"}],"version-history":[{"count":1,"href":"https:\/\/www.vfplus.org.za\/af\/wp-json\/wp\/v2\/posts\/80388\/revisions"}],"predecessor-version":[{"id":80391,"href":"https:\/\/www.vfplus.org.za\/af\/wp-json\/wp\/v2\/posts\/80388\/revisions\/80391"}],"wp:featuredmedia":[{"embeddable":true,"href":"https:\/\/www.vfplus.org.za\/af\/wp-json\/wp\/v2\/media\/80389"}],"wp:attachment":[{"href":"https:\/\/www.vfplus.org.za\/af\/wp-json\/wp\/v2\/media?parent=80388"}],"wp:term":[{"taxonomy":"category","embeddable":true,"href":"https:\/\/www.vfplus.org.za\/af\/wp-json\/wp\/v2\/categories?post=80388"},{"taxonomy":"post_tag","embeddable":true,"href":"https:\/\/www.vfplus.org.za\/af\/wp-json\/wp\/v2\/tags?post=80388"},{"taxonomy":"author","embeddable":true,"href":"https:\/\/www.vfplus.org.za\/af\/wp-json\/wp\/v2\/ppma_author?post=80388"}],"curies":[{"name":"wp","href":"https:\/\/api.w.org\/{rel}","templated":true}]}}