{"id":78850,"date":"2025-02-26T14:21:37","date_gmt":"2025-02-26T12:21:37","guid":{"rendered":"https:\/\/www.vfplus.org.za\/?p=78850"},"modified":"2025-02-26T14:21:54","modified_gmt":"2025-02-26T12:21:54","slug":"inwoners-van-mogale-city-kreun-onder-die-wet-van-transvaal","status":"publish","type":"post","link":"https:\/\/www.vfplus.org.za\/af\/mediaverklarings\/inwoners-van-mogale-city-kreun-onder-die-wet-van-transvaal\/","title":{"rendered":"Inwoners van Mogale City kreun onder die Wet van Transvaal"},"content":{"rendered":"\n<p class=\"wp-block-paragraph\">Die Wet van Transvaal geld deesdae op \u0149 vlak soos nog nooit van tevore nie vir die inwoners van die Mogale City-plaaslike munisipaliteit (Krugersdorp, Magaliesburg, Muldersdrift).<\/p>\n\n\n\n<p class=\"wp-block-paragraph\">Die aansuiweringsbegroting wat vandag tydens \u0149 spesiale raadsvergadering bespreek en goedgekeur is, maak onder meer voorsiening vir \u0149 bykomende R30 miljoen vir die huur van chemiese toilette vir informele nedersettings in die munisipaliteit.<\/p>\n\n\n\n<p class=\"wp-block-paragraph\">Dit bring die totale bedrag wat Mogale City in die huidige finansi\u00eble jaar bestee het op die huur van chemiese toilette, op R63 miljoen te staan.<\/p>\n\n\n\n<p class=\"wp-block-paragraph\">Die toilet-debat het soos te wagte in \u0149 moddergooiery ontaard.<\/p>\n\n\n\n<p class=\"wp-block-paragraph\">Die chemiese toilette is veronderstel om slegs \u0149 tydelike oplossing te wees terwyl mense in informele nedersettings op formele behuising wag.<\/p>\n\n\n\n<p class=\"wp-block-paragraph\">Ongelukkig word onwettige immigrante onder die ANC-beheerde raad toegelaat om onverpoos die munisipaliteit in te stroom om verder druk op reeds oorbelaste inwoners te plaas.<\/p>\n\n\n\n<p class=\"wp-block-paragraph\">Volgens die VF Plus gaan die praktyk om \u0149 pleister op \u0149 koe\u00eblwond te plak nog vir jare en dekades voortduur.<\/p>\n\n\n\n<p class=\"wp-block-paragraph\">En getroue belastingbetalers in Mogale City sal maar net moet aanhou opdok.<\/p>\n","protected":false},"excerpt":{"rendered":"<p>Die Wet van Transvaal geld deesdae op \u0149 vlak soos nog nooit van tevore nie vir die inwoners van die Mogale City-plaaslike munisipaliteit (Krugersdorp, Magaliesburg, Muldersdrift). Die aansuiweringsbegroting wat vandag tydens \u0149 spesiale raadsvergadering bespreek en goedgekeur is, maak onder meer voorsiening vir \u0149 bykomende R30 miljoen vir die huur van chemiese toilette vir informele [&hellip;]<\/p>\n","protected":false},"author":5,"featured_media":78851,"comment_status":"closed","ping_status":"closed","sticky":false,"template":"","format":"standard","meta":{"_acf_changed":false,"_relevanssi_hide_post":"","_relevanssi_hide_content":"","_relevanssi_pin_for_all":"","_relevanssi_pin_keywords":"","_relevanssi_unpin_keywords":"","_relevanssi_related_keywords":"","_relevanssi_related_include_ids":"","_relevanssi_related_exclude_ids":"","_relevanssi_related_no_append":"","_relevanssi_related_not_related":"","_relevanssi_related_posts":"59697,63474,72008,20276,59337,76877","_relevanssi_noindex_reason":"","footnotes":""},"categories":[100],"tags":[],"ppma_author":[168],"class_list":["post-78850","post","type-post","status-publish","format-standard","has-post-thumbnail","hentry","category-mediaverklarings"],"acf":[],"yoast_head":"<!-- This site is optimized with the Yoast SEO plugin v28.3 - https:\/\/yoast.com\/product\/yoast-seo-wordpress\/ -->\n<title>Inwoners van Mogale City kreun onder die Wet van Transvaal | Vryheidsfront Plus<\/title>\n<meta name=\"description\" content=\"Die Wet van Transvaal geld deesdae op \u0149 vlak soos nog nooit van tevore nie vir die inwoners van die Mogale City-plaaslike munisipaliteit (Krugersdorp,\" \/>\n<meta name=\"robots\" content=\"index, follow, max-snippet:-1, max-image-preview:large, max-video-preview:-1\" \/>\n<link rel=\"canonical\" href=\"https:\/\/www.vfplus.org.za\/af\/mediaverklarings\/inwoners-van-mogale-city-kreun-onder-die-wet-van-transvaal\/\" \/>\n<meta property=\"og:locale\" content=\"af_ZA\" \/>\n<meta property=\"og:type\" content=\"article\" \/>\n<meta property=\"og:title\" content=\"Inwoners van Mogale City kreun onder die Wet van Transvaal | Vryheidsfront Plus\" \/>\n<meta property=\"og:description\" content=\"Die Wet van Transvaal geld deesdae op \u0149 vlak soos nog nooit van tevore nie vir die inwoners van die Mogale City-plaaslike munisipaliteit (Krugersdorp,\" \/>\n<meta property=\"og:url\" content=\"https:\/\/www.vfplus.org.za\/af\/mediaverklarings\/inwoners-van-mogale-city-kreun-onder-die-wet-van-transvaal\/\" \/>\n<meta property=\"og:site_name\" content=\"Vryheidsfront Plus\" \/>\n<meta property=\"article:publisher\" content=\"https:\/\/www.facebook.com\/VFplus?fref=ts\" \/>\n<meta property=\"article:published_time\" content=\"2025-02-26T12:21:37+00:00\" \/>\n<meta property=\"article:modified_time\" content=\"2025-02-26T12:21:54+00:00\" \/>\n<meta property=\"og:image\" content=\"https:\/\/www.vfplus.org.za\/wp-content\/uploads\/2025\/02\/freedomfront_plus_Inwoners-van-Mogale-City-kreun-onder-die-Wet-van-Transvaal-.png\" \/>\n\t<meta property=\"og:image:width\" content=\"1024\" \/>\n\t<meta property=\"og:image:height\" content=\"768\" \/>\n\t<meta property=\"og:image:type\" content=\"image\/png\" \/>\n<meta name=\"author\" content=\"Danie Toerien\" \/>\n<meta name=\"twitter:card\" content=\"summary_large_image\" \/>\n<meta name=\"twitter:creator\" content=\"@VFplus\" \/>\n<meta name=\"twitter:site\" content=\"@VFplus\" \/>\n<meta name=\"twitter:label1\" content=\"Written by\" \/>\n\t<meta name=\"twitter:data1\" content=\"brand_candy_amy\" \/>\n\t<meta name=\"twitter:label2\" content=\"Est. reading time\" \/>\n\t<meta name=\"twitter:data2\" content=\"1 minute\" \/>\n<script type=\"application\/ld+json\" class=\"yoast-schema-graph\">{\"@context\":\"https:\\\/\\\/schema.org\",\"@graph\":[{\"@type\":\"Article\",\"@id\":\"https:\\\/\\\/www.vfplus.org.za\\\/af\\\/mediaverklarings\\\/inwoners-van-mogale-city-kreun-onder-die-wet-van-transvaal\\\/#article\",\"isPartOf\":{\"@id\":\"https:\\\/\\\/www.vfplus.org.za\\\/af\\\/mediaverklarings\\\/inwoners-van-mogale-city-kreun-onder-die-wet-van-transvaal\\\/\"},\"author\":{\"name\":\"brand_candy_amy\",\"@id\":\"https:\\\/\\\/www.vfplus.org.za\\\/af\\\/#\\\/schema\\\/person\\\/2c3e703fc713d95efd7b7bf7b34646f4\"},\"headline\":\"Inwoners van Mogale City kreun onder die Wet van Transvaal\",\"datePublished\":\"2025-02-26T12:21:37+00:00\",\"dateModified\":\"2025-02-26T12:21:54+00:00\",\"mainEntityOfPage\":{\"@id\":\"https:\\\/\\\/www.vfplus.org.za\\\/af\\\/mediaverklarings\\\/inwoners-van-mogale-city-kreun-onder-die-wet-van-transvaal\\\/\"},\"wordCount\":179,\"publisher\":{\"@id\":\"https:\\\/\\\/www.vfplus.org.za\\\/af\\\/#organization\"},\"image\":{\"@id\":\"https:\\\/\\\/www.vfplus.org.za\\\/af\\\/mediaverklarings\\\/inwoners-van-mogale-city-kreun-onder-die-wet-van-transvaal\\\/#primaryimage\"},\"thumbnailUrl\":\"https:\\\/\\\/www.vfplus.org.za\\\/wp-content\\\/uploads\\\/2025\\\/02\\\/freedomfront_plus_Inwoners-van-Mogale-City-kreun-onder-die-Wet-van-Transvaal-.png\",\"articleSection\":[\"Mediaverklarings\"],\"inLanguage\":\"af-ZA\"},{\"@type\":\"WebPage\",\"@id\":\"https:\\\/\\\/www.vfplus.org.za\\\/af\\\/mediaverklarings\\\/inwoners-van-mogale-city-kreun-onder-die-wet-van-transvaal\\\/\",\"url\":\"https:\\\/\\\/www.vfplus.org.za\\\/af\\\/mediaverklarings\\\/inwoners-van-mogale-city-kreun-onder-die-wet-van-transvaal\\\/\",\"name\":\"Inwoners van Mogale City kreun onder die Wet van Transvaal | Vryheidsfront Plus\",\"isPartOf\":{\"@id\":\"https:\\\/\\\/www.vfplus.org.za\\\/af\\\/#website\"},\"primaryImageOfPage\":{\"@id\":\"https:\\\/\\\/www.vfplus.org.za\\\/af\\\/mediaverklarings\\\/inwoners-van-mogale-city-kreun-onder-die-wet-van-transvaal\\\/#primaryimage\"},\"image\":{\"@id\":\"https:\\\/\\\/www.vfplus.org.za\\\/af\\\/mediaverklarings\\\/inwoners-van-mogale-city-kreun-onder-die-wet-van-transvaal\\\/#primaryimage\"},\"thumbnailUrl\":\"https:\\\/\\\/www.vfplus.org.za\\\/wp-content\\\/uploads\\\/2025\\\/02\\\/freedomfront_plus_Inwoners-van-Mogale-City-kreun-onder-die-Wet-van-Transvaal-.png\",\"datePublished\":\"2025-02-26T12:21:37+00:00\",\"dateModified\":\"2025-02-26T12:21:54+00:00\",\"description\":\"Die Wet van Transvaal geld deesdae op \u0149 vlak soos nog nooit van tevore nie vir die inwoners van die Mogale City-plaaslike munisipaliteit (Krugersdorp,\",\"breadcrumb\":{\"@id\":\"https:\\\/\\\/www.vfplus.org.za\\\/af\\\/mediaverklarings\\\/inwoners-van-mogale-city-kreun-onder-die-wet-van-transvaal\\\/#breadcrumb\"},\"inLanguage\":\"af-ZA\",\"potentialAction\":[{\"@type\":\"ReadAction\",\"target\":[\"https:\\\/\\\/www.vfplus.org.za\\\/af\\\/mediaverklarings\\\/inwoners-van-mogale-city-kreun-onder-die-wet-van-transvaal\\\/\"]}]},{\"@type\":\"ImageObject\",\"inLanguage\":\"af-ZA\",\"@id\":\"https:\\\/\\\/www.vfplus.org.za\\\/af\\\/mediaverklarings\\\/inwoners-van-mogale-city-kreun-onder-die-wet-van-transvaal\\\/#primaryimage\",\"url\":\"https:\\\/\\\/www.vfplus.org.za\\\/wp-content\\\/uploads\\\/2025\\\/02\\\/freedomfront_plus_Inwoners-van-Mogale-City-kreun-onder-die-Wet-van-Transvaal-.png\",\"contentUrl\":\"https:\\\/\\\/www.vfplus.org.za\\\/wp-content\\\/uploads\\\/2025\\\/02\\\/freedomfront_plus_Inwoners-van-Mogale-City-kreun-onder-die-Wet-van-Transvaal-.png\",\"width\":1024,\"height\":768},{\"@type\":\"BreadcrumbList\",\"@id\":\"https:\\\/\\\/www.vfplus.org.za\\\/af\\\/mediaverklarings\\\/inwoners-van-mogale-city-kreun-onder-die-wet-van-transvaal\\\/#breadcrumb\",\"itemListElement\":[{\"@type\":\"ListItem\",\"position\":1,\"name\":\"Tuis\",\"item\":\"https:\\\/\\\/www.vfplus.org.za\\\/af\\\/\"},{\"@type\":\"ListItem\",\"position\":2,\"name\":\"Inwoners van Mogale City kreun onder die Wet van Transvaal\"}]},{\"@type\":\"WebSite\",\"@id\":\"https:\\\/\\\/www.vfplus.org.za\\\/af\\\/#website\",\"url\":\"https:\\\/\\\/www.vfplus.org.za\\\/af\\\/\",\"name\":\"Freedom Front Plus\",\"description\":\"Stand Up | Stand Together | Stand Strong\",\"publisher\":{\"@id\":\"https:\\\/\\\/www.vfplus.org.za\\\/af\\\/#organization\"},\"potentialAction\":[{\"@type\":\"SearchAction\",\"target\":{\"@type\":\"EntryPoint\",\"urlTemplate\":\"https:\\\/\\\/www.vfplus.org.za\\\/af\\\/?s={search_term_string}\"},\"query-input\":{\"@type\":\"PropertyValueSpecification\",\"valueRequired\":true,\"valueName\":\"search_term_string\"}}],\"inLanguage\":\"af-ZA\"},{\"@type\":\"Organization\",\"@id\":\"https:\\\/\\\/www.vfplus.org.za\\\/af\\\/#organization\",\"name\":\"Vryheidsfront Plus\",\"alternateName\":\"VF Plus\",\"url\":\"https:\\\/\\\/www.vfplus.org.za\\\/af\\\/\",\"logo\":{\"@type\":\"ImageObject\",\"inLanguage\":\"af-ZA\",\"@id\":\"https:\\\/\\\/www.vfplus.org.za\\\/af\\\/#\\\/schema\\\/logo\\\/image\\\/\",\"url\":\"https:\\\/\\\/www.vfplus.org.za\\\/wp-content\\\/uploads\\\/2022\\\/11\\\/vfplus-logo-01.png\",\"contentUrl\":\"https:\\\/\\\/www.vfplus.org.za\\\/wp-content\\\/uploads\\\/2022\\\/11\\\/vfplus-logo-01.png\",\"width\":130,\"height\":130,\"caption\":\"Vryheidsfront Plus\"},\"image\":{\"@id\":\"https:\\\/\\\/www.vfplus.org.za\\\/af\\\/#\\\/schema\\\/logo\\\/image\\\/\"},\"sameAs\":[\"https:\\\/\\\/www.facebook.com\\\/VFplus?fref=ts\",\"https:\\\/\\\/x.com\\\/VFplus\",\"https:\\\/\\\/www.instagram.com\\\/vfplus_ffplus\\\/?hl=en\",\"https:\\\/\\\/www.youtube.com\\\/user\\\/VRYHEIDSFRONTplus\"]},{\"@type\":\"Person\",\"@id\":\"https:\\\/\\\/www.vfplus.org.za\\\/af\\\/#\\\/schema\\\/person\\\/2c3e703fc713d95efd7b7bf7b34646f4\",\"name\":\"brand_candy_amy\",\"image\":{\"@type\":\"ImageObject\",\"inLanguage\":\"af-ZA\",\"@id\":\"https:\\\/\\\/secure.gravatar.com\\\/avatar\\\/d295c22bd41c5cb61e8aa7fcafe90d2d2302363bc123897b40165ee0165d4f6b?s=96&d=mm&r=g45c99b902ec3fd12cf6977a6b6edf27a\",\"url\":\"https:\\\/\\\/secure.gravatar.com\\\/avatar\\\/d295c22bd41c5cb61e8aa7fcafe90d2d2302363bc123897b40165ee0165d4f6b?s=96&d=mm&r=g\",\"contentUrl\":\"https:\\\/\\\/secure.gravatar.com\\\/avatar\\\/d295c22bd41c5cb61e8aa7fcafe90d2d2302363bc123897b40165ee0165d4f6b?s=96&d=mm&r=g\",\"caption\":\"brand_candy_amy\"},\"sameAs\":[\"https:\\\/\\\/brandcandy.co.za\"],\"url\":\"https:\\\/\\\/www.vfplus.org.za\\\/af\\\/author\\\/brand_candy_amy\\\/\"}]}<\/script>\n<!-- \/ Yoast SEO plugin. -->","yoast_head_json":{"title":"Inwoners van Mogale City kreun onder die Wet van Transvaal | Vryheidsfront Plus","description":"Die Wet van Transvaal geld deesdae op \u0149 vlak soos nog nooit van tevore nie vir die inwoners van die Mogale City-plaaslike munisipaliteit (Krugersdorp,","robots":{"index":"index","follow":"follow","max-snippet":"max-snippet:-1","max-image-preview":"max-image-preview:large","max-video-preview":"max-video-preview:-1"},"canonical":"https:\/\/www.vfplus.org.za\/af\/mediaverklarings\/inwoners-van-mogale-city-kreun-onder-die-wet-van-transvaal\/","og_locale":"af_ZA","og_type":"article","og_title":"Inwoners van Mogale City kreun onder die Wet van Transvaal | Vryheidsfront Plus","og_description":"Die Wet van Transvaal geld deesdae op \u0149 vlak soos nog nooit van tevore nie vir die inwoners van die Mogale City-plaaslike munisipaliteit (Krugersdorp,","og_url":"https:\/\/www.vfplus.org.za\/af\/mediaverklarings\/inwoners-van-mogale-city-kreun-onder-die-wet-van-transvaal\/","og_site_name":"Vryheidsfront Plus","article_publisher":"https:\/\/www.facebook.com\/VFplus?fref=ts","article_published_time":"2025-02-26T12:21:37+00:00","article_modified_time":"2025-02-26T12:21:54+00:00","og_image":[{"width":1024,"height":768,"url":"https:\/\/www.vfplus.org.za\/wp-content\/uploads\/2025\/02\/freedomfront_plus_Inwoners-van-Mogale-City-kreun-onder-die-Wet-van-Transvaal-.png","type":"image\/png"}],"author":"Danie Toerien","twitter_card":"summary_large_image","twitter_creator":"@VFplus","twitter_site":"@VFplus","twitter_misc":{"Written by":"brand_candy_amy","Est. reading time":"1 minute"},"schema":{"@context":"https:\/\/schema.org","@graph":[{"@type":"Article","@id":"https:\/\/www.vfplus.org.za\/af\/mediaverklarings\/inwoners-van-mogale-city-kreun-onder-die-wet-van-transvaal\/#article","isPartOf":{"@id":"https:\/\/www.vfplus.org.za\/af\/mediaverklarings\/inwoners-van-mogale-city-kreun-onder-die-wet-van-transvaal\/"},"author":{"name":"brand_candy_amy","@id":"https:\/\/www.vfplus.org.za\/af\/#\/schema\/person\/2c3e703fc713d95efd7b7bf7b34646f4"},"headline":"Inwoners van Mogale City kreun onder die Wet van Transvaal","datePublished":"2025-02-26T12:21:37+00:00","dateModified":"2025-02-26T12:21:54+00:00","mainEntityOfPage":{"@id":"https:\/\/www.vfplus.org.za\/af\/mediaverklarings\/inwoners-van-mogale-city-kreun-onder-die-wet-van-transvaal\/"},"wordCount":179,"publisher":{"@id":"https:\/\/www.vfplus.org.za\/af\/#organization"},"image":{"@id":"https:\/\/www.vfplus.org.za\/af\/mediaverklarings\/inwoners-van-mogale-city-kreun-onder-die-wet-van-transvaal\/#primaryimage"},"thumbnailUrl":"https:\/\/www.vfplus.org.za\/wp-content\/uploads\/2025\/02\/freedomfront_plus_Inwoners-van-Mogale-City-kreun-onder-die-Wet-van-Transvaal-.png","articleSection":["Mediaverklarings"],"inLanguage":"af-ZA"},{"@type":"WebPage","@id":"https:\/\/www.vfplus.org.za\/af\/mediaverklarings\/inwoners-van-mogale-city-kreun-onder-die-wet-van-transvaal\/","url":"https:\/\/www.vfplus.org.za\/af\/mediaverklarings\/inwoners-van-mogale-city-kreun-onder-die-wet-van-transvaal\/","name":"Inwoners van Mogale City kreun onder die Wet van Transvaal | Vryheidsfront Plus","isPartOf":{"@id":"https:\/\/www.vfplus.org.za\/af\/#website"},"primaryImageOfPage":{"@id":"https:\/\/www.vfplus.org.za\/af\/mediaverklarings\/inwoners-van-mogale-city-kreun-onder-die-wet-van-transvaal\/#primaryimage"},"image":{"@id":"https:\/\/www.vfplus.org.za\/af\/mediaverklarings\/inwoners-van-mogale-city-kreun-onder-die-wet-van-transvaal\/#primaryimage"},"thumbnailUrl":"https:\/\/www.vfplus.org.za\/wp-content\/uploads\/2025\/02\/freedomfront_plus_Inwoners-van-Mogale-City-kreun-onder-die-Wet-van-Transvaal-.png","datePublished":"2025-02-26T12:21:37+00:00","dateModified":"2025-02-26T12:21:54+00:00","description":"Die Wet van Transvaal geld deesdae op \u0149 vlak soos nog nooit van tevore nie vir die inwoners van die Mogale City-plaaslike munisipaliteit (Krugersdorp,","breadcrumb":{"@id":"https:\/\/www.vfplus.org.za\/af\/mediaverklarings\/inwoners-van-mogale-city-kreun-onder-die-wet-van-transvaal\/#breadcrumb"},"inLanguage":"af-ZA","potentialAction":[{"@type":"ReadAction","target":["https:\/\/www.vfplus.org.za\/af\/mediaverklarings\/inwoners-van-mogale-city-kreun-onder-die-wet-van-transvaal\/"]}]},{"@type":"ImageObject","inLanguage":"af-ZA","@id":"https:\/\/www.vfplus.org.za\/af\/mediaverklarings\/inwoners-van-mogale-city-kreun-onder-die-wet-van-transvaal\/#primaryimage","url":"https:\/\/www.vfplus.org.za\/wp-content\/uploads\/2025\/02\/freedomfront_plus_Inwoners-van-Mogale-City-kreun-onder-die-Wet-van-Transvaal-.png","contentUrl":"https:\/\/www.vfplus.org.za\/wp-content\/uploads\/2025\/02\/freedomfront_plus_Inwoners-van-Mogale-City-kreun-onder-die-Wet-van-Transvaal-.png","width":1024,"height":768},{"@type":"BreadcrumbList","@id":"https:\/\/www.vfplus.org.za\/af\/mediaverklarings\/inwoners-van-mogale-city-kreun-onder-die-wet-van-transvaal\/#breadcrumb","itemListElement":[{"@type":"ListItem","position":1,"name":"Tuis","item":"https:\/\/www.vfplus.org.za\/af\/"},{"@type":"ListItem","position":2,"name":"Inwoners van Mogale City kreun onder die Wet van Transvaal"}]},{"@type":"WebSite","@id":"https:\/\/www.vfplus.org.za\/af\/#website","url":"https:\/\/www.vfplus.org.za\/af\/","name":"Freedom Front Plus","description":"Stand Up | Stand Together | Stand Strong","publisher":{"@id":"https:\/\/www.vfplus.org.za\/af\/#organization"},"potentialAction":[{"@type":"SearchAction","target":{"@type":"EntryPoint","urlTemplate":"https:\/\/www.vfplus.org.za\/af\/?s={search_term_string}"},"query-input":{"@type":"PropertyValueSpecification","valueRequired":true,"valueName":"search_term_string"}}],"inLanguage":"af-ZA"},{"@type":"Organization","@id":"https:\/\/www.vfplus.org.za\/af\/#organization","name":"Vryheidsfront Plus","alternateName":"VF Plus","url":"https:\/\/www.vfplus.org.za\/af\/","logo":{"@type":"ImageObject","inLanguage":"af-ZA","@id":"https:\/\/www.vfplus.org.za\/af\/#\/schema\/logo\/image\/","url":"https:\/\/www.vfplus.org.za\/wp-content\/uploads\/2022\/11\/vfplus-logo-01.png","contentUrl":"https:\/\/www.vfplus.org.za\/wp-content\/uploads\/2022\/11\/vfplus-logo-01.png","width":130,"height":130,"caption":"Vryheidsfront Plus"},"image":{"@id":"https:\/\/www.vfplus.org.za\/af\/#\/schema\/logo\/image\/"},"sameAs":["https:\/\/www.facebook.com\/VFplus?fref=ts","https:\/\/x.com\/VFplus","https:\/\/www.instagram.com\/vfplus_ffplus\/?hl=en","https:\/\/www.youtube.com\/user\/VRYHEIDSFRONTplus"]},{"@type":"Person","@id":"https:\/\/www.vfplus.org.za\/af\/#\/schema\/person\/2c3e703fc713d95efd7b7bf7b34646f4","name":"brand_candy_amy","image":{"@type":"ImageObject","inLanguage":"af-ZA","@id":"https:\/\/secure.gravatar.com\/avatar\/d295c22bd41c5cb61e8aa7fcafe90d2d2302363bc123897b40165ee0165d4f6b?s=96&d=mm&r=g45c99b902ec3fd12cf6977a6b6edf27a","url":"https:\/\/secure.gravatar.com\/avatar\/d295c22bd41c5cb61e8aa7fcafe90d2d2302363bc123897b40165ee0165d4f6b?s=96&d=mm&r=g","contentUrl":"https:\/\/secure.gravatar.com\/avatar\/d295c22bd41c5cb61e8aa7fcafe90d2d2302363bc123897b40165ee0165d4f6b?s=96&d=mm&r=g","caption":"brand_candy_amy"},"sameAs":["https:\/\/brandcandy.co.za"],"url":"https:\/\/www.vfplus.org.za\/af\/author\/brand_candy_amy\/"}]}},"authors":[{"term_id":168,"user_id":0,"is_guest":1,"slug":"danie-toerien","display_name":"Danie Toerien","avatar_url":{"url":"https:\/\/www.vfplus.org.za\/wp-content\/uploads\/2023\/08\/freedomfront-plus-author-danie-toerien-mogale-city.jpg-e1695033918839.png","url2x":"https:\/\/www.vfplus.org.za\/wp-content\/uploads\/2023\/08\/freedomfront-plus-author-danie-toerien-mogale-city.jpg-e1695033918839.png"},"author_category":"","user_url":"","last_name":"","first_name":"","job_title":"","description":""}],"_links":{"self":[{"href":"https:\/\/www.vfplus.org.za\/af\/wp-json\/wp\/v2\/posts\/78850","targetHints":{"allow":["GET"]}}],"collection":[{"href":"https:\/\/www.vfplus.org.za\/af\/wp-json\/wp\/v2\/posts"}],"about":[{"href":"https:\/\/www.vfplus.org.za\/af\/wp-json\/wp\/v2\/types\/post"}],"author":[{"embeddable":true,"href":"https:\/\/www.vfplus.org.za\/af\/wp-json\/wp\/v2\/users\/5"}],"replies":[{"embeddable":true,"href":"https:\/\/www.vfplus.org.za\/af\/wp-json\/wp\/v2\/comments?post=78850"}],"version-history":[{"count":1,"href":"https:\/\/www.vfplus.org.za\/af\/wp-json\/wp\/v2\/posts\/78850\/revisions"}],"predecessor-version":[{"id":78853,"href":"https:\/\/www.vfplus.org.za\/af\/wp-json\/wp\/v2\/posts\/78850\/revisions\/78853"}],"wp:featuredmedia":[{"embeddable":true,"href":"https:\/\/www.vfplus.org.za\/af\/wp-json\/wp\/v2\/media\/78851"}],"wp:attachment":[{"href":"https:\/\/www.vfplus.org.za\/af\/wp-json\/wp\/v2\/media?parent=78850"}],"wp:term":[{"taxonomy":"category","embeddable":true,"href":"https:\/\/www.vfplus.org.za\/af\/wp-json\/wp\/v2\/categories?post=78850"},{"taxonomy":"post_tag","embeddable":true,"href":"https:\/\/www.vfplus.org.za\/af\/wp-json\/wp\/v2\/tags?post=78850"},{"taxonomy":"author","embeddable":true,"href":"https:\/\/www.vfplus.org.za\/af\/wp-json\/wp\/v2\/ppma_author?post=78850"}],"curies":[{"name":"wp","href":"https:\/\/api.w.org\/{rel}","templated":true}]}}