{"id":77453,"date":"2024-10-15T14:21:54","date_gmt":"2024-10-15T12:21:54","guid":{"rendered":"https:\/\/www.vfplus.org.za\/?p=77453"},"modified":"2024-10-16T09:50:30","modified_gmt":"2024-10-16T07:50:30","slug":"met-regte-ingesteldheid-en-toewyding-kan-suid-afrika-werk","status":"publish","type":"post","link":"https:\/\/www.vfplus.org.za\/af\/jongste-nuus\/met-regte-ingesteldheid-en-toewyding-kan-suid-afrika-werk\/","title":{"rendered":"Met regte ingesteldheid en toewyding k\u00e1n Suid-Afrika werk"},"content":{"rendered":"\n<p class=\"wp-block-paragraph\">Met die regte ingesteldheid en toewyding k\u00e1n Suid-Afrika weer werk tot voordeel van al sy inwoners.<\/p>\n\n\n\n<p class=\"wp-block-paragraph\">Dr. Pieter Groenewald, leier van die VF Plus, het in sy hoedanigheid as minister van korrektiewe dienste gewys dit k\u00e1n gedoen word deur die totale agterstand in paroolaansoeke by die departement van korrektiewe dienste binne \u0149 raps meer as sy eerste honderd dae in di\u00e9 pos uit te wis.<\/p>\n\n\n\n<p class=\"wp-block-paragraph\">Die VF Plus verwelkom hierdie voorbeeld wat sy leier aan kollegas in die regering van nasionale eenheid (RNE) stel.<\/p>\n\n\n\n<p class=\"wp-block-paragraph\">Dit is gewis navolgenswaardig en wys dat bekwame persone in die RNE wel die land op die regte koers kan plaas. Dit is reeds besig om te gebeur.<\/p>\n\n\n\n<p class=\"wp-block-paragraph\">Dr. Groenewald het nie net &#8216;n agterstand van bykans 500 aansoeke wat van die vorige termyn aan hom oorgedra is afgehandel nie, maar het ook alle nuwe aansoeke teen &#8216;n spertyd wat hy self vasgestel het, afgehandel.<\/p>\n\n\n\n<p class=\"wp-block-paragraph\">Dit alles binne minder as vier maande in die amp.<\/p>\n\n\n\n<p class=\"wp-block-paragraph\">Suid-Afrikaners het oor die laaste dertig jaar onder \u0149 ANC-regering met matelose frustrasie gewoond begin raak aan wanfunksionele regeringsdepartemente wat nie by vasgestelde tydlyne hou nie.<\/p>\n\n\n\n<p class=\"wp-block-paragraph\">Wat hier vermag is, dien as bewys hoe goed &#8216;n regering kan funksioneer met bevoegde, eerlike en hardwerkende leiers wat hulself omring met bevoegde en opgeleide personeellede.<\/p>\n","protected":false},"excerpt":{"rendered":"<p>Met die regte ingesteldheid en toewyding k\u00e1n Suid-Afrika weer werk tot voordeel van al sy inwoners. Dr. Pieter Groenewald, leier van die VF Plus, het in sy hoedanigheid as minister van korrektiewe dienste gewys dit k\u00e1n gedoen word deur die totale agterstand in paroolaansoeke by die departement van korrektiewe dienste binne \u0149 raps meer as [&hellip;]<\/p>\n","protected":false},"author":5,"featured_media":77477,"comment_status":"closed","ping_status":"closed","sticky":false,"template":"","format":"standard","meta":{"_acf_changed":false,"_relevanssi_hide_post":"","_relevanssi_hide_content":"","_relevanssi_pin_for_all":"","_relevanssi_pin_keywords":"","_relevanssi_unpin_keywords":"","_relevanssi_related_keywords":"","_relevanssi_related_include_ids":"","_relevanssi_related_exclude_ids":"","_relevanssi_related_no_append":"","_relevanssi_related_not_related":"","_relevanssi_related_posts":"62047,77401,22973,59644,60031,67591","_relevanssi_noindex_reason":"","footnotes":""},"categories":[74,100],"tags":[],"ppma_author":[305,110],"class_list":["post-77453","post","type-post","status-publish","format-standard","has-post-thumbnail","hentry","category-jongste-nuus","category-mediaverklarings"],"acf":[],"yoast_head":"<!-- This site is optimized with the Yoast SEO plugin v28.3 - https:\/\/yoast.com\/product\/yoast-seo-wordpress\/ -->\n<title>Met regte ingesteldheid en toewyding k\u00e1n Suid-Afrika werk | Vryheidsfront Plus<\/title>\n<meta name=\"description\" content=\"Met die regte ingesteldheid en toewyding k\u00e1n Suid-Afrika weer werk tot voordeel van al sy inwoners. Dr. Pieter Groenewald, leier van die VF Plus, het in\" \/>\n<meta name=\"robots\" content=\"index, follow, max-snippet:-1, max-image-preview:large, max-video-preview:-1\" \/>\n<link rel=\"canonical\" href=\"https:\/\/www.vfplus.org.za\/af\/jongste-nuus\/met-regte-ingesteldheid-en-toewyding-kan-suid-afrika-werk\/\" \/>\n<meta property=\"og:locale\" content=\"af_ZA\" \/>\n<meta property=\"og:type\" content=\"article\" \/>\n<meta property=\"og:title\" content=\"Met regte ingesteldheid en toewyding k\u00e1n Suid-Afrika werk | Vryheidsfront Plus\" \/>\n<meta property=\"og:description\" content=\"Met die regte ingesteldheid en toewyding k\u00e1n Suid-Afrika weer werk tot voordeel van al sy inwoners. Dr. Pieter Groenewald, leier van die VF Plus, het in\" \/>\n<meta property=\"og:url\" content=\"https:\/\/www.vfplus.org.za\/af\/jongste-nuus\/met-regte-ingesteldheid-en-toewyding-kan-suid-afrika-werk\/\" \/>\n<meta property=\"og:site_name\" content=\"Vryheidsfront Plus\" \/>\n<meta property=\"article:publisher\" content=\"https:\/\/www.facebook.com\/VFplus?fref=ts\" \/>\n<meta property=\"article:published_time\" content=\"2024-10-15T12:21:54+00:00\" \/>\n<meta property=\"article:modified_time\" content=\"2024-10-16T07:50:30+00:00\" \/>\n<meta property=\"og:image\" content=\"https:\/\/www.vfplus.org.za\/wp-content\/uploads\/2024\/10\/PG-tronk-1.jpg\" \/>\n\t<meta property=\"og:image:width\" content=\"194\" \/>\n\t<meta property=\"og:image:height\" content=\"130\" \/>\n\t<meta property=\"og:image:type\" content=\"image\/jpeg\" \/>\n<meta name=\"author\" content=\"Helo\u00efse Denner, Ms Helo\u00efse Denner\" \/>\n<meta name=\"twitter:card\" content=\"summary_large_image\" \/>\n<meta name=\"twitter:creator\" content=\"@VFplus\" \/>\n<meta name=\"twitter:site\" content=\"@VFplus\" \/>\n<meta name=\"twitter:label1\" content=\"Written by\" \/>\n\t<meta name=\"twitter:data1\" content=\"brand_candy_amy\" \/>\n\t<meta name=\"twitter:label2\" content=\"Est. reading time\" \/>\n\t<meta name=\"twitter:data2\" content=\"2 minutes\" \/>\n<script type=\"application\/ld+json\" class=\"yoast-schema-graph\">{\"@context\":\"https:\\\/\\\/schema.org\",\"@graph\":[{\"@type\":\"Article\",\"@id\":\"https:\\\/\\\/www.vfplus.org.za\\\/af\\\/jongste-nuus\\\/met-regte-ingesteldheid-en-toewyding-kan-suid-afrika-werk\\\/#article\",\"isPartOf\":{\"@id\":\"https:\\\/\\\/www.vfplus.org.za\\\/af\\\/jongste-nuus\\\/met-regte-ingesteldheid-en-toewyding-kan-suid-afrika-werk\\\/\"},\"author\":{\"name\":\"brand_candy_amy\",\"@id\":\"https:\\\/\\\/www.vfplus.org.za\\\/af\\\/#\\\/schema\\\/person\\\/2c3e703fc713d95efd7b7bf7b34646f4\"},\"headline\":\"Met regte ingesteldheid en toewyding k\u00e1n Suid-Afrika werk\",\"datePublished\":\"2024-10-15T12:21:54+00:00\",\"dateModified\":\"2024-10-16T07:50:30+00:00\",\"mainEntityOfPage\":{\"@id\":\"https:\\\/\\\/www.vfplus.org.za\\\/af\\\/jongste-nuus\\\/met-regte-ingesteldheid-en-toewyding-kan-suid-afrika-werk\\\/\"},\"wordCount\":220,\"publisher\":{\"@id\":\"https:\\\/\\\/www.vfplus.org.za\\\/af\\\/#organization\"},\"image\":{\"@id\":\"https:\\\/\\\/www.vfplus.org.za\\\/af\\\/jongste-nuus\\\/met-regte-ingesteldheid-en-toewyding-kan-suid-afrika-werk\\\/#primaryimage\"},\"thumbnailUrl\":\"https:\\\/\\\/www.vfplus.org.za\\\/wp-content\\\/uploads\\\/2024\\\/10\\\/freedomfront_plus_Met-regte-ingesteldheid-en-toewyding-kan-Suid-Afrika-werk.png\",\"articleSection\":[\"Jongste nuus\",\"Mediaverklarings\"],\"inLanguage\":\"af-ZA\"},{\"@type\":\"WebPage\",\"@id\":\"https:\\\/\\\/www.vfplus.org.za\\\/af\\\/jongste-nuus\\\/met-regte-ingesteldheid-en-toewyding-kan-suid-afrika-werk\\\/\",\"url\":\"https:\\\/\\\/www.vfplus.org.za\\\/af\\\/jongste-nuus\\\/met-regte-ingesteldheid-en-toewyding-kan-suid-afrika-werk\\\/\",\"name\":\"Met regte ingesteldheid en toewyding k\u00e1n Suid-Afrika werk | Vryheidsfront Plus\",\"isPartOf\":{\"@id\":\"https:\\\/\\\/www.vfplus.org.za\\\/af\\\/#website\"},\"primaryImageOfPage\":{\"@id\":\"https:\\\/\\\/www.vfplus.org.za\\\/af\\\/jongste-nuus\\\/met-regte-ingesteldheid-en-toewyding-kan-suid-afrika-werk\\\/#primaryimage\"},\"image\":{\"@id\":\"https:\\\/\\\/www.vfplus.org.za\\\/af\\\/jongste-nuus\\\/met-regte-ingesteldheid-en-toewyding-kan-suid-afrika-werk\\\/#primaryimage\"},\"thumbnailUrl\":\"https:\\\/\\\/www.vfplus.org.za\\\/wp-content\\\/uploads\\\/2024\\\/10\\\/freedomfront_plus_Met-regte-ingesteldheid-en-toewyding-kan-Suid-Afrika-werk.png\",\"datePublished\":\"2024-10-15T12:21:54+00:00\",\"dateModified\":\"2024-10-16T07:50:30+00:00\",\"description\":\"Met die regte ingesteldheid en toewyding k\u00e1n Suid-Afrika weer werk tot voordeel van al sy inwoners. Dr. Pieter Groenewald, leier van die VF Plus, het in\",\"breadcrumb\":{\"@id\":\"https:\\\/\\\/www.vfplus.org.za\\\/af\\\/jongste-nuus\\\/met-regte-ingesteldheid-en-toewyding-kan-suid-afrika-werk\\\/#breadcrumb\"},\"inLanguage\":\"af-ZA\",\"potentialAction\":[{\"@type\":\"ReadAction\",\"target\":[\"https:\\\/\\\/www.vfplus.org.za\\\/af\\\/jongste-nuus\\\/met-regte-ingesteldheid-en-toewyding-kan-suid-afrika-werk\\\/\"]}]},{\"@type\":\"ImageObject\",\"inLanguage\":\"af-ZA\",\"@id\":\"https:\\\/\\\/www.vfplus.org.za\\\/af\\\/jongste-nuus\\\/met-regte-ingesteldheid-en-toewyding-kan-suid-afrika-werk\\\/#primaryimage\",\"url\":\"https:\\\/\\\/www.vfplus.org.za\\\/wp-content\\\/uploads\\\/2024\\\/10\\\/freedomfront_plus_Met-regte-ingesteldheid-en-toewyding-kan-Suid-Afrika-werk.png\",\"contentUrl\":\"https:\\\/\\\/www.vfplus.org.za\\\/wp-content\\\/uploads\\\/2024\\\/10\\\/freedomfront_plus_Met-regte-ingesteldheid-en-toewyding-kan-Suid-Afrika-werk.png\",\"width\":1024,\"height\":768},{\"@type\":\"BreadcrumbList\",\"@id\":\"https:\\\/\\\/www.vfplus.org.za\\\/af\\\/jongste-nuus\\\/met-regte-ingesteldheid-en-toewyding-kan-suid-afrika-werk\\\/#breadcrumb\",\"itemListElement\":[{\"@type\":\"ListItem\",\"position\":1,\"name\":\"Tuis\",\"item\":\"https:\\\/\\\/www.vfplus.org.za\\\/af\\\/\"},{\"@type\":\"ListItem\",\"position\":2,\"name\":\"Met regte ingesteldheid en toewyding k\u00e1n Suid-Afrika werk\"}]},{\"@type\":\"WebSite\",\"@id\":\"https:\\\/\\\/www.vfplus.org.za\\\/af\\\/#website\",\"url\":\"https:\\\/\\\/www.vfplus.org.za\\\/af\\\/\",\"name\":\"Freedom Front Plus\",\"description\":\"Stand Up | Stand Together | Stand Strong\",\"publisher\":{\"@id\":\"https:\\\/\\\/www.vfplus.org.za\\\/af\\\/#organization\"},\"potentialAction\":[{\"@type\":\"SearchAction\",\"target\":{\"@type\":\"EntryPoint\",\"urlTemplate\":\"https:\\\/\\\/www.vfplus.org.za\\\/af\\\/?s={search_term_string}\"},\"query-input\":{\"@type\":\"PropertyValueSpecification\",\"valueRequired\":true,\"valueName\":\"search_term_string\"}}],\"inLanguage\":\"af-ZA\"},{\"@type\":\"Organization\",\"@id\":\"https:\\\/\\\/www.vfplus.org.za\\\/af\\\/#organization\",\"name\":\"Vryheidsfront Plus\",\"alternateName\":\"VF Plus\",\"url\":\"https:\\\/\\\/www.vfplus.org.za\\\/af\\\/\",\"logo\":{\"@type\":\"ImageObject\",\"inLanguage\":\"af-ZA\",\"@id\":\"https:\\\/\\\/www.vfplus.org.za\\\/af\\\/#\\\/schema\\\/logo\\\/image\\\/\",\"url\":\"https:\\\/\\\/www.vfplus.org.za\\\/wp-content\\\/uploads\\\/2022\\\/11\\\/vfplus-logo-01.png\",\"contentUrl\":\"https:\\\/\\\/www.vfplus.org.za\\\/wp-content\\\/uploads\\\/2022\\\/11\\\/vfplus-logo-01.png\",\"width\":130,\"height\":130,\"caption\":\"Vryheidsfront Plus\"},\"image\":{\"@id\":\"https:\\\/\\\/www.vfplus.org.za\\\/af\\\/#\\\/schema\\\/logo\\\/image\\\/\"},\"sameAs\":[\"https:\\\/\\\/www.facebook.com\\\/VFplus?fref=ts\",\"https:\\\/\\\/x.com\\\/VFplus\",\"https:\\\/\\\/www.instagram.com\\\/vfplus_ffplus\\\/?hl=en\",\"https:\\\/\\\/www.youtube.com\\\/user\\\/VRYHEIDSFRONTplus\"]},{\"@type\":\"Person\",\"@id\":\"https:\\\/\\\/www.vfplus.org.za\\\/af\\\/#\\\/schema\\\/person\\\/2c3e703fc713d95efd7b7bf7b34646f4\",\"name\":\"brand_candy_amy\",\"image\":{\"@type\":\"ImageObject\",\"inLanguage\":\"af-ZA\",\"@id\":\"https:\\\/\\\/secure.gravatar.com\\\/avatar\\\/d295c22bd41c5cb61e8aa7fcafe90d2d2302363bc123897b40165ee0165d4f6b?s=96&d=mm&r=g45c99b902ec3fd12cf6977a6b6edf27a\",\"url\":\"https:\\\/\\\/secure.gravatar.com\\\/avatar\\\/d295c22bd41c5cb61e8aa7fcafe90d2d2302363bc123897b40165ee0165d4f6b?s=96&d=mm&r=g\",\"contentUrl\":\"https:\\\/\\\/secure.gravatar.com\\\/avatar\\\/d295c22bd41c5cb61e8aa7fcafe90d2d2302363bc123897b40165ee0165d4f6b?s=96&d=mm&r=g\",\"caption\":\"brand_candy_amy\"},\"sameAs\":[\"https:\\\/\\\/brandcandy.co.za\"],\"url\":\"https:\\\/\\\/www.vfplus.org.za\\\/af\\\/author\\\/brand_candy_amy\\\/\"}]}<\/script>\n<!-- \/ Yoast SEO plugin. -->","yoast_head_json":{"title":"Met regte ingesteldheid en toewyding k\u00e1n Suid-Afrika werk | Vryheidsfront Plus","description":"Met die regte ingesteldheid en toewyding k\u00e1n Suid-Afrika weer werk tot voordeel van al sy inwoners. Dr. Pieter Groenewald, leier van die VF Plus, het in","robots":{"index":"index","follow":"follow","max-snippet":"max-snippet:-1","max-image-preview":"max-image-preview:large","max-video-preview":"max-video-preview:-1"},"canonical":"https:\/\/www.vfplus.org.za\/af\/jongste-nuus\/met-regte-ingesteldheid-en-toewyding-kan-suid-afrika-werk\/","og_locale":"af_ZA","og_type":"article","og_title":"Met regte ingesteldheid en toewyding k\u00e1n Suid-Afrika werk | Vryheidsfront Plus","og_description":"Met die regte ingesteldheid en toewyding k\u00e1n Suid-Afrika weer werk tot voordeel van al sy inwoners. Dr. Pieter Groenewald, leier van die VF Plus, het in","og_url":"https:\/\/www.vfplus.org.za\/af\/jongste-nuus\/met-regte-ingesteldheid-en-toewyding-kan-suid-afrika-werk\/","og_site_name":"Vryheidsfront Plus","article_publisher":"https:\/\/www.facebook.com\/VFplus?fref=ts","article_published_time":"2024-10-15T12:21:54+00:00","article_modified_time":"2024-10-16T07:50:30+00:00","og_image":[{"width":194,"height":130,"url":"https:\/\/www.vfplus.org.za\/wp-content\/uploads\/2024\/10\/PG-tronk-1.jpg","type":"image\/jpeg"}],"author":"Helo\u00efse Denner, Ms Helo\u00efse Denner","twitter_card":"summary_large_image","twitter_creator":"@VFplus","twitter_site":"@VFplus","twitter_misc":{"Written by":"brand_candy_amy","Est. reading time":"2 minutes"},"schema":{"@context":"https:\/\/schema.org","@graph":[{"@type":"Article","@id":"https:\/\/www.vfplus.org.za\/af\/jongste-nuus\/met-regte-ingesteldheid-en-toewyding-kan-suid-afrika-werk\/#article","isPartOf":{"@id":"https:\/\/www.vfplus.org.za\/af\/jongste-nuus\/met-regte-ingesteldheid-en-toewyding-kan-suid-afrika-werk\/"},"author":{"name":"brand_candy_amy","@id":"https:\/\/www.vfplus.org.za\/af\/#\/schema\/person\/2c3e703fc713d95efd7b7bf7b34646f4"},"headline":"Met regte ingesteldheid en toewyding k\u00e1n Suid-Afrika werk","datePublished":"2024-10-15T12:21:54+00:00","dateModified":"2024-10-16T07:50:30+00:00","mainEntityOfPage":{"@id":"https:\/\/www.vfplus.org.za\/af\/jongste-nuus\/met-regte-ingesteldheid-en-toewyding-kan-suid-afrika-werk\/"},"wordCount":220,"publisher":{"@id":"https:\/\/www.vfplus.org.za\/af\/#organization"},"image":{"@id":"https:\/\/www.vfplus.org.za\/af\/jongste-nuus\/met-regte-ingesteldheid-en-toewyding-kan-suid-afrika-werk\/#primaryimage"},"thumbnailUrl":"https:\/\/www.vfplus.org.za\/wp-content\/uploads\/2024\/10\/freedomfront_plus_Met-regte-ingesteldheid-en-toewyding-kan-Suid-Afrika-werk.png","articleSection":["Jongste nuus","Mediaverklarings"],"inLanguage":"af-ZA"},{"@type":"WebPage","@id":"https:\/\/www.vfplus.org.za\/af\/jongste-nuus\/met-regte-ingesteldheid-en-toewyding-kan-suid-afrika-werk\/","url":"https:\/\/www.vfplus.org.za\/af\/jongste-nuus\/met-regte-ingesteldheid-en-toewyding-kan-suid-afrika-werk\/","name":"Met regte ingesteldheid en toewyding k\u00e1n Suid-Afrika werk | Vryheidsfront Plus","isPartOf":{"@id":"https:\/\/www.vfplus.org.za\/af\/#website"},"primaryImageOfPage":{"@id":"https:\/\/www.vfplus.org.za\/af\/jongste-nuus\/met-regte-ingesteldheid-en-toewyding-kan-suid-afrika-werk\/#primaryimage"},"image":{"@id":"https:\/\/www.vfplus.org.za\/af\/jongste-nuus\/met-regte-ingesteldheid-en-toewyding-kan-suid-afrika-werk\/#primaryimage"},"thumbnailUrl":"https:\/\/www.vfplus.org.za\/wp-content\/uploads\/2024\/10\/freedomfront_plus_Met-regte-ingesteldheid-en-toewyding-kan-Suid-Afrika-werk.png","datePublished":"2024-10-15T12:21:54+00:00","dateModified":"2024-10-16T07:50:30+00:00","description":"Met die regte ingesteldheid en toewyding k\u00e1n Suid-Afrika weer werk tot voordeel van al sy inwoners. Dr. Pieter Groenewald, leier van die VF Plus, het in","breadcrumb":{"@id":"https:\/\/www.vfplus.org.za\/af\/jongste-nuus\/met-regte-ingesteldheid-en-toewyding-kan-suid-afrika-werk\/#breadcrumb"},"inLanguage":"af-ZA","potentialAction":[{"@type":"ReadAction","target":["https:\/\/www.vfplus.org.za\/af\/jongste-nuus\/met-regte-ingesteldheid-en-toewyding-kan-suid-afrika-werk\/"]}]},{"@type":"ImageObject","inLanguage":"af-ZA","@id":"https:\/\/www.vfplus.org.za\/af\/jongste-nuus\/met-regte-ingesteldheid-en-toewyding-kan-suid-afrika-werk\/#primaryimage","url":"https:\/\/www.vfplus.org.za\/wp-content\/uploads\/2024\/10\/freedomfront_plus_Met-regte-ingesteldheid-en-toewyding-kan-Suid-Afrika-werk.png","contentUrl":"https:\/\/www.vfplus.org.za\/wp-content\/uploads\/2024\/10\/freedomfront_plus_Met-regte-ingesteldheid-en-toewyding-kan-Suid-Afrika-werk.png","width":1024,"height":768},{"@type":"BreadcrumbList","@id":"https:\/\/www.vfplus.org.za\/af\/jongste-nuus\/met-regte-ingesteldheid-en-toewyding-kan-suid-afrika-werk\/#breadcrumb","itemListElement":[{"@type":"ListItem","position":1,"name":"Tuis","item":"https:\/\/www.vfplus.org.za\/af\/"},{"@type":"ListItem","position":2,"name":"Met regte ingesteldheid en toewyding k\u00e1n Suid-Afrika werk"}]},{"@type":"WebSite","@id":"https:\/\/www.vfplus.org.za\/af\/#website","url":"https:\/\/www.vfplus.org.za\/af\/","name":"Freedom Front Plus","description":"Stand Up | Stand Together | Stand Strong","publisher":{"@id":"https:\/\/www.vfplus.org.za\/af\/#organization"},"potentialAction":[{"@type":"SearchAction","target":{"@type":"EntryPoint","urlTemplate":"https:\/\/www.vfplus.org.za\/af\/?s={search_term_string}"},"query-input":{"@type":"PropertyValueSpecification","valueRequired":true,"valueName":"search_term_string"}}],"inLanguage":"af-ZA"},{"@type":"Organization","@id":"https:\/\/www.vfplus.org.za\/af\/#organization","name":"Vryheidsfront Plus","alternateName":"VF Plus","url":"https:\/\/www.vfplus.org.za\/af\/","logo":{"@type":"ImageObject","inLanguage":"af-ZA","@id":"https:\/\/www.vfplus.org.za\/af\/#\/schema\/logo\/image\/","url":"https:\/\/www.vfplus.org.za\/wp-content\/uploads\/2022\/11\/vfplus-logo-01.png","contentUrl":"https:\/\/www.vfplus.org.za\/wp-content\/uploads\/2022\/11\/vfplus-logo-01.png","width":130,"height":130,"caption":"Vryheidsfront Plus"},"image":{"@id":"https:\/\/www.vfplus.org.za\/af\/#\/schema\/logo\/image\/"},"sameAs":["https:\/\/www.facebook.com\/VFplus?fref=ts","https:\/\/x.com\/VFplus","https:\/\/www.instagram.com\/vfplus_ffplus\/?hl=en","https:\/\/www.youtube.com\/user\/VRYHEIDSFRONTplus"]},{"@type":"Person","@id":"https:\/\/www.vfplus.org.za\/af\/#\/schema\/person\/2c3e703fc713d95efd7b7bf7b34646f4","name":"brand_candy_amy","image":{"@type":"ImageObject","inLanguage":"af-ZA","@id":"https:\/\/secure.gravatar.com\/avatar\/d295c22bd41c5cb61e8aa7fcafe90d2d2302363bc123897b40165ee0165d4f6b?s=96&d=mm&r=g45c99b902ec3fd12cf6977a6b6edf27a","url":"https:\/\/secure.gravatar.com\/avatar\/d295c22bd41c5cb61e8aa7fcafe90d2d2302363bc123897b40165ee0165d4f6b?s=96&d=mm&r=g","contentUrl":"https:\/\/secure.gravatar.com\/avatar\/d295c22bd41c5cb61e8aa7fcafe90d2d2302363bc123897b40165ee0165d4f6b?s=96&d=mm&r=g","caption":"brand_candy_amy"},"sameAs":["https:\/\/brandcandy.co.za"],"url":"https:\/\/www.vfplus.org.za\/af\/author\/brand_candy_amy\/"}]}},"authors":[{"term_id":305,"user_id":0,"is_guest":1,"slug":"heloise-denner","display_name":"Helo\u00efse Denner","avatar_url":{"url":"https:\/\/www.vfplus.org.za\/wp-content\/uploads\/2023\/04\/freedomfront-plus-author-ms-heloise-denner-01.jpg","url2x":"https:\/\/www.vfplus.org.za\/wp-content\/uploads\/2023\/04\/freedomfront-plus-author-ms-heloise-denner-01.jpg"},"author_category":"","user_url":"","last_name":"","first_name":"","job_title":"","description":""},{"term_id":110,"user_id":0,"is_guest":1,"slug":"ms-heloise-denner","display_name":"Ms Helo\u00efse Denner","avatar_url":{"url":"https:\/\/www.vfplus.org.za\/wp-content\/uploads\/2023\/04\/freedomfront-plus-author-ms-heloise-denner-01.jpg","url2x":"https:\/\/www.vfplus.org.za\/wp-content\/uploads\/2023\/04\/freedomfront-plus-author-ms-heloise-denner-01.jpg"},"author_category":"","user_url":"","last_name":"","first_name":"Helo\u00efse Denner","job_title":"","description":""}],"_links":{"self":[{"href":"https:\/\/www.vfplus.org.za\/af\/wp-json\/wp\/v2\/posts\/77453","targetHints":{"allow":["GET"]}}],"collection":[{"href":"https:\/\/www.vfplus.org.za\/af\/wp-json\/wp\/v2\/posts"}],"about":[{"href":"https:\/\/www.vfplus.org.za\/af\/wp-json\/wp\/v2\/types\/post"}],"author":[{"embeddable":true,"href":"https:\/\/www.vfplus.org.za\/af\/wp-json\/wp\/v2\/users\/5"}],"replies":[{"embeddable":true,"href":"https:\/\/www.vfplus.org.za\/af\/wp-json\/wp\/v2\/comments?post=77453"}],"version-history":[{"count":1,"href":"https:\/\/www.vfplus.org.za\/af\/wp-json\/wp\/v2\/posts\/77453\/revisions"}],"predecessor-version":[{"id":77456,"href":"https:\/\/www.vfplus.org.za\/af\/wp-json\/wp\/v2\/posts\/77453\/revisions\/77456"}],"wp:featuredmedia":[{"embeddable":true,"href":"https:\/\/www.vfplus.org.za\/af\/wp-json\/wp\/v2\/media\/77477"}],"wp:attachment":[{"href":"https:\/\/www.vfplus.org.za\/af\/wp-json\/wp\/v2\/media?parent=77453"}],"wp:term":[{"taxonomy":"category","embeddable":true,"href":"https:\/\/www.vfplus.org.za\/af\/wp-json\/wp\/v2\/categories?post=77453"},{"taxonomy":"post_tag","embeddable":true,"href":"https:\/\/www.vfplus.org.za\/af\/wp-json\/wp\/v2\/tags?post=77453"},{"taxonomy":"author","embeddable":true,"href":"https:\/\/www.vfplus.org.za\/af\/wp-json\/wp\/v2\/ppma_author?post=77453"}],"curies":[{"name":"wp","href":"https:\/\/api.w.org\/{rel}","templated":true}]}}