{"id":77429,"date":"2024-10-14T13:44:33","date_gmt":"2024-10-14T11:44:33","guid":{"rendered":"https:\/\/www.vfplus.org.za\/?p=77429"},"modified":"2024-10-14T13:44:38","modified_gmt":"2024-10-14T11:44:38","slug":"opknappingswerk-aan-krugersdorp-se-historiese-hofgebou-afgehandel","status":"publish","type":"post","link":"https:\/\/www.vfplus.org.za\/af\/jongste-nuus\/opknappingswerk-aan-krugersdorp-se-historiese-hofgebou-afgehandel\/","title":{"rendered":"Opknappingswerk aan Krugersdorp se historiese hofgebou afgehandel"},"content":{"rendered":"\n<p class=\"wp-block-paragraph\">Die VF Plus verwelkom dit dat die opknappingswerk aan die historiese hofgebou in Krugersdorp verlede week afgehandel is.&nbsp;<\/p>\n\n\n\n<p class=\"wp-block-paragraph\">Die party het as voorsitter van die portefeuljekomitee oor toerisme in die Mogale City-plaaslike munisipaliteit, deurentyd druk op die betrokke departement geplaas om di\u00e9 historiese gebou in Kommissarisstraat tot sy eertydse glorie te herstel.<\/p>\n\n\n\n<p class=\"wp-block-paragraph\">Die hofgebou sal eersdaags sy deure vir besoekers oopstel.&nbsp;<\/p>\n\n\n\n<p class=\"wp-block-paragraph\">Bouwerk aan die klip hofgebou is in 1890 begin en die volgende jaar deur oudpresident Paul Kruger amptelik geopen.&nbsp;<\/p>\n\n\n\n<p class=\"wp-block-paragraph\">In 1976 is die Renaissance barokkestyl-gebou amptelik vir hofsake gesluit en in 1995 in \u0149 museum omskep.<\/p>\n\n\n\n<p class=\"wp-block-paragraph\">Deur die jare het die gebou vervalle geraak en is aan die begin van die jaar vir die publiek gesluit waarna opknappingswerk ten koste van R12 miljoen begin is. Die grootste onkostes was aan die dak.<\/p>\n\n\n\n<p class=\"wp-block-paragraph\">Artefakte van voorkoloniale tydperk, gedurende en daarna word in die hofmuseum gehuisves. \u0149 Uitstalling van asgaaie, ou gewere en ander besienswaardighede sal vir die publiek aangebied word.<\/p>\n\n\n\n<p class=\"wp-block-paragraph\">Die hof sal ook deur produksiemaatskappye gebruik word vir die vervaardiging van films.<\/p>\n\n\n\n<p class=\"wp-block-paragraph\">Vir die VF Plus is dit van uiterse belang dat di\u00e9 historiese gebou vir nageslagte bewaar word om s\u00f3 \u0149 terugblik op hul geskiedenis te gee.<\/p>\n","protected":false},"excerpt":{"rendered":"<p>Die VF Plus verwelkom dit dat die opknappingswerk aan die historiese hofgebou in Krugersdorp verlede week afgehandel is.&nbsp; Die party het as voorsitter van die portefeuljekomitee oor toerisme in die Mogale City-plaaslike munisipaliteit, deurentyd druk op die betrokke departement geplaas om di\u00e9 historiese gebou in Kommissarisstraat tot sy eertydse glorie te herstel. Die hofgebou sal [&hellip;]<\/p>\n","protected":false},"author":5,"featured_media":77430,"comment_status":"closed","ping_status":"closed","sticky":false,"template":"","format":"standard","meta":{"_acf_changed":false,"_relevanssi_hide_post":"","_relevanssi_hide_content":"","_relevanssi_pin_for_all":"","_relevanssi_pin_keywords":"","_relevanssi_unpin_keywords":"","_relevanssi_related_keywords":"","_relevanssi_related_include_ids":"","_relevanssi_related_exclude_ids":"","_relevanssi_related_no_append":"","_relevanssi_related_not_related":"","_relevanssi_related_posts":"60196,62452,62531,60637,60396,63707","_relevanssi_noindex_reason":"","footnotes":""},"categories":[74,100],"tags":[],"ppma_author":[244],"class_list":["post-77429","post","type-post","status-publish","format-standard","has-post-thumbnail","hentry","category-jongste-nuus","category-mediaverklarings"],"acf":[],"yoast_head":"<!-- This site is optimized with the Yoast SEO plugin v28.3 - https:\/\/yoast.com\/product\/yoast-seo-wordpress\/ -->\n<title>Opknappingswerk aan Krugersdorp se historiese hofgebou afgehandel | Vryheidsfront Plus<\/title>\n<meta name=\"description\" content=\"Die VF Plus verwelkom dit dat die opknappingswerk aan die historiese hofgebou in Krugersdorp verlede week afgehandel is.&nbsp; Die party het as voorsitter\" \/>\n<meta name=\"robots\" content=\"index, follow, max-snippet:-1, max-image-preview:large, max-video-preview:-1\" \/>\n<link rel=\"canonical\" href=\"https:\/\/www.vfplus.org.za\/af\/jongste-nuus\/opknappingswerk-aan-krugersdorp-se-historiese-hofgebou-afgehandel\/\" \/>\n<meta property=\"og:locale\" content=\"af_ZA\" \/>\n<meta property=\"og:type\" content=\"article\" \/>\n<meta property=\"og:title\" content=\"Opknappingswerk aan Krugersdorp se historiese hofgebou afgehandel | Vryheidsfront Plus\" \/>\n<meta property=\"og:description\" content=\"Die VF Plus verwelkom dit dat die opknappingswerk aan die historiese hofgebou in Krugersdorp verlede week afgehandel is.&nbsp; Die party het as voorsitter\" \/>\n<meta property=\"og:url\" content=\"https:\/\/www.vfplus.org.za\/af\/jongste-nuus\/opknappingswerk-aan-krugersdorp-se-historiese-hofgebou-afgehandel\/\" \/>\n<meta property=\"og:site_name\" content=\"Vryheidsfront Plus\" \/>\n<meta property=\"article:publisher\" content=\"https:\/\/www.facebook.com\/VFplus?fref=ts\" \/>\n<meta property=\"article:published_time\" content=\"2024-10-14T11:44:33+00:00\" \/>\n<meta property=\"article:modified_time\" content=\"2024-10-14T11:44:38+00:00\" \/>\n<meta property=\"og:image\" content=\"https:\/\/www.vfplus.org.za\/wp-content\/uploads\/2024\/10\/freedomfront_plus_Opknappingswerk-aan-Krugersdorp-se-historiese-hofgebou-afgehandel.png\" \/>\n\t<meta property=\"og:image:width\" content=\"1024\" \/>\n\t<meta property=\"og:image:height\" content=\"768\" \/>\n\t<meta property=\"og:image:type\" content=\"image\/png\" \/>\n<meta name=\"author\" content=\"Lourens Gouws\" \/>\n<meta name=\"twitter:card\" content=\"summary_large_image\" \/>\n<meta name=\"twitter:creator\" content=\"@VFplus\" \/>\n<meta name=\"twitter:site\" content=\"@VFplus\" \/>\n<meta name=\"twitter:label1\" content=\"Written by\" \/>\n\t<meta name=\"twitter:data1\" content=\"brand_candy_amy\" \/>\n\t<meta name=\"twitter:label2\" content=\"Est. reading time\" \/>\n\t<meta name=\"twitter:data2\" content=\"2 minutes\" \/>\n<script type=\"application\/ld+json\" class=\"yoast-schema-graph\">{\"@context\":\"https:\\\/\\\/schema.org\",\"@graph\":[{\"@type\":\"Article\",\"@id\":\"https:\\\/\\\/www.vfplus.org.za\\\/af\\\/jongste-nuus\\\/opknappingswerk-aan-krugersdorp-se-historiese-hofgebou-afgehandel\\\/#article\",\"isPartOf\":{\"@id\":\"https:\\\/\\\/www.vfplus.org.za\\\/af\\\/jongste-nuus\\\/opknappingswerk-aan-krugersdorp-se-historiese-hofgebou-afgehandel\\\/\"},\"author\":{\"name\":\"brand_candy_amy\",\"@id\":\"https:\\\/\\\/www.vfplus.org.za\\\/af\\\/#\\\/schema\\\/person\\\/2c3e703fc713d95efd7b7bf7b34646f4\"},\"headline\":\"Opknappingswerk aan Krugersdorp se historiese hofgebou afgehandel\",\"datePublished\":\"2024-10-14T11:44:33+00:00\",\"dateModified\":\"2024-10-14T11:44:38+00:00\",\"mainEntityOfPage\":{\"@id\":\"https:\\\/\\\/www.vfplus.org.za\\\/af\\\/jongste-nuus\\\/opknappingswerk-aan-krugersdorp-se-historiese-hofgebou-afgehandel\\\/\"},\"wordCount\":203,\"publisher\":{\"@id\":\"https:\\\/\\\/www.vfplus.org.za\\\/af\\\/#organization\"},\"image\":{\"@id\":\"https:\\\/\\\/www.vfplus.org.za\\\/af\\\/jongste-nuus\\\/opknappingswerk-aan-krugersdorp-se-historiese-hofgebou-afgehandel\\\/#primaryimage\"},\"thumbnailUrl\":\"https:\\\/\\\/www.vfplus.org.za\\\/wp-content\\\/uploads\\\/2024\\\/10\\\/freedomfront_plus_Opknappingswerk-aan-Krugersdorp-se-historiese-hofgebou-afgehandel.png\",\"articleSection\":[\"Jongste nuus\",\"Mediaverklarings\"],\"inLanguage\":\"af-ZA\"},{\"@type\":\"WebPage\",\"@id\":\"https:\\\/\\\/www.vfplus.org.za\\\/af\\\/jongste-nuus\\\/opknappingswerk-aan-krugersdorp-se-historiese-hofgebou-afgehandel\\\/\",\"url\":\"https:\\\/\\\/www.vfplus.org.za\\\/af\\\/jongste-nuus\\\/opknappingswerk-aan-krugersdorp-se-historiese-hofgebou-afgehandel\\\/\",\"name\":\"Opknappingswerk aan Krugersdorp se historiese hofgebou afgehandel | Vryheidsfront Plus\",\"isPartOf\":{\"@id\":\"https:\\\/\\\/www.vfplus.org.za\\\/af\\\/#website\"},\"primaryImageOfPage\":{\"@id\":\"https:\\\/\\\/www.vfplus.org.za\\\/af\\\/jongste-nuus\\\/opknappingswerk-aan-krugersdorp-se-historiese-hofgebou-afgehandel\\\/#primaryimage\"},\"image\":{\"@id\":\"https:\\\/\\\/www.vfplus.org.za\\\/af\\\/jongste-nuus\\\/opknappingswerk-aan-krugersdorp-se-historiese-hofgebou-afgehandel\\\/#primaryimage\"},\"thumbnailUrl\":\"https:\\\/\\\/www.vfplus.org.za\\\/wp-content\\\/uploads\\\/2024\\\/10\\\/freedomfront_plus_Opknappingswerk-aan-Krugersdorp-se-historiese-hofgebou-afgehandel.png\",\"datePublished\":\"2024-10-14T11:44:33+00:00\",\"dateModified\":\"2024-10-14T11:44:38+00:00\",\"description\":\"Die VF Plus verwelkom dit dat die opknappingswerk aan die historiese hofgebou in Krugersdorp verlede week afgehandel is.&nbsp; Die party het as voorsitter\",\"breadcrumb\":{\"@id\":\"https:\\\/\\\/www.vfplus.org.za\\\/af\\\/jongste-nuus\\\/opknappingswerk-aan-krugersdorp-se-historiese-hofgebou-afgehandel\\\/#breadcrumb\"},\"inLanguage\":\"af-ZA\",\"potentialAction\":[{\"@type\":\"ReadAction\",\"target\":[\"https:\\\/\\\/www.vfplus.org.za\\\/af\\\/jongste-nuus\\\/opknappingswerk-aan-krugersdorp-se-historiese-hofgebou-afgehandel\\\/\"]}]},{\"@type\":\"ImageObject\",\"inLanguage\":\"af-ZA\",\"@id\":\"https:\\\/\\\/www.vfplus.org.za\\\/af\\\/jongste-nuus\\\/opknappingswerk-aan-krugersdorp-se-historiese-hofgebou-afgehandel\\\/#primaryimage\",\"url\":\"https:\\\/\\\/www.vfplus.org.za\\\/wp-content\\\/uploads\\\/2024\\\/10\\\/freedomfront_plus_Opknappingswerk-aan-Krugersdorp-se-historiese-hofgebou-afgehandel.png\",\"contentUrl\":\"https:\\\/\\\/www.vfplus.org.za\\\/wp-content\\\/uploads\\\/2024\\\/10\\\/freedomfront_plus_Opknappingswerk-aan-Krugersdorp-se-historiese-hofgebou-afgehandel.png\",\"width\":1024,\"height\":768},{\"@type\":\"BreadcrumbList\",\"@id\":\"https:\\\/\\\/www.vfplus.org.za\\\/af\\\/jongste-nuus\\\/opknappingswerk-aan-krugersdorp-se-historiese-hofgebou-afgehandel\\\/#breadcrumb\",\"itemListElement\":[{\"@type\":\"ListItem\",\"position\":1,\"name\":\"Tuis\",\"item\":\"https:\\\/\\\/www.vfplus.org.za\\\/af\\\/\"},{\"@type\":\"ListItem\",\"position\":2,\"name\":\"Opknappingswerk aan Krugersdorp se historiese hofgebou afgehandel\"}]},{\"@type\":\"WebSite\",\"@id\":\"https:\\\/\\\/www.vfplus.org.za\\\/af\\\/#website\",\"url\":\"https:\\\/\\\/www.vfplus.org.za\\\/af\\\/\",\"name\":\"Freedom Front Plus\",\"description\":\"Stand Up | Stand Together | Stand Strong\",\"publisher\":{\"@id\":\"https:\\\/\\\/www.vfplus.org.za\\\/af\\\/#organization\"},\"potentialAction\":[{\"@type\":\"SearchAction\",\"target\":{\"@type\":\"EntryPoint\",\"urlTemplate\":\"https:\\\/\\\/www.vfplus.org.za\\\/af\\\/?s={search_term_string}\"},\"query-input\":{\"@type\":\"PropertyValueSpecification\",\"valueRequired\":true,\"valueName\":\"search_term_string\"}}],\"inLanguage\":\"af-ZA\"},{\"@type\":\"Organization\",\"@id\":\"https:\\\/\\\/www.vfplus.org.za\\\/af\\\/#organization\",\"name\":\"Vryheidsfront Plus\",\"alternateName\":\"VF Plus\",\"url\":\"https:\\\/\\\/www.vfplus.org.za\\\/af\\\/\",\"logo\":{\"@type\":\"ImageObject\",\"inLanguage\":\"af-ZA\",\"@id\":\"https:\\\/\\\/www.vfplus.org.za\\\/af\\\/#\\\/schema\\\/logo\\\/image\\\/\",\"url\":\"https:\\\/\\\/www.vfplus.org.za\\\/wp-content\\\/uploads\\\/2022\\\/11\\\/vfplus-logo-01.png\",\"contentUrl\":\"https:\\\/\\\/www.vfplus.org.za\\\/wp-content\\\/uploads\\\/2022\\\/11\\\/vfplus-logo-01.png\",\"width\":130,\"height\":130,\"caption\":\"Vryheidsfront Plus\"},\"image\":{\"@id\":\"https:\\\/\\\/www.vfplus.org.za\\\/af\\\/#\\\/schema\\\/logo\\\/image\\\/\"},\"sameAs\":[\"https:\\\/\\\/www.facebook.com\\\/VFplus?fref=ts\",\"https:\\\/\\\/x.com\\\/VFplus\",\"https:\\\/\\\/www.instagram.com\\\/vfplus_ffplus\\\/?hl=en\",\"https:\\\/\\\/www.youtube.com\\\/user\\\/VRYHEIDSFRONTplus\"]},{\"@type\":\"Person\",\"@id\":\"https:\\\/\\\/www.vfplus.org.za\\\/af\\\/#\\\/schema\\\/person\\\/2c3e703fc713d95efd7b7bf7b34646f4\",\"name\":\"brand_candy_amy\",\"image\":{\"@type\":\"ImageObject\",\"inLanguage\":\"af-ZA\",\"@id\":\"https:\\\/\\\/secure.gravatar.com\\\/avatar\\\/d295c22bd41c5cb61e8aa7fcafe90d2d2302363bc123897b40165ee0165d4f6b?s=96&d=mm&r=g45c99b902ec3fd12cf6977a6b6edf27a\",\"url\":\"https:\\\/\\\/secure.gravatar.com\\\/avatar\\\/d295c22bd41c5cb61e8aa7fcafe90d2d2302363bc123897b40165ee0165d4f6b?s=96&d=mm&r=g\",\"contentUrl\":\"https:\\\/\\\/secure.gravatar.com\\\/avatar\\\/d295c22bd41c5cb61e8aa7fcafe90d2d2302363bc123897b40165ee0165d4f6b?s=96&d=mm&r=g\",\"caption\":\"brand_candy_amy\"},\"sameAs\":[\"https:\\\/\\\/brandcandy.co.za\"],\"url\":\"https:\\\/\\\/www.vfplus.org.za\\\/af\\\/author\\\/brand_candy_amy\\\/\"}]}<\/script>\n<!-- \/ Yoast SEO plugin. -->","yoast_head_json":{"title":"Opknappingswerk aan Krugersdorp se historiese hofgebou afgehandel | Vryheidsfront Plus","description":"Die VF Plus verwelkom dit dat die opknappingswerk aan die historiese hofgebou in Krugersdorp verlede week afgehandel is.&nbsp; Die party het as voorsitter","robots":{"index":"index","follow":"follow","max-snippet":"max-snippet:-1","max-image-preview":"max-image-preview:large","max-video-preview":"max-video-preview:-1"},"canonical":"https:\/\/www.vfplus.org.za\/af\/jongste-nuus\/opknappingswerk-aan-krugersdorp-se-historiese-hofgebou-afgehandel\/","og_locale":"af_ZA","og_type":"article","og_title":"Opknappingswerk aan Krugersdorp se historiese hofgebou afgehandel | Vryheidsfront Plus","og_description":"Die VF Plus verwelkom dit dat die opknappingswerk aan die historiese hofgebou in Krugersdorp verlede week afgehandel is.&nbsp; Die party het as voorsitter","og_url":"https:\/\/www.vfplus.org.za\/af\/jongste-nuus\/opknappingswerk-aan-krugersdorp-se-historiese-hofgebou-afgehandel\/","og_site_name":"Vryheidsfront Plus","article_publisher":"https:\/\/www.facebook.com\/VFplus?fref=ts","article_published_time":"2024-10-14T11:44:33+00:00","article_modified_time":"2024-10-14T11:44:38+00:00","og_image":[{"width":1024,"height":768,"url":"https:\/\/www.vfplus.org.za\/wp-content\/uploads\/2024\/10\/freedomfront_plus_Opknappingswerk-aan-Krugersdorp-se-historiese-hofgebou-afgehandel.png","type":"image\/png"}],"author":"Lourens Gouws","twitter_card":"summary_large_image","twitter_creator":"@VFplus","twitter_site":"@VFplus","twitter_misc":{"Written by":"brand_candy_amy","Est. reading time":"2 minutes"},"schema":{"@context":"https:\/\/schema.org","@graph":[{"@type":"Article","@id":"https:\/\/www.vfplus.org.za\/af\/jongste-nuus\/opknappingswerk-aan-krugersdorp-se-historiese-hofgebou-afgehandel\/#article","isPartOf":{"@id":"https:\/\/www.vfplus.org.za\/af\/jongste-nuus\/opknappingswerk-aan-krugersdorp-se-historiese-hofgebou-afgehandel\/"},"author":{"name":"brand_candy_amy","@id":"https:\/\/www.vfplus.org.za\/af\/#\/schema\/person\/2c3e703fc713d95efd7b7bf7b34646f4"},"headline":"Opknappingswerk aan Krugersdorp se historiese hofgebou afgehandel","datePublished":"2024-10-14T11:44:33+00:00","dateModified":"2024-10-14T11:44:38+00:00","mainEntityOfPage":{"@id":"https:\/\/www.vfplus.org.za\/af\/jongste-nuus\/opknappingswerk-aan-krugersdorp-se-historiese-hofgebou-afgehandel\/"},"wordCount":203,"publisher":{"@id":"https:\/\/www.vfplus.org.za\/af\/#organization"},"image":{"@id":"https:\/\/www.vfplus.org.za\/af\/jongste-nuus\/opknappingswerk-aan-krugersdorp-se-historiese-hofgebou-afgehandel\/#primaryimage"},"thumbnailUrl":"https:\/\/www.vfplus.org.za\/wp-content\/uploads\/2024\/10\/freedomfront_plus_Opknappingswerk-aan-Krugersdorp-se-historiese-hofgebou-afgehandel.png","articleSection":["Jongste nuus","Mediaverklarings"],"inLanguage":"af-ZA"},{"@type":"WebPage","@id":"https:\/\/www.vfplus.org.za\/af\/jongste-nuus\/opknappingswerk-aan-krugersdorp-se-historiese-hofgebou-afgehandel\/","url":"https:\/\/www.vfplus.org.za\/af\/jongste-nuus\/opknappingswerk-aan-krugersdorp-se-historiese-hofgebou-afgehandel\/","name":"Opknappingswerk aan Krugersdorp se historiese hofgebou afgehandel | Vryheidsfront Plus","isPartOf":{"@id":"https:\/\/www.vfplus.org.za\/af\/#website"},"primaryImageOfPage":{"@id":"https:\/\/www.vfplus.org.za\/af\/jongste-nuus\/opknappingswerk-aan-krugersdorp-se-historiese-hofgebou-afgehandel\/#primaryimage"},"image":{"@id":"https:\/\/www.vfplus.org.za\/af\/jongste-nuus\/opknappingswerk-aan-krugersdorp-se-historiese-hofgebou-afgehandel\/#primaryimage"},"thumbnailUrl":"https:\/\/www.vfplus.org.za\/wp-content\/uploads\/2024\/10\/freedomfront_plus_Opknappingswerk-aan-Krugersdorp-se-historiese-hofgebou-afgehandel.png","datePublished":"2024-10-14T11:44:33+00:00","dateModified":"2024-10-14T11:44:38+00:00","description":"Die VF Plus verwelkom dit dat die opknappingswerk aan die historiese hofgebou in Krugersdorp verlede week afgehandel is.&nbsp; Die party het as voorsitter","breadcrumb":{"@id":"https:\/\/www.vfplus.org.za\/af\/jongste-nuus\/opknappingswerk-aan-krugersdorp-se-historiese-hofgebou-afgehandel\/#breadcrumb"},"inLanguage":"af-ZA","potentialAction":[{"@type":"ReadAction","target":["https:\/\/www.vfplus.org.za\/af\/jongste-nuus\/opknappingswerk-aan-krugersdorp-se-historiese-hofgebou-afgehandel\/"]}]},{"@type":"ImageObject","inLanguage":"af-ZA","@id":"https:\/\/www.vfplus.org.za\/af\/jongste-nuus\/opknappingswerk-aan-krugersdorp-se-historiese-hofgebou-afgehandel\/#primaryimage","url":"https:\/\/www.vfplus.org.za\/wp-content\/uploads\/2024\/10\/freedomfront_plus_Opknappingswerk-aan-Krugersdorp-se-historiese-hofgebou-afgehandel.png","contentUrl":"https:\/\/www.vfplus.org.za\/wp-content\/uploads\/2024\/10\/freedomfront_plus_Opknappingswerk-aan-Krugersdorp-se-historiese-hofgebou-afgehandel.png","width":1024,"height":768},{"@type":"BreadcrumbList","@id":"https:\/\/www.vfplus.org.za\/af\/jongste-nuus\/opknappingswerk-aan-krugersdorp-se-historiese-hofgebou-afgehandel\/#breadcrumb","itemListElement":[{"@type":"ListItem","position":1,"name":"Tuis","item":"https:\/\/www.vfplus.org.za\/af\/"},{"@type":"ListItem","position":2,"name":"Opknappingswerk aan Krugersdorp se historiese hofgebou afgehandel"}]},{"@type":"WebSite","@id":"https:\/\/www.vfplus.org.za\/af\/#website","url":"https:\/\/www.vfplus.org.za\/af\/","name":"Freedom Front Plus","description":"Stand Up | Stand Together | Stand Strong","publisher":{"@id":"https:\/\/www.vfplus.org.za\/af\/#organization"},"potentialAction":[{"@type":"SearchAction","target":{"@type":"EntryPoint","urlTemplate":"https:\/\/www.vfplus.org.za\/af\/?s={search_term_string}"},"query-input":{"@type":"PropertyValueSpecification","valueRequired":true,"valueName":"search_term_string"}}],"inLanguage":"af-ZA"},{"@type":"Organization","@id":"https:\/\/www.vfplus.org.za\/af\/#organization","name":"Vryheidsfront Plus","alternateName":"VF Plus","url":"https:\/\/www.vfplus.org.za\/af\/","logo":{"@type":"ImageObject","inLanguage":"af-ZA","@id":"https:\/\/www.vfplus.org.za\/af\/#\/schema\/logo\/image\/","url":"https:\/\/www.vfplus.org.za\/wp-content\/uploads\/2022\/11\/vfplus-logo-01.png","contentUrl":"https:\/\/www.vfplus.org.za\/wp-content\/uploads\/2022\/11\/vfplus-logo-01.png","width":130,"height":130,"caption":"Vryheidsfront Plus"},"image":{"@id":"https:\/\/www.vfplus.org.za\/af\/#\/schema\/logo\/image\/"},"sameAs":["https:\/\/www.facebook.com\/VFplus?fref=ts","https:\/\/x.com\/VFplus","https:\/\/www.instagram.com\/vfplus_ffplus\/?hl=en","https:\/\/www.youtube.com\/user\/VRYHEIDSFRONTplus"]},{"@type":"Person","@id":"https:\/\/www.vfplus.org.za\/af\/#\/schema\/person\/2c3e703fc713d95efd7b7bf7b34646f4","name":"brand_candy_amy","image":{"@type":"ImageObject","inLanguage":"af-ZA","@id":"https:\/\/secure.gravatar.com\/avatar\/d295c22bd41c5cb61e8aa7fcafe90d2d2302363bc123897b40165ee0165d4f6b?s=96&d=mm&r=g45c99b902ec3fd12cf6977a6b6edf27a","url":"https:\/\/secure.gravatar.com\/avatar\/d295c22bd41c5cb61e8aa7fcafe90d2d2302363bc123897b40165ee0165d4f6b?s=96&d=mm&r=g","contentUrl":"https:\/\/secure.gravatar.com\/avatar\/d295c22bd41c5cb61e8aa7fcafe90d2d2302363bc123897b40165ee0165d4f6b?s=96&d=mm&r=g","caption":"brand_candy_amy"},"sameAs":["https:\/\/brandcandy.co.za"],"url":"https:\/\/www.vfplus.org.za\/af\/author\/brand_candy_amy\/"}]}},"authors":[{"term_id":244,"user_id":0,"is_guest":1,"slug":"lourens-gouws","display_name":"Lourens Gouws","avatar_url":{"url":"https:\/\/www.vfplus.org.za\/wp-content\/uploads\/2023\/08\/freedomfront-plus-author-lourens-gouws-mogale-city.jpg-e1695807405341.png","url2x":"https:\/\/www.vfplus.org.za\/wp-content\/uploads\/2023\/08\/freedomfront-plus-author-lourens-gouws-mogale-city.jpg-e1695807405341.png"},"author_category":"","user_url":"","last_name":"","first_name":"","job_title":"","description":""}],"_links":{"self":[{"href":"https:\/\/www.vfplus.org.za\/af\/wp-json\/wp\/v2\/posts\/77429","targetHints":{"allow":["GET"]}}],"collection":[{"href":"https:\/\/www.vfplus.org.za\/af\/wp-json\/wp\/v2\/posts"}],"about":[{"href":"https:\/\/www.vfplus.org.za\/af\/wp-json\/wp\/v2\/types\/post"}],"author":[{"embeddable":true,"href":"https:\/\/www.vfplus.org.za\/af\/wp-json\/wp\/v2\/users\/5"}],"replies":[{"embeddable":true,"href":"https:\/\/www.vfplus.org.za\/af\/wp-json\/wp\/v2\/comments?post=77429"}],"version-history":[{"count":1,"href":"https:\/\/www.vfplus.org.za\/af\/wp-json\/wp\/v2\/posts\/77429\/revisions"}],"predecessor-version":[{"id":77432,"href":"https:\/\/www.vfplus.org.za\/af\/wp-json\/wp\/v2\/posts\/77429\/revisions\/77432"}],"wp:featuredmedia":[{"embeddable":true,"href":"https:\/\/www.vfplus.org.za\/af\/wp-json\/wp\/v2\/media\/77430"}],"wp:attachment":[{"href":"https:\/\/www.vfplus.org.za\/af\/wp-json\/wp\/v2\/media?parent=77429"}],"wp:term":[{"taxonomy":"category","embeddable":true,"href":"https:\/\/www.vfplus.org.za\/af\/wp-json\/wp\/v2\/categories?post=77429"},{"taxonomy":"post_tag","embeddable":true,"href":"https:\/\/www.vfplus.org.za\/af\/wp-json\/wp\/v2\/tags?post=77429"},{"taxonomy":"author","embeddable":true,"href":"https:\/\/www.vfplus.org.za\/af\/wp-json\/wp\/v2\/ppma_author?post=77429"}],"curies":[{"name":"wp","href":"https:\/\/api.w.org\/{rel}","templated":true}]}}