{"id":77401,"date":"2024-10-10T15:29:30","date_gmt":"2024-10-10T13:29:30","guid":{"rendered":"https:\/\/www.vfplus.org.za\/?p=77401"},"modified":"2024-10-10T15:29:38","modified_gmt":"2024-10-10T13:29:38","slug":"basiese-onderwys-se-komiteevoorsitter-wys-hoekom-bela-nie-vertrou-kan-word","status":"publish","type":"post","link":"https:\/\/www.vfplus.org.za\/af\/jongste-nuus\/basiese-onderwys-se-komiteevoorsitter-wys-hoekom-bela-nie-vertrou-kan-word\/","title":{"rendered":"Basiese onderwys se komiteevoorsitter wys hoekom Bela nie vertrou kan word"},"content":{"rendered":"\n<p class=\"wp-block-paragraph\">Terwyl die VF Plus en talle ander organisasies saam met skoolhoofde en skoolbeheerliggame \u0149 aksieberaad oor die Bela-wet bygewoon het, het die voorsitter van die parlement\u00eare portefeuljekomitee vir basiese onderwys in Upington bewys dat die wet in sy huidige vorm ten alle koste gestuit moet word.<\/p>\n\n\n\n<p class=\"wp-block-paragraph\">Die voorsitter, me. Joy Maimela, het kommentaar gelewer op \u0149 skool in Upington waarvan die aansoekvorms slegs in Afrikaans beskikbaar is.<\/p>\n\n\n\n<p class=\"wp-block-paragraph\">Uit mediaberigte blyk dit dat die portefeuljekomitee die Ho\u00ebrskool Duineveld besoek het na aanleiding van \u0149 rassevoorval waarin leerlinge van die skool vroe\u00ebr vanjaar betrokke was. Dit is belangrik om daarop te let dat die VF Plus optrede van hierdie aard verwerp en glo dat dit as ernstige wangedrag hanteer moet word soos die skool inderdaad gedoen het.<\/p>\n\n\n\n<p class=\"wp-block-paragraph\">As deel van haar reaksie het Maimela luidens \u0149 berig in Netwerk 24 op 10 Oktober haar &#8220;skok&#8221; uitgespreek daaroor dat die meeste kinders in die skool wit is, terwyl die meeste mense in die omgewing bruin en swart is. Verder het sy verklaar dat die Afrikaanse aansoekvorm \u0149 manier is om nie-Afrikaanse leerlinge uit te sluit.<\/p>\n\n\n\n<p class=\"wp-block-paragraph\">Dit lyk of Maimela nie veel baat gevind het by die besoek aan Upington in die vorm van eerstehandse kennis nie.<\/p>\n\n\n\n<p class=\"wp-block-paragraph\">Met Afrikaans wat die huistaal van meer as 85% van die dorp se inwoners is, is dit verstaanbaar dat mens op straat eintlik niks anders as Afrikaans hoor nie. Die kans is goed dat sy slegs in \u0149 polisie-begeleide bussie van plek tot plek gereis het en haarself nooit die kans gegun het om die aard van Upington van naderby te leer ken nie.<\/p>\n\n\n\n<p class=\"wp-block-paragraph\">Indien daar \u0149 dorp is met ruimte vir enkelmedium Afrikaanse skole, is dit juis Upington.<\/p>\n\n\n\n<p class=\"wp-block-paragraph\">Verder ly sy klaarblyklik aan \u0149 misverstand wat algemeen binne die ANC is. Dit is dat elke skool die demografie van die totale bevolking m\u00f3\u00e9t weerspie\u00ebl. Wat die wet in werklikheid vereis, is dat daar teen niemand op grond van ras gediskrimineer mag word nie.<\/p>\n\n\n\n<p class=\"wp-block-paragraph\">In \u0149 omgewing met talle goeie skole, wat verskillende opvoedkundige keuses bied, het elke ouer \u0149 keuse. \u0149 Mens kan nie, wanneer mense hul keuses uitgeoefen het, omdraai en vereis dat meer bruin of swart mense vir \u0149 spesifieke skool gekies moes word nie.<\/p>\n\n\n\n<p class=\"wp-block-paragraph\">Dit is duidelik waarom die ANC op \u0149 skolewet aandring wat die magsbalans in die rigting van die departement kantel: Dit is om gemeenskappe die reg om hul skole in stand te hou, eensydig in te kort onder die waan dat die 5% Afrikaanse skole alle onderwysprobleme kan oplos as hulle net hul aard prysgee.<\/p>\n\n\n\n<p class=\"wp-block-paragraph\">Indien die VF Plus Maimela, wat nog nuut in haar pos as voorsitter is, kan raad gee, is dit die volgende: Gebruik oorsigbesoeke eerder om te luister as om te praat.<\/p>\n\n\n\n<p class=\"wp-block-paragraph\">Daarom moedig die VF Plus al sy ondersteuners aan om op 5 November aan die protesoptrede teen Bela by die Uniegebou deel te neem.<\/p>\n","protected":false},"excerpt":{"rendered":"<p>Terwyl die VF Plus en talle ander organisasies saam met skoolhoofde en skoolbeheerliggame \u0149 aksieberaad oor die Bela-wet bygewoon het, het die voorsitter van die parlement\u00eare portefeuljekomitee vir basiese onderwys in Upington bewys dat die wet in sy huidige vorm ten alle koste gestuit moet word. Die voorsitter, me. Joy Maimela, het kommentaar gelewer op [&hellip;]<\/p>\n","protected":false},"author":6,"featured_media":77402,"comment_status":"closed","ping_status":"closed","sticky":false,"template":"","format":"standard","meta":{"_acf_changed":false,"_relevanssi_hide_post":"","_relevanssi_hide_content":"","_relevanssi_pin_for_all":"","_relevanssi_pin_keywords":"","_relevanssi_unpin_keywords":"","_relevanssi_related_keywords":"","_relevanssi_related_include_ids":"","_relevanssi_related_exclude_ids":"","_relevanssi_related_no_append":"","_relevanssi_related_not_related":"","_relevanssi_related_posts":"62338,60416,63758,68771,61094,58013","_relevanssi_noindex_reason":"","footnotes":""},"categories":[74,100],"tags":[],"ppma_author":[89],"class_list":["post-77401","post","type-post","status-publish","format-standard","has-post-thumbnail","hentry","category-jongste-nuus","category-mediaverklarings"],"acf":[],"yoast_head":"<!-- This site is optimized with the Yoast SEO plugin v28.3 - https:\/\/yoast.com\/product\/yoast-seo-wordpress\/ -->\n<title>Basiese onderwys se komiteevoorsitter wys hoekom Bela nie vertrou kan word | Vryheidsfront Plus<\/title>\n<meta name=\"description\" content=\"Terwyl die VF Plus en talle ander organisasies saam met skoolhoofde en skoolbeheerliggame \u0149 aksieberaad oor die Bela-wet bygewoon het, het die voorsitter\" \/>\n<meta name=\"robots\" content=\"index, follow, max-snippet:-1, max-image-preview:large, max-video-preview:-1\" \/>\n<link rel=\"canonical\" href=\"https:\/\/www.vfplus.org.za\/af\/jongste-nuus\/basiese-onderwys-se-komiteevoorsitter-wys-hoekom-bela-nie-vertrou-kan-word\/\" \/>\n<meta property=\"og:locale\" content=\"af_ZA\" \/>\n<meta property=\"og:type\" content=\"article\" \/>\n<meta property=\"og:title\" content=\"Basiese onderwys se komiteevoorsitter wys hoekom Bela nie vertrou kan word | Vryheidsfront Plus\" \/>\n<meta property=\"og:description\" content=\"Terwyl die VF Plus en talle ander organisasies saam met skoolhoofde en skoolbeheerliggame \u0149 aksieberaad oor die Bela-wet bygewoon het, het die voorsitter\" \/>\n<meta property=\"og:url\" content=\"https:\/\/www.vfplus.org.za\/af\/jongste-nuus\/basiese-onderwys-se-komiteevoorsitter-wys-hoekom-bela-nie-vertrou-kan-word\/\" \/>\n<meta property=\"og:site_name\" content=\"Vryheidsfront Plus\" \/>\n<meta property=\"article:publisher\" content=\"https:\/\/www.facebook.com\/VFplus?fref=ts\" \/>\n<meta property=\"article:published_time\" content=\"2024-10-10T13:29:30+00:00\" \/>\n<meta property=\"article:modified_time\" content=\"2024-10-10T13:29:38+00:00\" \/>\n<meta property=\"og:image\" content=\"https:\/\/www.vfplus.org.za\/wp-content\/uploads\/2024\/10\/freedomfront_plus_Basiese-onderwys-se-komiteevoorsitter-wys-hoekom-Bela-nie-vertrou-kan-word.png\" \/>\n\t<meta property=\"og:image:width\" content=\"1024\" \/>\n\t<meta property=\"og:image:height\" content=\"768\" \/>\n\t<meta property=\"og:image:type\" content=\"image\/png\" \/>\n<meta name=\"author\" content=\"Dr Wynand Boshoff\" \/>\n<meta name=\"twitter:card\" content=\"summary_large_image\" \/>\n<meta name=\"twitter:creator\" content=\"@VFplus\" \/>\n<meta name=\"twitter:site\" content=\"@VFplus\" \/>\n<meta name=\"twitter:label1\" content=\"Written by\" \/>\n\t<meta name=\"twitter:data1\" content=\"Dr Wynand Boshoff\" \/>\n\t<meta name=\"twitter:label2\" content=\"Est. reading time\" \/>\n\t<meta name=\"twitter:data2\" content=\"3 minutes\" \/>\n<script type=\"application\/ld+json\" class=\"yoast-schema-graph\">{\"@context\":\"https:\\\/\\\/schema.org\",\"@graph\":[{\"@type\":\"Article\",\"@id\":\"https:\\\/\\\/www.vfplus.org.za\\\/af\\\/jongste-nuus\\\/basiese-onderwys-se-komiteevoorsitter-wys-hoekom-bela-nie-vertrou-kan-word\\\/#article\",\"isPartOf\":{\"@id\":\"https:\\\/\\\/www.vfplus.org.za\\\/af\\\/jongste-nuus\\\/basiese-onderwys-se-komiteevoorsitter-wys-hoekom-bela-nie-vertrou-kan-word\\\/\"},\"author\":{\"name\":\"Dr Wynand Boshoff\",\"@id\":\"https:\\\/\\\/www.vfplus.org.za\\\/af\\\/#\\\/schema\\\/person\\\/586f0afab50af05619e266b15e940c45\"},\"headline\":\"Basiese onderwys se komiteevoorsitter wys hoekom Bela nie vertrou kan word\",\"datePublished\":\"2024-10-10T13:29:30+00:00\",\"dateModified\":\"2024-10-10T13:29:38+00:00\",\"mainEntityOfPage\":{\"@id\":\"https:\\\/\\\/www.vfplus.org.za\\\/af\\\/jongste-nuus\\\/basiese-onderwys-se-komiteevoorsitter-wys-hoekom-bela-nie-vertrou-kan-word\\\/\"},\"wordCount\":479,\"publisher\":{\"@id\":\"https:\\\/\\\/www.vfplus.org.za\\\/af\\\/#organization\"},\"image\":{\"@id\":\"https:\\\/\\\/www.vfplus.org.za\\\/af\\\/jongste-nuus\\\/basiese-onderwys-se-komiteevoorsitter-wys-hoekom-bela-nie-vertrou-kan-word\\\/#primaryimage\"},\"thumbnailUrl\":\"https:\\\/\\\/www.vfplus.org.za\\\/wp-content\\\/uploads\\\/2024\\\/10\\\/freedomfront_plus_Basiese-onderwys-se-komiteevoorsitter-wys-hoekom-Bela-nie-vertrou-kan-word.png\",\"articleSection\":[\"Jongste nuus\",\"Mediaverklarings\"],\"inLanguage\":\"af-ZA\"},{\"@type\":\"WebPage\",\"@id\":\"https:\\\/\\\/www.vfplus.org.za\\\/af\\\/jongste-nuus\\\/basiese-onderwys-se-komiteevoorsitter-wys-hoekom-bela-nie-vertrou-kan-word\\\/\",\"url\":\"https:\\\/\\\/www.vfplus.org.za\\\/af\\\/jongste-nuus\\\/basiese-onderwys-se-komiteevoorsitter-wys-hoekom-bela-nie-vertrou-kan-word\\\/\",\"name\":\"Basiese onderwys se komiteevoorsitter wys hoekom Bela nie vertrou kan word | Vryheidsfront Plus\",\"isPartOf\":{\"@id\":\"https:\\\/\\\/www.vfplus.org.za\\\/af\\\/#website\"},\"primaryImageOfPage\":{\"@id\":\"https:\\\/\\\/www.vfplus.org.za\\\/af\\\/jongste-nuus\\\/basiese-onderwys-se-komiteevoorsitter-wys-hoekom-bela-nie-vertrou-kan-word\\\/#primaryimage\"},\"image\":{\"@id\":\"https:\\\/\\\/www.vfplus.org.za\\\/af\\\/jongste-nuus\\\/basiese-onderwys-se-komiteevoorsitter-wys-hoekom-bela-nie-vertrou-kan-word\\\/#primaryimage\"},\"thumbnailUrl\":\"https:\\\/\\\/www.vfplus.org.za\\\/wp-content\\\/uploads\\\/2024\\\/10\\\/freedomfront_plus_Basiese-onderwys-se-komiteevoorsitter-wys-hoekom-Bela-nie-vertrou-kan-word.png\",\"datePublished\":\"2024-10-10T13:29:30+00:00\",\"dateModified\":\"2024-10-10T13:29:38+00:00\",\"description\":\"Terwyl die VF Plus en talle ander organisasies saam met skoolhoofde en skoolbeheerliggame \u0149 aksieberaad oor die Bela-wet bygewoon het, het die voorsitter\",\"breadcrumb\":{\"@id\":\"https:\\\/\\\/www.vfplus.org.za\\\/af\\\/jongste-nuus\\\/basiese-onderwys-se-komiteevoorsitter-wys-hoekom-bela-nie-vertrou-kan-word\\\/#breadcrumb\"},\"inLanguage\":\"af-ZA\",\"potentialAction\":[{\"@type\":\"ReadAction\",\"target\":[\"https:\\\/\\\/www.vfplus.org.za\\\/af\\\/jongste-nuus\\\/basiese-onderwys-se-komiteevoorsitter-wys-hoekom-bela-nie-vertrou-kan-word\\\/\"]}]},{\"@type\":\"ImageObject\",\"inLanguage\":\"af-ZA\",\"@id\":\"https:\\\/\\\/www.vfplus.org.za\\\/af\\\/jongste-nuus\\\/basiese-onderwys-se-komiteevoorsitter-wys-hoekom-bela-nie-vertrou-kan-word\\\/#primaryimage\",\"url\":\"https:\\\/\\\/www.vfplus.org.za\\\/wp-content\\\/uploads\\\/2024\\\/10\\\/freedomfront_plus_Basiese-onderwys-se-komiteevoorsitter-wys-hoekom-Bela-nie-vertrou-kan-word.png\",\"contentUrl\":\"https:\\\/\\\/www.vfplus.org.za\\\/wp-content\\\/uploads\\\/2024\\\/10\\\/freedomfront_plus_Basiese-onderwys-se-komiteevoorsitter-wys-hoekom-Bela-nie-vertrou-kan-word.png\",\"width\":1024,\"height\":768},{\"@type\":\"BreadcrumbList\",\"@id\":\"https:\\\/\\\/www.vfplus.org.za\\\/af\\\/jongste-nuus\\\/basiese-onderwys-se-komiteevoorsitter-wys-hoekom-bela-nie-vertrou-kan-word\\\/#breadcrumb\",\"itemListElement\":[{\"@type\":\"ListItem\",\"position\":1,\"name\":\"Tuis\",\"item\":\"https:\\\/\\\/www.vfplus.org.za\\\/af\\\/\"},{\"@type\":\"ListItem\",\"position\":2,\"name\":\"Basiese onderwys se komiteevoorsitter wys hoekom Bela nie vertrou kan word\"}]},{\"@type\":\"WebSite\",\"@id\":\"https:\\\/\\\/www.vfplus.org.za\\\/af\\\/#website\",\"url\":\"https:\\\/\\\/www.vfplus.org.za\\\/af\\\/\",\"name\":\"Freedom Front Plus\",\"description\":\"Stand Up | Stand Together | Stand Strong\",\"publisher\":{\"@id\":\"https:\\\/\\\/www.vfplus.org.za\\\/af\\\/#organization\"},\"potentialAction\":[{\"@type\":\"SearchAction\",\"target\":{\"@type\":\"EntryPoint\",\"urlTemplate\":\"https:\\\/\\\/www.vfplus.org.za\\\/af\\\/?s={search_term_string}\"},\"query-input\":{\"@type\":\"PropertyValueSpecification\",\"valueRequired\":true,\"valueName\":\"search_term_string\"}}],\"inLanguage\":\"af-ZA\"},{\"@type\":\"Organization\",\"@id\":\"https:\\\/\\\/www.vfplus.org.za\\\/af\\\/#organization\",\"name\":\"Vryheidsfront Plus\",\"alternateName\":\"VF Plus\",\"url\":\"https:\\\/\\\/www.vfplus.org.za\\\/af\\\/\",\"logo\":{\"@type\":\"ImageObject\",\"inLanguage\":\"af-ZA\",\"@id\":\"https:\\\/\\\/www.vfplus.org.za\\\/af\\\/#\\\/schema\\\/logo\\\/image\\\/\",\"url\":\"https:\\\/\\\/www.vfplus.org.za\\\/wp-content\\\/uploads\\\/2022\\\/11\\\/vfplus-logo-01.png\",\"contentUrl\":\"https:\\\/\\\/www.vfplus.org.za\\\/wp-content\\\/uploads\\\/2022\\\/11\\\/vfplus-logo-01.png\",\"width\":130,\"height\":130,\"caption\":\"Vryheidsfront Plus\"},\"image\":{\"@id\":\"https:\\\/\\\/www.vfplus.org.za\\\/af\\\/#\\\/schema\\\/logo\\\/image\\\/\"},\"sameAs\":[\"https:\\\/\\\/www.facebook.com\\\/VFplus?fref=ts\",\"https:\\\/\\\/x.com\\\/VFplus\",\"https:\\\/\\\/www.instagram.com\\\/vfplus_ffplus\\\/?hl=en\",\"https:\\\/\\\/www.youtube.com\\\/user\\\/VRYHEIDSFRONTplus\"]},{\"@type\":\"Person\",\"@id\":\"https:\\\/\\\/www.vfplus.org.za\\\/af\\\/#\\\/schema\\\/person\\\/586f0afab50af05619e266b15e940c45\",\"name\":\"Dr Wynand Boshoff\",\"image\":{\"@type\":\"ImageObject\",\"inLanguage\":\"af-ZA\",\"@id\":\"https:\\\/\\\/www.vfplus.org.za\\\/wp-content\\\/uploads\\\/2023\\\/01\\\/freedom-front-plus-leadership-wynand-boschoff-01.jpgc7614ff088e83becc8f285193d701758\",\"url\":\"https:\\\/\\\/www.vfplus.org.za\\\/wp-content\\\/uploads\\\/2023\\\/01\\\/freedom-front-plus-leadership-wynand-boschoff-01.jpg\",\"contentUrl\":\"https:\\\/\\\/www.vfplus.org.za\\\/wp-content\\\/uploads\\\/2023\\\/01\\\/freedom-front-plus-leadership-wynand-boschoff-01.jpg\",\"caption\":\"Dr Wynand Boshoff\"},\"url\":\"https:\\\/\\\/www.vfplus.org.za\\\/af\\\/author\\\/dr-wynand-boshoff\\\/\"}]}<\/script>\n<!-- \/ Yoast SEO plugin. -->","yoast_head_json":{"title":"Basiese onderwys se komiteevoorsitter wys hoekom Bela nie vertrou kan word | Vryheidsfront Plus","description":"Terwyl die VF Plus en talle ander organisasies saam met skoolhoofde en skoolbeheerliggame \u0149 aksieberaad oor die Bela-wet bygewoon het, het die voorsitter","robots":{"index":"index","follow":"follow","max-snippet":"max-snippet:-1","max-image-preview":"max-image-preview:large","max-video-preview":"max-video-preview:-1"},"canonical":"https:\/\/www.vfplus.org.za\/af\/jongste-nuus\/basiese-onderwys-se-komiteevoorsitter-wys-hoekom-bela-nie-vertrou-kan-word\/","og_locale":"af_ZA","og_type":"article","og_title":"Basiese onderwys se komiteevoorsitter wys hoekom Bela nie vertrou kan word | Vryheidsfront Plus","og_description":"Terwyl die VF Plus en talle ander organisasies saam met skoolhoofde en skoolbeheerliggame \u0149 aksieberaad oor die Bela-wet bygewoon het, het die voorsitter","og_url":"https:\/\/www.vfplus.org.za\/af\/jongste-nuus\/basiese-onderwys-se-komiteevoorsitter-wys-hoekom-bela-nie-vertrou-kan-word\/","og_site_name":"Vryheidsfront Plus","article_publisher":"https:\/\/www.facebook.com\/VFplus?fref=ts","article_published_time":"2024-10-10T13:29:30+00:00","article_modified_time":"2024-10-10T13:29:38+00:00","og_image":[{"width":1024,"height":768,"url":"https:\/\/www.vfplus.org.za\/wp-content\/uploads\/2024\/10\/freedomfront_plus_Basiese-onderwys-se-komiteevoorsitter-wys-hoekom-Bela-nie-vertrou-kan-word.png","type":"image\/png"}],"author":"Dr Wynand Boshoff","twitter_card":"summary_large_image","twitter_creator":"@VFplus","twitter_site":"@VFplus","twitter_misc":{"Written by":"Dr Wynand Boshoff","Est. reading time":"3 minutes"},"schema":{"@context":"https:\/\/schema.org","@graph":[{"@type":"Article","@id":"https:\/\/www.vfplus.org.za\/af\/jongste-nuus\/basiese-onderwys-se-komiteevoorsitter-wys-hoekom-bela-nie-vertrou-kan-word\/#article","isPartOf":{"@id":"https:\/\/www.vfplus.org.za\/af\/jongste-nuus\/basiese-onderwys-se-komiteevoorsitter-wys-hoekom-bela-nie-vertrou-kan-word\/"},"author":{"name":"Dr Wynand Boshoff","@id":"https:\/\/www.vfplus.org.za\/af\/#\/schema\/person\/586f0afab50af05619e266b15e940c45"},"headline":"Basiese onderwys se komiteevoorsitter wys hoekom Bela nie vertrou kan word","datePublished":"2024-10-10T13:29:30+00:00","dateModified":"2024-10-10T13:29:38+00:00","mainEntityOfPage":{"@id":"https:\/\/www.vfplus.org.za\/af\/jongste-nuus\/basiese-onderwys-se-komiteevoorsitter-wys-hoekom-bela-nie-vertrou-kan-word\/"},"wordCount":479,"publisher":{"@id":"https:\/\/www.vfplus.org.za\/af\/#organization"},"image":{"@id":"https:\/\/www.vfplus.org.za\/af\/jongste-nuus\/basiese-onderwys-se-komiteevoorsitter-wys-hoekom-bela-nie-vertrou-kan-word\/#primaryimage"},"thumbnailUrl":"https:\/\/www.vfplus.org.za\/wp-content\/uploads\/2024\/10\/freedomfront_plus_Basiese-onderwys-se-komiteevoorsitter-wys-hoekom-Bela-nie-vertrou-kan-word.png","articleSection":["Jongste nuus","Mediaverklarings"],"inLanguage":"af-ZA"},{"@type":"WebPage","@id":"https:\/\/www.vfplus.org.za\/af\/jongste-nuus\/basiese-onderwys-se-komiteevoorsitter-wys-hoekom-bela-nie-vertrou-kan-word\/","url":"https:\/\/www.vfplus.org.za\/af\/jongste-nuus\/basiese-onderwys-se-komiteevoorsitter-wys-hoekom-bela-nie-vertrou-kan-word\/","name":"Basiese onderwys se komiteevoorsitter wys hoekom Bela nie vertrou kan word | Vryheidsfront Plus","isPartOf":{"@id":"https:\/\/www.vfplus.org.za\/af\/#website"},"primaryImageOfPage":{"@id":"https:\/\/www.vfplus.org.za\/af\/jongste-nuus\/basiese-onderwys-se-komiteevoorsitter-wys-hoekom-bela-nie-vertrou-kan-word\/#primaryimage"},"image":{"@id":"https:\/\/www.vfplus.org.za\/af\/jongste-nuus\/basiese-onderwys-se-komiteevoorsitter-wys-hoekom-bela-nie-vertrou-kan-word\/#primaryimage"},"thumbnailUrl":"https:\/\/www.vfplus.org.za\/wp-content\/uploads\/2024\/10\/freedomfront_plus_Basiese-onderwys-se-komiteevoorsitter-wys-hoekom-Bela-nie-vertrou-kan-word.png","datePublished":"2024-10-10T13:29:30+00:00","dateModified":"2024-10-10T13:29:38+00:00","description":"Terwyl die VF Plus en talle ander organisasies saam met skoolhoofde en skoolbeheerliggame \u0149 aksieberaad oor die Bela-wet bygewoon het, het die voorsitter","breadcrumb":{"@id":"https:\/\/www.vfplus.org.za\/af\/jongste-nuus\/basiese-onderwys-se-komiteevoorsitter-wys-hoekom-bela-nie-vertrou-kan-word\/#breadcrumb"},"inLanguage":"af-ZA","potentialAction":[{"@type":"ReadAction","target":["https:\/\/www.vfplus.org.za\/af\/jongste-nuus\/basiese-onderwys-se-komiteevoorsitter-wys-hoekom-bela-nie-vertrou-kan-word\/"]}]},{"@type":"ImageObject","inLanguage":"af-ZA","@id":"https:\/\/www.vfplus.org.za\/af\/jongste-nuus\/basiese-onderwys-se-komiteevoorsitter-wys-hoekom-bela-nie-vertrou-kan-word\/#primaryimage","url":"https:\/\/www.vfplus.org.za\/wp-content\/uploads\/2024\/10\/freedomfront_plus_Basiese-onderwys-se-komiteevoorsitter-wys-hoekom-Bela-nie-vertrou-kan-word.png","contentUrl":"https:\/\/www.vfplus.org.za\/wp-content\/uploads\/2024\/10\/freedomfront_plus_Basiese-onderwys-se-komiteevoorsitter-wys-hoekom-Bela-nie-vertrou-kan-word.png","width":1024,"height":768},{"@type":"BreadcrumbList","@id":"https:\/\/www.vfplus.org.za\/af\/jongste-nuus\/basiese-onderwys-se-komiteevoorsitter-wys-hoekom-bela-nie-vertrou-kan-word\/#breadcrumb","itemListElement":[{"@type":"ListItem","position":1,"name":"Tuis","item":"https:\/\/www.vfplus.org.za\/af\/"},{"@type":"ListItem","position":2,"name":"Basiese onderwys se komiteevoorsitter wys hoekom Bela nie vertrou kan word"}]},{"@type":"WebSite","@id":"https:\/\/www.vfplus.org.za\/af\/#website","url":"https:\/\/www.vfplus.org.za\/af\/","name":"Freedom Front Plus","description":"Stand Up | Stand Together | Stand Strong","publisher":{"@id":"https:\/\/www.vfplus.org.za\/af\/#organization"},"potentialAction":[{"@type":"SearchAction","target":{"@type":"EntryPoint","urlTemplate":"https:\/\/www.vfplus.org.za\/af\/?s={search_term_string}"},"query-input":{"@type":"PropertyValueSpecification","valueRequired":true,"valueName":"search_term_string"}}],"inLanguage":"af-ZA"},{"@type":"Organization","@id":"https:\/\/www.vfplus.org.za\/af\/#organization","name":"Vryheidsfront Plus","alternateName":"VF Plus","url":"https:\/\/www.vfplus.org.za\/af\/","logo":{"@type":"ImageObject","inLanguage":"af-ZA","@id":"https:\/\/www.vfplus.org.za\/af\/#\/schema\/logo\/image\/","url":"https:\/\/www.vfplus.org.za\/wp-content\/uploads\/2022\/11\/vfplus-logo-01.png","contentUrl":"https:\/\/www.vfplus.org.za\/wp-content\/uploads\/2022\/11\/vfplus-logo-01.png","width":130,"height":130,"caption":"Vryheidsfront Plus"},"image":{"@id":"https:\/\/www.vfplus.org.za\/af\/#\/schema\/logo\/image\/"},"sameAs":["https:\/\/www.facebook.com\/VFplus?fref=ts","https:\/\/x.com\/VFplus","https:\/\/www.instagram.com\/vfplus_ffplus\/?hl=en","https:\/\/www.youtube.com\/user\/VRYHEIDSFRONTplus"]},{"@type":"Person","@id":"https:\/\/www.vfplus.org.za\/af\/#\/schema\/person\/586f0afab50af05619e266b15e940c45","name":"Dr Wynand Boshoff","image":{"@type":"ImageObject","inLanguage":"af-ZA","@id":"https:\/\/www.vfplus.org.za\/wp-content\/uploads\/2023\/01\/freedom-front-plus-leadership-wynand-boschoff-01.jpgc7614ff088e83becc8f285193d701758","url":"https:\/\/www.vfplus.org.za\/wp-content\/uploads\/2023\/01\/freedom-front-plus-leadership-wynand-boschoff-01.jpg","contentUrl":"https:\/\/www.vfplus.org.za\/wp-content\/uploads\/2023\/01\/freedom-front-plus-leadership-wynand-boschoff-01.jpg","caption":"Dr Wynand Boshoff"},"url":"https:\/\/www.vfplus.org.za\/af\/author\/dr-wynand-boshoff\/"}]}},"authors":[{"term_id":89,"user_id":6,"is_guest":0,"slug":"dr-wynand-boshoff","display_name":"Dr Wynand Boshoff","avatar_url":{"url":"https:\/\/www.vfplus.org.za\/wp-content\/uploads\/2023\/01\/freedom-front-plus-leadership-wynand-boschoff-01.jpg","url2x":"https:\/\/www.vfplus.org.za\/wp-content\/uploads\/2023\/01\/freedom-front-plus-leadership-wynand-boschoff-01.jpg"},"author_category":"","user_url":"","last_name":"","first_name":"Dr. Wynand Boshoff","job_title":"","description":""}],"_links":{"self":[{"href":"https:\/\/www.vfplus.org.za\/af\/wp-json\/wp\/v2\/posts\/77401","targetHints":{"allow":["GET"]}}],"collection":[{"href":"https:\/\/www.vfplus.org.za\/af\/wp-json\/wp\/v2\/posts"}],"about":[{"href":"https:\/\/www.vfplus.org.za\/af\/wp-json\/wp\/v2\/types\/post"}],"author":[{"embeddable":true,"href":"https:\/\/www.vfplus.org.za\/af\/wp-json\/wp\/v2\/users\/6"}],"replies":[{"embeddable":true,"href":"https:\/\/www.vfplus.org.za\/af\/wp-json\/wp\/v2\/comments?post=77401"}],"version-history":[{"count":1,"href":"https:\/\/www.vfplus.org.za\/af\/wp-json\/wp\/v2\/posts\/77401\/revisions"}],"predecessor-version":[{"id":77404,"href":"https:\/\/www.vfplus.org.za\/af\/wp-json\/wp\/v2\/posts\/77401\/revisions\/77404"}],"wp:featuredmedia":[{"embeddable":true,"href":"https:\/\/www.vfplus.org.za\/af\/wp-json\/wp\/v2\/media\/77402"}],"wp:attachment":[{"href":"https:\/\/www.vfplus.org.za\/af\/wp-json\/wp\/v2\/media?parent=77401"}],"wp:term":[{"taxonomy":"category","embeddable":true,"href":"https:\/\/www.vfplus.org.za\/af\/wp-json\/wp\/v2\/categories?post=77401"},{"taxonomy":"post_tag","embeddable":true,"href":"https:\/\/www.vfplus.org.za\/af\/wp-json\/wp\/v2\/tags?post=77401"},{"taxonomy":"author","embeddable":true,"href":"https:\/\/www.vfplus.org.za\/af\/wp-json\/wp\/v2\/ppma_author?post=77401"}],"curies":[{"name":"wp","href":"https:\/\/api.w.org\/{rel}","templated":true}]}}