{"id":77383,"date":"2024-10-09T14:33:55","date_gmt":"2024-10-09T12:33:55","guid":{"rendered":"https:\/\/www.vfplus.org.za\/?p=77383"},"modified":"2024-10-09T14:33:59","modified_gmt":"2024-10-09T12:33:59","slug":"regeringsverandering-is-hartseerdag-vir-tshwane-metro-se-inwoners","status":"publish","type":"post","link":"https:\/\/www.vfplus.org.za\/af\/jongste-nuus\/regeringsverandering-is-hartseerdag-vir-tshwane-metro-se-inwoners\/","title":{"rendered":"Regeringsverandering is hartseerdag vir Tshwane-metro se inwoners"},"content":{"rendered":"\n<p class=\"wp-block-paragraph\">\u0149 Hartseerdag het aangebreek vir die inwoners van die Tshwane-metro met die verkiesing van dr. Nisiphi Moya van ActionSA as die nuwe burgemeester.<\/p>\n\n\n\n<p class=\"wp-block-paragraph\">ActionSA se deurlopende oneerlikheid in die aangeleentheid bedreig nou die stabiliteit van die metro deur dit in die hande van \u0149 regering te plaas wat hom voorheen reeds as onbevoeg bewys het.<\/p>\n\n\n\n<p class=\"wp-block-paragraph\">Die vorige koalisieregering, waarvan die VF Plus deel was, het hard gewerk om Tshwane te herstel en te bou en dit is te bevraagteken of die nuwe regeerders daarmee sal voortgaan.<\/p>\n\n\n\n<p class=\"wp-block-paragraph\">Daar hang ook vrae oor die vermo\u00eb van die nuwe burgemeester om die metro se finansies te help bestuur.<\/p>\n\n\n\n<p class=\"wp-block-paragraph\">Sy het by &#8216;n vorige geleentheid eers geld wat sy onregmatig as amptenaar van die metro vir reis- en verblyftoelae ontvang het, terugbetaal nadat dit aan die lig gekom het.<\/p>\n\n\n\n<p class=\"wp-block-paragraph\">Indien \u0149 burgmeester nie eens eerlik kan wees oor \u0149 bedrag van R10 000 nie, moet daar kommer bestaan oor die begroting van \u0149 metro van Tshwane se omvang.<\/p>\n\n\n\n<p class=\"wp-block-paragraph\">Dreigemente dat daar ontslae geraak gaan word van senior amptenare wat die metro help omdraai het, voorspel ook niks goed nie.<\/p>\n\n\n\n<p class=\"wp-block-paragraph\">Die VF Plus wil die inwoners van Tshwane verseker dat die party harder as ooit sal werk om vanuit die opposisiebanke \u0149 wakende oog te hou oor die nuwe regering en hom tot verantwoording te roep waar nodig.<\/p>\n","protected":false},"excerpt":{"rendered":"<p>\u0149 Hartseerdag het aangebreek vir die inwoners van die Tshwane-metro met die verkiesing van dr. Nisiphi Moya van ActionSA as die nuwe burgemeester. ActionSA se deurlopende oneerlikheid in die aangeleentheid bedreig nou die stabiliteit van die metro deur dit in die hande van \u0149 regering te plaas wat hom voorheen reeds as onbevoeg bewys het. [&hellip;]<\/p>\n","protected":false},"author":5,"featured_media":77384,"comment_status":"closed","ping_status":"closed","sticky":false,"template":"","format":"standard","meta":{"_acf_changed":false,"_relevanssi_hide_post":"","_relevanssi_hide_content":"","_relevanssi_pin_for_all":"","_relevanssi_pin_keywords":"","_relevanssi_unpin_keywords":"","_relevanssi_related_keywords":"","_relevanssi_related_include_ids":"","_relevanssi_related_exclude_ids":"","_relevanssi_related_no_append":"","_relevanssi_related_not_related":"","_relevanssi_related_posts":"60828,62768,63251,60089,60339,59508","_relevanssi_noindex_reason":"","footnotes":""},"categories":[74,100],"tags":[],"ppma_author":[312],"class_list":["post-77383","post","type-post","status-publish","format-standard","has-post-thumbnail","hentry","category-jongste-nuus","category-mediaverklarings"],"acf":[],"yoast_head":"<!-- This site is optimized with the Yoast SEO plugin v28.3 - https:\/\/yoast.com\/product\/yoast-seo-wordpress\/ -->\n<title>Regeringsverandering is hartseerdag vir Tshwane-metro se inwoners | Vryheidsfront Plus<\/title>\n<meta name=\"description\" content=\"\u0149 Hartseerdag het aangebreek vir die inwoners van die Tshwane-metro met die verkiesing van dr. Nisiphi Moya van ActionSA as die nuwe burgemeester.\" \/>\n<meta name=\"robots\" content=\"index, follow, max-snippet:-1, max-image-preview:large, max-video-preview:-1\" \/>\n<link rel=\"canonical\" href=\"https:\/\/www.vfplus.org.za\/af\/jongste-nuus\/regeringsverandering-is-hartseerdag-vir-tshwane-metro-se-inwoners\/\" \/>\n<meta property=\"og:locale\" content=\"af_ZA\" \/>\n<meta property=\"og:type\" content=\"article\" \/>\n<meta property=\"og:title\" content=\"Regeringsverandering is hartseerdag vir Tshwane-metro se inwoners | Vryheidsfront Plus\" \/>\n<meta property=\"og:description\" content=\"\u0149 Hartseerdag het aangebreek vir die inwoners van die Tshwane-metro met die verkiesing van dr. Nisiphi Moya van ActionSA as die nuwe burgemeester.\" \/>\n<meta property=\"og:url\" content=\"https:\/\/www.vfplus.org.za\/af\/jongste-nuus\/regeringsverandering-is-hartseerdag-vir-tshwane-metro-se-inwoners\/\" \/>\n<meta property=\"og:site_name\" content=\"Vryheidsfront Plus\" \/>\n<meta property=\"article:publisher\" content=\"https:\/\/www.facebook.com\/VFplus?fref=ts\" \/>\n<meta property=\"article:published_time\" content=\"2024-10-09T12:33:55+00:00\" \/>\n<meta property=\"article:modified_time\" content=\"2024-10-09T12:33:59+00:00\" \/>\n<meta property=\"og:image\" content=\"https:\/\/www.vfplus.org.za\/wp-content\/uploads\/2024\/10\/freedomfront_plus_Regeringsverandering-is-hartseerdag-vir-Tshwane-metro-se-inwoners.png\" \/>\n\t<meta property=\"og:image:width\" content=\"1024\" \/>\n\t<meta property=\"og:image:height\" content=\"768\" \/>\n\t<meta property=\"og:image:type\" content=\"image\/png\" \/>\n<meta name=\"author\" content=\"Grandi Theunissen\" \/>\n<meta name=\"twitter:card\" content=\"summary_large_image\" \/>\n<meta name=\"twitter:creator\" content=\"@VFplus\" \/>\n<meta name=\"twitter:site\" content=\"@VFplus\" \/>\n<meta name=\"twitter:label1\" content=\"Written by\" \/>\n\t<meta name=\"twitter:data1\" content=\"brand_candy_amy\" \/>\n\t<meta name=\"twitter:label2\" content=\"Est. reading time\" \/>\n\t<meta name=\"twitter:data2\" content=\"2 minutes\" \/>\n<script type=\"application\/ld+json\" class=\"yoast-schema-graph\">{\"@context\":\"https:\\\/\\\/schema.org\",\"@graph\":[{\"@type\":\"Article\",\"@id\":\"https:\\\/\\\/www.vfplus.org.za\\\/af\\\/jongste-nuus\\\/regeringsverandering-is-hartseerdag-vir-tshwane-metro-se-inwoners\\\/#article\",\"isPartOf\":{\"@id\":\"https:\\\/\\\/www.vfplus.org.za\\\/af\\\/jongste-nuus\\\/regeringsverandering-is-hartseerdag-vir-tshwane-metro-se-inwoners\\\/\"},\"author\":{\"name\":\"brand_candy_amy\",\"@id\":\"https:\\\/\\\/www.vfplus.org.za\\\/af\\\/#\\\/schema\\\/person\\\/2c3e703fc713d95efd7b7bf7b34646f4\"},\"headline\":\"Regeringsverandering is hartseerdag vir Tshwane-metro se inwoners\",\"datePublished\":\"2024-10-09T12:33:55+00:00\",\"dateModified\":\"2024-10-09T12:33:59+00:00\",\"mainEntityOfPage\":{\"@id\":\"https:\\\/\\\/www.vfplus.org.za\\\/af\\\/jongste-nuus\\\/regeringsverandering-is-hartseerdag-vir-tshwane-metro-se-inwoners\\\/\"},\"wordCount\":223,\"publisher\":{\"@id\":\"https:\\\/\\\/www.vfplus.org.za\\\/af\\\/#organization\"},\"image\":{\"@id\":\"https:\\\/\\\/www.vfplus.org.za\\\/af\\\/jongste-nuus\\\/regeringsverandering-is-hartseerdag-vir-tshwane-metro-se-inwoners\\\/#primaryimage\"},\"thumbnailUrl\":\"https:\\\/\\\/www.vfplus.org.za\\\/wp-content\\\/uploads\\\/2024\\\/10\\\/freedomfront_plus_Regeringsverandering-is-hartseerdag-vir-Tshwane-metro-se-inwoners.png\",\"articleSection\":[\"Jongste nuus\",\"Mediaverklarings\"],\"inLanguage\":\"af-ZA\"},{\"@type\":\"WebPage\",\"@id\":\"https:\\\/\\\/www.vfplus.org.za\\\/af\\\/jongste-nuus\\\/regeringsverandering-is-hartseerdag-vir-tshwane-metro-se-inwoners\\\/\",\"url\":\"https:\\\/\\\/www.vfplus.org.za\\\/af\\\/jongste-nuus\\\/regeringsverandering-is-hartseerdag-vir-tshwane-metro-se-inwoners\\\/\",\"name\":\"Regeringsverandering is hartseerdag vir Tshwane-metro se inwoners | Vryheidsfront Plus\",\"isPartOf\":{\"@id\":\"https:\\\/\\\/www.vfplus.org.za\\\/af\\\/#website\"},\"primaryImageOfPage\":{\"@id\":\"https:\\\/\\\/www.vfplus.org.za\\\/af\\\/jongste-nuus\\\/regeringsverandering-is-hartseerdag-vir-tshwane-metro-se-inwoners\\\/#primaryimage\"},\"image\":{\"@id\":\"https:\\\/\\\/www.vfplus.org.za\\\/af\\\/jongste-nuus\\\/regeringsverandering-is-hartseerdag-vir-tshwane-metro-se-inwoners\\\/#primaryimage\"},\"thumbnailUrl\":\"https:\\\/\\\/www.vfplus.org.za\\\/wp-content\\\/uploads\\\/2024\\\/10\\\/freedomfront_plus_Regeringsverandering-is-hartseerdag-vir-Tshwane-metro-se-inwoners.png\",\"datePublished\":\"2024-10-09T12:33:55+00:00\",\"dateModified\":\"2024-10-09T12:33:59+00:00\",\"description\":\"\u0149 Hartseerdag het aangebreek vir die inwoners van die Tshwane-metro met die verkiesing van dr. Nisiphi Moya van ActionSA as die nuwe burgemeester.\",\"breadcrumb\":{\"@id\":\"https:\\\/\\\/www.vfplus.org.za\\\/af\\\/jongste-nuus\\\/regeringsverandering-is-hartseerdag-vir-tshwane-metro-se-inwoners\\\/#breadcrumb\"},\"inLanguage\":\"af-ZA\",\"potentialAction\":[{\"@type\":\"ReadAction\",\"target\":[\"https:\\\/\\\/www.vfplus.org.za\\\/af\\\/jongste-nuus\\\/regeringsverandering-is-hartseerdag-vir-tshwane-metro-se-inwoners\\\/\"]}]},{\"@type\":\"ImageObject\",\"inLanguage\":\"af-ZA\",\"@id\":\"https:\\\/\\\/www.vfplus.org.za\\\/af\\\/jongste-nuus\\\/regeringsverandering-is-hartseerdag-vir-tshwane-metro-se-inwoners\\\/#primaryimage\",\"url\":\"https:\\\/\\\/www.vfplus.org.za\\\/wp-content\\\/uploads\\\/2024\\\/10\\\/freedomfront_plus_Regeringsverandering-is-hartseerdag-vir-Tshwane-metro-se-inwoners.png\",\"contentUrl\":\"https:\\\/\\\/www.vfplus.org.za\\\/wp-content\\\/uploads\\\/2024\\\/10\\\/freedomfront_plus_Regeringsverandering-is-hartseerdag-vir-Tshwane-metro-se-inwoners.png\",\"width\":1024,\"height\":768},{\"@type\":\"BreadcrumbList\",\"@id\":\"https:\\\/\\\/www.vfplus.org.za\\\/af\\\/jongste-nuus\\\/regeringsverandering-is-hartseerdag-vir-tshwane-metro-se-inwoners\\\/#breadcrumb\",\"itemListElement\":[{\"@type\":\"ListItem\",\"position\":1,\"name\":\"Tuis\",\"item\":\"https:\\\/\\\/www.vfplus.org.za\\\/af\\\/\"},{\"@type\":\"ListItem\",\"position\":2,\"name\":\"Regeringsverandering is hartseerdag vir Tshwane-metro se inwoners\"}]},{\"@type\":\"WebSite\",\"@id\":\"https:\\\/\\\/www.vfplus.org.za\\\/af\\\/#website\",\"url\":\"https:\\\/\\\/www.vfplus.org.za\\\/af\\\/\",\"name\":\"Freedom Front Plus\",\"description\":\"Stand Up | Stand Together | Stand Strong\",\"publisher\":{\"@id\":\"https:\\\/\\\/www.vfplus.org.za\\\/af\\\/#organization\"},\"potentialAction\":[{\"@type\":\"SearchAction\",\"target\":{\"@type\":\"EntryPoint\",\"urlTemplate\":\"https:\\\/\\\/www.vfplus.org.za\\\/af\\\/?s={search_term_string}\"},\"query-input\":{\"@type\":\"PropertyValueSpecification\",\"valueRequired\":true,\"valueName\":\"search_term_string\"}}],\"inLanguage\":\"af-ZA\"},{\"@type\":\"Organization\",\"@id\":\"https:\\\/\\\/www.vfplus.org.za\\\/af\\\/#organization\",\"name\":\"Vryheidsfront Plus\",\"alternateName\":\"VF Plus\",\"url\":\"https:\\\/\\\/www.vfplus.org.za\\\/af\\\/\",\"logo\":{\"@type\":\"ImageObject\",\"inLanguage\":\"af-ZA\",\"@id\":\"https:\\\/\\\/www.vfplus.org.za\\\/af\\\/#\\\/schema\\\/logo\\\/image\\\/\",\"url\":\"https:\\\/\\\/www.vfplus.org.za\\\/wp-content\\\/uploads\\\/2022\\\/11\\\/vfplus-logo-01.png\",\"contentUrl\":\"https:\\\/\\\/www.vfplus.org.za\\\/wp-content\\\/uploads\\\/2022\\\/11\\\/vfplus-logo-01.png\",\"width\":130,\"height\":130,\"caption\":\"Vryheidsfront Plus\"},\"image\":{\"@id\":\"https:\\\/\\\/www.vfplus.org.za\\\/af\\\/#\\\/schema\\\/logo\\\/image\\\/\"},\"sameAs\":[\"https:\\\/\\\/www.facebook.com\\\/VFplus?fref=ts\",\"https:\\\/\\\/x.com\\\/VFplus\",\"https:\\\/\\\/www.instagram.com\\\/vfplus_ffplus\\\/?hl=en\",\"https:\\\/\\\/www.youtube.com\\\/user\\\/VRYHEIDSFRONTplus\"]},{\"@type\":\"Person\",\"@id\":\"https:\\\/\\\/www.vfplus.org.za\\\/af\\\/#\\\/schema\\\/person\\\/2c3e703fc713d95efd7b7bf7b34646f4\",\"name\":\"brand_candy_amy\",\"image\":{\"@type\":\"ImageObject\",\"inLanguage\":\"af-ZA\",\"@id\":\"https:\\\/\\\/secure.gravatar.com\\\/avatar\\\/d295c22bd41c5cb61e8aa7fcafe90d2d2302363bc123897b40165ee0165d4f6b?s=96&d=mm&r=g45c99b902ec3fd12cf6977a6b6edf27a\",\"url\":\"https:\\\/\\\/secure.gravatar.com\\\/avatar\\\/d295c22bd41c5cb61e8aa7fcafe90d2d2302363bc123897b40165ee0165d4f6b?s=96&d=mm&r=g\",\"contentUrl\":\"https:\\\/\\\/secure.gravatar.com\\\/avatar\\\/d295c22bd41c5cb61e8aa7fcafe90d2d2302363bc123897b40165ee0165d4f6b?s=96&d=mm&r=g\",\"caption\":\"brand_candy_amy\"},\"sameAs\":[\"https:\\\/\\\/brandcandy.co.za\"],\"url\":\"https:\\\/\\\/www.vfplus.org.za\\\/af\\\/author\\\/brand_candy_amy\\\/\"}]}<\/script>\n<!-- \/ Yoast SEO plugin. -->","yoast_head_json":{"title":"Regeringsverandering is hartseerdag vir Tshwane-metro se inwoners | Vryheidsfront Plus","description":"\u0149 Hartseerdag het aangebreek vir die inwoners van die Tshwane-metro met die verkiesing van dr. Nisiphi Moya van ActionSA as die nuwe burgemeester.","robots":{"index":"index","follow":"follow","max-snippet":"max-snippet:-1","max-image-preview":"max-image-preview:large","max-video-preview":"max-video-preview:-1"},"canonical":"https:\/\/www.vfplus.org.za\/af\/jongste-nuus\/regeringsverandering-is-hartseerdag-vir-tshwane-metro-se-inwoners\/","og_locale":"af_ZA","og_type":"article","og_title":"Regeringsverandering is hartseerdag vir Tshwane-metro se inwoners | Vryheidsfront Plus","og_description":"\u0149 Hartseerdag het aangebreek vir die inwoners van die Tshwane-metro met die verkiesing van dr. Nisiphi Moya van ActionSA as die nuwe burgemeester.","og_url":"https:\/\/www.vfplus.org.za\/af\/jongste-nuus\/regeringsverandering-is-hartseerdag-vir-tshwane-metro-se-inwoners\/","og_site_name":"Vryheidsfront Plus","article_publisher":"https:\/\/www.facebook.com\/VFplus?fref=ts","article_published_time":"2024-10-09T12:33:55+00:00","article_modified_time":"2024-10-09T12:33:59+00:00","og_image":[{"width":1024,"height":768,"url":"https:\/\/www.vfplus.org.za\/wp-content\/uploads\/2024\/10\/freedomfront_plus_Regeringsverandering-is-hartseerdag-vir-Tshwane-metro-se-inwoners.png","type":"image\/png"}],"author":"Grandi Theunissen","twitter_card":"summary_large_image","twitter_creator":"@VFplus","twitter_site":"@VFplus","twitter_misc":{"Written by":"brand_candy_amy","Est. reading time":"2 minutes"},"schema":{"@context":"https:\/\/schema.org","@graph":[{"@type":"Article","@id":"https:\/\/www.vfplus.org.za\/af\/jongste-nuus\/regeringsverandering-is-hartseerdag-vir-tshwane-metro-se-inwoners\/#article","isPartOf":{"@id":"https:\/\/www.vfplus.org.za\/af\/jongste-nuus\/regeringsverandering-is-hartseerdag-vir-tshwane-metro-se-inwoners\/"},"author":{"name":"brand_candy_amy","@id":"https:\/\/www.vfplus.org.za\/af\/#\/schema\/person\/2c3e703fc713d95efd7b7bf7b34646f4"},"headline":"Regeringsverandering is hartseerdag vir Tshwane-metro se inwoners","datePublished":"2024-10-09T12:33:55+00:00","dateModified":"2024-10-09T12:33:59+00:00","mainEntityOfPage":{"@id":"https:\/\/www.vfplus.org.za\/af\/jongste-nuus\/regeringsverandering-is-hartseerdag-vir-tshwane-metro-se-inwoners\/"},"wordCount":223,"publisher":{"@id":"https:\/\/www.vfplus.org.za\/af\/#organization"},"image":{"@id":"https:\/\/www.vfplus.org.za\/af\/jongste-nuus\/regeringsverandering-is-hartseerdag-vir-tshwane-metro-se-inwoners\/#primaryimage"},"thumbnailUrl":"https:\/\/www.vfplus.org.za\/wp-content\/uploads\/2024\/10\/freedomfront_plus_Regeringsverandering-is-hartseerdag-vir-Tshwane-metro-se-inwoners.png","articleSection":["Jongste nuus","Mediaverklarings"],"inLanguage":"af-ZA"},{"@type":"WebPage","@id":"https:\/\/www.vfplus.org.za\/af\/jongste-nuus\/regeringsverandering-is-hartseerdag-vir-tshwane-metro-se-inwoners\/","url":"https:\/\/www.vfplus.org.za\/af\/jongste-nuus\/regeringsverandering-is-hartseerdag-vir-tshwane-metro-se-inwoners\/","name":"Regeringsverandering is hartseerdag vir Tshwane-metro se inwoners | Vryheidsfront Plus","isPartOf":{"@id":"https:\/\/www.vfplus.org.za\/af\/#website"},"primaryImageOfPage":{"@id":"https:\/\/www.vfplus.org.za\/af\/jongste-nuus\/regeringsverandering-is-hartseerdag-vir-tshwane-metro-se-inwoners\/#primaryimage"},"image":{"@id":"https:\/\/www.vfplus.org.za\/af\/jongste-nuus\/regeringsverandering-is-hartseerdag-vir-tshwane-metro-se-inwoners\/#primaryimage"},"thumbnailUrl":"https:\/\/www.vfplus.org.za\/wp-content\/uploads\/2024\/10\/freedomfront_plus_Regeringsverandering-is-hartseerdag-vir-Tshwane-metro-se-inwoners.png","datePublished":"2024-10-09T12:33:55+00:00","dateModified":"2024-10-09T12:33:59+00:00","description":"\u0149 Hartseerdag het aangebreek vir die inwoners van die Tshwane-metro met die verkiesing van dr. Nisiphi Moya van ActionSA as die nuwe burgemeester.","breadcrumb":{"@id":"https:\/\/www.vfplus.org.za\/af\/jongste-nuus\/regeringsverandering-is-hartseerdag-vir-tshwane-metro-se-inwoners\/#breadcrumb"},"inLanguage":"af-ZA","potentialAction":[{"@type":"ReadAction","target":["https:\/\/www.vfplus.org.za\/af\/jongste-nuus\/regeringsverandering-is-hartseerdag-vir-tshwane-metro-se-inwoners\/"]}]},{"@type":"ImageObject","inLanguage":"af-ZA","@id":"https:\/\/www.vfplus.org.za\/af\/jongste-nuus\/regeringsverandering-is-hartseerdag-vir-tshwane-metro-se-inwoners\/#primaryimage","url":"https:\/\/www.vfplus.org.za\/wp-content\/uploads\/2024\/10\/freedomfront_plus_Regeringsverandering-is-hartseerdag-vir-Tshwane-metro-se-inwoners.png","contentUrl":"https:\/\/www.vfplus.org.za\/wp-content\/uploads\/2024\/10\/freedomfront_plus_Regeringsverandering-is-hartseerdag-vir-Tshwane-metro-se-inwoners.png","width":1024,"height":768},{"@type":"BreadcrumbList","@id":"https:\/\/www.vfplus.org.za\/af\/jongste-nuus\/regeringsverandering-is-hartseerdag-vir-tshwane-metro-se-inwoners\/#breadcrumb","itemListElement":[{"@type":"ListItem","position":1,"name":"Tuis","item":"https:\/\/www.vfplus.org.za\/af\/"},{"@type":"ListItem","position":2,"name":"Regeringsverandering is hartseerdag vir Tshwane-metro se inwoners"}]},{"@type":"WebSite","@id":"https:\/\/www.vfplus.org.za\/af\/#website","url":"https:\/\/www.vfplus.org.za\/af\/","name":"Freedom Front Plus","description":"Stand Up | Stand Together | Stand Strong","publisher":{"@id":"https:\/\/www.vfplus.org.za\/af\/#organization"},"potentialAction":[{"@type":"SearchAction","target":{"@type":"EntryPoint","urlTemplate":"https:\/\/www.vfplus.org.za\/af\/?s={search_term_string}"},"query-input":{"@type":"PropertyValueSpecification","valueRequired":true,"valueName":"search_term_string"}}],"inLanguage":"af-ZA"},{"@type":"Organization","@id":"https:\/\/www.vfplus.org.za\/af\/#organization","name":"Vryheidsfront Plus","alternateName":"VF Plus","url":"https:\/\/www.vfplus.org.za\/af\/","logo":{"@type":"ImageObject","inLanguage":"af-ZA","@id":"https:\/\/www.vfplus.org.za\/af\/#\/schema\/logo\/image\/","url":"https:\/\/www.vfplus.org.za\/wp-content\/uploads\/2022\/11\/vfplus-logo-01.png","contentUrl":"https:\/\/www.vfplus.org.za\/wp-content\/uploads\/2022\/11\/vfplus-logo-01.png","width":130,"height":130,"caption":"Vryheidsfront Plus"},"image":{"@id":"https:\/\/www.vfplus.org.za\/af\/#\/schema\/logo\/image\/"},"sameAs":["https:\/\/www.facebook.com\/VFplus?fref=ts","https:\/\/x.com\/VFplus","https:\/\/www.instagram.com\/vfplus_ffplus\/?hl=en","https:\/\/www.youtube.com\/user\/VRYHEIDSFRONTplus"]},{"@type":"Person","@id":"https:\/\/www.vfplus.org.za\/af\/#\/schema\/person\/2c3e703fc713d95efd7b7bf7b34646f4","name":"brand_candy_amy","image":{"@type":"ImageObject","inLanguage":"af-ZA","@id":"https:\/\/secure.gravatar.com\/avatar\/d295c22bd41c5cb61e8aa7fcafe90d2d2302363bc123897b40165ee0165d4f6b?s=96&d=mm&r=g45c99b902ec3fd12cf6977a6b6edf27a","url":"https:\/\/secure.gravatar.com\/avatar\/d295c22bd41c5cb61e8aa7fcafe90d2d2302363bc123897b40165ee0165d4f6b?s=96&d=mm&r=g","contentUrl":"https:\/\/secure.gravatar.com\/avatar\/d295c22bd41c5cb61e8aa7fcafe90d2d2302363bc123897b40165ee0165d4f6b?s=96&d=mm&r=g","caption":"brand_candy_amy"},"sameAs":["https:\/\/brandcandy.co.za"],"url":"https:\/\/www.vfplus.org.za\/af\/author\/brand_candy_amy\/"}]}},"authors":[{"term_id":312,"user_id":0,"is_guest":1,"slug":"grandi-theunissen","display_name":"Grandi Theunissen","avatar_url":{"url":"https:\/\/www.vfplus.org.za\/wp-content\/uploads\/2023\/08\/freedomfront-plus-author-grandi-theunissen-city-of-tswane.jpg-e1694694313835.png","url2x":"https:\/\/www.vfplus.org.za\/wp-content\/uploads\/2023\/08\/freedomfront-plus-author-grandi-theunissen-city-of-tswane.jpg-e1694694313835.png"},"author_category":"","user_url":"","last_name":"","first_name":"","job_title":"","description":""}],"_links":{"self":[{"href":"https:\/\/www.vfplus.org.za\/af\/wp-json\/wp\/v2\/posts\/77383","targetHints":{"allow":["GET"]}}],"collection":[{"href":"https:\/\/www.vfplus.org.za\/af\/wp-json\/wp\/v2\/posts"}],"about":[{"href":"https:\/\/www.vfplus.org.za\/af\/wp-json\/wp\/v2\/types\/post"}],"author":[{"embeddable":true,"href":"https:\/\/www.vfplus.org.za\/af\/wp-json\/wp\/v2\/users\/5"}],"replies":[{"embeddable":true,"href":"https:\/\/www.vfplus.org.za\/af\/wp-json\/wp\/v2\/comments?post=77383"}],"version-history":[{"count":1,"href":"https:\/\/www.vfplus.org.za\/af\/wp-json\/wp\/v2\/posts\/77383\/revisions"}],"predecessor-version":[{"id":77386,"href":"https:\/\/www.vfplus.org.za\/af\/wp-json\/wp\/v2\/posts\/77383\/revisions\/77386"}],"wp:featuredmedia":[{"embeddable":true,"href":"https:\/\/www.vfplus.org.za\/af\/wp-json\/wp\/v2\/media\/77384"}],"wp:attachment":[{"href":"https:\/\/www.vfplus.org.za\/af\/wp-json\/wp\/v2\/media?parent=77383"}],"wp:term":[{"taxonomy":"category","embeddable":true,"href":"https:\/\/www.vfplus.org.za\/af\/wp-json\/wp\/v2\/categories?post=77383"},{"taxonomy":"post_tag","embeddable":true,"href":"https:\/\/www.vfplus.org.za\/af\/wp-json\/wp\/v2\/tags?post=77383"},{"taxonomy":"author","embeddable":true,"href":"https:\/\/www.vfplus.org.za\/af\/wp-json\/wp\/v2\/ppma_author?post=77383"}],"curies":[{"name":"wp","href":"https:\/\/api.w.org\/{rel}","templated":true}]}}