{"id":77333,"date":"2024-10-03T17:41:05","date_gmt":"2024-10-03T15:41:05","guid":{"rendered":"https:\/\/www.vfplus.org.za\/?p=77333"},"modified":"2024-10-03T17:41:12","modified_gmt":"2024-10-03T15:41:12","slug":"parlement-moet-optree-teen-mkhwebane-uitbarsting-en-rassisme","status":"publish","type":"post","link":"https:\/\/www.vfplus.org.za\/af\/jongste-nuus\/parlement-moet-optree-teen-mkhwebane-uitbarsting-en-rassisme\/","title":{"rendered":"Parlement moet optree teen Mkhwebane-uitbarsting en rassisme"},"content":{"rendered":"\n<p class=\"wp-block-paragraph\">Die kritiek en rassistiese uitlatings van die voormalige openbare beskermer (OB) adv. Busisiwe Nkhwebane teenoor onder andere werknemers van die parlement, is skokkend onvanpas en die VF Plus vra in \u0149 skrywe aan die speaker van parlement, me. Thoko Didiza, om gepaste optrede.<\/p>\n\n\n\n<p class=\"wp-block-paragraph\">Mkhwebane is vroe\u00ebr vanjaar deur \u0149 parlement\u00eare artikel 194-proses uit haar amp verwyder en is tans \u0149 parlementslid (LP) van die EFF. Haar tirade op X spruit juis voort uit haar skorsing deur die proses.<\/p>\n\n\n\n<p class=\"wp-block-paragraph\">Dit is veral teen Indiese persone gemik \u2013 van app\u00e8lregter Visvanathan Ponnan wat by die mislukte app\u00e8laansoek teen haar afdanking betrokke was, tot parlement\u00eare amptenare wat by die parlement\u00eare proses betrokke was.<\/p>\n\n\n\n<p class=\"wp-block-paragraph\">Die VF Plus-skrywe aan die speaker lui onder meer:<\/p>\n\n\n\n<p class=\"wp-block-paragraph\">\u201cBuiten vir bewerings teen die voorsittende regter in die app\u00e8lsaak en die getuienisleier, adv. Nazreen Bawa, verwys sy (Mkhwebane) spesifiek in beledigende trant na die integriteit van senior parlement\u00eare personeel, soos die hoofregsadviseur, adv. Zuraya Adikharie en die regsadviseur adv. Fatima Ebrahim. Sy beskuldig hulle van vooroordeel en onprofessionele gedrag.<\/p>\n\n\n\n<p class=\"wp-block-paragraph\">\u201cDit beledig nie net die integriteit van die betrokke persone nie, maar ook di\u00e9 van die parlement en die parlement\u00eare prosesse terwyl sy self &#8216;n lid van die instelling is.<\/p>\n\n\n\n<p class=\"wp-block-paragraph\">\u201cEk en my VF Plus-kollega dr. Corn\u00e9 Mulder het op die artikel 194-komitee gedien en ek kan getuig dat die gedrag van die parlement\u00eare personeel betrokke by die verrigtinge, altyd hoogs professioneel was.<\/p>\n\n\n\n<p class=\"wp-block-paragraph\">\u201cEk versoek daarom dat u haar optrede in hierdie aangeleentheid na die bevoegdhede- en voorregtekomitee verwys ingevolge re\u00ebl 214 (1) van die Nasionale Vergadering (NV).\u201d<\/p>\n\n\n\n<p class=\"wp-block-paragraph\">Die brief word afgesluit deur te s\u00ea dat die VF Plus sterk daarin glo dat rassisme en diskriminasie geen plek in &#8216;n vrye en demokratiese samelewing het nie en dat dit veral nie deur die parlement geduld kan word nie.<\/p>\n","protected":false},"excerpt":{"rendered":"<p>Die kritiek en rassistiese uitlatings van die voormalige openbare beskermer (OB) adv. Busisiwe Nkhwebane teenoor onder andere werknemers van die parlement, is skokkend onvanpas en die VF Plus vra in \u0149 skrywe aan die speaker van parlement, me. Thoko Didiza, om gepaste optrede. Mkhwebane is vroe\u00ebr vanjaar deur \u0149 parlement\u00eare artikel 194-proses uit haar amp [&hellip;]<\/p>\n","protected":false},"author":5,"featured_media":77336,"comment_status":"closed","ping_status":"closed","sticky":false,"template":"","format":"standard","meta":{"_acf_changed":false,"_relevanssi_hide_post":"","_relevanssi_hide_content":"","_relevanssi_pin_for_all":"","_relevanssi_pin_keywords":"","_relevanssi_unpin_keywords":"","_relevanssi_related_keywords":"","_relevanssi_related_include_ids":"","_relevanssi_related_exclude_ids":"","_relevanssi_related_no_append":"","_relevanssi_related_not_related":"","_relevanssi_related_posts":"62170,61967,59841,70797,59974,58385","_relevanssi_noindex_reason":"","footnotes":""},"categories":[74,100],"tags":[],"ppma_author":[305],"class_list":["post-77333","post","type-post","status-publish","format-standard","has-post-thumbnail","hentry","category-jongste-nuus","category-mediaverklarings"],"acf":[],"yoast_head":"<!-- This site is optimized with the Yoast SEO plugin v28.3 - https:\/\/yoast.com\/product\/yoast-seo-wordpress\/ -->\n<title>Parlement moet optree teen Mkhwebane-uitbarsting en rassisme | Vryheidsfront Plus<\/title>\n<meta name=\"description\" content=\"Die kritiek en rassistiese uitlatings van die voormalige openbare beskermer (OB) adv. Busisiwe Nkhwebane teenoor onder andere werknemers van die\" \/>\n<meta name=\"robots\" content=\"index, follow, max-snippet:-1, max-image-preview:large, max-video-preview:-1\" \/>\n<link rel=\"canonical\" href=\"https:\/\/www.vfplus.org.za\/af\/jongste-nuus\/parlement-moet-optree-teen-mkhwebane-uitbarsting-en-rassisme\/\" \/>\n<meta property=\"og:locale\" content=\"af_ZA\" \/>\n<meta property=\"og:type\" content=\"article\" \/>\n<meta property=\"og:title\" content=\"Parlement moet optree teen Mkhwebane-uitbarsting en rassisme | Vryheidsfront Plus\" \/>\n<meta property=\"og:description\" content=\"Die kritiek en rassistiese uitlatings van die voormalige openbare beskermer (OB) adv. Busisiwe Nkhwebane teenoor onder andere werknemers van die\" \/>\n<meta property=\"og:url\" content=\"https:\/\/www.vfplus.org.za\/af\/jongste-nuus\/parlement-moet-optree-teen-mkhwebane-uitbarsting-en-rassisme\/\" \/>\n<meta property=\"og:site_name\" content=\"Vryheidsfront Plus\" \/>\n<meta property=\"article:publisher\" content=\"https:\/\/www.facebook.com\/VFplus?fref=ts\" \/>\n<meta property=\"article:published_time\" content=\"2024-10-03T15:41:05+00:00\" \/>\n<meta property=\"article:modified_time\" content=\"2024-10-03T15:41:12+00:00\" \/>\n<meta property=\"og:image\" content=\"https:\/\/www.vfplus.org.za\/wp-content\/uploads\/2024\/10\/freedomfront_plus_Parlement-moet-optree-teen-Mkhwebane-uitbarsting-en-rassisme.png\" \/>\n\t<meta property=\"og:image:width\" content=\"1024\" \/>\n\t<meta property=\"og:image:height\" content=\"768\" \/>\n\t<meta property=\"og:image:type\" content=\"image\/png\" \/>\n<meta name=\"author\" content=\"Helo\u00efse Denner\" \/>\n<meta name=\"twitter:card\" content=\"summary_large_image\" \/>\n<meta name=\"twitter:creator\" content=\"@VFplus\" \/>\n<meta name=\"twitter:site\" content=\"@VFplus\" \/>\n<meta name=\"twitter:label1\" content=\"Written by\" \/>\n\t<meta name=\"twitter:data1\" content=\"brand_candy_amy\" \/>\n\t<meta name=\"twitter:label2\" content=\"Est. reading time\" \/>\n\t<meta name=\"twitter:data2\" content=\"2 minutes\" \/>\n<script type=\"application\/ld+json\" class=\"yoast-schema-graph\">{\"@context\":\"https:\\\/\\\/schema.org\",\"@graph\":[{\"@type\":\"Article\",\"@id\":\"https:\\\/\\\/www.vfplus.org.za\\\/af\\\/jongste-nuus\\\/parlement-moet-optree-teen-mkhwebane-uitbarsting-en-rassisme\\\/#article\",\"isPartOf\":{\"@id\":\"https:\\\/\\\/www.vfplus.org.za\\\/af\\\/jongste-nuus\\\/parlement-moet-optree-teen-mkhwebane-uitbarsting-en-rassisme\\\/\"},\"author\":{\"name\":\"brand_candy_amy\",\"@id\":\"https:\\\/\\\/www.vfplus.org.za\\\/af\\\/#\\\/schema\\\/person\\\/2c3e703fc713d95efd7b7bf7b34646f4\"},\"headline\":\"Parlement moet optree teen Mkhwebane-uitbarsting en rassisme\",\"datePublished\":\"2024-10-03T15:41:05+00:00\",\"dateModified\":\"2024-10-03T15:41:12+00:00\",\"mainEntityOfPage\":{\"@id\":\"https:\\\/\\\/www.vfplus.org.za\\\/af\\\/jongste-nuus\\\/parlement-moet-optree-teen-mkhwebane-uitbarsting-en-rassisme\\\/\"},\"wordCount\":309,\"publisher\":{\"@id\":\"https:\\\/\\\/www.vfplus.org.za\\\/af\\\/#organization\"},\"image\":{\"@id\":\"https:\\\/\\\/www.vfplus.org.za\\\/af\\\/jongste-nuus\\\/parlement-moet-optree-teen-mkhwebane-uitbarsting-en-rassisme\\\/#primaryimage\"},\"thumbnailUrl\":\"https:\\\/\\\/www.vfplus.org.za\\\/wp-content\\\/uploads\\\/2024\\\/10\\\/freedomfront_plus_Parlement-moet-optree-teen-Mkhwebane-uitbarsting-en-rassisme.png\",\"articleSection\":[\"Jongste nuus\",\"Mediaverklarings\"],\"inLanguage\":\"af-ZA\"},{\"@type\":\"WebPage\",\"@id\":\"https:\\\/\\\/www.vfplus.org.za\\\/af\\\/jongste-nuus\\\/parlement-moet-optree-teen-mkhwebane-uitbarsting-en-rassisme\\\/\",\"url\":\"https:\\\/\\\/www.vfplus.org.za\\\/af\\\/jongste-nuus\\\/parlement-moet-optree-teen-mkhwebane-uitbarsting-en-rassisme\\\/\",\"name\":\"Parlement moet optree teen Mkhwebane-uitbarsting en rassisme | Vryheidsfront Plus\",\"isPartOf\":{\"@id\":\"https:\\\/\\\/www.vfplus.org.za\\\/af\\\/#website\"},\"primaryImageOfPage\":{\"@id\":\"https:\\\/\\\/www.vfplus.org.za\\\/af\\\/jongste-nuus\\\/parlement-moet-optree-teen-mkhwebane-uitbarsting-en-rassisme\\\/#primaryimage\"},\"image\":{\"@id\":\"https:\\\/\\\/www.vfplus.org.za\\\/af\\\/jongste-nuus\\\/parlement-moet-optree-teen-mkhwebane-uitbarsting-en-rassisme\\\/#primaryimage\"},\"thumbnailUrl\":\"https:\\\/\\\/www.vfplus.org.za\\\/wp-content\\\/uploads\\\/2024\\\/10\\\/freedomfront_plus_Parlement-moet-optree-teen-Mkhwebane-uitbarsting-en-rassisme.png\",\"datePublished\":\"2024-10-03T15:41:05+00:00\",\"dateModified\":\"2024-10-03T15:41:12+00:00\",\"description\":\"Die kritiek en rassistiese uitlatings van die voormalige openbare beskermer (OB) adv. Busisiwe Nkhwebane teenoor onder andere werknemers van die\",\"breadcrumb\":{\"@id\":\"https:\\\/\\\/www.vfplus.org.za\\\/af\\\/jongste-nuus\\\/parlement-moet-optree-teen-mkhwebane-uitbarsting-en-rassisme\\\/#breadcrumb\"},\"inLanguage\":\"af-ZA\",\"potentialAction\":[{\"@type\":\"ReadAction\",\"target\":[\"https:\\\/\\\/www.vfplus.org.za\\\/af\\\/jongste-nuus\\\/parlement-moet-optree-teen-mkhwebane-uitbarsting-en-rassisme\\\/\"]}]},{\"@type\":\"ImageObject\",\"inLanguage\":\"af-ZA\",\"@id\":\"https:\\\/\\\/www.vfplus.org.za\\\/af\\\/jongste-nuus\\\/parlement-moet-optree-teen-mkhwebane-uitbarsting-en-rassisme\\\/#primaryimage\",\"url\":\"https:\\\/\\\/www.vfplus.org.za\\\/wp-content\\\/uploads\\\/2024\\\/10\\\/freedomfront_plus_Parlement-moet-optree-teen-Mkhwebane-uitbarsting-en-rassisme.png\",\"contentUrl\":\"https:\\\/\\\/www.vfplus.org.za\\\/wp-content\\\/uploads\\\/2024\\\/10\\\/freedomfront_plus_Parlement-moet-optree-teen-Mkhwebane-uitbarsting-en-rassisme.png\",\"width\":1024,\"height\":768},{\"@type\":\"BreadcrumbList\",\"@id\":\"https:\\\/\\\/www.vfplus.org.za\\\/af\\\/jongste-nuus\\\/parlement-moet-optree-teen-mkhwebane-uitbarsting-en-rassisme\\\/#breadcrumb\",\"itemListElement\":[{\"@type\":\"ListItem\",\"position\":1,\"name\":\"Tuis\",\"item\":\"https:\\\/\\\/www.vfplus.org.za\\\/af\\\/\"},{\"@type\":\"ListItem\",\"position\":2,\"name\":\"Parlement moet optree teen Mkhwebane-uitbarsting en rassisme\"}]},{\"@type\":\"WebSite\",\"@id\":\"https:\\\/\\\/www.vfplus.org.za\\\/af\\\/#website\",\"url\":\"https:\\\/\\\/www.vfplus.org.za\\\/af\\\/\",\"name\":\"Freedom Front Plus\",\"description\":\"Stand Up | Stand Together | Stand Strong\",\"publisher\":{\"@id\":\"https:\\\/\\\/www.vfplus.org.za\\\/af\\\/#organization\"},\"potentialAction\":[{\"@type\":\"SearchAction\",\"target\":{\"@type\":\"EntryPoint\",\"urlTemplate\":\"https:\\\/\\\/www.vfplus.org.za\\\/af\\\/?s={search_term_string}\"},\"query-input\":{\"@type\":\"PropertyValueSpecification\",\"valueRequired\":true,\"valueName\":\"search_term_string\"}}],\"inLanguage\":\"af-ZA\"},{\"@type\":\"Organization\",\"@id\":\"https:\\\/\\\/www.vfplus.org.za\\\/af\\\/#organization\",\"name\":\"Vryheidsfront Plus\",\"alternateName\":\"VF Plus\",\"url\":\"https:\\\/\\\/www.vfplus.org.za\\\/af\\\/\",\"logo\":{\"@type\":\"ImageObject\",\"inLanguage\":\"af-ZA\",\"@id\":\"https:\\\/\\\/www.vfplus.org.za\\\/af\\\/#\\\/schema\\\/logo\\\/image\\\/\",\"url\":\"https:\\\/\\\/www.vfplus.org.za\\\/wp-content\\\/uploads\\\/2022\\\/11\\\/vfplus-logo-01.png\",\"contentUrl\":\"https:\\\/\\\/www.vfplus.org.za\\\/wp-content\\\/uploads\\\/2022\\\/11\\\/vfplus-logo-01.png\",\"width\":130,\"height\":130,\"caption\":\"Vryheidsfront Plus\"},\"image\":{\"@id\":\"https:\\\/\\\/www.vfplus.org.za\\\/af\\\/#\\\/schema\\\/logo\\\/image\\\/\"},\"sameAs\":[\"https:\\\/\\\/www.facebook.com\\\/VFplus?fref=ts\",\"https:\\\/\\\/x.com\\\/VFplus\",\"https:\\\/\\\/www.instagram.com\\\/vfplus_ffplus\\\/?hl=en\",\"https:\\\/\\\/www.youtube.com\\\/user\\\/VRYHEIDSFRONTplus\"]},{\"@type\":\"Person\",\"@id\":\"https:\\\/\\\/www.vfplus.org.za\\\/af\\\/#\\\/schema\\\/person\\\/2c3e703fc713d95efd7b7bf7b34646f4\",\"name\":\"brand_candy_amy\",\"image\":{\"@type\":\"ImageObject\",\"inLanguage\":\"af-ZA\",\"@id\":\"https:\\\/\\\/secure.gravatar.com\\\/avatar\\\/d295c22bd41c5cb61e8aa7fcafe90d2d2302363bc123897b40165ee0165d4f6b?s=96&d=mm&r=g45c99b902ec3fd12cf6977a6b6edf27a\",\"url\":\"https:\\\/\\\/secure.gravatar.com\\\/avatar\\\/d295c22bd41c5cb61e8aa7fcafe90d2d2302363bc123897b40165ee0165d4f6b?s=96&d=mm&r=g\",\"contentUrl\":\"https:\\\/\\\/secure.gravatar.com\\\/avatar\\\/d295c22bd41c5cb61e8aa7fcafe90d2d2302363bc123897b40165ee0165d4f6b?s=96&d=mm&r=g\",\"caption\":\"brand_candy_amy\"},\"sameAs\":[\"https:\\\/\\\/brandcandy.co.za\"],\"url\":\"https:\\\/\\\/www.vfplus.org.za\\\/af\\\/author\\\/brand_candy_amy\\\/\"}]}<\/script>\n<!-- \/ Yoast SEO plugin. -->","yoast_head_json":{"title":"Parlement moet optree teen Mkhwebane-uitbarsting en rassisme | Vryheidsfront Plus","description":"Die kritiek en rassistiese uitlatings van die voormalige openbare beskermer (OB) adv. Busisiwe Nkhwebane teenoor onder andere werknemers van die","robots":{"index":"index","follow":"follow","max-snippet":"max-snippet:-1","max-image-preview":"max-image-preview:large","max-video-preview":"max-video-preview:-1"},"canonical":"https:\/\/www.vfplus.org.za\/af\/jongste-nuus\/parlement-moet-optree-teen-mkhwebane-uitbarsting-en-rassisme\/","og_locale":"af_ZA","og_type":"article","og_title":"Parlement moet optree teen Mkhwebane-uitbarsting en rassisme | Vryheidsfront Plus","og_description":"Die kritiek en rassistiese uitlatings van die voormalige openbare beskermer (OB) adv. Busisiwe Nkhwebane teenoor onder andere werknemers van die","og_url":"https:\/\/www.vfplus.org.za\/af\/jongste-nuus\/parlement-moet-optree-teen-mkhwebane-uitbarsting-en-rassisme\/","og_site_name":"Vryheidsfront Plus","article_publisher":"https:\/\/www.facebook.com\/VFplus?fref=ts","article_published_time":"2024-10-03T15:41:05+00:00","article_modified_time":"2024-10-03T15:41:12+00:00","og_image":[{"width":1024,"height":768,"url":"https:\/\/www.vfplus.org.za\/wp-content\/uploads\/2024\/10\/freedomfront_plus_Parlement-moet-optree-teen-Mkhwebane-uitbarsting-en-rassisme.png","type":"image\/png"}],"author":"Helo\u00efse Denner","twitter_card":"summary_large_image","twitter_creator":"@VFplus","twitter_site":"@VFplus","twitter_misc":{"Written by":"brand_candy_amy","Est. reading time":"2 minutes"},"schema":{"@context":"https:\/\/schema.org","@graph":[{"@type":"Article","@id":"https:\/\/www.vfplus.org.za\/af\/jongste-nuus\/parlement-moet-optree-teen-mkhwebane-uitbarsting-en-rassisme\/#article","isPartOf":{"@id":"https:\/\/www.vfplus.org.za\/af\/jongste-nuus\/parlement-moet-optree-teen-mkhwebane-uitbarsting-en-rassisme\/"},"author":{"name":"brand_candy_amy","@id":"https:\/\/www.vfplus.org.za\/af\/#\/schema\/person\/2c3e703fc713d95efd7b7bf7b34646f4"},"headline":"Parlement moet optree teen Mkhwebane-uitbarsting en rassisme","datePublished":"2024-10-03T15:41:05+00:00","dateModified":"2024-10-03T15:41:12+00:00","mainEntityOfPage":{"@id":"https:\/\/www.vfplus.org.za\/af\/jongste-nuus\/parlement-moet-optree-teen-mkhwebane-uitbarsting-en-rassisme\/"},"wordCount":309,"publisher":{"@id":"https:\/\/www.vfplus.org.za\/af\/#organization"},"image":{"@id":"https:\/\/www.vfplus.org.za\/af\/jongste-nuus\/parlement-moet-optree-teen-mkhwebane-uitbarsting-en-rassisme\/#primaryimage"},"thumbnailUrl":"https:\/\/www.vfplus.org.za\/wp-content\/uploads\/2024\/10\/freedomfront_plus_Parlement-moet-optree-teen-Mkhwebane-uitbarsting-en-rassisme.png","articleSection":["Jongste nuus","Mediaverklarings"],"inLanguage":"af-ZA"},{"@type":"WebPage","@id":"https:\/\/www.vfplus.org.za\/af\/jongste-nuus\/parlement-moet-optree-teen-mkhwebane-uitbarsting-en-rassisme\/","url":"https:\/\/www.vfplus.org.za\/af\/jongste-nuus\/parlement-moet-optree-teen-mkhwebane-uitbarsting-en-rassisme\/","name":"Parlement moet optree teen Mkhwebane-uitbarsting en rassisme | Vryheidsfront Plus","isPartOf":{"@id":"https:\/\/www.vfplus.org.za\/af\/#website"},"primaryImageOfPage":{"@id":"https:\/\/www.vfplus.org.za\/af\/jongste-nuus\/parlement-moet-optree-teen-mkhwebane-uitbarsting-en-rassisme\/#primaryimage"},"image":{"@id":"https:\/\/www.vfplus.org.za\/af\/jongste-nuus\/parlement-moet-optree-teen-mkhwebane-uitbarsting-en-rassisme\/#primaryimage"},"thumbnailUrl":"https:\/\/www.vfplus.org.za\/wp-content\/uploads\/2024\/10\/freedomfront_plus_Parlement-moet-optree-teen-Mkhwebane-uitbarsting-en-rassisme.png","datePublished":"2024-10-03T15:41:05+00:00","dateModified":"2024-10-03T15:41:12+00:00","description":"Die kritiek en rassistiese uitlatings van die voormalige openbare beskermer (OB) adv. Busisiwe Nkhwebane teenoor onder andere werknemers van die","breadcrumb":{"@id":"https:\/\/www.vfplus.org.za\/af\/jongste-nuus\/parlement-moet-optree-teen-mkhwebane-uitbarsting-en-rassisme\/#breadcrumb"},"inLanguage":"af-ZA","potentialAction":[{"@type":"ReadAction","target":["https:\/\/www.vfplus.org.za\/af\/jongste-nuus\/parlement-moet-optree-teen-mkhwebane-uitbarsting-en-rassisme\/"]}]},{"@type":"ImageObject","inLanguage":"af-ZA","@id":"https:\/\/www.vfplus.org.za\/af\/jongste-nuus\/parlement-moet-optree-teen-mkhwebane-uitbarsting-en-rassisme\/#primaryimage","url":"https:\/\/www.vfplus.org.za\/wp-content\/uploads\/2024\/10\/freedomfront_plus_Parlement-moet-optree-teen-Mkhwebane-uitbarsting-en-rassisme.png","contentUrl":"https:\/\/www.vfplus.org.za\/wp-content\/uploads\/2024\/10\/freedomfront_plus_Parlement-moet-optree-teen-Mkhwebane-uitbarsting-en-rassisme.png","width":1024,"height":768},{"@type":"BreadcrumbList","@id":"https:\/\/www.vfplus.org.za\/af\/jongste-nuus\/parlement-moet-optree-teen-mkhwebane-uitbarsting-en-rassisme\/#breadcrumb","itemListElement":[{"@type":"ListItem","position":1,"name":"Tuis","item":"https:\/\/www.vfplus.org.za\/af\/"},{"@type":"ListItem","position":2,"name":"Parlement moet optree teen Mkhwebane-uitbarsting en rassisme"}]},{"@type":"WebSite","@id":"https:\/\/www.vfplus.org.za\/af\/#website","url":"https:\/\/www.vfplus.org.za\/af\/","name":"Freedom Front Plus","description":"Stand Up | Stand Together | Stand Strong","publisher":{"@id":"https:\/\/www.vfplus.org.za\/af\/#organization"},"potentialAction":[{"@type":"SearchAction","target":{"@type":"EntryPoint","urlTemplate":"https:\/\/www.vfplus.org.za\/af\/?s={search_term_string}"},"query-input":{"@type":"PropertyValueSpecification","valueRequired":true,"valueName":"search_term_string"}}],"inLanguage":"af-ZA"},{"@type":"Organization","@id":"https:\/\/www.vfplus.org.za\/af\/#organization","name":"Vryheidsfront Plus","alternateName":"VF Plus","url":"https:\/\/www.vfplus.org.za\/af\/","logo":{"@type":"ImageObject","inLanguage":"af-ZA","@id":"https:\/\/www.vfplus.org.za\/af\/#\/schema\/logo\/image\/","url":"https:\/\/www.vfplus.org.za\/wp-content\/uploads\/2022\/11\/vfplus-logo-01.png","contentUrl":"https:\/\/www.vfplus.org.za\/wp-content\/uploads\/2022\/11\/vfplus-logo-01.png","width":130,"height":130,"caption":"Vryheidsfront Plus"},"image":{"@id":"https:\/\/www.vfplus.org.za\/af\/#\/schema\/logo\/image\/"},"sameAs":["https:\/\/www.facebook.com\/VFplus?fref=ts","https:\/\/x.com\/VFplus","https:\/\/www.instagram.com\/vfplus_ffplus\/?hl=en","https:\/\/www.youtube.com\/user\/VRYHEIDSFRONTplus"]},{"@type":"Person","@id":"https:\/\/www.vfplus.org.za\/af\/#\/schema\/person\/2c3e703fc713d95efd7b7bf7b34646f4","name":"brand_candy_amy","image":{"@type":"ImageObject","inLanguage":"af-ZA","@id":"https:\/\/secure.gravatar.com\/avatar\/d295c22bd41c5cb61e8aa7fcafe90d2d2302363bc123897b40165ee0165d4f6b?s=96&d=mm&r=g45c99b902ec3fd12cf6977a6b6edf27a","url":"https:\/\/secure.gravatar.com\/avatar\/d295c22bd41c5cb61e8aa7fcafe90d2d2302363bc123897b40165ee0165d4f6b?s=96&d=mm&r=g","contentUrl":"https:\/\/secure.gravatar.com\/avatar\/d295c22bd41c5cb61e8aa7fcafe90d2d2302363bc123897b40165ee0165d4f6b?s=96&d=mm&r=g","caption":"brand_candy_amy"},"sameAs":["https:\/\/brandcandy.co.za"],"url":"https:\/\/www.vfplus.org.za\/af\/author\/brand_candy_amy\/"}]}},"authors":[{"term_id":305,"user_id":0,"is_guest":1,"slug":"heloise-denner","display_name":"Helo\u00efse Denner","avatar_url":{"url":"https:\/\/www.vfplus.org.za\/wp-content\/uploads\/2023\/04\/freedomfront-plus-author-ms-heloise-denner-01.jpg","url2x":"https:\/\/www.vfplus.org.za\/wp-content\/uploads\/2023\/04\/freedomfront-plus-author-ms-heloise-denner-01.jpg"},"author_category":"","user_url":"","last_name":"","first_name":"","job_title":"","description":""}],"_links":{"self":[{"href":"https:\/\/www.vfplus.org.za\/af\/wp-json\/wp\/v2\/posts\/77333","targetHints":{"allow":["GET"]}}],"collection":[{"href":"https:\/\/www.vfplus.org.za\/af\/wp-json\/wp\/v2\/posts"}],"about":[{"href":"https:\/\/www.vfplus.org.za\/af\/wp-json\/wp\/v2\/types\/post"}],"author":[{"embeddable":true,"href":"https:\/\/www.vfplus.org.za\/af\/wp-json\/wp\/v2\/users\/5"}],"replies":[{"embeddable":true,"href":"https:\/\/www.vfplus.org.za\/af\/wp-json\/wp\/v2\/comments?post=77333"}],"version-history":[{"count":1,"href":"https:\/\/www.vfplus.org.za\/af\/wp-json\/wp\/v2\/posts\/77333\/revisions"}],"predecessor-version":[{"id":77338,"href":"https:\/\/www.vfplus.org.za\/af\/wp-json\/wp\/v2\/posts\/77333\/revisions\/77338"}],"wp:featuredmedia":[{"embeddable":true,"href":"https:\/\/www.vfplus.org.za\/af\/wp-json\/wp\/v2\/media\/77336"}],"wp:attachment":[{"href":"https:\/\/www.vfplus.org.za\/af\/wp-json\/wp\/v2\/media?parent=77333"}],"wp:term":[{"taxonomy":"category","embeddable":true,"href":"https:\/\/www.vfplus.org.za\/af\/wp-json\/wp\/v2\/categories?post=77333"},{"taxonomy":"post_tag","embeddable":true,"href":"https:\/\/www.vfplus.org.za\/af\/wp-json\/wp\/v2\/tags?post=77333"},{"taxonomy":"author","embeddable":true,"href":"https:\/\/www.vfplus.org.za\/af\/wp-json\/wp\/v2\/ppma_author?post=77333"}],"curies":[{"name":"wp","href":"https:\/\/api.w.org\/{rel}","templated":true}]}}