{"id":77312,"date":"2024-10-02T13:27:22","date_gmt":"2024-10-02T11:27:22","guid":{"rendered":"https:\/\/www.vfplus.org.za\/?p=77312"},"modified":"2024-10-02T13:27:26","modified_gmt":"2024-10-02T11:27:26","slug":"vf-plus-bekommerd-oor-opeenhoping-in-staatslykshuise","status":"publish","type":"post","link":"https:\/\/www.vfplus.org.za\/af\/jongste-nuus\/vf-plus-bekommerd-oor-opeenhoping-in-staatslykshuise\/","title":{"rendered":"VF Plus bekommerd oor opeenhoping in staatslykshuise"},"content":{"rendered":"\n<p class=\"wp-block-paragraph\">Die VF Plus is bekommerd oor die massiewe opeenhoping van onopge\u00ebiste lyke in staatslykshuise regdeur die land wat groot druk op die bestaande geriewe plaas.<\/p>\n\n\n\n<p class=\"wp-block-paragraph\">Hierdie opeenhoping staan tans op 3 186 in die sowat 130 staatslykshuise landwyd. KwaZulu-Natal met 1 527 en die Oos-Kaap met 526 blyk die grootste probleemgebiede te wees.<\/p>\n\n\n\n<p class=\"wp-block-paragraph\">Die hoofoorsake hiervoor is gebrekkige identifikasie en naasbestaandes wat bloot nie die oorskot opeis nie. Onwettige immigrante wat nie ge\u00efdentifiseer kan word nie, dra by tot die probleem.<\/p>\n\n\n\n<p class=\"wp-block-paragraph\">Ander faktore is die agterstand en vertraging in die vervoer en ontleding van DNS-monsters, swak kwaliteit vingerafdrukke, uitstaande ondersoeke, korrupsie waar naasbestaandes moet betaal om gestorwenes te kry, uitstaande toksikologiese verslae, die vertraging in begrafnisse en verassings weens \u0149 tekort aan grafspasie, begrotingstekorte en krematoriums wat nie voldoende funksioneer nie.&nbsp;<\/p>\n\n\n\n<p class=\"wp-block-paragraph\">\u0149 Kerntaakspan sal onverwyld op die been gebring moet word tussen die regering en rolspelers in di\u00e9 bedryf om die probleme daadwerklik te behandel. Dit is reeds \u0149 krisis en kan nie gelaat word om te vererger nie.<\/p>\n\n\n\n<p class=\"wp-block-paragraph\">Die bevolking groei snel, misdaad neem toe en die vermo\u00eb by hierdie instellings raak toenemend ontoereikend. Dit wil tans voorkom of gesprekke en samewerking tussen die regering en die betrokke rolspelers nog nie \u0149 oplossing kon vind nie.<\/p>\n\n\n\n<p class=\"wp-block-paragraph\">Van die oplossings wat die VF Plus voorstel, is die implementering van \u0149 digitale vingerafdrukstelsel wat kan help met die identifisering van oorledenes wat by staatslykshuise opdaag.<\/p>\n\n\n\n<p class=\"wp-block-paragraph\">Samewerking moet formeel geskied tussen die nasionale regering, rolspelers in die begrafnisbedryf, die departemente van samewerkende regering en tradisionele sake, binnelandse sake en gesondheid, die polisie, die nasionale gesondheidslaboratoriumdiens asook provinsiale en plaaslike regerings.<\/p>\n\n\n\n<p class=\"wp-block-paragraph\">Laasgenoemde is waar die probleem eindelik l\u00ea aangaande krematoriums en onvoldoende grafspasie.<\/p>\n\n\n\n<p class=\"wp-block-paragraph\">Die opleiding van forensiese beamptes is ook noodsaaklik en die regering van nasionale eenheid (RNE) sal bestaande wetgewing in hierdie verband moet aanpas.<\/p>\n\n\n\n<p class=\"wp-block-paragraph\">Bestaande staatslykshuise en krematoriums moet dringend opgegradeer word en nuwes moet gebou word. Meer grafspasie sal beskikbaar gestel moet word en daar sal op nasionale vlak gehelp moet word met begrotingstekorte vir die instellings.<\/p>\n\n\n\n<p class=\"wp-block-paragraph\">Daadwerklike optrede teen korrupsie is nodig en alternatiewe metodes sal in gebruik geneem moet word om oorskotte te begrawe.&nbsp;<\/p>\n\n\n\n<p class=\"wp-block-paragraph\">Die VF Plus sal, soos die afgelope vyf jaar, voortgaan met voortdurende gesprekke met rolspelers in die begrafnisbedryf en private forensiese bedryf. Dit situasie kan doodeenvoudig nie voortgaan soos wat tans die geval is nie en almal se samewerking is nodig om oplossings te vind.<\/p>\n","protected":false},"excerpt":{"rendered":"<p>Die VF Plus is bekommerd oor die massiewe opeenhoping van onopge\u00ebiste lyke in staatslykshuise regdeur die land wat groot druk op die bestaande geriewe plaas. Hierdie opeenhoping staan tans op 3 186 in die sowat 130 staatslykshuise landwyd. KwaZulu-Natal met 1 527 en die Oos-Kaap met 526 blyk die grootste probleemgebiede te wees. Die hoofoorsake [&hellip;]<\/p>\n","protected":false},"author":5,"featured_media":77313,"comment_status":"closed","ping_status":"closed","sticky":false,"template":"","format":"standard","meta":{"_acf_changed":false,"_relevanssi_hide_post":"","_relevanssi_hide_content":"","_relevanssi_pin_for_all":"","_relevanssi_pin_keywords":"","_relevanssi_unpin_keywords":"","_relevanssi_related_keywords":"","_relevanssi_related_include_ids":"","_relevanssi_related_exclude_ids":"","_relevanssi_related_no_append":"","_relevanssi_related_not_related":"","_relevanssi_related_posts":"67572,20207,72236,20227,61297,59913","_relevanssi_noindex_reason":"","footnotes":""},"categories":[74,100],"tags":[],"ppma_author":[109],"class_list":["post-77312","post","type-post","status-publish","format-standard","has-post-thumbnail","hentry","category-jongste-nuus","category-mediaverklarings"],"acf":[],"yoast_head":"<!-- This site is optimized with the Yoast SEO plugin v28.3 - https:\/\/yoast.com\/product\/yoast-seo-wordpress\/ -->\n<title>VF Plus bekommerd oor opeenhoping in staatslykshuise | Vryheidsfront Plus<\/title>\n<meta name=\"description\" content=\"Die VF Plus is bekommerd oor die massiewe opeenhoping van onopge\u00ebiste lyke in staatslykshuise regdeur die land wat groot druk op die bestaande geriewe\" \/>\n<meta name=\"robots\" content=\"index, follow, max-snippet:-1, max-image-preview:large, max-video-preview:-1\" \/>\n<link rel=\"canonical\" href=\"https:\/\/www.vfplus.org.za\/af\/jongste-nuus\/vf-plus-bekommerd-oor-opeenhoping-in-staatslykshuise\/\" \/>\n<meta property=\"og:locale\" content=\"af_ZA\" \/>\n<meta property=\"og:type\" content=\"article\" \/>\n<meta property=\"og:title\" content=\"VF Plus bekommerd oor opeenhoping in staatslykshuise | Vryheidsfront Plus\" \/>\n<meta property=\"og:description\" content=\"Die VF Plus is bekommerd oor die massiewe opeenhoping van onopge\u00ebiste lyke in staatslykshuise regdeur die land wat groot druk op die bestaande geriewe\" \/>\n<meta property=\"og:url\" content=\"https:\/\/www.vfplus.org.za\/af\/jongste-nuus\/vf-plus-bekommerd-oor-opeenhoping-in-staatslykshuise\/\" \/>\n<meta property=\"og:site_name\" content=\"Vryheidsfront Plus\" \/>\n<meta property=\"article:publisher\" content=\"https:\/\/www.facebook.com\/VFplus?fref=ts\" \/>\n<meta property=\"article:published_time\" content=\"2024-10-02T11:27:22+00:00\" \/>\n<meta property=\"article:modified_time\" content=\"2024-10-02T11:27:26+00:00\" \/>\n<meta property=\"og:image\" content=\"https:\/\/www.vfplus.org.za\/wp-content\/uploads\/2024\/10\/freedomfront_plus_VF-Plus-bekommerd-oor-opeenhoping-in-staatslykshuise.png\" \/>\n\t<meta property=\"og:image:width\" content=\"1024\" \/>\n\t<meta property=\"og:image:height\" content=\"768\" \/>\n\t<meta property=\"og:image:type\" content=\"image\/png\" \/>\n<meta name=\"author\" content=\"Mr Philip van Staden\" \/>\n<meta name=\"twitter:card\" content=\"summary_large_image\" \/>\n<meta name=\"twitter:creator\" content=\"@VFplus\" \/>\n<meta name=\"twitter:site\" content=\"@VFplus\" \/>\n<meta name=\"twitter:label1\" content=\"Written by\" \/>\n\t<meta name=\"twitter:data1\" content=\"brand_candy_amy\" \/>\n\t<meta name=\"twitter:label2\" content=\"Est. reading time\" \/>\n\t<meta name=\"twitter:data2\" content=\"2 minutes\" \/>\n<script type=\"application\/ld+json\" class=\"yoast-schema-graph\">{\"@context\":\"https:\\\/\\\/schema.org\",\"@graph\":[{\"@type\":\"Article\",\"@id\":\"https:\\\/\\\/www.vfplus.org.za\\\/af\\\/jongste-nuus\\\/vf-plus-bekommerd-oor-opeenhoping-in-staatslykshuise\\\/#article\",\"isPartOf\":{\"@id\":\"https:\\\/\\\/www.vfplus.org.za\\\/af\\\/jongste-nuus\\\/vf-plus-bekommerd-oor-opeenhoping-in-staatslykshuise\\\/\"},\"author\":{\"name\":\"brand_candy_amy\",\"@id\":\"https:\\\/\\\/www.vfplus.org.za\\\/af\\\/#\\\/schema\\\/person\\\/2c3e703fc713d95efd7b7bf7b34646f4\"},\"headline\":\"VF Plus bekommerd oor opeenhoping in staatslykshuise\",\"datePublished\":\"2024-10-02T11:27:22+00:00\",\"dateModified\":\"2024-10-02T11:27:26+00:00\",\"mainEntityOfPage\":{\"@id\":\"https:\\\/\\\/www.vfplus.org.za\\\/af\\\/jongste-nuus\\\/vf-plus-bekommerd-oor-opeenhoping-in-staatslykshuise\\\/\"},\"wordCount\":401,\"publisher\":{\"@id\":\"https:\\\/\\\/www.vfplus.org.za\\\/af\\\/#organization\"},\"image\":{\"@id\":\"https:\\\/\\\/www.vfplus.org.za\\\/af\\\/jongste-nuus\\\/vf-plus-bekommerd-oor-opeenhoping-in-staatslykshuise\\\/#primaryimage\"},\"thumbnailUrl\":\"https:\\\/\\\/www.vfplus.org.za\\\/wp-content\\\/uploads\\\/2024\\\/10\\\/freedomfront_plus_VF-Plus-bekommerd-oor-opeenhoping-in-staatslykshuise.png\",\"articleSection\":[\"Jongste nuus\",\"Mediaverklarings\"],\"inLanguage\":\"af-ZA\"},{\"@type\":\"WebPage\",\"@id\":\"https:\\\/\\\/www.vfplus.org.za\\\/af\\\/jongste-nuus\\\/vf-plus-bekommerd-oor-opeenhoping-in-staatslykshuise\\\/\",\"url\":\"https:\\\/\\\/www.vfplus.org.za\\\/af\\\/jongste-nuus\\\/vf-plus-bekommerd-oor-opeenhoping-in-staatslykshuise\\\/\",\"name\":\"VF Plus bekommerd oor opeenhoping in staatslykshuise | Vryheidsfront Plus\",\"isPartOf\":{\"@id\":\"https:\\\/\\\/www.vfplus.org.za\\\/af\\\/#website\"},\"primaryImageOfPage\":{\"@id\":\"https:\\\/\\\/www.vfplus.org.za\\\/af\\\/jongste-nuus\\\/vf-plus-bekommerd-oor-opeenhoping-in-staatslykshuise\\\/#primaryimage\"},\"image\":{\"@id\":\"https:\\\/\\\/www.vfplus.org.za\\\/af\\\/jongste-nuus\\\/vf-plus-bekommerd-oor-opeenhoping-in-staatslykshuise\\\/#primaryimage\"},\"thumbnailUrl\":\"https:\\\/\\\/www.vfplus.org.za\\\/wp-content\\\/uploads\\\/2024\\\/10\\\/freedomfront_plus_VF-Plus-bekommerd-oor-opeenhoping-in-staatslykshuise.png\",\"datePublished\":\"2024-10-02T11:27:22+00:00\",\"dateModified\":\"2024-10-02T11:27:26+00:00\",\"description\":\"Die VF Plus is bekommerd oor die massiewe opeenhoping van onopge\u00ebiste lyke in staatslykshuise regdeur die land wat groot druk op die bestaande geriewe\",\"breadcrumb\":{\"@id\":\"https:\\\/\\\/www.vfplus.org.za\\\/af\\\/jongste-nuus\\\/vf-plus-bekommerd-oor-opeenhoping-in-staatslykshuise\\\/#breadcrumb\"},\"inLanguage\":\"af-ZA\",\"potentialAction\":[{\"@type\":\"ReadAction\",\"target\":[\"https:\\\/\\\/www.vfplus.org.za\\\/af\\\/jongste-nuus\\\/vf-plus-bekommerd-oor-opeenhoping-in-staatslykshuise\\\/\"]}]},{\"@type\":\"ImageObject\",\"inLanguage\":\"af-ZA\",\"@id\":\"https:\\\/\\\/www.vfplus.org.za\\\/af\\\/jongste-nuus\\\/vf-plus-bekommerd-oor-opeenhoping-in-staatslykshuise\\\/#primaryimage\",\"url\":\"https:\\\/\\\/www.vfplus.org.za\\\/wp-content\\\/uploads\\\/2024\\\/10\\\/freedomfront_plus_VF-Plus-bekommerd-oor-opeenhoping-in-staatslykshuise.png\",\"contentUrl\":\"https:\\\/\\\/www.vfplus.org.za\\\/wp-content\\\/uploads\\\/2024\\\/10\\\/freedomfront_plus_VF-Plus-bekommerd-oor-opeenhoping-in-staatslykshuise.png\",\"width\":1024,\"height\":768},{\"@type\":\"BreadcrumbList\",\"@id\":\"https:\\\/\\\/www.vfplus.org.za\\\/af\\\/jongste-nuus\\\/vf-plus-bekommerd-oor-opeenhoping-in-staatslykshuise\\\/#breadcrumb\",\"itemListElement\":[{\"@type\":\"ListItem\",\"position\":1,\"name\":\"Tuis\",\"item\":\"https:\\\/\\\/www.vfplus.org.za\\\/af\\\/\"},{\"@type\":\"ListItem\",\"position\":2,\"name\":\"VF Plus bekommerd oor opeenhoping in staatslykshuise\"}]},{\"@type\":\"WebSite\",\"@id\":\"https:\\\/\\\/www.vfplus.org.za\\\/af\\\/#website\",\"url\":\"https:\\\/\\\/www.vfplus.org.za\\\/af\\\/\",\"name\":\"Freedom Front Plus\",\"description\":\"Stand Up | Stand Together | Stand Strong\",\"publisher\":{\"@id\":\"https:\\\/\\\/www.vfplus.org.za\\\/af\\\/#organization\"},\"potentialAction\":[{\"@type\":\"SearchAction\",\"target\":{\"@type\":\"EntryPoint\",\"urlTemplate\":\"https:\\\/\\\/www.vfplus.org.za\\\/af\\\/?s={search_term_string}\"},\"query-input\":{\"@type\":\"PropertyValueSpecification\",\"valueRequired\":true,\"valueName\":\"search_term_string\"}}],\"inLanguage\":\"af-ZA\"},{\"@type\":\"Organization\",\"@id\":\"https:\\\/\\\/www.vfplus.org.za\\\/af\\\/#organization\",\"name\":\"Vryheidsfront Plus\",\"alternateName\":\"VF Plus\",\"url\":\"https:\\\/\\\/www.vfplus.org.za\\\/af\\\/\",\"logo\":{\"@type\":\"ImageObject\",\"inLanguage\":\"af-ZA\",\"@id\":\"https:\\\/\\\/www.vfplus.org.za\\\/af\\\/#\\\/schema\\\/logo\\\/image\\\/\",\"url\":\"https:\\\/\\\/www.vfplus.org.za\\\/wp-content\\\/uploads\\\/2022\\\/11\\\/vfplus-logo-01.png\",\"contentUrl\":\"https:\\\/\\\/www.vfplus.org.za\\\/wp-content\\\/uploads\\\/2022\\\/11\\\/vfplus-logo-01.png\",\"width\":130,\"height\":130,\"caption\":\"Vryheidsfront Plus\"},\"image\":{\"@id\":\"https:\\\/\\\/www.vfplus.org.za\\\/af\\\/#\\\/schema\\\/logo\\\/image\\\/\"},\"sameAs\":[\"https:\\\/\\\/www.facebook.com\\\/VFplus?fref=ts\",\"https:\\\/\\\/x.com\\\/VFplus\",\"https:\\\/\\\/www.instagram.com\\\/vfplus_ffplus\\\/?hl=en\",\"https:\\\/\\\/www.youtube.com\\\/user\\\/VRYHEIDSFRONTplus\"]},{\"@type\":\"Person\",\"@id\":\"https:\\\/\\\/www.vfplus.org.za\\\/af\\\/#\\\/schema\\\/person\\\/2c3e703fc713d95efd7b7bf7b34646f4\",\"name\":\"brand_candy_amy\",\"image\":{\"@type\":\"ImageObject\",\"inLanguage\":\"af-ZA\",\"@id\":\"https:\\\/\\\/secure.gravatar.com\\\/avatar\\\/d295c22bd41c5cb61e8aa7fcafe90d2d2302363bc123897b40165ee0165d4f6b?s=96&d=mm&r=g45c99b902ec3fd12cf6977a6b6edf27a\",\"url\":\"https:\\\/\\\/secure.gravatar.com\\\/avatar\\\/d295c22bd41c5cb61e8aa7fcafe90d2d2302363bc123897b40165ee0165d4f6b?s=96&d=mm&r=g\",\"contentUrl\":\"https:\\\/\\\/secure.gravatar.com\\\/avatar\\\/d295c22bd41c5cb61e8aa7fcafe90d2d2302363bc123897b40165ee0165d4f6b?s=96&d=mm&r=g\",\"caption\":\"brand_candy_amy\"},\"sameAs\":[\"https:\\\/\\\/brandcandy.co.za\"],\"url\":\"https:\\\/\\\/www.vfplus.org.za\\\/af\\\/author\\\/brand_candy_amy\\\/\"}]}<\/script>\n<!-- \/ Yoast SEO plugin. -->","yoast_head_json":{"title":"VF Plus bekommerd oor opeenhoping in staatslykshuise | Vryheidsfront Plus","description":"Die VF Plus is bekommerd oor die massiewe opeenhoping van onopge\u00ebiste lyke in staatslykshuise regdeur die land wat groot druk op die bestaande geriewe","robots":{"index":"index","follow":"follow","max-snippet":"max-snippet:-1","max-image-preview":"max-image-preview:large","max-video-preview":"max-video-preview:-1"},"canonical":"https:\/\/www.vfplus.org.za\/af\/jongste-nuus\/vf-plus-bekommerd-oor-opeenhoping-in-staatslykshuise\/","og_locale":"af_ZA","og_type":"article","og_title":"VF Plus bekommerd oor opeenhoping in staatslykshuise | Vryheidsfront Plus","og_description":"Die VF Plus is bekommerd oor die massiewe opeenhoping van onopge\u00ebiste lyke in staatslykshuise regdeur die land wat groot druk op die bestaande geriewe","og_url":"https:\/\/www.vfplus.org.za\/af\/jongste-nuus\/vf-plus-bekommerd-oor-opeenhoping-in-staatslykshuise\/","og_site_name":"Vryheidsfront Plus","article_publisher":"https:\/\/www.facebook.com\/VFplus?fref=ts","article_published_time":"2024-10-02T11:27:22+00:00","article_modified_time":"2024-10-02T11:27:26+00:00","og_image":[{"width":1024,"height":768,"url":"https:\/\/www.vfplus.org.za\/wp-content\/uploads\/2024\/10\/freedomfront_plus_VF-Plus-bekommerd-oor-opeenhoping-in-staatslykshuise.png","type":"image\/png"}],"author":"Mr Philip van Staden","twitter_card":"summary_large_image","twitter_creator":"@VFplus","twitter_site":"@VFplus","twitter_misc":{"Written by":"brand_candy_amy","Est. reading time":"2 minutes"},"schema":{"@context":"https:\/\/schema.org","@graph":[{"@type":"Article","@id":"https:\/\/www.vfplus.org.za\/af\/jongste-nuus\/vf-plus-bekommerd-oor-opeenhoping-in-staatslykshuise\/#article","isPartOf":{"@id":"https:\/\/www.vfplus.org.za\/af\/jongste-nuus\/vf-plus-bekommerd-oor-opeenhoping-in-staatslykshuise\/"},"author":{"name":"brand_candy_amy","@id":"https:\/\/www.vfplus.org.za\/af\/#\/schema\/person\/2c3e703fc713d95efd7b7bf7b34646f4"},"headline":"VF Plus bekommerd oor opeenhoping in staatslykshuise","datePublished":"2024-10-02T11:27:22+00:00","dateModified":"2024-10-02T11:27:26+00:00","mainEntityOfPage":{"@id":"https:\/\/www.vfplus.org.za\/af\/jongste-nuus\/vf-plus-bekommerd-oor-opeenhoping-in-staatslykshuise\/"},"wordCount":401,"publisher":{"@id":"https:\/\/www.vfplus.org.za\/af\/#organization"},"image":{"@id":"https:\/\/www.vfplus.org.za\/af\/jongste-nuus\/vf-plus-bekommerd-oor-opeenhoping-in-staatslykshuise\/#primaryimage"},"thumbnailUrl":"https:\/\/www.vfplus.org.za\/wp-content\/uploads\/2024\/10\/freedomfront_plus_VF-Plus-bekommerd-oor-opeenhoping-in-staatslykshuise.png","articleSection":["Jongste nuus","Mediaverklarings"],"inLanguage":"af-ZA"},{"@type":"WebPage","@id":"https:\/\/www.vfplus.org.za\/af\/jongste-nuus\/vf-plus-bekommerd-oor-opeenhoping-in-staatslykshuise\/","url":"https:\/\/www.vfplus.org.za\/af\/jongste-nuus\/vf-plus-bekommerd-oor-opeenhoping-in-staatslykshuise\/","name":"VF Plus bekommerd oor opeenhoping in staatslykshuise | Vryheidsfront Plus","isPartOf":{"@id":"https:\/\/www.vfplus.org.za\/af\/#website"},"primaryImageOfPage":{"@id":"https:\/\/www.vfplus.org.za\/af\/jongste-nuus\/vf-plus-bekommerd-oor-opeenhoping-in-staatslykshuise\/#primaryimage"},"image":{"@id":"https:\/\/www.vfplus.org.za\/af\/jongste-nuus\/vf-plus-bekommerd-oor-opeenhoping-in-staatslykshuise\/#primaryimage"},"thumbnailUrl":"https:\/\/www.vfplus.org.za\/wp-content\/uploads\/2024\/10\/freedomfront_plus_VF-Plus-bekommerd-oor-opeenhoping-in-staatslykshuise.png","datePublished":"2024-10-02T11:27:22+00:00","dateModified":"2024-10-02T11:27:26+00:00","description":"Die VF Plus is bekommerd oor die massiewe opeenhoping van onopge\u00ebiste lyke in staatslykshuise regdeur die land wat groot druk op die bestaande geriewe","breadcrumb":{"@id":"https:\/\/www.vfplus.org.za\/af\/jongste-nuus\/vf-plus-bekommerd-oor-opeenhoping-in-staatslykshuise\/#breadcrumb"},"inLanguage":"af-ZA","potentialAction":[{"@type":"ReadAction","target":["https:\/\/www.vfplus.org.za\/af\/jongste-nuus\/vf-plus-bekommerd-oor-opeenhoping-in-staatslykshuise\/"]}]},{"@type":"ImageObject","inLanguage":"af-ZA","@id":"https:\/\/www.vfplus.org.za\/af\/jongste-nuus\/vf-plus-bekommerd-oor-opeenhoping-in-staatslykshuise\/#primaryimage","url":"https:\/\/www.vfplus.org.za\/wp-content\/uploads\/2024\/10\/freedomfront_plus_VF-Plus-bekommerd-oor-opeenhoping-in-staatslykshuise.png","contentUrl":"https:\/\/www.vfplus.org.za\/wp-content\/uploads\/2024\/10\/freedomfront_plus_VF-Plus-bekommerd-oor-opeenhoping-in-staatslykshuise.png","width":1024,"height":768},{"@type":"BreadcrumbList","@id":"https:\/\/www.vfplus.org.za\/af\/jongste-nuus\/vf-plus-bekommerd-oor-opeenhoping-in-staatslykshuise\/#breadcrumb","itemListElement":[{"@type":"ListItem","position":1,"name":"Tuis","item":"https:\/\/www.vfplus.org.za\/af\/"},{"@type":"ListItem","position":2,"name":"VF Plus bekommerd oor opeenhoping in staatslykshuise"}]},{"@type":"WebSite","@id":"https:\/\/www.vfplus.org.za\/af\/#website","url":"https:\/\/www.vfplus.org.za\/af\/","name":"Freedom Front Plus","description":"Stand Up | Stand Together | Stand Strong","publisher":{"@id":"https:\/\/www.vfplus.org.za\/af\/#organization"},"potentialAction":[{"@type":"SearchAction","target":{"@type":"EntryPoint","urlTemplate":"https:\/\/www.vfplus.org.za\/af\/?s={search_term_string}"},"query-input":{"@type":"PropertyValueSpecification","valueRequired":true,"valueName":"search_term_string"}}],"inLanguage":"af-ZA"},{"@type":"Organization","@id":"https:\/\/www.vfplus.org.za\/af\/#organization","name":"Vryheidsfront Plus","alternateName":"VF Plus","url":"https:\/\/www.vfplus.org.za\/af\/","logo":{"@type":"ImageObject","inLanguage":"af-ZA","@id":"https:\/\/www.vfplus.org.za\/af\/#\/schema\/logo\/image\/","url":"https:\/\/www.vfplus.org.za\/wp-content\/uploads\/2022\/11\/vfplus-logo-01.png","contentUrl":"https:\/\/www.vfplus.org.za\/wp-content\/uploads\/2022\/11\/vfplus-logo-01.png","width":130,"height":130,"caption":"Vryheidsfront Plus"},"image":{"@id":"https:\/\/www.vfplus.org.za\/af\/#\/schema\/logo\/image\/"},"sameAs":["https:\/\/www.facebook.com\/VFplus?fref=ts","https:\/\/x.com\/VFplus","https:\/\/www.instagram.com\/vfplus_ffplus\/?hl=en","https:\/\/www.youtube.com\/user\/VRYHEIDSFRONTplus"]},{"@type":"Person","@id":"https:\/\/www.vfplus.org.za\/af\/#\/schema\/person\/2c3e703fc713d95efd7b7bf7b34646f4","name":"brand_candy_amy","image":{"@type":"ImageObject","inLanguage":"af-ZA","@id":"https:\/\/secure.gravatar.com\/avatar\/d295c22bd41c5cb61e8aa7fcafe90d2d2302363bc123897b40165ee0165d4f6b?s=96&d=mm&r=g45c99b902ec3fd12cf6977a6b6edf27a","url":"https:\/\/secure.gravatar.com\/avatar\/d295c22bd41c5cb61e8aa7fcafe90d2d2302363bc123897b40165ee0165d4f6b?s=96&d=mm&r=g","contentUrl":"https:\/\/secure.gravatar.com\/avatar\/d295c22bd41c5cb61e8aa7fcafe90d2d2302363bc123897b40165ee0165d4f6b?s=96&d=mm&r=g","caption":"brand_candy_amy"},"sameAs":["https:\/\/brandcandy.co.za"],"url":"https:\/\/www.vfplus.org.za\/af\/author\/brand_candy_amy\/"}]}},"authors":[{"term_id":109,"user_id":0,"is_guest":1,"slug":"mr-philip-van-staden","display_name":"Mr Philip van Staden","avatar_url":{"url":"https:\/\/www.vfplus.org.za\/wp-content\/uploads\/2023\/04\/freedomfront-plus-author-mr-philip-van-staden-01.jpg","url2x":"https:\/\/www.vfplus.org.za\/wp-content\/uploads\/2023\/04\/freedomfront-plus-author-mr-philip-van-staden-01.jpg"},"author_category":"","user_url":"","last_name":"","first_name":"Philip van Staden","job_title":"","description":""}],"_links":{"self":[{"href":"https:\/\/www.vfplus.org.za\/af\/wp-json\/wp\/v2\/posts\/77312","targetHints":{"allow":["GET"]}}],"collection":[{"href":"https:\/\/www.vfplus.org.za\/af\/wp-json\/wp\/v2\/posts"}],"about":[{"href":"https:\/\/www.vfplus.org.za\/af\/wp-json\/wp\/v2\/types\/post"}],"author":[{"embeddable":true,"href":"https:\/\/www.vfplus.org.za\/af\/wp-json\/wp\/v2\/users\/5"}],"replies":[{"embeddable":true,"href":"https:\/\/www.vfplus.org.za\/af\/wp-json\/wp\/v2\/comments?post=77312"}],"version-history":[{"count":1,"href":"https:\/\/www.vfplus.org.za\/af\/wp-json\/wp\/v2\/posts\/77312\/revisions"}],"predecessor-version":[{"id":77315,"href":"https:\/\/www.vfplus.org.za\/af\/wp-json\/wp\/v2\/posts\/77312\/revisions\/77315"}],"wp:featuredmedia":[{"embeddable":true,"href":"https:\/\/www.vfplus.org.za\/af\/wp-json\/wp\/v2\/media\/77313"}],"wp:attachment":[{"href":"https:\/\/www.vfplus.org.za\/af\/wp-json\/wp\/v2\/media?parent=77312"}],"wp:term":[{"taxonomy":"category","embeddable":true,"href":"https:\/\/www.vfplus.org.za\/af\/wp-json\/wp\/v2\/categories?post=77312"},{"taxonomy":"post_tag","embeddable":true,"href":"https:\/\/www.vfplus.org.za\/af\/wp-json\/wp\/v2\/tags?post=77312"},{"taxonomy":"author","embeddable":true,"href":"https:\/\/www.vfplus.org.za\/af\/wp-json\/wp\/v2\/ppma_author?post=77312"}],"curies":[{"name":"wp","href":"https:\/\/api.w.org\/{rel}","templated":true}]}}