{"id":77290,"date":"2024-10-01T14:51:16","date_gmt":"2024-10-01T12:51:16","guid":{"rendered":"https:\/\/www.vfplus.org.za\/?p=77290"},"modified":"2024-10-01T15:00:03","modified_gmt":"2024-10-01T13:00:03","slug":"rioolstorting-in-see-om-moederstad-raak-nou-n-krisis","status":"publish","type":"post","link":"https:\/\/www.vfplus.org.za\/af\/jongste-nuus\/rioolstorting-in-see-om-moederstad-raak-nou-n-krisis\/","title":{"rendered":"Rioolstorting in see om Moederstad raak nou \u0149 krisis"},"content":{"rendered":"\n<p class=\"wp-block-paragraph\">Die VF Plus is ernstig bekommerd oor die toename in rioolstorting in die see om Kaapstad wat \u0149 groeiende omgewingsgevaar inhou, veral wanneer pompstasies onklaar raak soos verlede week by Seepunt.<\/p>\n\n\n\n<p class=\"wp-block-paragraph\">Daar word te lank reeds voete gesleep om \u0149 oplossing hiervoor te vind en met die metro se snel groeiende bevolking sal daar vinnig opgetree moet word voordat die situasie \u0149 groot gesondheidskrisis veroorsaak.<\/p>\n\n\n\n<p class=\"wp-block-paragraph\">Luidens \u0149 mediaberig vroe\u00ebr vanjaar (12 Februarie 2024; Moneyweb: Cape Town\u2019s ocean-bound sewage options unveiled), het Kaapstad verlede jaar reeds daagliks sowat 32 miljoen liter rou of onbehandelde riool in die see gepomp.<\/p>\n\n\n\n<p class=\"wp-block-paragraph\">Die plekke wat veral geraak word, is Groenpunt, Seepunt en Houtbaai. By Kampsbaai word luidens die berig sowat 2 miljoen liter riool daagliks die see in gepomp.<\/p>\n\n\n\n<p class=\"wp-block-paragraph\">Die strande in hierdie gebiede word jaarliks deur miljoene mense besoek en die groeiende risiko vir almal in die omgewing spreek vanself.<\/p>\n\n\n\n<p class=\"wp-block-paragraph\">Om te ontken dat dit \u0149 ernstige probleem is, sou oneerlik wees en \u0149 poging om die publiek op \u0149 valse wyse gerus te stel.<\/p>\n\n\n\n<p class=\"wp-block-paragraph\">Die feit dat die stad die watergehalte in die Atlantiese Oseaan om Kaapstad gereeld monitor, wys dat daar in werklikheid geen twyfel bestaan oor die besoedelingsgevare nie.<\/p>\n\n\n\n<p class=\"wp-block-paragraph\">N\u00e1 die voorval verlede Woensdag toe een pomp by Groenpunt onklaar geraak het, kon die oorblywende pompe nie die groot volumes riool oor die spitstye hanteer nie.<\/p>\n\n\n\n<p class=\"wp-block-paragraph\">Dit is totaal onaanvaarbaar aangesien dit \u0149 absolute gegewe is dat masjinerie soos pompe van tyd tot tyd onklaar sal raak en om dan geen onmiddellike noodplan in plek te h\u00ea nie, is onverskillig.<\/p>\n\n\n\n<p class=\"wp-block-paragraph\">Soortgelyke probleme is in die onlangse verlede ook in Houtbaai en sommige ander stortingsgebiede ondervind. Dit begin duidelik \u0149 gereelde verskynsel raak wat daarop dui dat die bestaande stelsel nie meer voldoende is nie.<\/p>\n\n\n\n<p class=\"wp-block-paragraph\">Kaapstad pomp riool jare reeds die see in en \u0149 uitvoerbaarheidstudie het vroe\u00ebr vanjaar aangetoon dat dit sowat R8 miljard sal kos om nuwe suiweringsaanlegte te bou of die riool deur \u0149 pypstelsel na bestaande aanlegte te herlei.<\/p>\n\n\n\n<p class=\"wp-block-paragraph\">Die stadsraad het verlede week sy 2024-strategie vir waterbestuur goedgekeur om meer befondsing van die nasionale tesourie te bekom om met waterbestuur in die stad te help.<\/p>\n\n\n\n<p class=\"wp-block-paragraph\">Die VF Plus wil die Stad Kaapstad versoek om erns te maak hiermee. Die huidige infrastruktuur is lank reeds vervalle en ontoereikend en daar moet onmiddellik met die werk begin word.<\/p>\n\n\n\n<p class=\"wp-block-paragraph\">Die VF Plus sal die situasie monitor en voorstelle aan die betrokke portefeuljekomitee voorl\u00ea.<\/p>\n\n\n\n<p class=\"wp-block-paragraph\">Kapenaars se belastingskale is reeds buitensporig hoog en dit is bekend dat net \u0149 klein aantal mense bydra tot die stad se belastingpoel. Hierdie getroue en swaar belaste inwoners verdien beter van die stad se DA-regering as \u0149 rioolbesoedelde see om in te swem.<\/p>\n","protected":false},"excerpt":{"rendered":"<p>Die VF Plus is ernstig bekommerd oor die toename in rioolstorting in die see om Kaapstad wat \u0149 groeiende omgewingsgevaar inhou, veral wanneer pompstasies onklaar raak soos verlede week by Seepunt. Daar word te lank reeds voete gesleep om \u0149 oplossing hiervoor te vind en met die metro se snel groeiende bevolking sal daar vinnig [&hellip;]<\/p>\n","protected":false},"author":541,"featured_media":77296,"comment_status":"closed","ping_status":"closed","sticky":false,"template":"","format":"standard","meta":{"_acf_changed":false,"_relevanssi_hide_post":"","_relevanssi_hide_content":"","_relevanssi_pin_for_all":"","_relevanssi_pin_keywords":"","_relevanssi_unpin_keywords":"","_relevanssi_related_keywords":"","_relevanssi_related_include_ids":"","_relevanssi_related_exclude_ids":"","_relevanssi_related_no_append":"","_relevanssi_related_not_related":"","_relevanssi_related_posts":"63847,60889,63067,23198,61295,57353","_relevanssi_noindex_reason":"","footnotes":""},"categories":[74,100],"tags":[],"ppma_author":[694],"class_list":["post-77290","post","type-post","status-publish","format-standard","has-post-thumbnail","hentry","category-jongste-nuus","category-mediaverklarings"],"acf":[],"yoast_head":"<!-- This site is optimized with the Yoast SEO plugin v28.3 - https:\/\/yoast.com\/product\/yoast-seo-wordpress\/ -->\n<title>Rioolstorting in see om Moederstad raak nou \u0149 krisis | Vryheidsfront Plus<\/title>\n<meta name=\"description\" content=\"Die VF Plus is ernstig bekommerd oor die toename in rioolstorting in die see om Kaapstad wat \u0149 groeiende omgewingsgevaar inhou, veral wanneer pompstasies\" \/>\n<meta name=\"robots\" content=\"index, follow, max-snippet:-1, max-image-preview:large, max-video-preview:-1\" \/>\n<link rel=\"canonical\" href=\"https:\/\/www.vfplus.org.za\/af\/jongste-nuus\/rioolstorting-in-see-om-moederstad-raak-nou-n-krisis\/\" \/>\n<meta property=\"og:locale\" content=\"af_ZA\" \/>\n<meta property=\"og:type\" content=\"article\" \/>\n<meta property=\"og:title\" content=\"Rioolstorting in see om Moederstad raak nou \u0149 krisis | Vryheidsfront Plus\" \/>\n<meta property=\"og:description\" content=\"Die VF Plus is ernstig bekommerd oor die toename in rioolstorting in die see om Kaapstad wat \u0149 groeiende omgewingsgevaar inhou, veral wanneer pompstasies\" \/>\n<meta property=\"og:url\" content=\"https:\/\/www.vfplus.org.za\/af\/jongste-nuus\/rioolstorting-in-see-om-moederstad-raak-nou-n-krisis\/\" \/>\n<meta property=\"og:site_name\" content=\"Vryheidsfront Plus\" \/>\n<meta property=\"article:publisher\" content=\"https:\/\/www.facebook.com\/VFplus?fref=ts\" \/>\n<meta property=\"article:published_time\" content=\"2024-10-01T12:51:16+00:00\" \/>\n<meta property=\"article:modified_time\" content=\"2024-10-01T13:00:03+00:00\" \/>\n<meta property=\"og:image\" content=\"https:\/\/www.vfplus.org.za\/wp-content\/uploads\/2024\/10\/freedomfront_plus_Rioolstorting-in-see-om-Moederstad-raak-nou-n-krisis-1-1.png\" \/>\n\t<meta property=\"og:image:width\" content=\"1024\" \/>\n\t<meta property=\"og:image:height\" content=\"768\" \/>\n\t<meta property=\"og:image:type\" content=\"image\/png\" \/>\n<meta name=\"author\" content=\"Pieter Jansen van Vuuren\" \/>\n<meta name=\"twitter:card\" content=\"summary_large_image\" \/>\n<meta name=\"twitter:creator\" content=\"@VFplus\" \/>\n<meta name=\"twitter:site\" content=\"@VFplus\" \/>\n<meta name=\"twitter:label1\" content=\"Written by\" \/>\n\t<meta name=\"twitter:data1\" content=\"Pieter Jansen van Vuuren\" \/>\n\t<meta name=\"twitter:label2\" content=\"Est. reading time\" \/>\n\t<meta name=\"twitter:data2\" content=\"3 minutes\" \/>\n<script type=\"application\/ld+json\" class=\"yoast-schema-graph\">{\"@context\":\"https:\\\/\\\/schema.org\",\"@graph\":[{\"@type\":\"Article\",\"@id\":\"https:\\\/\\\/www.vfplus.org.za\\\/af\\\/jongste-nuus\\\/rioolstorting-in-see-om-moederstad-raak-nou-n-krisis\\\/#article\",\"isPartOf\":{\"@id\":\"https:\\\/\\\/www.vfplus.org.za\\\/af\\\/jongste-nuus\\\/rioolstorting-in-see-om-moederstad-raak-nou-n-krisis\\\/\"},\"author\":{\"name\":\"Pieter Jansen van Vuuren\",\"@id\":\"https:\\\/\\\/www.vfplus.org.za\\\/af\\\/#\\\/schema\\\/person\\\/dd1b2ff2072217ee696f78d4dc8dabb6\"},\"headline\":\"Rioolstorting in see om Moederstad raak nou \u0149 krisis\",\"datePublished\":\"2024-10-01T12:51:16+00:00\",\"dateModified\":\"2024-10-01T13:00:03+00:00\",\"mainEntityOfPage\":{\"@id\":\"https:\\\/\\\/www.vfplus.org.za\\\/af\\\/jongste-nuus\\\/rioolstorting-in-see-om-moederstad-raak-nou-n-krisis\\\/\"},\"wordCount\":442,\"publisher\":{\"@id\":\"https:\\\/\\\/www.vfplus.org.za\\\/af\\\/#organization\"},\"image\":{\"@id\":\"https:\\\/\\\/www.vfplus.org.za\\\/af\\\/jongste-nuus\\\/rioolstorting-in-see-om-moederstad-raak-nou-n-krisis\\\/#primaryimage\"},\"thumbnailUrl\":\"https:\\\/\\\/www.vfplus.org.za\\\/wp-content\\\/uploads\\\/2024\\\/10\\\/freedomfront_plus_Rioolstorting-in-see-om-Moederstad-raak-nou-n-krisis-1-1.png\",\"articleSection\":[\"Jongste nuus\",\"Mediaverklarings\"],\"inLanguage\":\"af-ZA\"},{\"@type\":\"WebPage\",\"@id\":\"https:\\\/\\\/www.vfplus.org.za\\\/af\\\/jongste-nuus\\\/rioolstorting-in-see-om-moederstad-raak-nou-n-krisis\\\/\",\"url\":\"https:\\\/\\\/www.vfplus.org.za\\\/af\\\/jongste-nuus\\\/rioolstorting-in-see-om-moederstad-raak-nou-n-krisis\\\/\",\"name\":\"Rioolstorting in see om Moederstad raak nou \u0149 krisis | Vryheidsfront Plus\",\"isPartOf\":{\"@id\":\"https:\\\/\\\/www.vfplus.org.za\\\/af\\\/#website\"},\"primaryImageOfPage\":{\"@id\":\"https:\\\/\\\/www.vfplus.org.za\\\/af\\\/jongste-nuus\\\/rioolstorting-in-see-om-moederstad-raak-nou-n-krisis\\\/#primaryimage\"},\"image\":{\"@id\":\"https:\\\/\\\/www.vfplus.org.za\\\/af\\\/jongste-nuus\\\/rioolstorting-in-see-om-moederstad-raak-nou-n-krisis\\\/#primaryimage\"},\"thumbnailUrl\":\"https:\\\/\\\/www.vfplus.org.za\\\/wp-content\\\/uploads\\\/2024\\\/10\\\/freedomfront_plus_Rioolstorting-in-see-om-Moederstad-raak-nou-n-krisis-1-1.png\",\"datePublished\":\"2024-10-01T12:51:16+00:00\",\"dateModified\":\"2024-10-01T13:00:03+00:00\",\"description\":\"Die VF Plus is ernstig bekommerd oor die toename in rioolstorting in die see om Kaapstad wat \u0149 groeiende omgewingsgevaar inhou, veral wanneer pompstasies\",\"breadcrumb\":{\"@id\":\"https:\\\/\\\/www.vfplus.org.za\\\/af\\\/jongste-nuus\\\/rioolstorting-in-see-om-moederstad-raak-nou-n-krisis\\\/#breadcrumb\"},\"inLanguage\":\"af-ZA\",\"potentialAction\":[{\"@type\":\"ReadAction\",\"target\":[\"https:\\\/\\\/www.vfplus.org.za\\\/af\\\/jongste-nuus\\\/rioolstorting-in-see-om-moederstad-raak-nou-n-krisis\\\/\"]}]},{\"@type\":\"ImageObject\",\"inLanguage\":\"af-ZA\",\"@id\":\"https:\\\/\\\/www.vfplus.org.za\\\/af\\\/jongste-nuus\\\/rioolstorting-in-see-om-moederstad-raak-nou-n-krisis\\\/#primaryimage\",\"url\":\"https:\\\/\\\/www.vfplus.org.za\\\/wp-content\\\/uploads\\\/2024\\\/10\\\/freedomfront_plus_Rioolstorting-in-see-om-Moederstad-raak-nou-n-krisis-1-1.png\",\"contentUrl\":\"https:\\\/\\\/www.vfplus.org.za\\\/wp-content\\\/uploads\\\/2024\\\/10\\\/freedomfront_plus_Rioolstorting-in-see-om-Moederstad-raak-nou-n-krisis-1-1.png\",\"width\":1024,\"height\":768},{\"@type\":\"BreadcrumbList\",\"@id\":\"https:\\\/\\\/www.vfplus.org.za\\\/af\\\/jongste-nuus\\\/rioolstorting-in-see-om-moederstad-raak-nou-n-krisis\\\/#breadcrumb\",\"itemListElement\":[{\"@type\":\"ListItem\",\"position\":1,\"name\":\"Tuis\",\"item\":\"https:\\\/\\\/www.vfplus.org.za\\\/af\\\/\"},{\"@type\":\"ListItem\",\"position\":2,\"name\":\"Rioolstorting in see om Moederstad raak nou \u0149 krisis\"}]},{\"@type\":\"WebSite\",\"@id\":\"https:\\\/\\\/www.vfplus.org.za\\\/af\\\/#website\",\"url\":\"https:\\\/\\\/www.vfplus.org.za\\\/af\\\/\",\"name\":\"Freedom Front Plus\",\"description\":\"Stand Up | Stand Together | Stand Strong\",\"publisher\":{\"@id\":\"https:\\\/\\\/www.vfplus.org.za\\\/af\\\/#organization\"},\"potentialAction\":[{\"@type\":\"SearchAction\",\"target\":{\"@type\":\"EntryPoint\",\"urlTemplate\":\"https:\\\/\\\/www.vfplus.org.za\\\/af\\\/?s={search_term_string}\"},\"query-input\":{\"@type\":\"PropertyValueSpecification\",\"valueRequired\":true,\"valueName\":\"search_term_string\"}}],\"inLanguage\":\"af-ZA\"},{\"@type\":\"Organization\",\"@id\":\"https:\\\/\\\/www.vfplus.org.za\\\/af\\\/#organization\",\"name\":\"Vryheidsfront Plus\",\"alternateName\":\"VF Plus\",\"url\":\"https:\\\/\\\/www.vfplus.org.za\\\/af\\\/\",\"logo\":{\"@type\":\"ImageObject\",\"inLanguage\":\"af-ZA\",\"@id\":\"https:\\\/\\\/www.vfplus.org.za\\\/af\\\/#\\\/schema\\\/logo\\\/image\\\/\",\"url\":\"https:\\\/\\\/www.vfplus.org.za\\\/wp-content\\\/uploads\\\/2022\\\/11\\\/vfplus-logo-01.png\",\"contentUrl\":\"https:\\\/\\\/www.vfplus.org.za\\\/wp-content\\\/uploads\\\/2022\\\/11\\\/vfplus-logo-01.png\",\"width\":130,\"height\":130,\"caption\":\"Vryheidsfront Plus\"},\"image\":{\"@id\":\"https:\\\/\\\/www.vfplus.org.za\\\/af\\\/#\\\/schema\\\/logo\\\/image\\\/\"},\"sameAs\":[\"https:\\\/\\\/www.facebook.com\\\/VFplus?fref=ts\",\"https:\\\/\\\/x.com\\\/VFplus\",\"https:\\\/\\\/www.instagram.com\\\/vfplus_ffplus\\\/?hl=en\",\"https:\\\/\\\/www.youtube.com\\\/user\\\/VRYHEIDSFRONTplus\"]},{\"@type\":\"Person\",\"@id\":\"https:\\\/\\\/www.vfplus.org.za\\\/af\\\/#\\\/schema\\\/person\\\/dd1b2ff2072217ee696f78d4dc8dabb6\",\"name\":\"Pieter Jansen van Vuuren\",\"image\":{\"@type\":\"ImageObject\",\"inLanguage\":\"af-ZA\",\"@id\":\"https:\\\/\\\/www.vfplus.org.za\\\/wp-content\\\/uploads\\\/2024\\\/10\\\/freedomfront-authors-pieter-jansen-van-vurren-city-of-cape-town.jpg.png079d9e33e5579bd40cc8626fc855a1d5\",\"url\":\"https:\\\/\\\/www.vfplus.org.za\\\/wp-content\\\/uploads\\\/2024\\\/10\\\/freedomfront-authors-pieter-jansen-van-vurren-city-of-cape-town.jpg.png\",\"contentUrl\":\"https:\\\/\\\/www.vfplus.org.za\\\/wp-content\\\/uploads\\\/2024\\\/10\\\/freedomfront-authors-pieter-jansen-van-vurren-city-of-cape-town.jpg.png\",\"caption\":\"Pieter Jansen van Vuuren\"},\"url\":\"https:\\\/\\\/www.vfplus.org.za\\\/af\\\/author\\\/pieter-jansen-van-vuuren\\\/\"}]}<\/script>\n<!-- \/ Yoast SEO plugin. -->","yoast_head_json":{"title":"Rioolstorting in see om Moederstad raak nou \u0149 krisis | Vryheidsfront Plus","description":"Die VF Plus is ernstig bekommerd oor die toename in rioolstorting in die see om Kaapstad wat \u0149 groeiende omgewingsgevaar inhou, veral wanneer pompstasies","robots":{"index":"index","follow":"follow","max-snippet":"max-snippet:-1","max-image-preview":"max-image-preview:large","max-video-preview":"max-video-preview:-1"},"canonical":"https:\/\/www.vfplus.org.za\/af\/jongste-nuus\/rioolstorting-in-see-om-moederstad-raak-nou-n-krisis\/","og_locale":"af_ZA","og_type":"article","og_title":"Rioolstorting in see om Moederstad raak nou \u0149 krisis | Vryheidsfront Plus","og_description":"Die VF Plus is ernstig bekommerd oor die toename in rioolstorting in die see om Kaapstad wat \u0149 groeiende omgewingsgevaar inhou, veral wanneer pompstasies","og_url":"https:\/\/www.vfplus.org.za\/af\/jongste-nuus\/rioolstorting-in-see-om-moederstad-raak-nou-n-krisis\/","og_site_name":"Vryheidsfront Plus","article_publisher":"https:\/\/www.facebook.com\/VFplus?fref=ts","article_published_time":"2024-10-01T12:51:16+00:00","article_modified_time":"2024-10-01T13:00:03+00:00","og_image":[{"width":1024,"height":768,"url":"https:\/\/www.vfplus.org.za\/wp-content\/uploads\/2024\/10\/freedomfront_plus_Rioolstorting-in-see-om-Moederstad-raak-nou-n-krisis-1-1.png","type":"image\/png"}],"author":"Pieter Jansen van Vuuren","twitter_card":"summary_large_image","twitter_creator":"@VFplus","twitter_site":"@VFplus","twitter_misc":{"Written by":"Pieter Jansen van Vuuren","Est. reading time":"3 minutes"},"schema":{"@context":"https:\/\/schema.org","@graph":[{"@type":"Article","@id":"https:\/\/www.vfplus.org.za\/af\/jongste-nuus\/rioolstorting-in-see-om-moederstad-raak-nou-n-krisis\/#article","isPartOf":{"@id":"https:\/\/www.vfplus.org.za\/af\/jongste-nuus\/rioolstorting-in-see-om-moederstad-raak-nou-n-krisis\/"},"author":{"name":"Pieter Jansen van Vuuren","@id":"https:\/\/www.vfplus.org.za\/af\/#\/schema\/person\/dd1b2ff2072217ee696f78d4dc8dabb6"},"headline":"Rioolstorting in see om Moederstad raak nou \u0149 krisis","datePublished":"2024-10-01T12:51:16+00:00","dateModified":"2024-10-01T13:00:03+00:00","mainEntityOfPage":{"@id":"https:\/\/www.vfplus.org.za\/af\/jongste-nuus\/rioolstorting-in-see-om-moederstad-raak-nou-n-krisis\/"},"wordCount":442,"publisher":{"@id":"https:\/\/www.vfplus.org.za\/af\/#organization"},"image":{"@id":"https:\/\/www.vfplus.org.za\/af\/jongste-nuus\/rioolstorting-in-see-om-moederstad-raak-nou-n-krisis\/#primaryimage"},"thumbnailUrl":"https:\/\/www.vfplus.org.za\/wp-content\/uploads\/2024\/10\/freedomfront_plus_Rioolstorting-in-see-om-Moederstad-raak-nou-n-krisis-1-1.png","articleSection":["Jongste nuus","Mediaverklarings"],"inLanguage":"af-ZA"},{"@type":"WebPage","@id":"https:\/\/www.vfplus.org.za\/af\/jongste-nuus\/rioolstorting-in-see-om-moederstad-raak-nou-n-krisis\/","url":"https:\/\/www.vfplus.org.za\/af\/jongste-nuus\/rioolstorting-in-see-om-moederstad-raak-nou-n-krisis\/","name":"Rioolstorting in see om Moederstad raak nou \u0149 krisis | Vryheidsfront Plus","isPartOf":{"@id":"https:\/\/www.vfplus.org.za\/af\/#website"},"primaryImageOfPage":{"@id":"https:\/\/www.vfplus.org.za\/af\/jongste-nuus\/rioolstorting-in-see-om-moederstad-raak-nou-n-krisis\/#primaryimage"},"image":{"@id":"https:\/\/www.vfplus.org.za\/af\/jongste-nuus\/rioolstorting-in-see-om-moederstad-raak-nou-n-krisis\/#primaryimage"},"thumbnailUrl":"https:\/\/www.vfplus.org.za\/wp-content\/uploads\/2024\/10\/freedomfront_plus_Rioolstorting-in-see-om-Moederstad-raak-nou-n-krisis-1-1.png","datePublished":"2024-10-01T12:51:16+00:00","dateModified":"2024-10-01T13:00:03+00:00","description":"Die VF Plus is ernstig bekommerd oor die toename in rioolstorting in die see om Kaapstad wat \u0149 groeiende omgewingsgevaar inhou, veral wanneer pompstasies","breadcrumb":{"@id":"https:\/\/www.vfplus.org.za\/af\/jongste-nuus\/rioolstorting-in-see-om-moederstad-raak-nou-n-krisis\/#breadcrumb"},"inLanguage":"af-ZA","potentialAction":[{"@type":"ReadAction","target":["https:\/\/www.vfplus.org.za\/af\/jongste-nuus\/rioolstorting-in-see-om-moederstad-raak-nou-n-krisis\/"]}]},{"@type":"ImageObject","inLanguage":"af-ZA","@id":"https:\/\/www.vfplus.org.za\/af\/jongste-nuus\/rioolstorting-in-see-om-moederstad-raak-nou-n-krisis\/#primaryimage","url":"https:\/\/www.vfplus.org.za\/wp-content\/uploads\/2024\/10\/freedomfront_plus_Rioolstorting-in-see-om-Moederstad-raak-nou-n-krisis-1-1.png","contentUrl":"https:\/\/www.vfplus.org.za\/wp-content\/uploads\/2024\/10\/freedomfront_plus_Rioolstorting-in-see-om-Moederstad-raak-nou-n-krisis-1-1.png","width":1024,"height":768},{"@type":"BreadcrumbList","@id":"https:\/\/www.vfplus.org.za\/af\/jongste-nuus\/rioolstorting-in-see-om-moederstad-raak-nou-n-krisis\/#breadcrumb","itemListElement":[{"@type":"ListItem","position":1,"name":"Tuis","item":"https:\/\/www.vfplus.org.za\/af\/"},{"@type":"ListItem","position":2,"name":"Rioolstorting in see om Moederstad raak nou \u0149 krisis"}]},{"@type":"WebSite","@id":"https:\/\/www.vfplus.org.za\/af\/#website","url":"https:\/\/www.vfplus.org.za\/af\/","name":"Freedom Front Plus","description":"Stand Up | Stand Together | Stand Strong","publisher":{"@id":"https:\/\/www.vfplus.org.za\/af\/#organization"},"potentialAction":[{"@type":"SearchAction","target":{"@type":"EntryPoint","urlTemplate":"https:\/\/www.vfplus.org.za\/af\/?s={search_term_string}"},"query-input":{"@type":"PropertyValueSpecification","valueRequired":true,"valueName":"search_term_string"}}],"inLanguage":"af-ZA"},{"@type":"Organization","@id":"https:\/\/www.vfplus.org.za\/af\/#organization","name":"Vryheidsfront Plus","alternateName":"VF Plus","url":"https:\/\/www.vfplus.org.za\/af\/","logo":{"@type":"ImageObject","inLanguage":"af-ZA","@id":"https:\/\/www.vfplus.org.za\/af\/#\/schema\/logo\/image\/","url":"https:\/\/www.vfplus.org.za\/wp-content\/uploads\/2022\/11\/vfplus-logo-01.png","contentUrl":"https:\/\/www.vfplus.org.za\/wp-content\/uploads\/2022\/11\/vfplus-logo-01.png","width":130,"height":130,"caption":"Vryheidsfront Plus"},"image":{"@id":"https:\/\/www.vfplus.org.za\/af\/#\/schema\/logo\/image\/"},"sameAs":["https:\/\/www.facebook.com\/VFplus?fref=ts","https:\/\/x.com\/VFplus","https:\/\/www.instagram.com\/vfplus_ffplus\/?hl=en","https:\/\/www.youtube.com\/user\/VRYHEIDSFRONTplus"]},{"@type":"Person","@id":"https:\/\/www.vfplus.org.za\/af\/#\/schema\/person\/dd1b2ff2072217ee696f78d4dc8dabb6","name":"Pieter Jansen van Vuuren","image":{"@type":"ImageObject","inLanguage":"af-ZA","@id":"https:\/\/www.vfplus.org.za\/wp-content\/uploads\/2024\/10\/freedomfront-authors-pieter-jansen-van-vurren-city-of-cape-town.jpg.png079d9e33e5579bd40cc8626fc855a1d5","url":"https:\/\/www.vfplus.org.za\/wp-content\/uploads\/2024\/10\/freedomfront-authors-pieter-jansen-van-vurren-city-of-cape-town.jpg.png","contentUrl":"https:\/\/www.vfplus.org.za\/wp-content\/uploads\/2024\/10\/freedomfront-authors-pieter-jansen-van-vurren-city-of-cape-town.jpg.png","caption":"Pieter Jansen van Vuuren"},"url":"https:\/\/www.vfplus.org.za\/af\/author\/pieter-jansen-van-vuuren\/"}]}},"authors":[{"term_id":694,"user_id":541,"is_guest":0,"slug":"pieter-jansen-van-vuuren","display_name":"Pieter Jansen van Vuuren","avatar_url":{"url":"https:\/\/www.vfplus.org.za\/wp-content\/uploads\/2024\/10\/freedomfront-authors-pieter-jansen-van-vurren-city-of-cape-town.jpg.png","url2x":"https:\/\/www.vfplus.org.za\/wp-content\/uploads\/2024\/10\/freedomfront-authors-pieter-jansen-van-vurren-city-of-cape-town.jpg.png"},"author_category":"","user_url":"","last_name":"","first_name":"","job_title":"","description":""}],"_links":{"self":[{"href":"https:\/\/www.vfplus.org.za\/af\/wp-json\/wp\/v2\/posts\/77290","targetHints":{"allow":["GET"]}}],"collection":[{"href":"https:\/\/www.vfplus.org.za\/af\/wp-json\/wp\/v2\/posts"}],"about":[{"href":"https:\/\/www.vfplus.org.za\/af\/wp-json\/wp\/v2\/types\/post"}],"author":[{"embeddable":true,"href":"https:\/\/www.vfplus.org.za\/af\/wp-json\/wp\/v2\/users\/541"}],"replies":[{"embeddable":true,"href":"https:\/\/www.vfplus.org.za\/af\/wp-json\/wp\/v2\/comments?post=77290"}],"version-history":[{"count":1,"href":"https:\/\/www.vfplus.org.za\/af\/wp-json\/wp\/v2\/posts\/77290\/revisions"}],"predecessor-version":[{"id":77295,"href":"https:\/\/www.vfplus.org.za\/af\/wp-json\/wp\/v2\/posts\/77290\/revisions\/77295"}],"wp:featuredmedia":[{"embeddable":true,"href":"https:\/\/www.vfplus.org.za\/af\/wp-json\/wp\/v2\/media\/77296"}],"wp:attachment":[{"href":"https:\/\/www.vfplus.org.za\/af\/wp-json\/wp\/v2\/media?parent=77290"}],"wp:term":[{"taxonomy":"category","embeddable":true,"href":"https:\/\/www.vfplus.org.za\/af\/wp-json\/wp\/v2\/categories?post=77290"},{"taxonomy":"post_tag","embeddable":true,"href":"https:\/\/www.vfplus.org.za\/af\/wp-json\/wp\/v2\/tags?post=77290"},{"taxonomy":"author","embeddable":true,"href":"https:\/\/www.vfplus.org.za\/af\/wp-json\/wp\/v2\/ppma_author?post=77290"}],"curies":[{"name":"wp","href":"https:\/\/api.w.org\/{rel}","templated":true}]}}