{"id":77277,"date":"2024-09-30T12:51:17","date_gmt":"2024-09-30T10:51:17","guid":{"rendered":"https:\/\/www.vfplus.org.za\/?p=77277"},"modified":"2024-09-30T12:51:26","modified_gmt":"2024-09-30T10:51:26","slug":"plaasmoord-naby-kuruman-selfs-uit-misdaadoogpunt-was-moord-onnodig","status":"publish","type":"post","link":"https:\/\/www.vfplus.org.za\/af\/jongste-nuus\/plaasmoord-naby-kuruman-selfs-uit-misdaadoogpunt-was-moord-onnodig\/","title":{"rendered":"Plaasmoord naby Kuruman: Selfs uit misdaadoogpunt was moord onnodig"},"content":{"rendered":"\n<p class=\"wp-block-paragraph\">Die moord op mnr. Hendrik Venter van Kuruman laat weer die lig val op die oormatige geweld in di\u00e9 soort misdaad. Die VF Plus se gebede gaan na mnr. Venter se geliefdes uit.&nbsp;<\/p>\n\n\n\n<p class=\"wp-block-paragraph\">Hoewel Kuruman as \u0149 misdaadbrandpunt in die Noord-Kaap bekend is, is plaasaanvalle steeds \u0149 seldsame voorval wat skokgolwe deur die gemeenskap stuur \u2013 selfs deur die hele provinsie.&nbsp;<\/p>\n\n\n\n<p class=\"wp-block-paragraph\">Die feit dat mnr. Venter gery het om lone te betaal en dat die kontant daarvoor vermis word, kan tot die gevolgtrekking lei dat die motief vir die aanval \u0149 blote rooftog is. Die vraag is waarom dit nodig was om sy lewe te neem.<\/p>\n\n\n\n<p class=\"wp-block-paragraph\">Indien vier mense \u0149 bejaarde van 81 by \u0149 hek inwag, kan hulle seker enigiets van hom afneem sonder om hom te vermoor. Mediaberigte noem byvoorbeeld nie dat \u0149 vuurwapen vermis word of gebruik is nie.&nbsp;<\/p>\n\n\n\n<p class=\"wp-block-paragraph\">Die politieke klimaat in die land, aangeblaas deur \u0149 eensydige weergawe van die land se geskiedenis, kan met hierdie soort oormatige geweld in verband staan.&nbsp;<\/p>\n\n\n\n<p class=\"wp-block-paragraph\">Terwyl die VF Plus sy meelewing met mnr. Venter se geliefdes betuig, verdien die polisielede vermelding vir hul flinke optrede om die vermeende moordenaars vinnig aan te keer.<\/p>\n\n\n\n<p class=\"wp-block-paragraph\">Ongelukkig kom dit eers n\u00e1 die moord en die VF Plus herinner boere daaraan dat hulle, weens die aard van hul werk, reeds \u0149 sagte teiken is. Daarom moet hulle alle moontlike stappe neem om hulself te beveilig.<\/p>\n","protected":false},"excerpt":{"rendered":"<p>Die moord op mnr. Hendrik Venter van Kuruman laat weer die lig val op die oormatige geweld in di\u00e9 soort misdaad. Die VF Plus se gebede gaan na mnr. Venter se geliefdes uit.&nbsp; Hoewel Kuruman as \u0149 misdaadbrandpunt in die Noord-Kaap bekend is, is plaasaanvalle steeds \u0149 seldsame voorval wat skokgolwe deur die gemeenskap stuur [&hellip;]<\/p>\n","protected":false},"author":6,"featured_media":77281,"comment_status":"closed","ping_status":"closed","sticky":false,"template":"","format":"standard","meta":{"_acf_changed":false,"_relevanssi_hide_post":"","_relevanssi_hide_content":"","_relevanssi_pin_for_all":"","_relevanssi_pin_keywords":"","_relevanssi_unpin_keywords":"","_relevanssi_related_keywords":"","_relevanssi_related_include_ids":"","_relevanssi_related_exclude_ids":"","_relevanssi_related_no_append":"","_relevanssi_related_not_related":"","_relevanssi_related_posts":"17700,23358,61195,61059,23158,17922","_relevanssi_noindex_reason":"","footnotes":""},"categories":[74,100],"tags":[],"ppma_author":[89],"class_list":["post-77277","post","type-post","status-publish","format-standard","has-post-thumbnail","hentry","category-jongste-nuus","category-mediaverklarings"],"acf":[],"yoast_head":"<!-- This site is optimized with the Yoast SEO plugin v28.3 - https:\/\/yoast.com\/product\/yoast-seo-wordpress\/ -->\n<title>Plaasmoord naby Kuruman: Selfs uit misdaadoogpunt was moord onnodig | Vryheidsfront Plus<\/title>\n<meta name=\"description\" content=\"Die moord op mnr. Hendrik Venter van Kuruman laat weer die lig val op die oormatige geweld in di\u00e9 soort misdaad. Die VF Plus se gebede gaan na mnr. Venter\" \/>\n<meta name=\"robots\" content=\"index, follow, max-snippet:-1, max-image-preview:large, max-video-preview:-1\" \/>\n<link rel=\"canonical\" href=\"https:\/\/www.vfplus.org.za\/af\/jongste-nuus\/plaasmoord-naby-kuruman-selfs-uit-misdaadoogpunt-was-moord-onnodig\/\" \/>\n<meta property=\"og:locale\" content=\"af_ZA\" \/>\n<meta property=\"og:type\" content=\"article\" \/>\n<meta property=\"og:title\" content=\"Plaasmoord naby Kuruman: Selfs uit misdaadoogpunt was moord onnodig | Vryheidsfront Plus\" \/>\n<meta property=\"og:description\" content=\"Die moord op mnr. Hendrik Venter van Kuruman laat weer die lig val op die oormatige geweld in di\u00e9 soort misdaad. Die VF Plus se gebede gaan na mnr. Venter\" \/>\n<meta property=\"og:url\" content=\"https:\/\/www.vfplus.org.za\/af\/jongste-nuus\/plaasmoord-naby-kuruman-selfs-uit-misdaadoogpunt-was-moord-onnodig\/\" \/>\n<meta property=\"og:site_name\" content=\"Vryheidsfront Plus\" \/>\n<meta property=\"article:publisher\" content=\"https:\/\/www.facebook.com\/VFplus?fref=ts\" \/>\n<meta property=\"article:published_time\" content=\"2024-09-30T10:51:17+00:00\" \/>\n<meta property=\"article:modified_time\" content=\"2024-09-30T10:51:26+00:00\" \/>\n<meta property=\"og:image\" content=\"https:\/\/www.vfplus.org.za\/wp-content\/uploads\/2024\/09\/freedomfront_plus_Plaasmoord-naby-Kuruman-Selfs-uit-misdaadoogpunt-was-moord-onnodig.png\" \/>\n\t<meta property=\"og:image:width\" content=\"1024\" \/>\n\t<meta property=\"og:image:height\" content=\"768\" \/>\n\t<meta property=\"og:image:type\" content=\"image\/png\" \/>\n<meta name=\"author\" content=\"Dr Wynand Boshoff\" \/>\n<meta name=\"twitter:card\" content=\"summary_large_image\" \/>\n<meta name=\"twitter:creator\" content=\"@VFplus\" \/>\n<meta name=\"twitter:site\" content=\"@VFplus\" \/>\n<meta name=\"twitter:label1\" content=\"Written by\" \/>\n\t<meta name=\"twitter:data1\" content=\"Dr Wynand Boshoff\" \/>\n\t<meta name=\"twitter:label2\" content=\"Est. reading time\" \/>\n\t<meta name=\"twitter:data2\" content=\"2 minutes\" \/>\n<script type=\"application\/ld+json\" class=\"yoast-schema-graph\">{\"@context\":\"https:\\\/\\\/schema.org\",\"@graph\":[{\"@type\":\"Article\",\"@id\":\"https:\\\/\\\/www.vfplus.org.za\\\/af\\\/jongste-nuus\\\/plaasmoord-naby-kuruman-selfs-uit-misdaadoogpunt-was-moord-onnodig\\\/#article\",\"isPartOf\":{\"@id\":\"https:\\\/\\\/www.vfplus.org.za\\\/af\\\/jongste-nuus\\\/plaasmoord-naby-kuruman-selfs-uit-misdaadoogpunt-was-moord-onnodig\\\/\"},\"author\":{\"name\":\"Dr Wynand Boshoff\",\"@id\":\"https:\\\/\\\/www.vfplus.org.za\\\/af\\\/#\\\/schema\\\/person\\\/586f0afab50af05619e266b15e940c45\"},\"headline\":\"Plaasmoord naby Kuruman: Selfs uit misdaadoogpunt was moord onnodig\",\"datePublished\":\"2024-09-30T10:51:17+00:00\",\"dateModified\":\"2024-09-30T10:51:26+00:00\",\"mainEntityOfPage\":{\"@id\":\"https:\\\/\\\/www.vfplus.org.za\\\/af\\\/jongste-nuus\\\/plaasmoord-naby-kuruman-selfs-uit-misdaadoogpunt-was-moord-onnodig\\\/\"},\"wordCount\":236,\"publisher\":{\"@id\":\"https:\\\/\\\/www.vfplus.org.za\\\/af\\\/#organization\"},\"image\":{\"@id\":\"https:\\\/\\\/www.vfplus.org.za\\\/af\\\/jongste-nuus\\\/plaasmoord-naby-kuruman-selfs-uit-misdaadoogpunt-was-moord-onnodig\\\/#primaryimage\"},\"thumbnailUrl\":\"https:\\\/\\\/www.vfplus.org.za\\\/wp-content\\\/uploads\\\/2024\\\/09\\\/freedomfront_plus_Plaasmoord-naby-Kuruman-Selfs-uit-misdaadoogpunt-was-moord-onnodig.png\",\"articleSection\":[\"Jongste nuus\",\"Mediaverklarings\"],\"inLanguage\":\"af-ZA\"},{\"@type\":\"WebPage\",\"@id\":\"https:\\\/\\\/www.vfplus.org.za\\\/af\\\/jongste-nuus\\\/plaasmoord-naby-kuruman-selfs-uit-misdaadoogpunt-was-moord-onnodig\\\/\",\"url\":\"https:\\\/\\\/www.vfplus.org.za\\\/af\\\/jongste-nuus\\\/plaasmoord-naby-kuruman-selfs-uit-misdaadoogpunt-was-moord-onnodig\\\/\",\"name\":\"Plaasmoord naby Kuruman: Selfs uit misdaadoogpunt was moord onnodig | Vryheidsfront Plus\",\"isPartOf\":{\"@id\":\"https:\\\/\\\/www.vfplus.org.za\\\/af\\\/#website\"},\"primaryImageOfPage\":{\"@id\":\"https:\\\/\\\/www.vfplus.org.za\\\/af\\\/jongste-nuus\\\/plaasmoord-naby-kuruman-selfs-uit-misdaadoogpunt-was-moord-onnodig\\\/#primaryimage\"},\"image\":{\"@id\":\"https:\\\/\\\/www.vfplus.org.za\\\/af\\\/jongste-nuus\\\/plaasmoord-naby-kuruman-selfs-uit-misdaadoogpunt-was-moord-onnodig\\\/#primaryimage\"},\"thumbnailUrl\":\"https:\\\/\\\/www.vfplus.org.za\\\/wp-content\\\/uploads\\\/2024\\\/09\\\/freedomfront_plus_Plaasmoord-naby-Kuruman-Selfs-uit-misdaadoogpunt-was-moord-onnodig.png\",\"datePublished\":\"2024-09-30T10:51:17+00:00\",\"dateModified\":\"2024-09-30T10:51:26+00:00\",\"description\":\"Die moord op mnr. Hendrik Venter van Kuruman laat weer die lig val op die oormatige geweld in di\u00e9 soort misdaad. Die VF Plus se gebede gaan na mnr. Venter\",\"breadcrumb\":{\"@id\":\"https:\\\/\\\/www.vfplus.org.za\\\/af\\\/jongste-nuus\\\/plaasmoord-naby-kuruman-selfs-uit-misdaadoogpunt-was-moord-onnodig\\\/#breadcrumb\"},\"inLanguage\":\"af-ZA\",\"potentialAction\":[{\"@type\":\"ReadAction\",\"target\":[\"https:\\\/\\\/www.vfplus.org.za\\\/af\\\/jongste-nuus\\\/plaasmoord-naby-kuruman-selfs-uit-misdaadoogpunt-was-moord-onnodig\\\/\"]}]},{\"@type\":\"ImageObject\",\"inLanguage\":\"af-ZA\",\"@id\":\"https:\\\/\\\/www.vfplus.org.za\\\/af\\\/jongste-nuus\\\/plaasmoord-naby-kuruman-selfs-uit-misdaadoogpunt-was-moord-onnodig\\\/#primaryimage\",\"url\":\"https:\\\/\\\/www.vfplus.org.za\\\/wp-content\\\/uploads\\\/2024\\\/09\\\/freedomfront_plus_Plaasmoord-naby-Kuruman-Selfs-uit-misdaadoogpunt-was-moord-onnodig.png\",\"contentUrl\":\"https:\\\/\\\/www.vfplus.org.za\\\/wp-content\\\/uploads\\\/2024\\\/09\\\/freedomfront_plus_Plaasmoord-naby-Kuruman-Selfs-uit-misdaadoogpunt-was-moord-onnodig.png\",\"width\":1024,\"height\":768},{\"@type\":\"BreadcrumbList\",\"@id\":\"https:\\\/\\\/www.vfplus.org.za\\\/af\\\/jongste-nuus\\\/plaasmoord-naby-kuruman-selfs-uit-misdaadoogpunt-was-moord-onnodig\\\/#breadcrumb\",\"itemListElement\":[{\"@type\":\"ListItem\",\"position\":1,\"name\":\"Tuis\",\"item\":\"https:\\\/\\\/www.vfplus.org.za\\\/af\\\/\"},{\"@type\":\"ListItem\",\"position\":2,\"name\":\"Plaasmoord naby Kuruman: Selfs uit misdaadoogpunt was moord onnodig\"}]},{\"@type\":\"WebSite\",\"@id\":\"https:\\\/\\\/www.vfplus.org.za\\\/af\\\/#website\",\"url\":\"https:\\\/\\\/www.vfplus.org.za\\\/af\\\/\",\"name\":\"Freedom Front Plus\",\"description\":\"Stand Up | Stand Together | Stand Strong\",\"publisher\":{\"@id\":\"https:\\\/\\\/www.vfplus.org.za\\\/af\\\/#organization\"},\"potentialAction\":[{\"@type\":\"SearchAction\",\"target\":{\"@type\":\"EntryPoint\",\"urlTemplate\":\"https:\\\/\\\/www.vfplus.org.za\\\/af\\\/?s={search_term_string}\"},\"query-input\":{\"@type\":\"PropertyValueSpecification\",\"valueRequired\":true,\"valueName\":\"search_term_string\"}}],\"inLanguage\":\"af-ZA\"},{\"@type\":\"Organization\",\"@id\":\"https:\\\/\\\/www.vfplus.org.za\\\/af\\\/#organization\",\"name\":\"Vryheidsfront Plus\",\"alternateName\":\"VF Plus\",\"url\":\"https:\\\/\\\/www.vfplus.org.za\\\/af\\\/\",\"logo\":{\"@type\":\"ImageObject\",\"inLanguage\":\"af-ZA\",\"@id\":\"https:\\\/\\\/www.vfplus.org.za\\\/af\\\/#\\\/schema\\\/logo\\\/image\\\/\",\"url\":\"https:\\\/\\\/www.vfplus.org.za\\\/wp-content\\\/uploads\\\/2022\\\/11\\\/vfplus-logo-01.png\",\"contentUrl\":\"https:\\\/\\\/www.vfplus.org.za\\\/wp-content\\\/uploads\\\/2022\\\/11\\\/vfplus-logo-01.png\",\"width\":130,\"height\":130,\"caption\":\"Vryheidsfront Plus\"},\"image\":{\"@id\":\"https:\\\/\\\/www.vfplus.org.za\\\/af\\\/#\\\/schema\\\/logo\\\/image\\\/\"},\"sameAs\":[\"https:\\\/\\\/www.facebook.com\\\/VFplus?fref=ts\",\"https:\\\/\\\/x.com\\\/VFplus\",\"https:\\\/\\\/www.instagram.com\\\/vfplus_ffplus\\\/?hl=en\",\"https:\\\/\\\/www.youtube.com\\\/user\\\/VRYHEIDSFRONTplus\"]},{\"@type\":\"Person\",\"@id\":\"https:\\\/\\\/www.vfplus.org.za\\\/af\\\/#\\\/schema\\\/person\\\/586f0afab50af05619e266b15e940c45\",\"name\":\"Dr Wynand Boshoff\",\"image\":{\"@type\":\"ImageObject\",\"inLanguage\":\"af-ZA\",\"@id\":\"https:\\\/\\\/www.vfplus.org.za\\\/wp-content\\\/uploads\\\/2023\\\/01\\\/freedom-front-plus-leadership-wynand-boschoff-01.jpgc7614ff088e83becc8f285193d701758\",\"url\":\"https:\\\/\\\/www.vfplus.org.za\\\/wp-content\\\/uploads\\\/2023\\\/01\\\/freedom-front-plus-leadership-wynand-boschoff-01.jpg\",\"contentUrl\":\"https:\\\/\\\/www.vfplus.org.za\\\/wp-content\\\/uploads\\\/2023\\\/01\\\/freedom-front-plus-leadership-wynand-boschoff-01.jpg\",\"caption\":\"Dr Wynand Boshoff\"},\"url\":\"https:\\\/\\\/www.vfplus.org.za\\\/af\\\/author\\\/dr-wynand-boshoff\\\/\"}]}<\/script>\n<!-- \/ Yoast SEO plugin. -->","yoast_head_json":{"title":"Plaasmoord naby Kuruman: Selfs uit misdaadoogpunt was moord onnodig | Vryheidsfront Plus","description":"Die moord op mnr. Hendrik Venter van Kuruman laat weer die lig val op die oormatige geweld in di\u00e9 soort misdaad. Die VF Plus se gebede gaan na mnr. Venter","robots":{"index":"index","follow":"follow","max-snippet":"max-snippet:-1","max-image-preview":"max-image-preview:large","max-video-preview":"max-video-preview:-1"},"canonical":"https:\/\/www.vfplus.org.za\/af\/jongste-nuus\/plaasmoord-naby-kuruman-selfs-uit-misdaadoogpunt-was-moord-onnodig\/","og_locale":"af_ZA","og_type":"article","og_title":"Plaasmoord naby Kuruman: Selfs uit misdaadoogpunt was moord onnodig | Vryheidsfront Plus","og_description":"Die moord op mnr. Hendrik Venter van Kuruman laat weer die lig val op die oormatige geweld in di\u00e9 soort misdaad. Die VF Plus se gebede gaan na mnr. Venter","og_url":"https:\/\/www.vfplus.org.za\/af\/jongste-nuus\/plaasmoord-naby-kuruman-selfs-uit-misdaadoogpunt-was-moord-onnodig\/","og_site_name":"Vryheidsfront Plus","article_publisher":"https:\/\/www.facebook.com\/VFplus?fref=ts","article_published_time":"2024-09-30T10:51:17+00:00","article_modified_time":"2024-09-30T10:51:26+00:00","og_image":[{"width":1024,"height":768,"url":"https:\/\/www.vfplus.org.za\/wp-content\/uploads\/2024\/09\/freedomfront_plus_Plaasmoord-naby-Kuruman-Selfs-uit-misdaadoogpunt-was-moord-onnodig.png","type":"image\/png"}],"author":"Dr Wynand Boshoff","twitter_card":"summary_large_image","twitter_creator":"@VFplus","twitter_site":"@VFplus","twitter_misc":{"Written by":"Dr Wynand Boshoff","Est. reading time":"2 minutes"},"schema":{"@context":"https:\/\/schema.org","@graph":[{"@type":"Article","@id":"https:\/\/www.vfplus.org.za\/af\/jongste-nuus\/plaasmoord-naby-kuruman-selfs-uit-misdaadoogpunt-was-moord-onnodig\/#article","isPartOf":{"@id":"https:\/\/www.vfplus.org.za\/af\/jongste-nuus\/plaasmoord-naby-kuruman-selfs-uit-misdaadoogpunt-was-moord-onnodig\/"},"author":{"name":"Dr Wynand Boshoff","@id":"https:\/\/www.vfplus.org.za\/af\/#\/schema\/person\/586f0afab50af05619e266b15e940c45"},"headline":"Plaasmoord naby Kuruman: Selfs uit misdaadoogpunt was moord onnodig","datePublished":"2024-09-30T10:51:17+00:00","dateModified":"2024-09-30T10:51:26+00:00","mainEntityOfPage":{"@id":"https:\/\/www.vfplus.org.za\/af\/jongste-nuus\/plaasmoord-naby-kuruman-selfs-uit-misdaadoogpunt-was-moord-onnodig\/"},"wordCount":236,"publisher":{"@id":"https:\/\/www.vfplus.org.za\/af\/#organization"},"image":{"@id":"https:\/\/www.vfplus.org.za\/af\/jongste-nuus\/plaasmoord-naby-kuruman-selfs-uit-misdaadoogpunt-was-moord-onnodig\/#primaryimage"},"thumbnailUrl":"https:\/\/www.vfplus.org.za\/wp-content\/uploads\/2024\/09\/freedomfront_plus_Plaasmoord-naby-Kuruman-Selfs-uit-misdaadoogpunt-was-moord-onnodig.png","articleSection":["Jongste nuus","Mediaverklarings"],"inLanguage":"af-ZA"},{"@type":"WebPage","@id":"https:\/\/www.vfplus.org.za\/af\/jongste-nuus\/plaasmoord-naby-kuruman-selfs-uit-misdaadoogpunt-was-moord-onnodig\/","url":"https:\/\/www.vfplus.org.za\/af\/jongste-nuus\/plaasmoord-naby-kuruman-selfs-uit-misdaadoogpunt-was-moord-onnodig\/","name":"Plaasmoord naby Kuruman: Selfs uit misdaadoogpunt was moord onnodig | Vryheidsfront Plus","isPartOf":{"@id":"https:\/\/www.vfplus.org.za\/af\/#website"},"primaryImageOfPage":{"@id":"https:\/\/www.vfplus.org.za\/af\/jongste-nuus\/plaasmoord-naby-kuruman-selfs-uit-misdaadoogpunt-was-moord-onnodig\/#primaryimage"},"image":{"@id":"https:\/\/www.vfplus.org.za\/af\/jongste-nuus\/plaasmoord-naby-kuruman-selfs-uit-misdaadoogpunt-was-moord-onnodig\/#primaryimage"},"thumbnailUrl":"https:\/\/www.vfplus.org.za\/wp-content\/uploads\/2024\/09\/freedomfront_plus_Plaasmoord-naby-Kuruman-Selfs-uit-misdaadoogpunt-was-moord-onnodig.png","datePublished":"2024-09-30T10:51:17+00:00","dateModified":"2024-09-30T10:51:26+00:00","description":"Die moord op mnr. Hendrik Venter van Kuruman laat weer die lig val op die oormatige geweld in di\u00e9 soort misdaad. Die VF Plus se gebede gaan na mnr. Venter","breadcrumb":{"@id":"https:\/\/www.vfplus.org.za\/af\/jongste-nuus\/plaasmoord-naby-kuruman-selfs-uit-misdaadoogpunt-was-moord-onnodig\/#breadcrumb"},"inLanguage":"af-ZA","potentialAction":[{"@type":"ReadAction","target":["https:\/\/www.vfplus.org.za\/af\/jongste-nuus\/plaasmoord-naby-kuruman-selfs-uit-misdaadoogpunt-was-moord-onnodig\/"]}]},{"@type":"ImageObject","inLanguage":"af-ZA","@id":"https:\/\/www.vfplus.org.za\/af\/jongste-nuus\/plaasmoord-naby-kuruman-selfs-uit-misdaadoogpunt-was-moord-onnodig\/#primaryimage","url":"https:\/\/www.vfplus.org.za\/wp-content\/uploads\/2024\/09\/freedomfront_plus_Plaasmoord-naby-Kuruman-Selfs-uit-misdaadoogpunt-was-moord-onnodig.png","contentUrl":"https:\/\/www.vfplus.org.za\/wp-content\/uploads\/2024\/09\/freedomfront_plus_Plaasmoord-naby-Kuruman-Selfs-uit-misdaadoogpunt-was-moord-onnodig.png","width":1024,"height":768},{"@type":"BreadcrumbList","@id":"https:\/\/www.vfplus.org.za\/af\/jongste-nuus\/plaasmoord-naby-kuruman-selfs-uit-misdaadoogpunt-was-moord-onnodig\/#breadcrumb","itemListElement":[{"@type":"ListItem","position":1,"name":"Tuis","item":"https:\/\/www.vfplus.org.za\/af\/"},{"@type":"ListItem","position":2,"name":"Plaasmoord naby Kuruman: Selfs uit misdaadoogpunt was moord onnodig"}]},{"@type":"WebSite","@id":"https:\/\/www.vfplus.org.za\/af\/#website","url":"https:\/\/www.vfplus.org.za\/af\/","name":"Freedom Front Plus","description":"Stand Up | Stand Together | Stand Strong","publisher":{"@id":"https:\/\/www.vfplus.org.za\/af\/#organization"},"potentialAction":[{"@type":"SearchAction","target":{"@type":"EntryPoint","urlTemplate":"https:\/\/www.vfplus.org.za\/af\/?s={search_term_string}"},"query-input":{"@type":"PropertyValueSpecification","valueRequired":true,"valueName":"search_term_string"}}],"inLanguage":"af-ZA"},{"@type":"Organization","@id":"https:\/\/www.vfplus.org.za\/af\/#organization","name":"Vryheidsfront Plus","alternateName":"VF Plus","url":"https:\/\/www.vfplus.org.za\/af\/","logo":{"@type":"ImageObject","inLanguage":"af-ZA","@id":"https:\/\/www.vfplus.org.za\/af\/#\/schema\/logo\/image\/","url":"https:\/\/www.vfplus.org.za\/wp-content\/uploads\/2022\/11\/vfplus-logo-01.png","contentUrl":"https:\/\/www.vfplus.org.za\/wp-content\/uploads\/2022\/11\/vfplus-logo-01.png","width":130,"height":130,"caption":"Vryheidsfront Plus"},"image":{"@id":"https:\/\/www.vfplus.org.za\/af\/#\/schema\/logo\/image\/"},"sameAs":["https:\/\/www.facebook.com\/VFplus?fref=ts","https:\/\/x.com\/VFplus","https:\/\/www.instagram.com\/vfplus_ffplus\/?hl=en","https:\/\/www.youtube.com\/user\/VRYHEIDSFRONTplus"]},{"@type":"Person","@id":"https:\/\/www.vfplus.org.za\/af\/#\/schema\/person\/586f0afab50af05619e266b15e940c45","name":"Dr Wynand Boshoff","image":{"@type":"ImageObject","inLanguage":"af-ZA","@id":"https:\/\/www.vfplus.org.za\/wp-content\/uploads\/2023\/01\/freedom-front-plus-leadership-wynand-boschoff-01.jpgc7614ff088e83becc8f285193d701758","url":"https:\/\/www.vfplus.org.za\/wp-content\/uploads\/2023\/01\/freedom-front-plus-leadership-wynand-boschoff-01.jpg","contentUrl":"https:\/\/www.vfplus.org.za\/wp-content\/uploads\/2023\/01\/freedom-front-plus-leadership-wynand-boschoff-01.jpg","caption":"Dr Wynand Boshoff"},"url":"https:\/\/www.vfplus.org.za\/af\/author\/dr-wynand-boshoff\/"}]}},"authors":[{"term_id":89,"user_id":6,"is_guest":0,"slug":"dr-wynand-boshoff","display_name":"Dr Wynand Boshoff","avatar_url":{"url":"https:\/\/www.vfplus.org.za\/wp-content\/uploads\/2023\/01\/freedom-front-plus-leadership-wynand-boschoff-01.jpg","url2x":"https:\/\/www.vfplus.org.za\/wp-content\/uploads\/2023\/01\/freedom-front-plus-leadership-wynand-boschoff-01.jpg"},"author_category":"","user_url":"","last_name":"","first_name":"Dr. Wynand Boshoff","job_title":"","description":""}],"_links":{"self":[{"href":"https:\/\/www.vfplus.org.za\/af\/wp-json\/wp\/v2\/posts\/77277","targetHints":{"allow":["GET"]}}],"collection":[{"href":"https:\/\/www.vfplus.org.za\/af\/wp-json\/wp\/v2\/posts"}],"about":[{"href":"https:\/\/www.vfplus.org.za\/af\/wp-json\/wp\/v2\/types\/post"}],"author":[{"embeddable":true,"href":"https:\/\/www.vfplus.org.za\/af\/wp-json\/wp\/v2\/users\/6"}],"replies":[{"embeddable":true,"href":"https:\/\/www.vfplus.org.za\/af\/wp-json\/wp\/v2\/comments?post=77277"}],"version-history":[{"count":1,"href":"https:\/\/www.vfplus.org.za\/af\/wp-json\/wp\/v2\/posts\/77277\/revisions"}],"predecessor-version":[{"id":77283,"href":"https:\/\/www.vfplus.org.za\/af\/wp-json\/wp\/v2\/posts\/77277\/revisions\/77283"}],"wp:featuredmedia":[{"embeddable":true,"href":"https:\/\/www.vfplus.org.za\/af\/wp-json\/wp\/v2\/media\/77281"}],"wp:attachment":[{"href":"https:\/\/www.vfplus.org.za\/af\/wp-json\/wp\/v2\/media?parent=77277"}],"wp:term":[{"taxonomy":"category","embeddable":true,"href":"https:\/\/www.vfplus.org.za\/af\/wp-json\/wp\/v2\/categories?post=77277"},{"taxonomy":"post_tag","embeddable":true,"href":"https:\/\/www.vfplus.org.za\/af\/wp-json\/wp\/v2\/tags?post=77277"},{"taxonomy":"author","embeddable":true,"href":"https:\/\/www.vfplus.org.za\/af\/wp-json\/wp\/v2\/ppma_author?post=77277"}],"curies":[{"name":"wp","href":"https:\/\/api.w.org\/{rel}","templated":true}]}}