{"id":77203,"date":"2024-09-25T15:47:31","date_gmt":"2024-09-25T13:47:31","guid":{"rendered":"https:\/\/www.vfplus.org.za\/?p=77203"},"modified":"2024-09-25T15:47:35","modified_gmt":"2024-09-25T13:47:35","slug":"sedibeng-burgemeester-bestee-duisende-op-oorsese-reis","status":"publish","type":"post","link":"https:\/\/www.vfplus.org.za\/af\/mediaverklarings\/sedibeng-burgemeester-bestee-duisende-op-oorsese-reis\/","title":{"rendered":"Sedibeng-burgemeester bestee duisende op oorsese reis"},"content":{"rendered":"\n<p class=\"wp-block-paragraph\">Die VF Plus in die Sedibeng-distriksmunisipaliteit steun \u0149 raadsbesluit oor &#8216;n ondersoek na geldvermorsing op &#8216;n oorsese besoek van die burgemeester.<\/p>\n\n\n\n<p class=\"wp-block-paragraph\">Die burgemeester, Lerato Maloka, het Duitsland vir vyf dae besoek in Julie vanjaar.<\/p>\n\n\n\n<p class=\"wp-block-paragraph\">\u0149 Groep van vyf, wat die burgemeester insluit, was van 21 tot 26 Julie in M\u00fcnchen waar hulle \u0149 internasionale vigs- en TB-konferensie bygewoon het.<\/p>\n\n\n\n<p class=\"wp-block-paragraph\">Die besoek het belastingbetalers R566 979.53 gekos wat twee besigheidsklaskaartjies van R90 000 elk insluit.<\/p>\n\n\n\n<p class=\"wp-block-paragraph\">Die raad het in sy aanbevelings gevra dat daar in die besonder gekyk moet word na &#8216;n beleidsoortreding wat bepaal dat nie die burgemeester of enige van sy of haar gevolg geregtig is op \u0149 besigheidsklaskaartjie nie.<\/p>\n\n\n\n<p class=\"wp-block-paragraph\">Indien daar bevind word dat die burgemeester wel verkeerd opgetree het, sal sy versoek word om die verskil tussen di\u00e9 kaartjies en ekonomieseklas-kaartjies terug te betaal.<\/p>\n\n\n\n<p class=\"wp-block-paragraph\">Die VF Plus wil ook weet watter voordele die besoek aan M\u00fcnchen vir Sedibeng gebring het.<\/p>\n\n\n\n<p class=\"wp-block-paragraph\">Die Sedibeng-distrikmunisipaliteit is \u0149 sukkelende munisipaliteit en kan nie sulke duur en onnodige reise na die buiteland bekostig nie. Die geld kon eerder aangewend gewees het binne die munisipaliteit om dienslewering te bevorder.<\/p>\n\n\n\n<p class=\"wp-block-paragraph\">Die VF Plus sal die ondersoekverslag noukeurig bestudeer en seker maak dat die publiek se belastinggeld nie vermors word nie.<\/p>\n","protected":false},"excerpt":{"rendered":"<p>Die VF Plus in die Sedibeng-distriksmunisipaliteit steun \u0149 raadsbesluit oor &#8216;n ondersoek na geldvermorsing op &#8216;n oorsese besoek van die burgemeester. Die burgemeester, Lerato Maloka, het Duitsland vir vyf dae besoek in Julie vanjaar. \u0149 Groep van vyf, wat die burgemeester insluit, was van 21 tot 26 Julie in M\u00fcnchen waar hulle \u0149 internasionale vigs- [&hellip;]<\/p>\n","protected":false},"author":5,"featured_media":77204,"comment_status":"closed","ping_status":"closed","sticky":false,"template":"","format":"standard","meta":{"_acf_changed":false,"_relevanssi_hide_post":"","_relevanssi_hide_content":"","_relevanssi_pin_for_all":"","_relevanssi_pin_keywords":"","_relevanssi_unpin_keywords":"","_relevanssi_related_keywords":"","_relevanssi_related_include_ids":"","_relevanssi_related_exclude_ids":"","_relevanssi_related_no_append":"","_relevanssi_related_not_related":"","_relevanssi_related_posts":"61562,61247,62828,63365,20069,61839","_relevanssi_noindex_reason":"","footnotes":""},"categories":[74,100],"tags":[],"ppma_author":[199],"class_list":["post-77203","post","type-post","status-publish","format-standard","has-post-thumbnail","hentry","category-jongste-nuus","category-mediaverklarings"],"acf":[],"yoast_head":"<!-- This site is optimized with the Yoast SEO plugin v28.3 - https:\/\/yoast.com\/product\/yoast-seo-wordpress\/ -->\n<title>Sedibeng-burgemeester bestee duisende op oorsese reis | Vryheidsfront Plus<\/title>\n<meta name=\"description\" content=\"Die VF Plus in die Sedibeng-distriksmunisipaliteit steun \u0149 raadsbesluit oor &#039;n ondersoek na geldvermorsing op &#039;n oorsese besoek van die burgemeester. Die\" \/>\n<meta name=\"robots\" content=\"index, follow, max-snippet:-1, max-image-preview:large, max-video-preview:-1\" \/>\n<link rel=\"canonical\" href=\"https:\/\/www.vfplus.org.za\/af\/mediaverklarings\/sedibeng-burgemeester-bestee-duisende-op-oorsese-reis\/\" \/>\n<meta property=\"og:locale\" content=\"af_ZA\" \/>\n<meta property=\"og:type\" content=\"article\" \/>\n<meta property=\"og:title\" content=\"Sedibeng-burgemeester bestee duisende op oorsese reis | Vryheidsfront Plus\" \/>\n<meta property=\"og:description\" content=\"Die VF Plus in die Sedibeng-distriksmunisipaliteit steun \u0149 raadsbesluit oor &#039;n ondersoek na geldvermorsing op &#039;n oorsese besoek van die burgemeester. Die\" \/>\n<meta property=\"og:url\" content=\"https:\/\/www.vfplus.org.za\/af\/mediaverklarings\/sedibeng-burgemeester-bestee-duisende-op-oorsese-reis\/\" \/>\n<meta property=\"og:site_name\" content=\"Vryheidsfront Plus\" \/>\n<meta property=\"article:publisher\" content=\"https:\/\/www.facebook.com\/VFplus?fref=ts\" \/>\n<meta property=\"article:published_time\" content=\"2024-09-25T13:47:31+00:00\" \/>\n<meta property=\"article:modified_time\" content=\"2024-09-25T13:47:35+00:00\" \/>\n<meta property=\"og:image\" content=\"https:\/\/www.vfplus.org.za\/wp-content\/uploads\/2024\/09\/freedomfront_plus_Sedibeng-burgemeester-bestee-duisende-op-oorsese-reis.png\" \/>\n\t<meta property=\"og:image:width\" content=\"1024\" \/>\n\t<meta property=\"og:image:height\" content=\"768\" \/>\n\t<meta property=\"og:image:type\" content=\"image\/png\" \/>\n<meta name=\"author\" content=\"Hein van der Lith\" \/>\n<meta name=\"twitter:card\" content=\"summary_large_image\" \/>\n<meta name=\"twitter:creator\" content=\"@VFplus\" \/>\n<meta name=\"twitter:site\" content=\"@VFplus\" \/>\n<meta name=\"twitter:label1\" content=\"Written by\" \/>\n\t<meta name=\"twitter:data1\" content=\"brand_candy_amy\" \/>\n\t<meta name=\"twitter:label2\" content=\"Est. reading time\" \/>\n\t<meta name=\"twitter:data2\" content=\"2 minutes\" \/>\n<script type=\"application\/ld+json\" class=\"yoast-schema-graph\">{\"@context\":\"https:\\\/\\\/schema.org\",\"@graph\":[{\"@type\":\"Article\",\"@id\":\"https:\\\/\\\/www.vfplus.org.za\\\/af\\\/mediaverklarings\\\/sedibeng-burgemeester-bestee-duisende-op-oorsese-reis\\\/#article\",\"isPartOf\":{\"@id\":\"https:\\\/\\\/www.vfplus.org.za\\\/af\\\/mediaverklarings\\\/sedibeng-burgemeester-bestee-duisende-op-oorsese-reis\\\/\"},\"author\":{\"name\":\"brand_candy_amy\",\"@id\":\"https:\\\/\\\/www.vfplus.org.za\\\/af\\\/#\\\/schema\\\/person\\\/2c3e703fc713d95efd7b7bf7b34646f4\"},\"headline\":\"Sedibeng-burgemeester bestee duisende op oorsese reis\",\"datePublished\":\"2024-09-25T13:47:31+00:00\",\"dateModified\":\"2024-09-25T13:47:35+00:00\",\"mainEntityOfPage\":{\"@id\":\"https:\\\/\\\/www.vfplus.org.za\\\/af\\\/mediaverklarings\\\/sedibeng-burgemeester-bestee-duisende-op-oorsese-reis\\\/\"},\"wordCount\":205,\"publisher\":{\"@id\":\"https:\\\/\\\/www.vfplus.org.za\\\/af\\\/#organization\"},\"image\":{\"@id\":\"https:\\\/\\\/www.vfplus.org.za\\\/af\\\/mediaverklarings\\\/sedibeng-burgemeester-bestee-duisende-op-oorsese-reis\\\/#primaryimage\"},\"thumbnailUrl\":\"https:\\\/\\\/www.vfplus.org.za\\\/wp-content\\\/uploads\\\/2024\\\/09\\\/freedomfront_plus_Sedibeng-burgemeester-bestee-duisende-op-oorsese-reis.png\",\"articleSection\":[\"Jongste nuus\",\"Mediaverklarings\"],\"inLanguage\":\"af-ZA\"},{\"@type\":\"WebPage\",\"@id\":\"https:\\\/\\\/www.vfplus.org.za\\\/af\\\/mediaverklarings\\\/sedibeng-burgemeester-bestee-duisende-op-oorsese-reis\\\/\",\"url\":\"https:\\\/\\\/www.vfplus.org.za\\\/af\\\/mediaverklarings\\\/sedibeng-burgemeester-bestee-duisende-op-oorsese-reis\\\/\",\"name\":\"Sedibeng-burgemeester bestee duisende op oorsese reis | Vryheidsfront Plus\",\"isPartOf\":{\"@id\":\"https:\\\/\\\/www.vfplus.org.za\\\/af\\\/#website\"},\"primaryImageOfPage\":{\"@id\":\"https:\\\/\\\/www.vfplus.org.za\\\/af\\\/mediaverklarings\\\/sedibeng-burgemeester-bestee-duisende-op-oorsese-reis\\\/#primaryimage\"},\"image\":{\"@id\":\"https:\\\/\\\/www.vfplus.org.za\\\/af\\\/mediaverklarings\\\/sedibeng-burgemeester-bestee-duisende-op-oorsese-reis\\\/#primaryimage\"},\"thumbnailUrl\":\"https:\\\/\\\/www.vfplus.org.za\\\/wp-content\\\/uploads\\\/2024\\\/09\\\/freedomfront_plus_Sedibeng-burgemeester-bestee-duisende-op-oorsese-reis.png\",\"datePublished\":\"2024-09-25T13:47:31+00:00\",\"dateModified\":\"2024-09-25T13:47:35+00:00\",\"description\":\"Die VF Plus in die Sedibeng-distriksmunisipaliteit steun \u0149 raadsbesluit oor 'n ondersoek na geldvermorsing op 'n oorsese besoek van die burgemeester. Die\",\"breadcrumb\":{\"@id\":\"https:\\\/\\\/www.vfplus.org.za\\\/af\\\/mediaverklarings\\\/sedibeng-burgemeester-bestee-duisende-op-oorsese-reis\\\/#breadcrumb\"},\"inLanguage\":\"af-ZA\",\"potentialAction\":[{\"@type\":\"ReadAction\",\"target\":[\"https:\\\/\\\/www.vfplus.org.za\\\/af\\\/mediaverklarings\\\/sedibeng-burgemeester-bestee-duisende-op-oorsese-reis\\\/\"]}]},{\"@type\":\"ImageObject\",\"inLanguage\":\"af-ZA\",\"@id\":\"https:\\\/\\\/www.vfplus.org.za\\\/af\\\/mediaverklarings\\\/sedibeng-burgemeester-bestee-duisende-op-oorsese-reis\\\/#primaryimage\",\"url\":\"https:\\\/\\\/www.vfplus.org.za\\\/wp-content\\\/uploads\\\/2024\\\/09\\\/freedomfront_plus_Sedibeng-burgemeester-bestee-duisende-op-oorsese-reis.png\",\"contentUrl\":\"https:\\\/\\\/www.vfplus.org.za\\\/wp-content\\\/uploads\\\/2024\\\/09\\\/freedomfront_plus_Sedibeng-burgemeester-bestee-duisende-op-oorsese-reis.png\",\"width\":1024,\"height\":768},{\"@type\":\"BreadcrumbList\",\"@id\":\"https:\\\/\\\/www.vfplus.org.za\\\/af\\\/mediaverklarings\\\/sedibeng-burgemeester-bestee-duisende-op-oorsese-reis\\\/#breadcrumb\",\"itemListElement\":[{\"@type\":\"ListItem\",\"position\":1,\"name\":\"Tuis\",\"item\":\"https:\\\/\\\/www.vfplus.org.za\\\/af\\\/\"},{\"@type\":\"ListItem\",\"position\":2,\"name\":\"Sedibeng-burgemeester bestee duisende op oorsese reis\"}]},{\"@type\":\"WebSite\",\"@id\":\"https:\\\/\\\/www.vfplus.org.za\\\/af\\\/#website\",\"url\":\"https:\\\/\\\/www.vfplus.org.za\\\/af\\\/\",\"name\":\"Freedom Front Plus\",\"description\":\"Stand Up | Stand Together | Stand Strong\",\"publisher\":{\"@id\":\"https:\\\/\\\/www.vfplus.org.za\\\/af\\\/#organization\"},\"potentialAction\":[{\"@type\":\"SearchAction\",\"target\":{\"@type\":\"EntryPoint\",\"urlTemplate\":\"https:\\\/\\\/www.vfplus.org.za\\\/af\\\/?s={search_term_string}\"},\"query-input\":{\"@type\":\"PropertyValueSpecification\",\"valueRequired\":true,\"valueName\":\"search_term_string\"}}],\"inLanguage\":\"af-ZA\"},{\"@type\":\"Organization\",\"@id\":\"https:\\\/\\\/www.vfplus.org.za\\\/af\\\/#organization\",\"name\":\"Vryheidsfront Plus\",\"alternateName\":\"VF Plus\",\"url\":\"https:\\\/\\\/www.vfplus.org.za\\\/af\\\/\",\"logo\":{\"@type\":\"ImageObject\",\"inLanguage\":\"af-ZA\",\"@id\":\"https:\\\/\\\/www.vfplus.org.za\\\/af\\\/#\\\/schema\\\/logo\\\/image\\\/\",\"url\":\"https:\\\/\\\/www.vfplus.org.za\\\/wp-content\\\/uploads\\\/2022\\\/11\\\/vfplus-logo-01.png\",\"contentUrl\":\"https:\\\/\\\/www.vfplus.org.za\\\/wp-content\\\/uploads\\\/2022\\\/11\\\/vfplus-logo-01.png\",\"width\":130,\"height\":130,\"caption\":\"Vryheidsfront Plus\"},\"image\":{\"@id\":\"https:\\\/\\\/www.vfplus.org.za\\\/af\\\/#\\\/schema\\\/logo\\\/image\\\/\"},\"sameAs\":[\"https:\\\/\\\/www.facebook.com\\\/VFplus?fref=ts\",\"https:\\\/\\\/x.com\\\/VFplus\",\"https:\\\/\\\/www.instagram.com\\\/vfplus_ffplus\\\/?hl=en\",\"https:\\\/\\\/www.youtube.com\\\/user\\\/VRYHEIDSFRONTplus\"]},{\"@type\":\"Person\",\"@id\":\"https:\\\/\\\/www.vfplus.org.za\\\/af\\\/#\\\/schema\\\/person\\\/2c3e703fc713d95efd7b7bf7b34646f4\",\"name\":\"brand_candy_amy\",\"image\":{\"@type\":\"ImageObject\",\"inLanguage\":\"af-ZA\",\"@id\":\"https:\\\/\\\/secure.gravatar.com\\\/avatar\\\/d295c22bd41c5cb61e8aa7fcafe90d2d2302363bc123897b40165ee0165d4f6b?s=96&d=mm&r=g45c99b902ec3fd12cf6977a6b6edf27a\",\"url\":\"https:\\\/\\\/secure.gravatar.com\\\/avatar\\\/d295c22bd41c5cb61e8aa7fcafe90d2d2302363bc123897b40165ee0165d4f6b?s=96&d=mm&r=g\",\"contentUrl\":\"https:\\\/\\\/secure.gravatar.com\\\/avatar\\\/d295c22bd41c5cb61e8aa7fcafe90d2d2302363bc123897b40165ee0165d4f6b?s=96&d=mm&r=g\",\"caption\":\"brand_candy_amy\"},\"sameAs\":[\"https:\\\/\\\/brandcandy.co.za\"],\"url\":\"https:\\\/\\\/www.vfplus.org.za\\\/af\\\/author\\\/brand_candy_amy\\\/\"}]}<\/script>\n<!-- \/ Yoast SEO plugin. -->","yoast_head_json":{"title":"Sedibeng-burgemeester bestee duisende op oorsese reis | Vryheidsfront Plus","description":"Die VF Plus in die Sedibeng-distriksmunisipaliteit steun \u0149 raadsbesluit oor 'n ondersoek na geldvermorsing op 'n oorsese besoek van die burgemeester. Die","robots":{"index":"index","follow":"follow","max-snippet":"max-snippet:-1","max-image-preview":"max-image-preview:large","max-video-preview":"max-video-preview:-1"},"canonical":"https:\/\/www.vfplus.org.za\/af\/mediaverklarings\/sedibeng-burgemeester-bestee-duisende-op-oorsese-reis\/","og_locale":"af_ZA","og_type":"article","og_title":"Sedibeng-burgemeester bestee duisende op oorsese reis | Vryheidsfront Plus","og_description":"Die VF Plus in die Sedibeng-distriksmunisipaliteit steun \u0149 raadsbesluit oor 'n ondersoek na geldvermorsing op 'n oorsese besoek van die burgemeester. Die","og_url":"https:\/\/www.vfplus.org.za\/af\/mediaverklarings\/sedibeng-burgemeester-bestee-duisende-op-oorsese-reis\/","og_site_name":"Vryheidsfront Plus","article_publisher":"https:\/\/www.facebook.com\/VFplus?fref=ts","article_published_time":"2024-09-25T13:47:31+00:00","article_modified_time":"2024-09-25T13:47:35+00:00","og_image":[{"width":1024,"height":768,"url":"https:\/\/www.vfplus.org.za\/wp-content\/uploads\/2024\/09\/freedomfront_plus_Sedibeng-burgemeester-bestee-duisende-op-oorsese-reis.png","type":"image\/png"}],"author":"Hein van der Lith","twitter_card":"summary_large_image","twitter_creator":"@VFplus","twitter_site":"@VFplus","twitter_misc":{"Written by":"brand_candy_amy","Est. reading time":"2 minutes"},"schema":{"@context":"https:\/\/schema.org","@graph":[{"@type":"Article","@id":"https:\/\/www.vfplus.org.za\/af\/mediaverklarings\/sedibeng-burgemeester-bestee-duisende-op-oorsese-reis\/#article","isPartOf":{"@id":"https:\/\/www.vfplus.org.za\/af\/mediaverklarings\/sedibeng-burgemeester-bestee-duisende-op-oorsese-reis\/"},"author":{"name":"brand_candy_amy","@id":"https:\/\/www.vfplus.org.za\/af\/#\/schema\/person\/2c3e703fc713d95efd7b7bf7b34646f4"},"headline":"Sedibeng-burgemeester bestee duisende op oorsese reis","datePublished":"2024-09-25T13:47:31+00:00","dateModified":"2024-09-25T13:47:35+00:00","mainEntityOfPage":{"@id":"https:\/\/www.vfplus.org.za\/af\/mediaverklarings\/sedibeng-burgemeester-bestee-duisende-op-oorsese-reis\/"},"wordCount":205,"publisher":{"@id":"https:\/\/www.vfplus.org.za\/af\/#organization"},"image":{"@id":"https:\/\/www.vfplus.org.za\/af\/mediaverklarings\/sedibeng-burgemeester-bestee-duisende-op-oorsese-reis\/#primaryimage"},"thumbnailUrl":"https:\/\/www.vfplus.org.za\/wp-content\/uploads\/2024\/09\/freedomfront_plus_Sedibeng-burgemeester-bestee-duisende-op-oorsese-reis.png","articleSection":["Jongste nuus","Mediaverklarings"],"inLanguage":"af-ZA"},{"@type":"WebPage","@id":"https:\/\/www.vfplus.org.za\/af\/mediaverklarings\/sedibeng-burgemeester-bestee-duisende-op-oorsese-reis\/","url":"https:\/\/www.vfplus.org.za\/af\/mediaverklarings\/sedibeng-burgemeester-bestee-duisende-op-oorsese-reis\/","name":"Sedibeng-burgemeester bestee duisende op oorsese reis | Vryheidsfront Plus","isPartOf":{"@id":"https:\/\/www.vfplus.org.za\/af\/#website"},"primaryImageOfPage":{"@id":"https:\/\/www.vfplus.org.za\/af\/mediaverklarings\/sedibeng-burgemeester-bestee-duisende-op-oorsese-reis\/#primaryimage"},"image":{"@id":"https:\/\/www.vfplus.org.za\/af\/mediaverklarings\/sedibeng-burgemeester-bestee-duisende-op-oorsese-reis\/#primaryimage"},"thumbnailUrl":"https:\/\/www.vfplus.org.za\/wp-content\/uploads\/2024\/09\/freedomfront_plus_Sedibeng-burgemeester-bestee-duisende-op-oorsese-reis.png","datePublished":"2024-09-25T13:47:31+00:00","dateModified":"2024-09-25T13:47:35+00:00","description":"Die VF Plus in die Sedibeng-distriksmunisipaliteit steun \u0149 raadsbesluit oor 'n ondersoek na geldvermorsing op 'n oorsese besoek van die burgemeester. Die","breadcrumb":{"@id":"https:\/\/www.vfplus.org.za\/af\/mediaverklarings\/sedibeng-burgemeester-bestee-duisende-op-oorsese-reis\/#breadcrumb"},"inLanguage":"af-ZA","potentialAction":[{"@type":"ReadAction","target":["https:\/\/www.vfplus.org.za\/af\/mediaverklarings\/sedibeng-burgemeester-bestee-duisende-op-oorsese-reis\/"]}]},{"@type":"ImageObject","inLanguage":"af-ZA","@id":"https:\/\/www.vfplus.org.za\/af\/mediaverklarings\/sedibeng-burgemeester-bestee-duisende-op-oorsese-reis\/#primaryimage","url":"https:\/\/www.vfplus.org.za\/wp-content\/uploads\/2024\/09\/freedomfront_plus_Sedibeng-burgemeester-bestee-duisende-op-oorsese-reis.png","contentUrl":"https:\/\/www.vfplus.org.za\/wp-content\/uploads\/2024\/09\/freedomfront_plus_Sedibeng-burgemeester-bestee-duisende-op-oorsese-reis.png","width":1024,"height":768},{"@type":"BreadcrumbList","@id":"https:\/\/www.vfplus.org.za\/af\/mediaverklarings\/sedibeng-burgemeester-bestee-duisende-op-oorsese-reis\/#breadcrumb","itemListElement":[{"@type":"ListItem","position":1,"name":"Tuis","item":"https:\/\/www.vfplus.org.za\/af\/"},{"@type":"ListItem","position":2,"name":"Sedibeng-burgemeester bestee duisende op oorsese reis"}]},{"@type":"WebSite","@id":"https:\/\/www.vfplus.org.za\/af\/#website","url":"https:\/\/www.vfplus.org.za\/af\/","name":"Freedom Front Plus","description":"Stand Up | Stand Together | Stand Strong","publisher":{"@id":"https:\/\/www.vfplus.org.za\/af\/#organization"},"potentialAction":[{"@type":"SearchAction","target":{"@type":"EntryPoint","urlTemplate":"https:\/\/www.vfplus.org.za\/af\/?s={search_term_string}"},"query-input":{"@type":"PropertyValueSpecification","valueRequired":true,"valueName":"search_term_string"}}],"inLanguage":"af-ZA"},{"@type":"Organization","@id":"https:\/\/www.vfplus.org.za\/af\/#organization","name":"Vryheidsfront Plus","alternateName":"VF Plus","url":"https:\/\/www.vfplus.org.za\/af\/","logo":{"@type":"ImageObject","inLanguage":"af-ZA","@id":"https:\/\/www.vfplus.org.za\/af\/#\/schema\/logo\/image\/","url":"https:\/\/www.vfplus.org.za\/wp-content\/uploads\/2022\/11\/vfplus-logo-01.png","contentUrl":"https:\/\/www.vfplus.org.za\/wp-content\/uploads\/2022\/11\/vfplus-logo-01.png","width":130,"height":130,"caption":"Vryheidsfront Plus"},"image":{"@id":"https:\/\/www.vfplus.org.za\/af\/#\/schema\/logo\/image\/"},"sameAs":["https:\/\/www.facebook.com\/VFplus?fref=ts","https:\/\/x.com\/VFplus","https:\/\/www.instagram.com\/vfplus_ffplus\/?hl=en","https:\/\/www.youtube.com\/user\/VRYHEIDSFRONTplus"]},{"@type":"Person","@id":"https:\/\/www.vfplus.org.za\/af\/#\/schema\/person\/2c3e703fc713d95efd7b7bf7b34646f4","name":"brand_candy_amy","image":{"@type":"ImageObject","inLanguage":"af-ZA","@id":"https:\/\/secure.gravatar.com\/avatar\/d295c22bd41c5cb61e8aa7fcafe90d2d2302363bc123897b40165ee0165d4f6b?s=96&d=mm&r=g45c99b902ec3fd12cf6977a6b6edf27a","url":"https:\/\/secure.gravatar.com\/avatar\/d295c22bd41c5cb61e8aa7fcafe90d2d2302363bc123897b40165ee0165d4f6b?s=96&d=mm&r=g","contentUrl":"https:\/\/secure.gravatar.com\/avatar\/d295c22bd41c5cb61e8aa7fcafe90d2d2302363bc123897b40165ee0165d4f6b?s=96&d=mm&r=g","caption":"brand_candy_amy"},"sameAs":["https:\/\/brandcandy.co.za"],"url":"https:\/\/www.vfplus.org.za\/af\/author\/brand_candy_amy\/"}]}},"authors":[{"term_id":199,"user_id":0,"is_guest":1,"slug":"hein-van-der-lith","display_name":"Hein van der Lith","avatar_url":{"url":"https:\/\/www.vfplus.org.za\/wp-content\/uploads\/2023\/08\/freedomfront-plus-author-hein-van-der-lith-emfuleni.jpg-e1695382254827.png","url2x":"https:\/\/www.vfplus.org.za\/wp-content\/uploads\/2023\/08\/freedomfront-plus-author-hein-van-der-lith-emfuleni.jpg-e1695382254827.png"},"author_category":"","user_url":"","last_name":"","first_name":"","job_title":"","description":""}],"_links":{"self":[{"href":"https:\/\/www.vfplus.org.za\/af\/wp-json\/wp\/v2\/posts\/77203","targetHints":{"allow":["GET"]}}],"collection":[{"href":"https:\/\/www.vfplus.org.za\/af\/wp-json\/wp\/v2\/posts"}],"about":[{"href":"https:\/\/www.vfplus.org.za\/af\/wp-json\/wp\/v2\/types\/post"}],"author":[{"embeddable":true,"href":"https:\/\/www.vfplus.org.za\/af\/wp-json\/wp\/v2\/users\/5"}],"replies":[{"embeddable":true,"href":"https:\/\/www.vfplus.org.za\/af\/wp-json\/wp\/v2\/comments?post=77203"}],"version-history":[{"count":1,"href":"https:\/\/www.vfplus.org.za\/af\/wp-json\/wp\/v2\/posts\/77203\/revisions"}],"predecessor-version":[{"id":77206,"href":"https:\/\/www.vfplus.org.za\/af\/wp-json\/wp\/v2\/posts\/77203\/revisions\/77206"}],"wp:featuredmedia":[{"embeddable":true,"href":"https:\/\/www.vfplus.org.za\/af\/wp-json\/wp\/v2\/media\/77204"}],"wp:attachment":[{"href":"https:\/\/www.vfplus.org.za\/af\/wp-json\/wp\/v2\/media?parent=77203"}],"wp:term":[{"taxonomy":"category","embeddable":true,"href":"https:\/\/www.vfplus.org.za\/af\/wp-json\/wp\/v2\/categories?post=77203"},{"taxonomy":"post_tag","embeddable":true,"href":"https:\/\/www.vfplus.org.za\/af\/wp-json\/wp\/v2\/tags?post=77203"},{"taxonomy":"author","embeddable":true,"href":"https:\/\/www.vfplus.org.za\/af\/wp-json\/wp\/v2\/ppma_author?post=77203"}],"curies":[{"name":"wp","href":"https:\/\/api.w.org\/{rel}","templated":true}]}}