{"id":77195,"date":"2024-09-25T08:57:26","date_gmt":"2024-09-25T06:57:26","guid":{"rendered":"https:\/\/www.vfplus.org.za\/?p=77195"},"modified":"2024-09-25T08:57:33","modified_gmt":"2024-09-25T06:57:33","slug":"erfenisdag-kan-nie-inklusief-wees-indien-diversiteit-nie-gevier-word-nie","status":"publish","type":"post","link":"https:\/\/www.vfplus.org.za\/af\/jongste-nuus\/erfenisdag-kan-nie-inklusief-wees-indien-diversiteit-nie-gevier-word-nie\/","title":{"rendered":"Erfenisdag kan nie inklusief wees indien diversiteit nie gevier word nie"},"content":{"rendered":"\n<p class=\"wp-block-paragraph\">Hoe meer daar gepraat word oor Erfenisdag en begrippe soos eenheid in diversiteit, hoe verder dryf Suid-Afrika se mense uitmekaar omdat daar nie \u0149 ware poging is om diversiteit te erken en omarm nie.<\/p>\n\n\n\n<p class=\"wp-block-paragraph\">Die ANC-regering se poging om \u0149 sosiale konstruk vir Suid-Afrika met \u0149 inklusiewe mantel te klee, verydel enige poging om waarlik gestalte te gee aan eenheid in diversiteit en gee nie ware erkenning aan erfenis nie.<\/p>\n\n\n\n<p class=\"wp-block-paragraph\">D\u00edt het duidelik geblyk uit die parlement\u00eare debat oor Erfenisdag toe sprekers van die onderskeie partye \u2013 van die ANC tot die EFF en MK geen twyfel gelaat het nie dat Suid-Afrikaners oor die afgelope dertig jaar eerder verder uiteen gedryf het as wat hulle mekaar gevind het.<\/p>\n\n\n\n<p class=\"wp-block-paragraph\">Die mooiste woorde en clich\u00e9s is betekenisloos as die werklikheid nie erkenning gee aan mense se verskille en verskeidenheid nie.<\/p>\n\n\n\n<p class=\"wp-block-paragraph\">\u0149 Kulturele erfenis is \u0149 persoon of \u0149 groep of \u0149 gemeenskap se unieke sin vir identiteit, waardes, tradisies, kultuur en gebruike wat oorgedra word van vorige geslagte die toekoms in. Vandag skep reeds more se erfenis.<\/p>\n\n\n\n<p class=\"wp-block-paragraph\">Veral in Suid-Afrika met sy wye verskeidenheid mense is ware erfenis baie belangrik. Dit gaan oor nasiebou en sosiale eenheid.<\/p>\n\n\n\n<p class=\"wp-block-paragraph\">Faktore soos sport wys hoe mense maklik verenig kan word en in mekaar se blydskap kan deel. Maar dit gaan ook nie altyd goed in sport nie. Dit is vlietend en soms vinnig vergete.<\/p>\n\n\n\n<p class=\"wp-block-paragraph\">Hierteenoor is dinge soos kultuur en identiteit vaste, oorerfbare boustene en daar is enorme energie wat opgesluit l\u00ea in die land se verskeidenheid van mense en kulture.<\/p>\n\n\n\n<p class=\"wp-block-paragraph\">Daarom moet daar wedersydse respek wees vir mekaar se kulture en elkeen moet kan trots voel op wie hy of sy is.<\/p>\n\n\n\n<p class=\"wp-block-paragraph\">Dit kan die land vorentoe neem en moet omarm word, maar dit gebeur ongelukkig nie. Inklusiwiteit het nie plek vir eie identiteit en verskeidenheid nie.<\/p>\n\n\n\n<p class=\"wp-block-paragraph\">Die tyd het aangebreek dat Erfenisdag in die ware sin van die woord gevier word.<\/p>\n","protected":false},"excerpt":{"rendered":"<p>Hoe meer daar gepraat word oor Erfenisdag en begrippe soos eenheid in diversiteit, hoe verder dryf Suid-Afrika se mense uitmekaar omdat daar nie \u0149 ware poging is om diversiteit te erken en omarm nie. Die ANC-regering se poging om \u0149 sosiale konstruk vir Suid-Afrika met \u0149 inklusiewe mantel te klee, verydel enige poging om waarlik [&hellip;]<\/p>\n","protected":false},"author":7,"featured_media":77196,"comment_status":"closed","ping_status":"closed","sticky":false,"template":"","format":"standard","meta":{"_acf_changed":false,"_relevanssi_hide_post":"","_relevanssi_hide_content":"","_relevanssi_pin_for_all":"","_relevanssi_pin_keywords":"","_relevanssi_unpin_keywords":"","_relevanssi_related_keywords":"","_relevanssi_related_include_ids":"","_relevanssi_related_exclude_ids":"","_relevanssi_related_no_append":"","_relevanssi_related_not_related":"","_relevanssi_related_posts":"17559,62981,59402,62444,61060,23409","_relevanssi_noindex_reason":"","footnotes":""},"categories":[74,100],"tags":[],"ppma_author":[91],"class_list":["post-77195","post","type-post","status-publish","format-standard","has-post-thumbnail","hentry","category-jongste-nuus","category-mediaverklarings"],"acf":[],"yoast_head":"<!-- This site is optimized with the Yoast SEO plugin v28.3 - https:\/\/yoast.com\/product\/yoast-seo-wordpress\/ -->\n<title>Erfenisdag kan nie inklusief wees indien diversiteit nie gevier word nie | Vryheidsfront Plus<\/title>\n<meta name=\"description\" content=\"Hoe meer daar gepraat word oor Erfenisdag en begrippe soos eenheid in diversiteit, hoe verder dryf Suid-Afrika se mense uitmekaar omdat daar nie \u0149 ware\" \/>\n<meta name=\"robots\" content=\"index, follow, max-snippet:-1, max-image-preview:large, max-video-preview:-1\" \/>\n<link rel=\"canonical\" href=\"https:\/\/www.vfplus.org.za\/af\/jongste-nuus\/erfenisdag-kan-nie-inklusief-wees-indien-diversiteit-nie-gevier-word-nie\/\" \/>\n<meta property=\"og:locale\" content=\"af_ZA\" \/>\n<meta property=\"og:type\" content=\"article\" \/>\n<meta property=\"og:title\" content=\"Erfenisdag kan nie inklusief wees indien diversiteit nie gevier word nie | Vryheidsfront Plus\" \/>\n<meta property=\"og:description\" content=\"Hoe meer daar gepraat word oor Erfenisdag en begrippe soos eenheid in diversiteit, hoe verder dryf Suid-Afrika se mense uitmekaar omdat daar nie \u0149 ware\" \/>\n<meta property=\"og:url\" content=\"https:\/\/www.vfplus.org.za\/af\/jongste-nuus\/erfenisdag-kan-nie-inklusief-wees-indien-diversiteit-nie-gevier-word-nie\/\" \/>\n<meta property=\"og:site_name\" content=\"Vryheidsfront Plus\" \/>\n<meta property=\"article:publisher\" content=\"https:\/\/www.facebook.com\/VFplus?fref=ts\" \/>\n<meta property=\"article:published_time\" content=\"2024-09-25T06:57:26+00:00\" \/>\n<meta property=\"article:modified_time\" content=\"2024-09-25T06:57:33+00:00\" \/>\n<meta property=\"og:image\" content=\"https:\/\/www.vfplus.org.za\/wp-content\/uploads\/2024\/09\/freedomfront_plus_Erfenisdag-kan-nie-inklusief-wees-indien-diversiteit-nie-gevier-word-nie.png\" \/>\n\t<meta property=\"og:image:width\" content=\"1024\" \/>\n\t<meta property=\"og:image:height\" content=\"768\" \/>\n\t<meta property=\"og:image:type\" content=\"image\/png\" \/>\n<meta name=\"author\" content=\"Dr Pieter Groenewald\" \/>\n<meta name=\"twitter:card\" content=\"summary_large_image\" \/>\n<meta name=\"twitter:creator\" content=\"@VFplus\" \/>\n<meta name=\"twitter:site\" content=\"@VFplus\" \/>\n<meta name=\"twitter:label1\" content=\"Written by\" \/>\n\t<meta name=\"twitter:data1\" content=\"Dr Pieter Groenewald\" \/>\n\t<meta name=\"twitter:label2\" content=\"Est. reading time\" \/>\n\t<meta name=\"twitter:data2\" content=\"2 minutes\" \/>\n<script type=\"application\/ld+json\" class=\"yoast-schema-graph\">{\"@context\":\"https:\\\/\\\/schema.org\",\"@graph\":[{\"@type\":\"Article\",\"@id\":\"https:\\\/\\\/www.vfplus.org.za\\\/af\\\/jongste-nuus\\\/erfenisdag-kan-nie-inklusief-wees-indien-diversiteit-nie-gevier-word-nie\\\/#article\",\"isPartOf\":{\"@id\":\"https:\\\/\\\/www.vfplus.org.za\\\/af\\\/jongste-nuus\\\/erfenisdag-kan-nie-inklusief-wees-indien-diversiteit-nie-gevier-word-nie\\\/\"},\"author\":{\"name\":\"Dr Pieter Groenewald\",\"@id\":\"https:\\\/\\\/www.vfplus.org.za\\\/af\\\/#\\\/schema\\\/person\\\/513ac0f204a09aac3aeae7f03571276c\"},\"headline\":\"Erfenisdag kan nie inklusief wees indien diversiteit nie gevier word nie\",\"datePublished\":\"2024-09-25T06:57:26+00:00\",\"dateModified\":\"2024-09-25T06:57:33+00:00\",\"mainEntityOfPage\":{\"@id\":\"https:\\\/\\\/www.vfplus.org.za\\\/af\\\/jongste-nuus\\\/erfenisdag-kan-nie-inklusief-wees-indien-diversiteit-nie-gevier-word-nie\\\/\"},\"wordCount\":324,\"publisher\":{\"@id\":\"https:\\\/\\\/www.vfplus.org.za\\\/af\\\/#organization\"},\"image\":{\"@id\":\"https:\\\/\\\/www.vfplus.org.za\\\/af\\\/jongste-nuus\\\/erfenisdag-kan-nie-inklusief-wees-indien-diversiteit-nie-gevier-word-nie\\\/#primaryimage\"},\"thumbnailUrl\":\"https:\\\/\\\/www.vfplus.org.za\\\/wp-content\\\/uploads\\\/2024\\\/09\\\/freedomfront_plus_Erfenisdag-kan-nie-inklusief-wees-indien-diversiteit-nie-gevier-word-nie.png\",\"articleSection\":[\"Jongste nuus\",\"Mediaverklarings\"],\"inLanguage\":\"af-ZA\"},{\"@type\":\"WebPage\",\"@id\":\"https:\\\/\\\/www.vfplus.org.za\\\/af\\\/jongste-nuus\\\/erfenisdag-kan-nie-inklusief-wees-indien-diversiteit-nie-gevier-word-nie\\\/\",\"url\":\"https:\\\/\\\/www.vfplus.org.za\\\/af\\\/jongste-nuus\\\/erfenisdag-kan-nie-inklusief-wees-indien-diversiteit-nie-gevier-word-nie\\\/\",\"name\":\"Erfenisdag kan nie inklusief wees indien diversiteit nie gevier word nie | Vryheidsfront Plus\",\"isPartOf\":{\"@id\":\"https:\\\/\\\/www.vfplus.org.za\\\/af\\\/#website\"},\"primaryImageOfPage\":{\"@id\":\"https:\\\/\\\/www.vfplus.org.za\\\/af\\\/jongste-nuus\\\/erfenisdag-kan-nie-inklusief-wees-indien-diversiteit-nie-gevier-word-nie\\\/#primaryimage\"},\"image\":{\"@id\":\"https:\\\/\\\/www.vfplus.org.za\\\/af\\\/jongste-nuus\\\/erfenisdag-kan-nie-inklusief-wees-indien-diversiteit-nie-gevier-word-nie\\\/#primaryimage\"},\"thumbnailUrl\":\"https:\\\/\\\/www.vfplus.org.za\\\/wp-content\\\/uploads\\\/2024\\\/09\\\/freedomfront_plus_Erfenisdag-kan-nie-inklusief-wees-indien-diversiteit-nie-gevier-word-nie.png\",\"datePublished\":\"2024-09-25T06:57:26+00:00\",\"dateModified\":\"2024-09-25T06:57:33+00:00\",\"description\":\"Hoe meer daar gepraat word oor Erfenisdag en begrippe soos eenheid in diversiteit, hoe verder dryf Suid-Afrika se mense uitmekaar omdat daar nie \u0149 ware\",\"breadcrumb\":{\"@id\":\"https:\\\/\\\/www.vfplus.org.za\\\/af\\\/jongste-nuus\\\/erfenisdag-kan-nie-inklusief-wees-indien-diversiteit-nie-gevier-word-nie\\\/#breadcrumb\"},\"inLanguage\":\"af-ZA\",\"potentialAction\":[{\"@type\":\"ReadAction\",\"target\":[\"https:\\\/\\\/www.vfplus.org.za\\\/af\\\/jongste-nuus\\\/erfenisdag-kan-nie-inklusief-wees-indien-diversiteit-nie-gevier-word-nie\\\/\"]}]},{\"@type\":\"ImageObject\",\"inLanguage\":\"af-ZA\",\"@id\":\"https:\\\/\\\/www.vfplus.org.za\\\/af\\\/jongste-nuus\\\/erfenisdag-kan-nie-inklusief-wees-indien-diversiteit-nie-gevier-word-nie\\\/#primaryimage\",\"url\":\"https:\\\/\\\/www.vfplus.org.za\\\/wp-content\\\/uploads\\\/2024\\\/09\\\/freedomfront_plus_Erfenisdag-kan-nie-inklusief-wees-indien-diversiteit-nie-gevier-word-nie.png\",\"contentUrl\":\"https:\\\/\\\/www.vfplus.org.za\\\/wp-content\\\/uploads\\\/2024\\\/09\\\/freedomfront_plus_Erfenisdag-kan-nie-inklusief-wees-indien-diversiteit-nie-gevier-word-nie.png\",\"width\":1024,\"height\":768},{\"@type\":\"BreadcrumbList\",\"@id\":\"https:\\\/\\\/www.vfplus.org.za\\\/af\\\/jongste-nuus\\\/erfenisdag-kan-nie-inklusief-wees-indien-diversiteit-nie-gevier-word-nie\\\/#breadcrumb\",\"itemListElement\":[{\"@type\":\"ListItem\",\"position\":1,\"name\":\"Tuis\",\"item\":\"https:\\\/\\\/www.vfplus.org.za\\\/af\\\/\"},{\"@type\":\"ListItem\",\"position\":2,\"name\":\"Erfenisdag kan nie inklusief wees indien diversiteit nie gevier word nie\"}]},{\"@type\":\"WebSite\",\"@id\":\"https:\\\/\\\/www.vfplus.org.za\\\/af\\\/#website\",\"url\":\"https:\\\/\\\/www.vfplus.org.za\\\/af\\\/\",\"name\":\"Freedom Front Plus\",\"description\":\"Stand Up | Stand Together | Stand Strong\",\"publisher\":{\"@id\":\"https:\\\/\\\/www.vfplus.org.za\\\/af\\\/#organization\"},\"potentialAction\":[{\"@type\":\"SearchAction\",\"target\":{\"@type\":\"EntryPoint\",\"urlTemplate\":\"https:\\\/\\\/www.vfplus.org.za\\\/af\\\/?s={search_term_string}\"},\"query-input\":{\"@type\":\"PropertyValueSpecification\",\"valueRequired\":true,\"valueName\":\"search_term_string\"}}],\"inLanguage\":\"af-ZA\"},{\"@type\":\"Organization\",\"@id\":\"https:\\\/\\\/www.vfplus.org.za\\\/af\\\/#organization\",\"name\":\"Vryheidsfront Plus\",\"alternateName\":\"VF Plus\",\"url\":\"https:\\\/\\\/www.vfplus.org.za\\\/af\\\/\",\"logo\":{\"@type\":\"ImageObject\",\"inLanguage\":\"af-ZA\",\"@id\":\"https:\\\/\\\/www.vfplus.org.za\\\/af\\\/#\\\/schema\\\/logo\\\/image\\\/\",\"url\":\"https:\\\/\\\/www.vfplus.org.za\\\/wp-content\\\/uploads\\\/2022\\\/11\\\/vfplus-logo-01.png\",\"contentUrl\":\"https:\\\/\\\/www.vfplus.org.za\\\/wp-content\\\/uploads\\\/2022\\\/11\\\/vfplus-logo-01.png\",\"width\":130,\"height\":130,\"caption\":\"Vryheidsfront Plus\"},\"image\":{\"@id\":\"https:\\\/\\\/www.vfplus.org.za\\\/af\\\/#\\\/schema\\\/logo\\\/image\\\/\"},\"sameAs\":[\"https:\\\/\\\/www.facebook.com\\\/VFplus?fref=ts\",\"https:\\\/\\\/x.com\\\/VFplus\",\"https:\\\/\\\/www.instagram.com\\\/vfplus_ffplus\\\/?hl=en\",\"https:\\\/\\\/www.youtube.com\\\/user\\\/VRYHEIDSFRONTplus\"]},{\"@type\":\"Person\",\"@id\":\"https:\\\/\\\/www.vfplus.org.za\\\/af\\\/#\\\/schema\\\/person\\\/513ac0f204a09aac3aeae7f03571276c\",\"name\":\"Dr Pieter Groenewald\",\"image\":{\"@type\":\"ImageObject\",\"inLanguage\":\"af-ZA\",\"@id\":\"https:\\\/\\\/www.vfplus.org.za\\\/wp-content\\\/uploads\\\/2023\\\/06\\\/freedomfront_plus_author_Dr_Pieter_Groenewald_01.jpg6c7fe8a4f4cb94c94681ff722268b10b\",\"url\":\"https:\\\/\\\/www.vfplus.org.za\\\/wp-content\\\/uploads\\\/2023\\\/06\\\/freedomfront_plus_author_Dr_Pieter_Groenewald_01.jpg\",\"contentUrl\":\"https:\\\/\\\/www.vfplus.org.za\\\/wp-content\\\/uploads\\\/2023\\\/06\\\/freedomfront_plus_author_Dr_Pieter_Groenewald_01.jpg\",\"caption\":\"Dr Pieter Groenewald\"},\"url\":\"https:\\\/\\\/www.vfplus.org.za\\\/af\\\/author\\\/dr-pieter-groenewald\\\/\"}]}<\/script>\n<!-- \/ Yoast SEO plugin. -->","yoast_head_json":{"title":"Erfenisdag kan nie inklusief wees indien diversiteit nie gevier word nie | Vryheidsfront Plus","description":"Hoe meer daar gepraat word oor Erfenisdag en begrippe soos eenheid in diversiteit, hoe verder dryf Suid-Afrika se mense uitmekaar omdat daar nie \u0149 ware","robots":{"index":"index","follow":"follow","max-snippet":"max-snippet:-1","max-image-preview":"max-image-preview:large","max-video-preview":"max-video-preview:-1"},"canonical":"https:\/\/www.vfplus.org.za\/af\/jongste-nuus\/erfenisdag-kan-nie-inklusief-wees-indien-diversiteit-nie-gevier-word-nie\/","og_locale":"af_ZA","og_type":"article","og_title":"Erfenisdag kan nie inklusief wees indien diversiteit nie gevier word nie | Vryheidsfront Plus","og_description":"Hoe meer daar gepraat word oor Erfenisdag en begrippe soos eenheid in diversiteit, hoe verder dryf Suid-Afrika se mense uitmekaar omdat daar nie \u0149 ware","og_url":"https:\/\/www.vfplus.org.za\/af\/jongste-nuus\/erfenisdag-kan-nie-inklusief-wees-indien-diversiteit-nie-gevier-word-nie\/","og_site_name":"Vryheidsfront Plus","article_publisher":"https:\/\/www.facebook.com\/VFplus?fref=ts","article_published_time":"2024-09-25T06:57:26+00:00","article_modified_time":"2024-09-25T06:57:33+00:00","og_image":[{"width":1024,"height":768,"url":"https:\/\/www.vfplus.org.za\/wp-content\/uploads\/2024\/09\/freedomfront_plus_Erfenisdag-kan-nie-inklusief-wees-indien-diversiteit-nie-gevier-word-nie.png","type":"image\/png"}],"author":"Dr Pieter Groenewald","twitter_card":"summary_large_image","twitter_creator":"@VFplus","twitter_site":"@VFplus","twitter_misc":{"Written by":"Dr Pieter Groenewald","Est. reading time":"2 minutes"},"schema":{"@context":"https:\/\/schema.org","@graph":[{"@type":"Article","@id":"https:\/\/www.vfplus.org.za\/af\/jongste-nuus\/erfenisdag-kan-nie-inklusief-wees-indien-diversiteit-nie-gevier-word-nie\/#article","isPartOf":{"@id":"https:\/\/www.vfplus.org.za\/af\/jongste-nuus\/erfenisdag-kan-nie-inklusief-wees-indien-diversiteit-nie-gevier-word-nie\/"},"author":{"name":"Dr Pieter Groenewald","@id":"https:\/\/www.vfplus.org.za\/af\/#\/schema\/person\/513ac0f204a09aac3aeae7f03571276c"},"headline":"Erfenisdag kan nie inklusief wees indien diversiteit nie gevier word nie","datePublished":"2024-09-25T06:57:26+00:00","dateModified":"2024-09-25T06:57:33+00:00","mainEntityOfPage":{"@id":"https:\/\/www.vfplus.org.za\/af\/jongste-nuus\/erfenisdag-kan-nie-inklusief-wees-indien-diversiteit-nie-gevier-word-nie\/"},"wordCount":324,"publisher":{"@id":"https:\/\/www.vfplus.org.za\/af\/#organization"},"image":{"@id":"https:\/\/www.vfplus.org.za\/af\/jongste-nuus\/erfenisdag-kan-nie-inklusief-wees-indien-diversiteit-nie-gevier-word-nie\/#primaryimage"},"thumbnailUrl":"https:\/\/www.vfplus.org.za\/wp-content\/uploads\/2024\/09\/freedomfront_plus_Erfenisdag-kan-nie-inklusief-wees-indien-diversiteit-nie-gevier-word-nie.png","articleSection":["Jongste nuus","Mediaverklarings"],"inLanguage":"af-ZA"},{"@type":"WebPage","@id":"https:\/\/www.vfplus.org.za\/af\/jongste-nuus\/erfenisdag-kan-nie-inklusief-wees-indien-diversiteit-nie-gevier-word-nie\/","url":"https:\/\/www.vfplus.org.za\/af\/jongste-nuus\/erfenisdag-kan-nie-inklusief-wees-indien-diversiteit-nie-gevier-word-nie\/","name":"Erfenisdag kan nie inklusief wees indien diversiteit nie gevier word nie | Vryheidsfront Plus","isPartOf":{"@id":"https:\/\/www.vfplus.org.za\/af\/#website"},"primaryImageOfPage":{"@id":"https:\/\/www.vfplus.org.za\/af\/jongste-nuus\/erfenisdag-kan-nie-inklusief-wees-indien-diversiteit-nie-gevier-word-nie\/#primaryimage"},"image":{"@id":"https:\/\/www.vfplus.org.za\/af\/jongste-nuus\/erfenisdag-kan-nie-inklusief-wees-indien-diversiteit-nie-gevier-word-nie\/#primaryimage"},"thumbnailUrl":"https:\/\/www.vfplus.org.za\/wp-content\/uploads\/2024\/09\/freedomfront_plus_Erfenisdag-kan-nie-inklusief-wees-indien-diversiteit-nie-gevier-word-nie.png","datePublished":"2024-09-25T06:57:26+00:00","dateModified":"2024-09-25T06:57:33+00:00","description":"Hoe meer daar gepraat word oor Erfenisdag en begrippe soos eenheid in diversiteit, hoe verder dryf Suid-Afrika se mense uitmekaar omdat daar nie \u0149 ware","breadcrumb":{"@id":"https:\/\/www.vfplus.org.za\/af\/jongste-nuus\/erfenisdag-kan-nie-inklusief-wees-indien-diversiteit-nie-gevier-word-nie\/#breadcrumb"},"inLanguage":"af-ZA","potentialAction":[{"@type":"ReadAction","target":["https:\/\/www.vfplus.org.za\/af\/jongste-nuus\/erfenisdag-kan-nie-inklusief-wees-indien-diversiteit-nie-gevier-word-nie\/"]}]},{"@type":"ImageObject","inLanguage":"af-ZA","@id":"https:\/\/www.vfplus.org.za\/af\/jongste-nuus\/erfenisdag-kan-nie-inklusief-wees-indien-diversiteit-nie-gevier-word-nie\/#primaryimage","url":"https:\/\/www.vfplus.org.za\/wp-content\/uploads\/2024\/09\/freedomfront_plus_Erfenisdag-kan-nie-inklusief-wees-indien-diversiteit-nie-gevier-word-nie.png","contentUrl":"https:\/\/www.vfplus.org.za\/wp-content\/uploads\/2024\/09\/freedomfront_plus_Erfenisdag-kan-nie-inklusief-wees-indien-diversiteit-nie-gevier-word-nie.png","width":1024,"height":768},{"@type":"BreadcrumbList","@id":"https:\/\/www.vfplus.org.za\/af\/jongste-nuus\/erfenisdag-kan-nie-inklusief-wees-indien-diversiteit-nie-gevier-word-nie\/#breadcrumb","itemListElement":[{"@type":"ListItem","position":1,"name":"Tuis","item":"https:\/\/www.vfplus.org.za\/af\/"},{"@type":"ListItem","position":2,"name":"Erfenisdag kan nie inklusief wees indien diversiteit nie gevier word nie"}]},{"@type":"WebSite","@id":"https:\/\/www.vfplus.org.za\/af\/#website","url":"https:\/\/www.vfplus.org.za\/af\/","name":"Freedom Front Plus","description":"Stand Up | Stand Together | Stand Strong","publisher":{"@id":"https:\/\/www.vfplus.org.za\/af\/#organization"},"potentialAction":[{"@type":"SearchAction","target":{"@type":"EntryPoint","urlTemplate":"https:\/\/www.vfplus.org.za\/af\/?s={search_term_string}"},"query-input":{"@type":"PropertyValueSpecification","valueRequired":true,"valueName":"search_term_string"}}],"inLanguage":"af-ZA"},{"@type":"Organization","@id":"https:\/\/www.vfplus.org.za\/af\/#organization","name":"Vryheidsfront Plus","alternateName":"VF Plus","url":"https:\/\/www.vfplus.org.za\/af\/","logo":{"@type":"ImageObject","inLanguage":"af-ZA","@id":"https:\/\/www.vfplus.org.za\/af\/#\/schema\/logo\/image\/","url":"https:\/\/www.vfplus.org.za\/wp-content\/uploads\/2022\/11\/vfplus-logo-01.png","contentUrl":"https:\/\/www.vfplus.org.za\/wp-content\/uploads\/2022\/11\/vfplus-logo-01.png","width":130,"height":130,"caption":"Vryheidsfront Plus"},"image":{"@id":"https:\/\/www.vfplus.org.za\/af\/#\/schema\/logo\/image\/"},"sameAs":["https:\/\/www.facebook.com\/VFplus?fref=ts","https:\/\/x.com\/VFplus","https:\/\/www.instagram.com\/vfplus_ffplus\/?hl=en","https:\/\/www.youtube.com\/user\/VRYHEIDSFRONTplus"]},{"@type":"Person","@id":"https:\/\/www.vfplus.org.za\/af\/#\/schema\/person\/513ac0f204a09aac3aeae7f03571276c","name":"Dr Pieter Groenewald","image":{"@type":"ImageObject","inLanguage":"af-ZA","@id":"https:\/\/www.vfplus.org.za\/wp-content\/uploads\/2023\/06\/freedomfront_plus_author_Dr_Pieter_Groenewald_01.jpg6c7fe8a4f4cb94c94681ff722268b10b","url":"https:\/\/www.vfplus.org.za\/wp-content\/uploads\/2023\/06\/freedomfront_plus_author_Dr_Pieter_Groenewald_01.jpg","contentUrl":"https:\/\/www.vfplus.org.za\/wp-content\/uploads\/2023\/06\/freedomfront_plus_author_Dr_Pieter_Groenewald_01.jpg","caption":"Dr Pieter Groenewald"},"url":"https:\/\/www.vfplus.org.za\/af\/author\/dr-pieter-groenewald\/"}]}},"authors":[{"term_id":91,"user_id":7,"is_guest":0,"slug":"dr-pieter-groenewald","display_name":"Dr Pieter Groenewald","avatar_url":{"url":"https:\/\/www.vfplus.org.za\/wp-content\/uploads\/2023\/06\/freedomfront_plus_author_Dr_Pieter_Groenewald_01.jpg","url2x":"https:\/\/www.vfplus.org.za\/wp-content\/uploads\/2023\/06\/freedomfront_plus_author_Dr_Pieter_Groenewald_01.jpg"},"author_category":"","user_url":"","last_name":"","first_name":"Dr Pieter Groenewald","job_title":"","description":""}],"_links":{"self":[{"href":"https:\/\/www.vfplus.org.za\/af\/wp-json\/wp\/v2\/posts\/77195","targetHints":{"allow":["GET"]}}],"collection":[{"href":"https:\/\/www.vfplus.org.za\/af\/wp-json\/wp\/v2\/posts"}],"about":[{"href":"https:\/\/www.vfplus.org.za\/af\/wp-json\/wp\/v2\/types\/post"}],"author":[{"embeddable":true,"href":"https:\/\/www.vfplus.org.za\/af\/wp-json\/wp\/v2\/users\/7"}],"replies":[{"embeddable":true,"href":"https:\/\/www.vfplus.org.za\/af\/wp-json\/wp\/v2\/comments?post=77195"}],"version-history":[{"count":1,"href":"https:\/\/www.vfplus.org.za\/af\/wp-json\/wp\/v2\/posts\/77195\/revisions"}],"predecessor-version":[{"id":77198,"href":"https:\/\/www.vfplus.org.za\/af\/wp-json\/wp\/v2\/posts\/77195\/revisions\/77198"}],"wp:featuredmedia":[{"embeddable":true,"href":"https:\/\/www.vfplus.org.za\/af\/wp-json\/wp\/v2\/media\/77196"}],"wp:attachment":[{"href":"https:\/\/www.vfplus.org.za\/af\/wp-json\/wp\/v2\/media?parent=77195"}],"wp:term":[{"taxonomy":"category","embeddable":true,"href":"https:\/\/www.vfplus.org.za\/af\/wp-json\/wp\/v2\/categories?post=77195"},{"taxonomy":"post_tag","embeddable":true,"href":"https:\/\/www.vfplus.org.za\/af\/wp-json\/wp\/v2\/tags?post=77195"},{"taxonomy":"author","embeddable":true,"href":"https:\/\/www.vfplus.org.za\/af\/wp-json\/wp\/v2\/ppma_author?post=77195"}],"curies":[{"name":"wp","href":"https:\/\/api.w.org\/{rel}","templated":true}]}}