{"id":77185,"date":"2024-09-19T15:17:18","date_gmt":"2024-09-19T13:17:18","guid":{"rendered":"https:\/\/www.vfplus.org.za\/?p=77185"},"modified":"2024-09-19T15:17:22","modified_gmt":"2024-09-19T13:17:22","slug":"vrye-mark-bepaal-toenemend-kragprys-al-dink-eskom-en-nersa-anders","status":"publish","type":"post","link":"https:\/\/www.vfplus.org.za\/af\/jongste-nuus\/vrye-mark-bepaal-toenemend-kragprys-al-dink-eskom-en-nersa-anders\/","title":{"rendered":"Vrye mark bepaal toenemend kragprys, al dink Eskom en Nersa anders"},"content":{"rendered":"\n<p class=\"wp-block-paragraph\">(Debat in parlement: Buitensporige tariefverhoging waarvoor Eskom onlangs aansoek gedoen het)<\/p>\n\n\n\n<p class=\"wp-block-paragraph\">Eskom se onlangse aansoek om \u0149 tariefverhoging van byna 40% in hierdie jaar op verbruikers te hef, lei sedertdien tot groot onsteltenis.<\/p>\n\n\n\n<p class=\"wp-block-paragraph\">Hierdie berekening is gegrond op die koste van kragopwekking en die vereiste onderhoud en uitbreiding van die kragnetwerk en opwekkingsvermo\u00eb.&nbsp;<\/p>\n\n\n\n<p class=\"wp-block-paragraph\">Indien die groot kragverskaffer se finansi\u00eble verknorsing net aan faktore buite sy beheer te wyte was, sou die aansoek dalk \u0149 meer simpatieke ontvangs gekry het. Verbruikers besef egter dat hulle nou moet instaan vir jare se swak bestuur, wanaanwending van fondse en selfs misdadige optrede.&nbsp;<\/p>\n\n\n\n<p class=\"wp-block-paragraph\">Die feit dat Eskom kan poog om hierdie verknorsing op verbruikers af te skuif, is toe te skryf daaraan dat elektrisiteit in Suid-Afrika \u0149 geadministreerde prys het. Dit beteken dat Eskom om \u0149 sekere tarief aansoek doen waaroor die regulatoriese owerheid, Nersa, \u0149 finale besluit neem. Dit is omdat Eskom die elektrisiteitsmark geheel en al oorheers.&nbsp;<\/p>\n\n\n\n<p class=\"wp-block-paragraph\">Jare van beurtkrag het Suid-Afrikaanse huishoudings, ondernemings en gemeenskappe gedwing om hul eie kragplanne te maak. Die nuwe werklikheid is dat reuse opwekkingseenhede nie meer kleinskaalse, plaaslike opwekking oortref sover dit prys en selfs doeltreffendheid aangaan nie.<\/p>\n\n\n\n<p class=\"wp-block-paragraph\">Nou dat dit lyk of beurtkrag verby is, spaar diegene met hul eie stelsels steeds geld.&nbsp;<\/p>\n\n\n\n<p class=\"wp-block-paragraph\">Boonop dra hierdie kleinskaalse opwekking tot die groter prentjie by. Tussen 11:00 en 15:00, wanneer sonpanele die meeste krag opwek, kan Eskom ander bronne aanvul om tydens spitstyd te gebruik. Verder dek batterye, wat verbruikers gekoop het om beurtkrag te oorbrug, ook spitstydverbruik.&nbsp;<\/p>\n\n\n\n<p class=\"wp-block-paragraph\">Die gevolg hiervan is dat die geadministreerde prys van krag al meer aan die vrye mark onderhewig is. Verbruikers het inderdaad nou \u0149 keuse as die prys van Eskom-krag hulle nie meer pas nie.&nbsp;<\/p>\n\n\n\n<p class=\"wp-block-paragraph\">Soos met veiligheid en instandhouding van infrastruktuur, kan gemeenskappe al hoe meer baat vind daarby om kragte saam te snoer en kragverskaffing van \u0149 individuele onderneming na \u0149 gemeenskapaksie te versterk.&nbsp;<\/p>\n\n\n\n<p class=\"wp-block-paragraph\">Frankfort in die Vrystaat en Orania in die Noord-Kaap is twee gemeenskappe wat reeds die weg daarvoor aanwys.&nbsp;<\/p>\n","protected":false},"excerpt":{"rendered":"<p>(Debat in parlement: Buitensporige tariefverhoging waarvoor Eskom onlangs aansoek gedoen het) Eskom se onlangse aansoek om \u0149 tariefverhoging van byna 40% in hierdie jaar op verbruikers te hef, lei sedertdien tot groot onsteltenis. Hierdie berekening is gegrond op die koste van kragopwekking en die vereiste onderhoud en uitbreiding van die kragnetwerk en opwekkingsvermo\u00eb.&nbsp; Indien die [&hellip;]<\/p>\n","protected":false},"author":6,"featured_media":77186,"comment_status":"closed","ping_status":"closed","sticky":false,"template":"","format":"standard","meta":{"_acf_changed":false,"_relevanssi_hide_post":"","_relevanssi_hide_content":"","_relevanssi_pin_for_all":"","_relevanssi_pin_keywords":"","_relevanssi_unpin_keywords":"","_relevanssi_related_keywords":"","_relevanssi_related_include_ids":"","_relevanssi_related_exclude_ids":"","_relevanssi_related_no_append":"","_relevanssi_related_not_related":"","_relevanssi_related_posts":"60450,62049,23286,22925,60876,17646","_relevanssi_noindex_reason":"","footnotes":""},"categories":[74,100],"tags":[],"ppma_author":[89],"class_list":["post-77185","post","type-post","status-publish","format-standard","has-post-thumbnail","hentry","category-jongste-nuus","category-mediaverklarings"],"acf":[],"yoast_head":"<!-- This site is optimized with the Yoast SEO plugin v28.3 - https:\/\/yoast.com\/product\/yoast-seo-wordpress\/ -->\n<title>Vrye mark bepaal toenemend kragprys, al dink Eskom en Nersa anders | Vryheidsfront Plus<\/title>\n<meta name=\"description\" content=\"(Debat in parlement: Buitensporige tariefverhoging waarvoor Eskom onlangs aansoek gedoen het) Eskom se onlangse aansoek om \u0149 tariefverhoging van byna 40%\" \/>\n<meta name=\"robots\" content=\"index, follow, max-snippet:-1, max-image-preview:large, max-video-preview:-1\" \/>\n<link rel=\"canonical\" href=\"https:\/\/www.vfplus.org.za\/af\/jongste-nuus\/vrye-mark-bepaal-toenemend-kragprys-al-dink-eskom-en-nersa-anders\/\" \/>\n<meta property=\"og:locale\" content=\"af_ZA\" \/>\n<meta property=\"og:type\" content=\"article\" \/>\n<meta property=\"og:title\" content=\"Vrye mark bepaal toenemend kragprys, al dink Eskom en Nersa anders | Vryheidsfront Plus\" \/>\n<meta property=\"og:description\" content=\"(Debat in parlement: Buitensporige tariefverhoging waarvoor Eskom onlangs aansoek gedoen het) Eskom se onlangse aansoek om \u0149 tariefverhoging van byna 40%\" \/>\n<meta property=\"og:url\" content=\"https:\/\/www.vfplus.org.za\/af\/jongste-nuus\/vrye-mark-bepaal-toenemend-kragprys-al-dink-eskom-en-nersa-anders\/\" \/>\n<meta property=\"og:site_name\" content=\"Vryheidsfront Plus\" \/>\n<meta property=\"article:publisher\" content=\"https:\/\/www.facebook.com\/VFplus?fref=ts\" \/>\n<meta property=\"article:published_time\" content=\"2024-09-19T13:17:18+00:00\" \/>\n<meta property=\"article:modified_time\" content=\"2024-09-19T13:17:22+00:00\" \/>\n<meta property=\"og:image\" content=\"https:\/\/www.vfplus.org.za\/wp-content\/uploads\/2024\/09\/freedomfront_plus_Vrye-mark-bepaal-toenemend-kragprys-al-dink-Eskom-en-Nersa-anders.png\" \/>\n\t<meta property=\"og:image:width\" content=\"1024\" \/>\n\t<meta property=\"og:image:height\" content=\"768\" \/>\n\t<meta property=\"og:image:type\" content=\"image\/png\" \/>\n<meta name=\"author\" content=\"Dr Wynand Boshoff\" \/>\n<meta name=\"twitter:card\" content=\"summary_large_image\" \/>\n<meta name=\"twitter:creator\" content=\"@VFplus\" \/>\n<meta name=\"twitter:site\" content=\"@VFplus\" \/>\n<meta name=\"twitter:label1\" content=\"Written by\" \/>\n\t<meta name=\"twitter:data1\" content=\"Dr Wynand Boshoff\" \/>\n\t<meta name=\"twitter:label2\" content=\"Est. reading time\" \/>\n\t<meta name=\"twitter:data2\" content=\"2 minutes\" \/>\n<script type=\"application\/ld+json\" class=\"yoast-schema-graph\">{\"@context\":\"https:\\\/\\\/schema.org\",\"@graph\":[{\"@type\":\"Article\",\"@id\":\"https:\\\/\\\/www.vfplus.org.za\\\/af\\\/jongste-nuus\\\/vrye-mark-bepaal-toenemend-kragprys-al-dink-eskom-en-nersa-anders\\\/#article\",\"isPartOf\":{\"@id\":\"https:\\\/\\\/www.vfplus.org.za\\\/af\\\/jongste-nuus\\\/vrye-mark-bepaal-toenemend-kragprys-al-dink-eskom-en-nersa-anders\\\/\"},\"author\":{\"name\":\"Dr Wynand Boshoff\",\"@id\":\"https:\\\/\\\/www.vfplus.org.za\\\/af\\\/#\\\/schema\\\/person\\\/586f0afab50af05619e266b15e940c45\"},\"headline\":\"Vrye mark bepaal toenemend kragprys, al dink Eskom en Nersa anders\",\"datePublished\":\"2024-09-19T13:17:18+00:00\",\"dateModified\":\"2024-09-19T13:17:22+00:00\",\"mainEntityOfPage\":{\"@id\":\"https:\\\/\\\/www.vfplus.org.za\\\/af\\\/jongste-nuus\\\/vrye-mark-bepaal-toenemend-kragprys-al-dink-eskom-en-nersa-anders\\\/\"},\"wordCount\":343,\"publisher\":{\"@id\":\"https:\\\/\\\/www.vfplus.org.za\\\/af\\\/#organization\"},\"image\":{\"@id\":\"https:\\\/\\\/www.vfplus.org.za\\\/af\\\/jongste-nuus\\\/vrye-mark-bepaal-toenemend-kragprys-al-dink-eskom-en-nersa-anders\\\/#primaryimage\"},\"thumbnailUrl\":\"https:\\\/\\\/www.vfplus.org.za\\\/wp-content\\\/uploads\\\/2024\\\/09\\\/freedomfront_plus_Vrye-mark-bepaal-toenemend-kragprys-al-dink-Eskom-en-Nersa-anders.png\",\"articleSection\":[\"Jongste nuus\",\"Mediaverklarings\"],\"inLanguage\":\"af-ZA\"},{\"@type\":\"WebPage\",\"@id\":\"https:\\\/\\\/www.vfplus.org.za\\\/af\\\/jongste-nuus\\\/vrye-mark-bepaal-toenemend-kragprys-al-dink-eskom-en-nersa-anders\\\/\",\"url\":\"https:\\\/\\\/www.vfplus.org.za\\\/af\\\/jongste-nuus\\\/vrye-mark-bepaal-toenemend-kragprys-al-dink-eskom-en-nersa-anders\\\/\",\"name\":\"Vrye mark bepaal toenemend kragprys, al dink Eskom en Nersa anders | Vryheidsfront Plus\",\"isPartOf\":{\"@id\":\"https:\\\/\\\/www.vfplus.org.za\\\/af\\\/#website\"},\"primaryImageOfPage\":{\"@id\":\"https:\\\/\\\/www.vfplus.org.za\\\/af\\\/jongste-nuus\\\/vrye-mark-bepaal-toenemend-kragprys-al-dink-eskom-en-nersa-anders\\\/#primaryimage\"},\"image\":{\"@id\":\"https:\\\/\\\/www.vfplus.org.za\\\/af\\\/jongste-nuus\\\/vrye-mark-bepaal-toenemend-kragprys-al-dink-eskom-en-nersa-anders\\\/#primaryimage\"},\"thumbnailUrl\":\"https:\\\/\\\/www.vfplus.org.za\\\/wp-content\\\/uploads\\\/2024\\\/09\\\/freedomfront_plus_Vrye-mark-bepaal-toenemend-kragprys-al-dink-Eskom-en-Nersa-anders.png\",\"datePublished\":\"2024-09-19T13:17:18+00:00\",\"dateModified\":\"2024-09-19T13:17:22+00:00\",\"description\":\"(Debat in parlement: Buitensporige tariefverhoging waarvoor Eskom onlangs aansoek gedoen het) Eskom se onlangse aansoek om \u0149 tariefverhoging van byna 40%\",\"breadcrumb\":{\"@id\":\"https:\\\/\\\/www.vfplus.org.za\\\/af\\\/jongste-nuus\\\/vrye-mark-bepaal-toenemend-kragprys-al-dink-eskom-en-nersa-anders\\\/#breadcrumb\"},\"inLanguage\":\"af-ZA\",\"potentialAction\":[{\"@type\":\"ReadAction\",\"target\":[\"https:\\\/\\\/www.vfplus.org.za\\\/af\\\/jongste-nuus\\\/vrye-mark-bepaal-toenemend-kragprys-al-dink-eskom-en-nersa-anders\\\/\"]}]},{\"@type\":\"ImageObject\",\"inLanguage\":\"af-ZA\",\"@id\":\"https:\\\/\\\/www.vfplus.org.za\\\/af\\\/jongste-nuus\\\/vrye-mark-bepaal-toenemend-kragprys-al-dink-eskom-en-nersa-anders\\\/#primaryimage\",\"url\":\"https:\\\/\\\/www.vfplus.org.za\\\/wp-content\\\/uploads\\\/2024\\\/09\\\/freedomfront_plus_Vrye-mark-bepaal-toenemend-kragprys-al-dink-Eskom-en-Nersa-anders.png\",\"contentUrl\":\"https:\\\/\\\/www.vfplus.org.za\\\/wp-content\\\/uploads\\\/2024\\\/09\\\/freedomfront_plus_Vrye-mark-bepaal-toenemend-kragprys-al-dink-Eskom-en-Nersa-anders.png\",\"width\":1024,\"height\":768},{\"@type\":\"BreadcrumbList\",\"@id\":\"https:\\\/\\\/www.vfplus.org.za\\\/af\\\/jongste-nuus\\\/vrye-mark-bepaal-toenemend-kragprys-al-dink-eskom-en-nersa-anders\\\/#breadcrumb\",\"itemListElement\":[{\"@type\":\"ListItem\",\"position\":1,\"name\":\"Tuis\",\"item\":\"https:\\\/\\\/www.vfplus.org.za\\\/af\\\/\"},{\"@type\":\"ListItem\",\"position\":2,\"name\":\"Vrye mark bepaal toenemend kragprys, al dink Eskom en Nersa anders\"}]},{\"@type\":\"WebSite\",\"@id\":\"https:\\\/\\\/www.vfplus.org.za\\\/af\\\/#website\",\"url\":\"https:\\\/\\\/www.vfplus.org.za\\\/af\\\/\",\"name\":\"Freedom Front Plus\",\"description\":\"Stand Up | Stand Together | Stand Strong\",\"publisher\":{\"@id\":\"https:\\\/\\\/www.vfplus.org.za\\\/af\\\/#organization\"},\"potentialAction\":[{\"@type\":\"SearchAction\",\"target\":{\"@type\":\"EntryPoint\",\"urlTemplate\":\"https:\\\/\\\/www.vfplus.org.za\\\/af\\\/?s={search_term_string}\"},\"query-input\":{\"@type\":\"PropertyValueSpecification\",\"valueRequired\":true,\"valueName\":\"search_term_string\"}}],\"inLanguage\":\"af-ZA\"},{\"@type\":\"Organization\",\"@id\":\"https:\\\/\\\/www.vfplus.org.za\\\/af\\\/#organization\",\"name\":\"Vryheidsfront Plus\",\"alternateName\":\"VF Plus\",\"url\":\"https:\\\/\\\/www.vfplus.org.za\\\/af\\\/\",\"logo\":{\"@type\":\"ImageObject\",\"inLanguage\":\"af-ZA\",\"@id\":\"https:\\\/\\\/www.vfplus.org.za\\\/af\\\/#\\\/schema\\\/logo\\\/image\\\/\",\"url\":\"https:\\\/\\\/www.vfplus.org.za\\\/wp-content\\\/uploads\\\/2022\\\/11\\\/vfplus-logo-01.png\",\"contentUrl\":\"https:\\\/\\\/www.vfplus.org.za\\\/wp-content\\\/uploads\\\/2022\\\/11\\\/vfplus-logo-01.png\",\"width\":130,\"height\":130,\"caption\":\"Vryheidsfront Plus\"},\"image\":{\"@id\":\"https:\\\/\\\/www.vfplus.org.za\\\/af\\\/#\\\/schema\\\/logo\\\/image\\\/\"},\"sameAs\":[\"https:\\\/\\\/www.facebook.com\\\/VFplus?fref=ts\",\"https:\\\/\\\/x.com\\\/VFplus\",\"https:\\\/\\\/www.instagram.com\\\/vfplus_ffplus\\\/?hl=en\",\"https:\\\/\\\/www.youtube.com\\\/user\\\/VRYHEIDSFRONTplus\"]},{\"@type\":\"Person\",\"@id\":\"https:\\\/\\\/www.vfplus.org.za\\\/af\\\/#\\\/schema\\\/person\\\/586f0afab50af05619e266b15e940c45\",\"name\":\"Dr Wynand Boshoff\",\"image\":{\"@type\":\"ImageObject\",\"inLanguage\":\"af-ZA\",\"@id\":\"https:\\\/\\\/www.vfplus.org.za\\\/wp-content\\\/uploads\\\/2023\\\/01\\\/freedom-front-plus-leadership-wynand-boschoff-01.jpgc7614ff088e83becc8f285193d701758\",\"url\":\"https:\\\/\\\/www.vfplus.org.za\\\/wp-content\\\/uploads\\\/2023\\\/01\\\/freedom-front-plus-leadership-wynand-boschoff-01.jpg\",\"contentUrl\":\"https:\\\/\\\/www.vfplus.org.za\\\/wp-content\\\/uploads\\\/2023\\\/01\\\/freedom-front-plus-leadership-wynand-boschoff-01.jpg\",\"caption\":\"Dr Wynand Boshoff\"},\"url\":\"https:\\\/\\\/www.vfplus.org.za\\\/af\\\/author\\\/dr-wynand-boshoff\\\/\"}]}<\/script>\n<!-- \/ Yoast SEO plugin. -->","yoast_head_json":{"title":"Vrye mark bepaal toenemend kragprys, al dink Eskom en Nersa anders | Vryheidsfront Plus","description":"(Debat in parlement: Buitensporige tariefverhoging waarvoor Eskom onlangs aansoek gedoen het) Eskom se onlangse aansoek om \u0149 tariefverhoging van byna 40%","robots":{"index":"index","follow":"follow","max-snippet":"max-snippet:-1","max-image-preview":"max-image-preview:large","max-video-preview":"max-video-preview:-1"},"canonical":"https:\/\/www.vfplus.org.za\/af\/jongste-nuus\/vrye-mark-bepaal-toenemend-kragprys-al-dink-eskom-en-nersa-anders\/","og_locale":"af_ZA","og_type":"article","og_title":"Vrye mark bepaal toenemend kragprys, al dink Eskom en Nersa anders | Vryheidsfront Plus","og_description":"(Debat in parlement: Buitensporige tariefverhoging waarvoor Eskom onlangs aansoek gedoen het) Eskom se onlangse aansoek om \u0149 tariefverhoging van byna 40%","og_url":"https:\/\/www.vfplus.org.za\/af\/jongste-nuus\/vrye-mark-bepaal-toenemend-kragprys-al-dink-eskom-en-nersa-anders\/","og_site_name":"Vryheidsfront Plus","article_publisher":"https:\/\/www.facebook.com\/VFplus?fref=ts","article_published_time":"2024-09-19T13:17:18+00:00","article_modified_time":"2024-09-19T13:17:22+00:00","og_image":[{"width":1024,"height":768,"url":"https:\/\/www.vfplus.org.za\/wp-content\/uploads\/2024\/09\/freedomfront_plus_Vrye-mark-bepaal-toenemend-kragprys-al-dink-Eskom-en-Nersa-anders.png","type":"image\/png"}],"author":"Dr Wynand Boshoff","twitter_card":"summary_large_image","twitter_creator":"@VFplus","twitter_site":"@VFplus","twitter_misc":{"Written by":"Dr Wynand Boshoff","Est. reading time":"2 minutes"},"schema":{"@context":"https:\/\/schema.org","@graph":[{"@type":"Article","@id":"https:\/\/www.vfplus.org.za\/af\/jongste-nuus\/vrye-mark-bepaal-toenemend-kragprys-al-dink-eskom-en-nersa-anders\/#article","isPartOf":{"@id":"https:\/\/www.vfplus.org.za\/af\/jongste-nuus\/vrye-mark-bepaal-toenemend-kragprys-al-dink-eskom-en-nersa-anders\/"},"author":{"name":"Dr Wynand Boshoff","@id":"https:\/\/www.vfplus.org.za\/af\/#\/schema\/person\/586f0afab50af05619e266b15e940c45"},"headline":"Vrye mark bepaal toenemend kragprys, al dink Eskom en Nersa anders","datePublished":"2024-09-19T13:17:18+00:00","dateModified":"2024-09-19T13:17:22+00:00","mainEntityOfPage":{"@id":"https:\/\/www.vfplus.org.za\/af\/jongste-nuus\/vrye-mark-bepaal-toenemend-kragprys-al-dink-eskom-en-nersa-anders\/"},"wordCount":343,"publisher":{"@id":"https:\/\/www.vfplus.org.za\/af\/#organization"},"image":{"@id":"https:\/\/www.vfplus.org.za\/af\/jongste-nuus\/vrye-mark-bepaal-toenemend-kragprys-al-dink-eskom-en-nersa-anders\/#primaryimage"},"thumbnailUrl":"https:\/\/www.vfplus.org.za\/wp-content\/uploads\/2024\/09\/freedomfront_plus_Vrye-mark-bepaal-toenemend-kragprys-al-dink-Eskom-en-Nersa-anders.png","articleSection":["Jongste nuus","Mediaverklarings"],"inLanguage":"af-ZA"},{"@type":"WebPage","@id":"https:\/\/www.vfplus.org.za\/af\/jongste-nuus\/vrye-mark-bepaal-toenemend-kragprys-al-dink-eskom-en-nersa-anders\/","url":"https:\/\/www.vfplus.org.za\/af\/jongste-nuus\/vrye-mark-bepaal-toenemend-kragprys-al-dink-eskom-en-nersa-anders\/","name":"Vrye mark bepaal toenemend kragprys, al dink Eskom en Nersa anders | Vryheidsfront Plus","isPartOf":{"@id":"https:\/\/www.vfplus.org.za\/af\/#website"},"primaryImageOfPage":{"@id":"https:\/\/www.vfplus.org.za\/af\/jongste-nuus\/vrye-mark-bepaal-toenemend-kragprys-al-dink-eskom-en-nersa-anders\/#primaryimage"},"image":{"@id":"https:\/\/www.vfplus.org.za\/af\/jongste-nuus\/vrye-mark-bepaal-toenemend-kragprys-al-dink-eskom-en-nersa-anders\/#primaryimage"},"thumbnailUrl":"https:\/\/www.vfplus.org.za\/wp-content\/uploads\/2024\/09\/freedomfront_plus_Vrye-mark-bepaal-toenemend-kragprys-al-dink-Eskom-en-Nersa-anders.png","datePublished":"2024-09-19T13:17:18+00:00","dateModified":"2024-09-19T13:17:22+00:00","description":"(Debat in parlement: Buitensporige tariefverhoging waarvoor Eskom onlangs aansoek gedoen het) Eskom se onlangse aansoek om \u0149 tariefverhoging van byna 40%","breadcrumb":{"@id":"https:\/\/www.vfplus.org.za\/af\/jongste-nuus\/vrye-mark-bepaal-toenemend-kragprys-al-dink-eskom-en-nersa-anders\/#breadcrumb"},"inLanguage":"af-ZA","potentialAction":[{"@type":"ReadAction","target":["https:\/\/www.vfplus.org.za\/af\/jongste-nuus\/vrye-mark-bepaal-toenemend-kragprys-al-dink-eskom-en-nersa-anders\/"]}]},{"@type":"ImageObject","inLanguage":"af-ZA","@id":"https:\/\/www.vfplus.org.za\/af\/jongste-nuus\/vrye-mark-bepaal-toenemend-kragprys-al-dink-eskom-en-nersa-anders\/#primaryimage","url":"https:\/\/www.vfplus.org.za\/wp-content\/uploads\/2024\/09\/freedomfront_plus_Vrye-mark-bepaal-toenemend-kragprys-al-dink-Eskom-en-Nersa-anders.png","contentUrl":"https:\/\/www.vfplus.org.za\/wp-content\/uploads\/2024\/09\/freedomfront_plus_Vrye-mark-bepaal-toenemend-kragprys-al-dink-Eskom-en-Nersa-anders.png","width":1024,"height":768},{"@type":"BreadcrumbList","@id":"https:\/\/www.vfplus.org.za\/af\/jongste-nuus\/vrye-mark-bepaal-toenemend-kragprys-al-dink-eskom-en-nersa-anders\/#breadcrumb","itemListElement":[{"@type":"ListItem","position":1,"name":"Tuis","item":"https:\/\/www.vfplus.org.za\/af\/"},{"@type":"ListItem","position":2,"name":"Vrye mark bepaal toenemend kragprys, al dink Eskom en Nersa anders"}]},{"@type":"WebSite","@id":"https:\/\/www.vfplus.org.za\/af\/#website","url":"https:\/\/www.vfplus.org.za\/af\/","name":"Freedom Front Plus","description":"Stand Up | Stand Together | Stand Strong","publisher":{"@id":"https:\/\/www.vfplus.org.za\/af\/#organization"},"potentialAction":[{"@type":"SearchAction","target":{"@type":"EntryPoint","urlTemplate":"https:\/\/www.vfplus.org.za\/af\/?s={search_term_string}"},"query-input":{"@type":"PropertyValueSpecification","valueRequired":true,"valueName":"search_term_string"}}],"inLanguage":"af-ZA"},{"@type":"Organization","@id":"https:\/\/www.vfplus.org.za\/af\/#organization","name":"Vryheidsfront Plus","alternateName":"VF Plus","url":"https:\/\/www.vfplus.org.za\/af\/","logo":{"@type":"ImageObject","inLanguage":"af-ZA","@id":"https:\/\/www.vfplus.org.za\/af\/#\/schema\/logo\/image\/","url":"https:\/\/www.vfplus.org.za\/wp-content\/uploads\/2022\/11\/vfplus-logo-01.png","contentUrl":"https:\/\/www.vfplus.org.za\/wp-content\/uploads\/2022\/11\/vfplus-logo-01.png","width":130,"height":130,"caption":"Vryheidsfront Plus"},"image":{"@id":"https:\/\/www.vfplus.org.za\/af\/#\/schema\/logo\/image\/"},"sameAs":["https:\/\/www.facebook.com\/VFplus?fref=ts","https:\/\/x.com\/VFplus","https:\/\/www.instagram.com\/vfplus_ffplus\/?hl=en","https:\/\/www.youtube.com\/user\/VRYHEIDSFRONTplus"]},{"@type":"Person","@id":"https:\/\/www.vfplus.org.za\/af\/#\/schema\/person\/586f0afab50af05619e266b15e940c45","name":"Dr Wynand Boshoff","image":{"@type":"ImageObject","inLanguage":"af-ZA","@id":"https:\/\/www.vfplus.org.za\/wp-content\/uploads\/2023\/01\/freedom-front-plus-leadership-wynand-boschoff-01.jpgc7614ff088e83becc8f285193d701758","url":"https:\/\/www.vfplus.org.za\/wp-content\/uploads\/2023\/01\/freedom-front-plus-leadership-wynand-boschoff-01.jpg","contentUrl":"https:\/\/www.vfplus.org.za\/wp-content\/uploads\/2023\/01\/freedom-front-plus-leadership-wynand-boschoff-01.jpg","caption":"Dr Wynand Boshoff"},"url":"https:\/\/www.vfplus.org.za\/af\/author\/dr-wynand-boshoff\/"}]}},"authors":[{"term_id":89,"user_id":6,"is_guest":0,"slug":"dr-wynand-boshoff","display_name":"Dr Wynand Boshoff","avatar_url":{"url":"https:\/\/www.vfplus.org.za\/wp-content\/uploads\/2023\/01\/freedom-front-plus-leadership-wynand-boschoff-01.jpg","url2x":"https:\/\/www.vfplus.org.za\/wp-content\/uploads\/2023\/01\/freedom-front-plus-leadership-wynand-boschoff-01.jpg"},"author_category":"","user_url":"","last_name":"","first_name":"Dr. Wynand Boshoff","job_title":"","description":""}],"_links":{"self":[{"href":"https:\/\/www.vfplus.org.za\/af\/wp-json\/wp\/v2\/posts\/77185","targetHints":{"allow":["GET"]}}],"collection":[{"href":"https:\/\/www.vfplus.org.za\/af\/wp-json\/wp\/v2\/posts"}],"about":[{"href":"https:\/\/www.vfplus.org.za\/af\/wp-json\/wp\/v2\/types\/post"}],"author":[{"embeddable":true,"href":"https:\/\/www.vfplus.org.za\/af\/wp-json\/wp\/v2\/users\/6"}],"replies":[{"embeddable":true,"href":"https:\/\/www.vfplus.org.za\/af\/wp-json\/wp\/v2\/comments?post=77185"}],"version-history":[{"count":1,"href":"https:\/\/www.vfplus.org.za\/af\/wp-json\/wp\/v2\/posts\/77185\/revisions"}],"predecessor-version":[{"id":77188,"href":"https:\/\/www.vfplus.org.za\/af\/wp-json\/wp\/v2\/posts\/77185\/revisions\/77188"}],"wp:featuredmedia":[{"embeddable":true,"href":"https:\/\/www.vfplus.org.za\/af\/wp-json\/wp\/v2\/media\/77186"}],"wp:attachment":[{"href":"https:\/\/www.vfplus.org.za\/af\/wp-json\/wp\/v2\/media?parent=77185"}],"wp:term":[{"taxonomy":"category","embeddable":true,"href":"https:\/\/www.vfplus.org.za\/af\/wp-json\/wp\/v2\/categories?post=77185"},{"taxonomy":"post_tag","embeddable":true,"href":"https:\/\/www.vfplus.org.za\/af\/wp-json\/wp\/v2\/tags?post=77185"},{"taxonomy":"author","embeddable":true,"href":"https:\/\/www.vfplus.org.za\/af\/wp-json\/wp\/v2\/ppma_author?post=77185"}],"curies":[{"name":"wp","href":"https:\/\/api.w.org\/{rel}","templated":true}]}}