{"id":76881,"date":"2024-09-14T08:57:35","date_gmt":"2024-09-14T06:57:35","guid":{"rendered":"https:\/\/www.vfplus.org.za\/?p=76881"},"modified":"2024-09-14T08:57:40","modified_gmt":"2024-09-14T06:57:40","slug":"lesufi-moenie-te-gerus-raak-met-geringe-afname-van-misdaad-in-gauteng","status":"publish","type":"post","link":"https:\/\/www.vfplus.org.za\/af\/jongste-nuus\/lesufi-moenie-te-gerus-raak-met-geringe-afname-van-misdaad-in-gauteng\/","title":{"rendered":"Lesufi moenie te gerus raak met geringe afname van misdaad in Gauteng"},"content":{"rendered":"\n<p class=\"wp-block-paragraph\">Die premier van Gauteng, Panyaza Lesufi, moenie te gerus raak met die geringe afname in ernstige misdade in Gauteng nie.<\/p>\n\n\n\n<p class=\"wp-block-paragraph\">Lesufi en die Gautengse polisiekommissaris, lt.genl. Tommy Mthombeni, het gister die misdaadsyfers vir April tot Junie vanjaar uitgereik.<\/p>\n\n\n\n<p class=\"wp-block-paragraph\">Moord het met 7,3% gedaal, poging tot moord met 4,8%, seksuele oortredings met 0,5%, gewone aanranding met 4,7%, roof met 7,3% en motorkapings met 4,8%<\/p>\n\n\n\n<p class=\"wp-block-paragraph\">Die VF Plus is oortuig daarvan dat mense hul vertroue in die polisie verloor het en daarom word nie alle misdaad aangemeld nie.<\/p>\n\n\n\n<p class=\"wp-block-paragraph\">Die party het Dinsdag self \u0149 polisiekantoor besoek om \u0149 klag aan te meld, maar moes ongedane sake weer vertrek omdat die rekenaarstelsel van lyn was en daar nie \u0149 voertuig beskikbaar was om die klagte te gaan ondersoek nie.<\/p>\n\n\n\n<p class=\"wp-block-paragraph\">Lesufi se lof oor sy aanstelling van 6 000 vredesbeamptes in Gauteng kan ook van korte duur wees.<\/p>\n\n\n\n<p class=\"wp-block-paragraph\">Di\u00e9 beamptes word deur die weermag opgelei. Die weermag is onbevoeg om misdaadvoorkomingopleiding te verskaf.<\/p>\n\n\n\n<p class=\"wp-block-paragraph\">Een van die grootste tekortkominge in die bestryding van misdaad is die ontbreking van misdaadintelligensie op grondvlak.<\/p>\n\n\n\n<p class=\"wp-block-paragraph\">Deur \u0149 deeglike misdaadintelligensie-stelsel op grondvlak te ontwikkel, kan die misdaadsyfer met die hulp van gemeenskappe aansienlik verlaag.<\/p>\n\n\n\n<p class=\"wp-block-paragraph\">Die VF Plus sal verder druk op die Gauteng-regering toepas om Lesufi te dwing om weer \u0149 LUR vir gemeenskapsveiligheid aan te stel en nie soos nou di\u00e9 funksie uit die premierskantoor te hanteer nie.<\/p>\n\n\n\n<p class=\"wp-block-paragraph\">Die afwenteling van magte veral aan metrorade in Gauteng, is baie belangrik.<\/p>\n\n\n\n<p class=\"wp-block-paragraph\">\u0149 Metro wat uitstyg is di\u00e9 van die Tshwane-metro waar daar elke dag geveg word om korrupsie en misdaad uit te roei.<\/p>\n","protected":false},"excerpt":{"rendered":"<p>Die premier van Gauteng, Panyaza Lesufi, moenie te gerus raak met die geringe afname in ernstige misdade in Gauteng nie. Lesufi en die Gautengse polisiekommissaris, lt.genl. Tommy Mthombeni, het gister die misdaadsyfers vir April tot Junie vanjaar uitgereik. Moord het met 7,3% gedaal, poging tot moord met 4,8%, seksuele oortredings met 0,5%, gewone aanranding met [&hellip;]<\/p>\n","protected":false},"author":5,"featured_media":71448,"comment_status":"closed","ping_status":"closed","sticky":false,"template":"","format":"standard","meta":{"_acf_changed":false,"_relevanssi_hide_post":"","_relevanssi_hide_content":"","_relevanssi_pin_for_all":"","_relevanssi_pin_keywords":"","_relevanssi_unpin_keywords":"","_relevanssi_related_keywords":"","_relevanssi_related_include_ids":"","_relevanssi_related_exclude_ids":"","_relevanssi_related_no_append":"","_relevanssi_related_not_related":"","_relevanssi_related_posts":"63589,64011,60129,61265,63202,60965","_relevanssi_noindex_reason":"","footnotes":""},"categories":[74,100],"tags":[],"ppma_author":[311],"class_list":["post-76881","post","type-post","status-publish","format-standard","has-post-thumbnail","hentry","category-jongste-nuus","category-mediaverklarings"],"acf":[],"yoast_head":"<!-- This site is optimized with the Yoast SEO plugin v28.3 - https:\/\/yoast.com\/product\/yoast-seo-wordpress\/ -->\n<title>Lesufi moenie te gerus raak met geringe afname van misdaad in Gauteng | Vryheidsfront Plus<\/title>\n<meta name=\"description\" content=\"Die premier van Gauteng, Panyaza Lesufi, moenie te gerus raak met die geringe afname in ernstige misdade in Gauteng nie. Lesufi en die Gautengse\" \/>\n<meta name=\"robots\" content=\"index, follow, max-snippet:-1, max-image-preview:large, max-video-preview:-1\" \/>\n<link rel=\"canonical\" href=\"https:\/\/www.vfplus.org.za\/af\/jongste-nuus\/lesufi-moenie-te-gerus-raak-met-geringe-afname-van-misdaad-in-gauteng\/\" \/>\n<meta property=\"og:locale\" content=\"af_ZA\" \/>\n<meta property=\"og:type\" content=\"article\" \/>\n<meta property=\"og:title\" content=\"Lesufi moenie te gerus raak met geringe afname van misdaad in Gauteng | Vryheidsfront Plus\" \/>\n<meta property=\"og:description\" content=\"Die premier van Gauteng, Panyaza Lesufi, moenie te gerus raak met die geringe afname in ernstige misdade in Gauteng nie. Lesufi en die Gautengse\" \/>\n<meta property=\"og:url\" content=\"https:\/\/www.vfplus.org.za\/af\/jongste-nuus\/lesufi-moenie-te-gerus-raak-met-geringe-afname-van-misdaad-in-gauteng\/\" \/>\n<meta property=\"og:site_name\" content=\"Vryheidsfront Plus\" \/>\n<meta property=\"article:publisher\" content=\"https:\/\/www.facebook.com\/VFplus?fref=ts\" \/>\n<meta property=\"article:published_time\" content=\"2024-09-14T06:57:35+00:00\" \/>\n<meta property=\"article:modified_time\" content=\"2024-09-14T06:57:40+00:00\" \/>\n<meta property=\"og:image\" content=\"https:\/\/www.vfplus.org.za\/wp-content\/uploads\/2023\/11\/freedomfront_plus_Verband-tussen-deurlopend-stygende-misdaad-en-swakker-polisiediens-wys-al-hoe-duideliker.jpg\" \/>\n\t<meta property=\"og:image:width\" content=\"1024\" \/>\n\t<meta property=\"og:image:height\" content=\"768\" \/>\n\t<meta property=\"og:image:type\" content=\"image\/jpeg\" \/>\n<meta name=\"author\" content=\"Jaco Mulder\" \/>\n<meta name=\"twitter:card\" content=\"summary_large_image\" \/>\n<meta name=\"twitter:creator\" content=\"@VFplus\" \/>\n<meta name=\"twitter:site\" content=\"@VFplus\" \/>\n<meta name=\"twitter:label1\" content=\"Written by\" \/>\n\t<meta name=\"twitter:data1\" content=\"brand_candy_amy\" \/>\n\t<meta name=\"twitter:label2\" content=\"Est. reading time\" \/>\n\t<meta name=\"twitter:data2\" content=\"2 minutes\" \/>\n<script type=\"application\/ld+json\" class=\"yoast-schema-graph\">{\"@context\":\"https:\\\/\\\/schema.org\",\"@graph\":[{\"@type\":\"Article\",\"@id\":\"https:\\\/\\\/www.vfplus.org.za\\\/af\\\/jongste-nuus\\\/lesufi-moenie-te-gerus-raak-met-geringe-afname-van-misdaad-in-gauteng\\\/#article\",\"isPartOf\":{\"@id\":\"https:\\\/\\\/www.vfplus.org.za\\\/af\\\/jongste-nuus\\\/lesufi-moenie-te-gerus-raak-met-geringe-afname-van-misdaad-in-gauteng\\\/\"},\"author\":{\"name\":\"brand_candy_amy\",\"@id\":\"https:\\\/\\\/www.vfplus.org.za\\\/af\\\/#\\\/schema\\\/person\\\/2c3e703fc713d95efd7b7bf7b34646f4\"},\"headline\":\"Lesufi moenie te gerus raak met geringe afname van misdaad in Gauteng\",\"datePublished\":\"2024-09-14T06:57:35+00:00\",\"dateModified\":\"2024-09-14T06:57:40+00:00\",\"mainEntityOfPage\":{\"@id\":\"https:\\\/\\\/www.vfplus.org.za\\\/af\\\/jongste-nuus\\\/lesufi-moenie-te-gerus-raak-met-geringe-afname-van-misdaad-in-gauteng\\\/\"},\"wordCount\":262,\"publisher\":{\"@id\":\"https:\\\/\\\/www.vfplus.org.za\\\/af\\\/#organization\"},\"image\":{\"@id\":\"https:\\\/\\\/www.vfplus.org.za\\\/af\\\/jongste-nuus\\\/lesufi-moenie-te-gerus-raak-met-geringe-afname-van-misdaad-in-gauteng\\\/#primaryimage\"},\"thumbnailUrl\":\"https:\\\/\\\/www.vfplus.org.za\\\/wp-content\\\/uploads\\\/2023\\\/11\\\/freedomfront_plus_Verband-tussen-deurlopend-stygende-misdaad-en-swakker-polisiediens-wys-al-hoe-duideliker.jpg\",\"articleSection\":[\"Jongste nuus\",\"Mediaverklarings\"],\"inLanguage\":\"af-ZA\"},{\"@type\":\"WebPage\",\"@id\":\"https:\\\/\\\/www.vfplus.org.za\\\/af\\\/jongste-nuus\\\/lesufi-moenie-te-gerus-raak-met-geringe-afname-van-misdaad-in-gauteng\\\/\",\"url\":\"https:\\\/\\\/www.vfplus.org.za\\\/af\\\/jongste-nuus\\\/lesufi-moenie-te-gerus-raak-met-geringe-afname-van-misdaad-in-gauteng\\\/\",\"name\":\"Lesufi moenie te gerus raak met geringe afname van misdaad in Gauteng | Vryheidsfront Plus\",\"isPartOf\":{\"@id\":\"https:\\\/\\\/www.vfplus.org.za\\\/af\\\/#website\"},\"primaryImageOfPage\":{\"@id\":\"https:\\\/\\\/www.vfplus.org.za\\\/af\\\/jongste-nuus\\\/lesufi-moenie-te-gerus-raak-met-geringe-afname-van-misdaad-in-gauteng\\\/#primaryimage\"},\"image\":{\"@id\":\"https:\\\/\\\/www.vfplus.org.za\\\/af\\\/jongste-nuus\\\/lesufi-moenie-te-gerus-raak-met-geringe-afname-van-misdaad-in-gauteng\\\/#primaryimage\"},\"thumbnailUrl\":\"https:\\\/\\\/www.vfplus.org.za\\\/wp-content\\\/uploads\\\/2023\\\/11\\\/freedomfront_plus_Verband-tussen-deurlopend-stygende-misdaad-en-swakker-polisiediens-wys-al-hoe-duideliker.jpg\",\"datePublished\":\"2024-09-14T06:57:35+00:00\",\"dateModified\":\"2024-09-14T06:57:40+00:00\",\"description\":\"Die premier van Gauteng, Panyaza Lesufi, moenie te gerus raak met die geringe afname in ernstige misdade in Gauteng nie. Lesufi en die Gautengse\",\"breadcrumb\":{\"@id\":\"https:\\\/\\\/www.vfplus.org.za\\\/af\\\/jongste-nuus\\\/lesufi-moenie-te-gerus-raak-met-geringe-afname-van-misdaad-in-gauteng\\\/#breadcrumb\"},\"inLanguage\":\"af-ZA\",\"potentialAction\":[{\"@type\":\"ReadAction\",\"target\":[\"https:\\\/\\\/www.vfplus.org.za\\\/af\\\/jongste-nuus\\\/lesufi-moenie-te-gerus-raak-met-geringe-afname-van-misdaad-in-gauteng\\\/\"]}]},{\"@type\":\"ImageObject\",\"inLanguage\":\"af-ZA\",\"@id\":\"https:\\\/\\\/www.vfplus.org.za\\\/af\\\/jongste-nuus\\\/lesufi-moenie-te-gerus-raak-met-geringe-afname-van-misdaad-in-gauteng\\\/#primaryimage\",\"url\":\"https:\\\/\\\/www.vfplus.org.za\\\/wp-content\\\/uploads\\\/2023\\\/11\\\/freedomfront_plus_Verband-tussen-deurlopend-stygende-misdaad-en-swakker-polisiediens-wys-al-hoe-duideliker.jpg\",\"contentUrl\":\"https:\\\/\\\/www.vfplus.org.za\\\/wp-content\\\/uploads\\\/2023\\\/11\\\/freedomfront_plus_Verband-tussen-deurlopend-stygende-misdaad-en-swakker-polisiediens-wys-al-hoe-duideliker.jpg\",\"width\":1024,\"height\":768},{\"@type\":\"BreadcrumbList\",\"@id\":\"https:\\\/\\\/www.vfplus.org.za\\\/af\\\/jongste-nuus\\\/lesufi-moenie-te-gerus-raak-met-geringe-afname-van-misdaad-in-gauteng\\\/#breadcrumb\",\"itemListElement\":[{\"@type\":\"ListItem\",\"position\":1,\"name\":\"Tuis\",\"item\":\"https:\\\/\\\/www.vfplus.org.za\\\/af\\\/\"},{\"@type\":\"ListItem\",\"position\":2,\"name\":\"Lesufi moenie te gerus raak met geringe afname van misdaad in Gauteng\"}]},{\"@type\":\"WebSite\",\"@id\":\"https:\\\/\\\/www.vfplus.org.za\\\/af\\\/#website\",\"url\":\"https:\\\/\\\/www.vfplus.org.za\\\/af\\\/\",\"name\":\"Freedom Front Plus\",\"description\":\"Stand Up | Stand Together | Stand Strong\",\"publisher\":{\"@id\":\"https:\\\/\\\/www.vfplus.org.za\\\/af\\\/#organization\"},\"potentialAction\":[{\"@type\":\"SearchAction\",\"target\":{\"@type\":\"EntryPoint\",\"urlTemplate\":\"https:\\\/\\\/www.vfplus.org.za\\\/af\\\/?s={search_term_string}\"},\"query-input\":{\"@type\":\"PropertyValueSpecification\",\"valueRequired\":true,\"valueName\":\"search_term_string\"}}],\"inLanguage\":\"af-ZA\"},{\"@type\":\"Organization\",\"@id\":\"https:\\\/\\\/www.vfplus.org.za\\\/af\\\/#organization\",\"name\":\"Vryheidsfront Plus\",\"alternateName\":\"VF Plus\",\"url\":\"https:\\\/\\\/www.vfplus.org.za\\\/af\\\/\",\"logo\":{\"@type\":\"ImageObject\",\"inLanguage\":\"af-ZA\",\"@id\":\"https:\\\/\\\/www.vfplus.org.za\\\/af\\\/#\\\/schema\\\/logo\\\/image\\\/\",\"url\":\"https:\\\/\\\/www.vfplus.org.za\\\/wp-content\\\/uploads\\\/2022\\\/11\\\/vfplus-logo-01.png\",\"contentUrl\":\"https:\\\/\\\/www.vfplus.org.za\\\/wp-content\\\/uploads\\\/2022\\\/11\\\/vfplus-logo-01.png\",\"width\":130,\"height\":130,\"caption\":\"Vryheidsfront Plus\"},\"image\":{\"@id\":\"https:\\\/\\\/www.vfplus.org.za\\\/af\\\/#\\\/schema\\\/logo\\\/image\\\/\"},\"sameAs\":[\"https:\\\/\\\/www.facebook.com\\\/VFplus?fref=ts\",\"https:\\\/\\\/x.com\\\/VFplus\",\"https:\\\/\\\/www.instagram.com\\\/vfplus_ffplus\\\/?hl=en\",\"https:\\\/\\\/www.youtube.com\\\/user\\\/VRYHEIDSFRONTplus\"]},{\"@type\":\"Person\",\"@id\":\"https:\\\/\\\/www.vfplus.org.za\\\/af\\\/#\\\/schema\\\/person\\\/2c3e703fc713d95efd7b7bf7b34646f4\",\"name\":\"brand_candy_amy\",\"image\":{\"@type\":\"ImageObject\",\"inLanguage\":\"af-ZA\",\"@id\":\"https:\\\/\\\/secure.gravatar.com\\\/avatar\\\/d295c22bd41c5cb61e8aa7fcafe90d2d2302363bc123897b40165ee0165d4f6b?s=96&d=mm&r=g45c99b902ec3fd12cf6977a6b6edf27a\",\"url\":\"https:\\\/\\\/secure.gravatar.com\\\/avatar\\\/d295c22bd41c5cb61e8aa7fcafe90d2d2302363bc123897b40165ee0165d4f6b?s=96&d=mm&r=g\",\"contentUrl\":\"https:\\\/\\\/secure.gravatar.com\\\/avatar\\\/d295c22bd41c5cb61e8aa7fcafe90d2d2302363bc123897b40165ee0165d4f6b?s=96&d=mm&r=g\",\"caption\":\"brand_candy_amy\"},\"sameAs\":[\"https:\\\/\\\/brandcandy.co.za\"],\"url\":\"https:\\\/\\\/www.vfplus.org.za\\\/af\\\/author\\\/brand_candy_amy\\\/\"}]}<\/script>\n<!-- \/ Yoast SEO plugin. -->","yoast_head_json":{"title":"Lesufi moenie te gerus raak met geringe afname van misdaad in Gauteng | Vryheidsfront Plus","description":"Die premier van Gauteng, Panyaza Lesufi, moenie te gerus raak met die geringe afname in ernstige misdade in Gauteng nie. Lesufi en die Gautengse","robots":{"index":"index","follow":"follow","max-snippet":"max-snippet:-1","max-image-preview":"max-image-preview:large","max-video-preview":"max-video-preview:-1"},"canonical":"https:\/\/www.vfplus.org.za\/af\/jongste-nuus\/lesufi-moenie-te-gerus-raak-met-geringe-afname-van-misdaad-in-gauteng\/","og_locale":"af_ZA","og_type":"article","og_title":"Lesufi moenie te gerus raak met geringe afname van misdaad in Gauteng | Vryheidsfront Plus","og_description":"Die premier van Gauteng, Panyaza Lesufi, moenie te gerus raak met die geringe afname in ernstige misdade in Gauteng nie. Lesufi en die Gautengse","og_url":"https:\/\/www.vfplus.org.za\/af\/jongste-nuus\/lesufi-moenie-te-gerus-raak-met-geringe-afname-van-misdaad-in-gauteng\/","og_site_name":"Vryheidsfront Plus","article_publisher":"https:\/\/www.facebook.com\/VFplus?fref=ts","article_published_time":"2024-09-14T06:57:35+00:00","article_modified_time":"2024-09-14T06:57:40+00:00","og_image":[{"width":1024,"height":768,"url":"https:\/\/www.vfplus.org.za\/wp-content\/uploads\/2023\/11\/freedomfront_plus_Verband-tussen-deurlopend-stygende-misdaad-en-swakker-polisiediens-wys-al-hoe-duideliker.jpg","type":"image\/jpeg"}],"author":"Jaco Mulder","twitter_card":"summary_large_image","twitter_creator":"@VFplus","twitter_site":"@VFplus","twitter_misc":{"Written by":"brand_candy_amy","Est. reading time":"2 minutes"},"schema":{"@context":"https:\/\/schema.org","@graph":[{"@type":"Article","@id":"https:\/\/www.vfplus.org.za\/af\/jongste-nuus\/lesufi-moenie-te-gerus-raak-met-geringe-afname-van-misdaad-in-gauteng\/#article","isPartOf":{"@id":"https:\/\/www.vfplus.org.za\/af\/jongste-nuus\/lesufi-moenie-te-gerus-raak-met-geringe-afname-van-misdaad-in-gauteng\/"},"author":{"name":"brand_candy_amy","@id":"https:\/\/www.vfplus.org.za\/af\/#\/schema\/person\/2c3e703fc713d95efd7b7bf7b34646f4"},"headline":"Lesufi moenie te gerus raak met geringe afname van misdaad in Gauteng","datePublished":"2024-09-14T06:57:35+00:00","dateModified":"2024-09-14T06:57:40+00:00","mainEntityOfPage":{"@id":"https:\/\/www.vfplus.org.za\/af\/jongste-nuus\/lesufi-moenie-te-gerus-raak-met-geringe-afname-van-misdaad-in-gauteng\/"},"wordCount":262,"publisher":{"@id":"https:\/\/www.vfplus.org.za\/af\/#organization"},"image":{"@id":"https:\/\/www.vfplus.org.za\/af\/jongste-nuus\/lesufi-moenie-te-gerus-raak-met-geringe-afname-van-misdaad-in-gauteng\/#primaryimage"},"thumbnailUrl":"https:\/\/www.vfplus.org.za\/wp-content\/uploads\/2023\/11\/freedomfront_plus_Verband-tussen-deurlopend-stygende-misdaad-en-swakker-polisiediens-wys-al-hoe-duideliker.jpg","articleSection":["Jongste nuus","Mediaverklarings"],"inLanguage":"af-ZA"},{"@type":"WebPage","@id":"https:\/\/www.vfplus.org.za\/af\/jongste-nuus\/lesufi-moenie-te-gerus-raak-met-geringe-afname-van-misdaad-in-gauteng\/","url":"https:\/\/www.vfplus.org.za\/af\/jongste-nuus\/lesufi-moenie-te-gerus-raak-met-geringe-afname-van-misdaad-in-gauteng\/","name":"Lesufi moenie te gerus raak met geringe afname van misdaad in Gauteng | Vryheidsfront Plus","isPartOf":{"@id":"https:\/\/www.vfplus.org.za\/af\/#website"},"primaryImageOfPage":{"@id":"https:\/\/www.vfplus.org.za\/af\/jongste-nuus\/lesufi-moenie-te-gerus-raak-met-geringe-afname-van-misdaad-in-gauteng\/#primaryimage"},"image":{"@id":"https:\/\/www.vfplus.org.za\/af\/jongste-nuus\/lesufi-moenie-te-gerus-raak-met-geringe-afname-van-misdaad-in-gauteng\/#primaryimage"},"thumbnailUrl":"https:\/\/www.vfplus.org.za\/wp-content\/uploads\/2023\/11\/freedomfront_plus_Verband-tussen-deurlopend-stygende-misdaad-en-swakker-polisiediens-wys-al-hoe-duideliker.jpg","datePublished":"2024-09-14T06:57:35+00:00","dateModified":"2024-09-14T06:57:40+00:00","description":"Die premier van Gauteng, Panyaza Lesufi, moenie te gerus raak met die geringe afname in ernstige misdade in Gauteng nie. Lesufi en die Gautengse","breadcrumb":{"@id":"https:\/\/www.vfplus.org.za\/af\/jongste-nuus\/lesufi-moenie-te-gerus-raak-met-geringe-afname-van-misdaad-in-gauteng\/#breadcrumb"},"inLanguage":"af-ZA","potentialAction":[{"@type":"ReadAction","target":["https:\/\/www.vfplus.org.za\/af\/jongste-nuus\/lesufi-moenie-te-gerus-raak-met-geringe-afname-van-misdaad-in-gauteng\/"]}]},{"@type":"ImageObject","inLanguage":"af-ZA","@id":"https:\/\/www.vfplus.org.za\/af\/jongste-nuus\/lesufi-moenie-te-gerus-raak-met-geringe-afname-van-misdaad-in-gauteng\/#primaryimage","url":"https:\/\/www.vfplus.org.za\/wp-content\/uploads\/2023\/11\/freedomfront_plus_Verband-tussen-deurlopend-stygende-misdaad-en-swakker-polisiediens-wys-al-hoe-duideliker.jpg","contentUrl":"https:\/\/www.vfplus.org.za\/wp-content\/uploads\/2023\/11\/freedomfront_plus_Verband-tussen-deurlopend-stygende-misdaad-en-swakker-polisiediens-wys-al-hoe-duideliker.jpg","width":1024,"height":768},{"@type":"BreadcrumbList","@id":"https:\/\/www.vfplus.org.za\/af\/jongste-nuus\/lesufi-moenie-te-gerus-raak-met-geringe-afname-van-misdaad-in-gauteng\/#breadcrumb","itemListElement":[{"@type":"ListItem","position":1,"name":"Tuis","item":"https:\/\/www.vfplus.org.za\/af\/"},{"@type":"ListItem","position":2,"name":"Lesufi moenie te gerus raak met geringe afname van misdaad in Gauteng"}]},{"@type":"WebSite","@id":"https:\/\/www.vfplus.org.za\/af\/#website","url":"https:\/\/www.vfplus.org.za\/af\/","name":"Freedom Front Plus","description":"Stand Up | Stand Together | Stand Strong","publisher":{"@id":"https:\/\/www.vfplus.org.za\/af\/#organization"},"potentialAction":[{"@type":"SearchAction","target":{"@type":"EntryPoint","urlTemplate":"https:\/\/www.vfplus.org.za\/af\/?s={search_term_string}"},"query-input":{"@type":"PropertyValueSpecification","valueRequired":true,"valueName":"search_term_string"}}],"inLanguage":"af-ZA"},{"@type":"Organization","@id":"https:\/\/www.vfplus.org.za\/af\/#organization","name":"Vryheidsfront Plus","alternateName":"VF Plus","url":"https:\/\/www.vfplus.org.za\/af\/","logo":{"@type":"ImageObject","inLanguage":"af-ZA","@id":"https:\/\/www.vfplus.org.za\/af\/#\/schema\/logo\/image\/","url":"https:\/\/www.vfplus.org.za\/wp-content\/uploads\/2022\/11\/vfplus-logo-01.png","contentUrl":"https:\/\/www.vfplus.org.za\/wp-content\/uploads\/2022\/11\/vfplus-logo-01.png","width":130,"height":130,"caption":"Vryheidsfront Plus"},"image":{"@id":"https:\/\/www.vfplus.org.za\/af\/#\/schema\/logo\/image\/"},"sameAs":["https:\/\/www.facebook.com\/VFplus?fref=ts","https:\/\/x.com\/VFplus","https:\/\/www.instagram.com\/vfplus_ffplus\/?hl=en","https:\/\/www.youtube.com\/user\/VRYHEIDSFRONTplus"]},{"@type":"Person","@id":"https:\/\/www.vfplus.org.za\/af\/#\/schema\/person\/2c3e703fc713d95efd7b7bf7b34646f4","name":"brand_candy_amy","image":{"@type":"ImageObject","inLanguage":"af-ZA","@id":"https:\/\/secure.gravatar.com\/avatar\/d295c22bd41c5cb61e8aa7fcafe90d2d2302363bc123897b40165ee0165d4f6b?s=96&d=mm&r=g45c99b902ec3fd12cf6977a6b6edf27a","url":"https:\/\/secure.gravatar.com\/avatar\/d295c22bd41c5cb61e8aa7fcafe90d2d2302363bc123897b40165ee0165d4f6b?s=96&d=mm&r=g","contentUrl":"https:\/\/secure.gravatar.com\/avatar\/d295c22bd41c5cb61e8aa7fcafe90d2d2302363bc123897b40165ee0165d4f6b?s=96&d=mm&r=g","caption":"brand_candy_amy"},"sameAs":["https:\/\/brandcandy.co.za"],"url":"https:\/\/www.vfplus.org.za\/af\/author\/brand_candy_amy\/"}]}},"authors":[{"term_id":311,"user_id":0,"is_guest":1,"slug":"jaco-mulder","display_name":"Jaco Mulder","avatar_url":{"url":"https:\/\/www.vfplus.org.za\/wp-content\/uploads\/2023\/03\/freedomfront-plus-author-mr-jaco-mulder-01.jpg","url2x":"https:\/\/www.vfplus.org.za\/wp-content\/uploads\/2023\/03\/freedomfront-plus-author-mr-jaco-mulder-01.jpg"},"author_category":"","user_url":"","last_name":"","first_name":"","job_title":"","description":""}],"_links":{"self":[{"href":"https:\/\/www.vfplus.org.za\/af\/wp-json\/wp\/v2\/posts\/76881","targetHints":{"allow":["GET"]}}],"collection":[{"href":"https:\/\/www.vfplus.org.za\/af\/wp-json\/wp\/v2\/posts"}],"about":[{"href":"https:\/\/www.vfplus.org.za\/af\/wp-json\/wp\/v2\/types\/post"}],"author":[{"embeddable":true,"href":"https:\/\/www.vfplus.org.za\/af\/wp-json\/wp\/v2\/users\/5"}],"replies":[{"embeddable":true,"href":"https:\/\/www.vfplus.org.za\/af\/wp-json\/wp\/v2\/comments?post=76881"}],"version-history":[{"count":1,"href":"https:\/\/www.vfplus.org.za\/af\/wp-json\/wp\/v2\/posts\/76881\/revisions"}],"predecessor-version":[{"id":76882,"href":"https:\/\/www.vfplus.org.za\/af\/wp-json\/wp\/v2\/posts\/76881\/revisions\/76882"}],"wp:featuredmedia":[{"embeddable":true,"href":"https:\/\/www.vfplus.org.za\/af\/wp-json\/wp\/v2\/media\/71448"}],"wp:attachment":[{"href":"https:\/\/www.vfplus.org.za\/af\/wp-json\/wp\/v2\/media?parent=76881"}],"wp:term":[{"taxonomy":"category","embeddable":true,"href":"https:\/\/www.vfplus.org.za\/af\/wp-json\/wp\/v2\/categories?post=76881"},{"taxonomy":"post_tag","embeddable":true,"href":"https:\/\/www.vfplus.org.za\/af\/wp-json\/wp\/v2\/tags?post=76881"},{"taxonomy":"author","embeddable":true,"href":"https:\/\/www.vfplus.org.za\/af\/wp-json\/wp\/v2\/ppma_author?post=76881"}],"curies":[{"name":"wp","href":"https:\/\/api.w.org\/{rel}","templated":true}]}}