{"id":76829,"date":"2024-09-12T10:16:48","date_gmt":"2024-09-12T08:16:48","guid":{"rendered":"https:\/\/www.vfplus.org.za\/?p=76829"},"modified":"2024-09-12T11:55:38","modified_gmt":"2024-09-12T09:55:38","slug":"koppe-moet-rol-in-gesondheidsdepartement-oor-mediese-regseise","status":"publish","type":"post","link":"https:\/\/www.vfplus.org.za\/af\/jongste-nuus\/koppe-moet-rol-in-gesondheidsdepartement-oor-mediese-regseise\/","title":{"rendered":"Koppe moet rol in gesondheidsdepartement oor mediese regseise"},"content":{"rendered":"\n<p class=\"wp-block-paragraph\">Die omvangryke regseise teen die departement van gesondheid oor die laaste jare is \u0149 duidelike simptoom van die verval in openbare gesondheidsorg en die tyd het aangebreek dat koppe in die departement begin rol om aanspreeklikheid te verseker.<\/p>\n\n\n\n<p class=\"wp-block-paragraph\">Die VF Plus het gister in \u0149 gesamentlike sitting van die portefeuljekomitee vir gesondheid en die staande komitees vir openbare rekeninge en toedeling, dit duidelik gemaak dat die buitensporige regseise nie langer geduld kan word nie.<\/p>\n\n\n\n<p class=\"wp-block-paragraph\">Die vergadering het plaasgevind nadat die minister van gesondheid, dr. Aaron Motsoaledi, onlangs bekend gemaak het dat die spesiale ondersoekeenheid (SOE) ondersoek gaan instel na valse, ongeldige en bedrieglike regseise wat deur regsfirmas teen die departement ingestel word.<\/p>\n\n\n\n<p class=\"wp-block-paragraph\">Die VF Plus steun so \u0149 ondersoek, maar besef ook deeglik dat daar twee kante van die saak is. Daar vind wel ongerymdhede plaas, maar nie alle eise is vals, ongeldig of bedrieglik nie.<\/p>\n\n\n\n<p class=\"wp-block-paragraph\">\u0149 Groot aantal van die eise van miljarde rande teen die staat se gesondheidsinstellings is omdat daar nie voldoende sorg aan pasi\u00ebnte gelewer word nie. In 2022 was daar 15 000 eise teen die departement ter waarde van R125 miljard. R855 miljoen hiervan is betaal.<\/p>\n\n\n\n<p class=\"wp-block-paragraph\">Die VF Plus het reeds in 2022 n\u00e1 \u0149 eie, omvattende ondersoek oor die haglike toestand van openbare gesondheidsorg in die land, daarop aangedring dat president Cyril Ramaphosa \u0149 kommissie van ondersoek aanstel om ondersoek te doen na die toestand in staatshospitale.<\/p>\n\n\n\n<p class=\"wp-block-paragraph\">Die party het in November 2023 \u0149 skokkende verslag uitgereik oor menseregteskendings in staats- en provinsiale hospitale en het ook \u0149 klag ingedien by die menseregtekommissie (MRK) wat tans nog ondersoek word.<\/p>\n\n\n\n<p class=\"wp-block-paragraph\">Die verslag toon aan dat pasi\u00ebnte erg ly weens die uiters swak toestande en behandeling in hierdie instellings. Hierdie kant van die saak moet ook belig en ondersoek word.<\/p>\n\n\n\n<p class=\"wp-block-paragraph\">Die South African Medical Malpractice Lawyers Association moet in hierdie opsig die geleentheid gegun word om sy insette te lewer en het reeds te kenne gegee dat hy bereid is om dit te doen.<\/p>\n\n\n\n<p class=\"wp-block-paragraph\">Die VF Plus dring ook daarop aan dat \u0149 volledige verslag oor mediese regseise aan die portefeuljekomitee vir gesondheid oorhandig word. Die komitee het s\u00f3 \u0149 verslag al in 2022 aangevra, maar het dit steeds nie ontvang nie.<\/p>\n\n\n\n<p class=\"wp-block-paragraph\">Was dit boonop nie vir die ouditeur-generaal (OG) wat in 2022 die enorme eise onder die komitee se aandag gebring het nie, sou geen haan waarskynlik nog daaroor gekraai het nie.<\/p>\n\n\n\n<p class=\"wp-block-paragraph\">Die tyd het aangebreek dat daar vinnig en ferm opgetree word en koppe sal moet rol in die proses.<\/p>\n","protected":false},"excerpt":{"rendered":"<p>Die omvangryke regseise teen die departement van gesondheid oor die laaste jare is \u0149 duidelike simptoom van die verval in openbare gesondheidsorg en die tyd het aangebreek dat koppe in die departement begin rol om aanspreeklikheid te verseker. Die VF Plus het gister in \u0149 gesamentlike sitting van die portefeuljekomitee vir gesondheid en die staande [&hellip;]<\/p>\n","protected":false},"author":5,"featured_media":76841,"comment_status":"closed","ping_status":"closed","sticky":false,"template":"","format":"standard","meta":{"_acf_changed":false,"_relevanssi_hide_post":"","_relevanssi_hide_content":"","_relevanssi_pin_for_all":"","_relevanssi_pin_keywords":"","_relevanssi_unpin_keywords":"","_relevanssi_related_keywords":"","_relevanssi_related_include_ids":"","_relevanssi_related_exclude_ids":"","_relevanssi_related_no_append":"","_relevanssi_related_not_related":"","_relevanssi_related_posts":"68297,67506,60493,60036,63410,20432","_relevanssi_noindex_reason":"","footnotes":""},"categories":[74,100],"tags":[],"ppma_author":[301],"class_list":["post-76829","post","type-post","status-publish","format-standard","has-post-thumbnail","hentry","category-jongste-nuus","category-mediaverklarings"],"acf":[],"yoast_head":"<!-- This site is optimized with the Yoast SEO plugin v28.3 - https:\/\/yoast.com\/product\/yoast-seo-wordpress\/ -->\n<title>Koppe moet rol in gesondheidsdepartement oor mediese regseise | Vryheidsfront Plus<\/title>\n<meta name=\"description\" content=\"Die omvangryke regseise teen die departement van gesondheid oor die laaste jare is \u0149 duidelike simptoom van die verval in openbare gesondheidsorg en die\" \/>\n<meta name=\"robots\" content=\"index, follow, max-snippet:-1, max-image-preview:large, max-video-preview:-1\" \/>\n<link rel=\"canonical\" href=\"https:\/\/www.vfplus.org.za\/af\/jongste-nuus\/koppe-moet-rol-in-gesondheidsdepartement-oor-mediese-regseise\/\" \/>\n<meta property=\"og:locale\" content=\"af_ZA\" \/>\n<meta property=\"og:type\" content=\"article\" \/>\n<meta property=\"og:title\" content=\"Koppe moet rol in gesondheidsdepartement oor mediese regseise | Vryheidsfront Plus\" \/>\n<meta property=\"og:description\" content=\"Die omvangryke regseise teen die departement van gesondheid oor die laaste jare is \u0149 duidelike simptoom van die verval in openbare gesondheidsorg en die\" \/>\n<meta property=\"og:url\" content=\"https:\/\/www.vfplus.org.za\/af\/jongste-nuus\/koppe-moet-rol-in-gesondheidsdepartement-oor-mediese-regseise\/\" \/>\n<meta property=\"og:site_name\" content=\"Vryheidsfront Plus\" \/>\n<meta property=\"article:publisher\" content=\"https:\/\/www.facebook.com\/VFplus?fref=ts\" \/>\n<meta property=\"article:published_time\" content=\"2024-09-12T08:16:48+00:00\" \/>\n<meta property=\"article:modified_time\" content=\"2024-09-12T09:55:38+00:00\" \/>\n<meta property=\"og:image\" content=\"https:\/\/www.vfplus.org.za\/wp-content\/uploads\/2024\/09\/freedomfront_plus_Koppe-moet-rol-in-gesondheidsdepartement-oor-mediese-regseise-1.png\" \/>\n\t<meta property=\"og:image:width\" content=\"1024\" \/>\n\t<meta property=\"og:image:height\" content=\"768\" \/>\n\t<meta property=\"og:image:type\" content=\"image\/png\" \/>\n<meta name=\"author\" content=\"Philip van Staden\" \/>\n<meta name=\"twitter:card\" content=\"summary_large_image\" \/>\n<meta name=\"twitter:creator\" content=\"@VFplus\" \/>\n<meta name=\"twitter:site\" content=\"@VFplus\" \/>\n<meta name=\"twitter:label1\" content=\"Written by\" \/>\n\t<meta name=\"twitter:data1\" content=\"brand_candy_amy\" \/>\n\t<meta name=\"twitter:label2\" content=\"Est. reading time\" \/>\n\t<meta name=\"twitter:data2\" content=\"3 minutes\" \/>\n<script type=\"application\/ld+json\" class=\"yoast-schema-graph\">{\"@context\":\"https:\\\/\\\/schema.org\",\"@graph\":[{\"@type\":\"Article\",\"@id\":\"https:\\\/\\\/www.vfplus.org.za\\\/af\\\/jongste-nuus\\\/koppe-moet-rol-in-gesondheidsdepartement-oor-mediese-regseise\\\/#article\",\"isPartOf\":{\"@id\":\"https:\\\/\\\/www.vfplus.org.za\\\/af\\\/jongste-nuus\\\/koppe-moet-rol-in-gesondheidsdepartement-oor-mediese-regseise\\\/\"},\"author\":{\"name\":\"brand_candy_amy\",\"@id\":\"https:\\\/\\\/www.vfplus.org.za\\\/af\\\/#\\\/schema\\\/person\\\/2c3e703fc713d95efd7b7bf7b34646f4\"},\"headline\":\"Koppe moet rol in gesondheidsdepartement oor mediese regseise\",\"datePublished\":\"2024-09-12T08:16:48+00:00\",\"dateModified\":\"2024-09-12T09:55:38+00:00\",\"mainEntityOfPage\":{\"@id\":\"https:\\\/\\\/www.vfplus.org.za\\\/af\\\/jongste-nuus\\\/koppe-moet-rol-in-gesondheidsdepartement-oor-mediese-regseise\\\/\"},\"wordCount\":409,\"publisher\":{\"@id\":\"https:\\\/\\\/www.vfplus.org.za\\\/af\\\/#organization\"},\"image\":{\"@id\":\"https:\\\/\\\/www.vfplus.org.za\\\/af\\\/jongste-nuus\\\/koppe-moet-rol-in-gesondheidsdepartement-oor-mediese-regseise\\\/#primaryimage\"},\"thumbnailUrl\":\"https:\\\/\\\/www.vfplus.org.za\\\/wp-content\\\/uploads\\\/2024\\\/09\\\/freedomfront_plus_Koppe-moet-rol-in-gesondheidsdepartement-oor-mediese-regseise-1.png\",\"articleSection\":[\"Jongste nuus\",\"Mediaverklarings\"],\"inLanguage\":\"af-ZA\"},{\"@type\":\"WebPage\",\"@id\":\"https:\\\/\\\/www.vfplus.org.za\\\/af\\\/jongste-nuus\\\/koppe-moet-rol-in-gesondheidsdepartement-oor-mediese-regseise\\\/\",\"url\":\"https:\\\/\\\/www.vfplus.org.za\\\/af\\\/jongste-nuus\\\/koppe-moet-rol-in-gesondheidsdepartement-oor-mediese-regseise\\\/\",\"name\":\"Koppe moet rol in gesondheidsdepartement oor mediese regseise | Vryheidsfront Plus\",\"isPartOf\":{\"@id\":\"https:\\\/\\\/www.vfplus.org.za\\\/af\\\/#website\"},\"primaryImageOfPage\":{\"@id\":\"https:\\\/\\\/www.vfplus.org.za\\\/af\\\/jongste-nuus\\\/koppe-moet-rol-in-gesondheidsdepartement-oor-mediese-regseise\\\/#primaryimage\"},\"image\":{\"@id\":\"https:\\\/\\\/www.vfplus.org.za\\\/af\\\/jongste-nuus\\\/koppe-moet-rol-in-gesondheidsdepartement-oor-mediese-regseise\\\/#primaryimage\"},\"thumbnailUrl\":\"https:\\\/\\\/www.vfplus.org.za\\\/wp-content\\\/uploads\\\/2024\\\/09\\\/freedomfront_plus_Koppe-moet-rol-in-gesondheidsdepartement-oor-mediese-regseise-1.png\",\"datePublished\":\"2024-09-12T08:16:48+00:00\",\"dateModified\":\"2024-09-12T09:55:38+00:00\",\"description\":\"Die omvangryke regseise teen die departement van gesondheid oor die laaste jare is \u0149 duidelike simptoom van die verval in openbare gesondheidsorg en die\",\"breadcrumb\":{\"@id\":\"https:\\\/\\\/www.vfplus.org.za\\\/af\\\/jongste-nuus\\\/koppe-moet-rol-in-gesondheidsdepartement-oor-mediese-regseise\\\/#breadcrumb\"},\"inLanguage\":\"af-ZA\",\"potentialAction\":[{\"@type\":\"ReadAction\",\"target\":[\"https:\\\/\\\/www.vfplus.org.za\\\/af\\\/jongste-nuus\\\/koppe-moet-rol-in-gesondheidsdepartement-oor-mediese-regseise\\\/\"]}]},{\"@type\":\"ImageObject\",\"inLanguage\":\"af-ZA\",\"@id\":\"https:\\\/\\\/www.vfplus.org.za\\\/af\\\/jongste-nuus\\\/koppe-moet-rol-in-gesondheidsdepartement-oor-mediese-regseise\\\/#primaryimage\",\"url\":\"https:\\\/\\\/www.vfplus.org.za\\\/wp-content\\\/uploads\\\/2024\\\/09\\\/freedomfront_plus_Koppe-moet-rol-in-gesondheidsdepartement-oor-mediese-regseise-1.png\",\"contentUrl\":\"https:\\\/\\\/www.vfplus.org.za\\\/wp-content\\\/uploads\\\/2024\\\/09\\\/freedomfront_plus_Koppe-moet-rol-in-gesondheidsdepartement-oor-mediese-regseise-1.png\",\"width\":1024,\"height\":768},{\"@type\":\"BreadcrumbList\",\"@id\":\"https:\\\/\\\/www.vfplus.org.za\\\/af\\\/jongste-nuus\\\/koppe-moet-rol-in-gesondheidsdepartement-oor-mediese-regseise\\\/#breadcrumb\",\"itemListElement\":[{\"@type\":\"ListItem\",\"position\":1,\"name\":\"Tuis\",\"item\":\"https:\\\/\\\/www.vfplus.org.za\\\/af\\\/\"},{\"@type\":\"ListItem\",\"position\":2,\"name\":\"Koppe moet rol in gesondheidsdepartement oor mediese regseise\"}]},{\"@type\":\"WebSite\",\"@id\":\"https:\\\/\\\/www.vfplus.org.za\\\/af\\\/#website\",\"url\":\"https:\\\/\\\/www.vfplus.org.za\\\/af\\\/\",\"name\":\"Freedom Front Plus\",\"description\":\"Stand Up | Stand Together | Stand Strong\",\"publisher\":{\"@id\":\"https:\\\/\\\/www.vfplus.org.za\\\/af\\\/#organization\"},\"potentialAction\":[{\"@type\":\"SearchAction\",\"target\":{\"@type\":\"EntryPoint\",\"urlTemplate\":\"https:\\\/\\\/www.vfplus.org.za\\\/af\\\/?s={search_term_string}\"},\"query-input\":{\"@type\":\"PropertyValueSpecification\",\"valueRequired\":true,\"valueName\":\"search_term_string\"}}],\"inLanguage\":\"af-ZA\"},{\"@type\":\"Organization\",\"@id\":\"https:\\\/\\\/www.vfplus.org.za\\\/af\\\/#organization\",\"name\":\"Vryheidsfront Plus\",\"alternateName\":\"VF Plus\",\"url\":\"https:\\\/\\\/www.vfplus.org.za\\\/af\\\/\",\"logo\":{\"@type\":\"ImageObject\",\"inLanguage\":\"af-ZA\",\"@id\":\"https:\\\/\\\/www.vfplus.org.za\\\/af\\\/#\\\/schema\\\/logo\\\/image\\\/\",\"url\":\"https:\\\/\\\/www.vfplus.org.za\\\/wp-content\\\/uploads\\\/2022\\\/11\\\/vfplus-logo-01.png\",\"contentUrl\":\"https:\\\/\\\/www.vfplus.org.za\\\/wp-content\\\/uploads\\\/2022\\\/11\\\/vfplus-logo-01.png\",\"width\":130,\"height\":130,\"caption\":\"Vryheidsfront Plus\"},\"image\":{\"@id\":\"https:\\\/\\\/www.vfplus.org.za\\\/af\\\/#\\\/schema\\\/logo\\\/image\\\/\"},\"sameAs\":[\"https:\\\/\\\/www.facebook.com\\\/VFplus?fref=ts\",\"https:\\\/\\\/x.com\\\/VFplus\",\"https:\\\/\\\/www.instagram.com\\\/vfplus_ffplus\\\/?hl=en\",\"https:\\\/\\\/www.youtube.com\\\/user\\\/VRYHEIDSFRONTplus\"]},{\"@type\":\"Person\",\"@id\":\"https:\\\/\\\/www.vfplus.org.za\\\/af\\\/#\\\/schema\\\/person\\\/2c3e703fc713d95efd7b7bf7b34646f4\",\"name\":\"brand_candy_amy\",\"image\":{\"@type\":\"ImageObject\",\"inLanguage\":\"af-ZA\",\"@id\":\"https:\\\/\\\/secure.gravatar.com\\\/avatar\\\/d295c22bd41c5cb61e8aa7fcafe90d2d2302363bc123897b40165ee0165d4f6b?s=96&d=mm&r=g45c99b902ec3fd12cf6977a6b6edf27a\",\"url\":\"https:\\\/\\\/secure.gravatar.com\\\/avatar\\\/d295c22bd41c5cb61e8aa7fcafe90d2d2302363bc123897b40165ee0165d4f6b?s=96&d=mm&r=g\",\"contentUrl\":\"https:\\\/\\\/secure.gravatar.com\\\/avatar\\\/d295c22bd41c5cb61e8aa7fcafe90d2d2302363bc123897b40165ee0165d4f6b?s=96&d=mm&r=g\",\"caption\":\"brand_candy_amy\"},\"sameAs\":[\"https:\\\/\\\/brandcandy.co.za\"],\"url\":\"https:\\\/\\\/www.vfplus.org.za\\\/af\\\/author\\\/brand_candy_amy\\\/\"}]}<\/script>\n<!-- \/ Yoast SEO plugin. -->","yoast_head_json":{"title":"Koppe moet rol in gesondheidsdepartement oor mediese regseise | Vryheidsfront Plus","description":"Die omvangryke regseise teen die departement van gesondheid oor die laaste jare is \u0149 duidelike simptoom van die verval in openbare gesondheidsorg en die","robots":{"index":"index","follow":"follow","max-snippet":"max-snippet:-1","max-image-preview":"max-image-preview:large","max-video-preview":"max-video-preview:-1"},"canonical":"https:\/\/www.vfplus.org.za\/af\/jongste-nuus\/koppe-moet-rol-in-gesondheidsdepartement-oor-mediese-regseise\/","og_locale":"af_ZA","og_type":"article","og_title":"Koppe moet rol in gesondheidsdepartement oor mediese regseise | Vryheidsfront Plus","og_description":"Die omvangryke regseise teen die departement van gesondheid oor die laaste jare is \u0149 duidelike simptoom van die verval in openbare gesondheidsorg en die","og_url":"https:\/\/www.vfplus.org.za\/af\/jongste-nuus\/koppe-moet-rol-in-gesondheidsdepartement-oor-mediese-regseise\/","og_site_name":"Vryheidsfront Plus","article_publisher":"https:\/\/www.facebook.com\/VFplus?fref=ts","article_published_time":"2024-09-12T08:16:48+00:00","article_modified_time":"2024-09-12T09:55:38+00:00","og_image":[{"width":1024,"height":768,"url":"https:\/\/www.vfplus.org.za\/wp-content\/uploads\/2024\/09\/freedomfront_plus_Koppe-moet-rol-in-gesondheidsdepartement-oor-mediese-regseise-1.png","type":"image\/png"}],"author":"Philip van Staden","twitter_card":"summary_large_image","twitter_creator":"@VFplus","twitter_site":"@VFplus","twitter_misc":{"Written by":"brand_candy_amy","Est. reading time":"3 minutes"},"schema":{"@context":"https:\/\/schema.org","@graph":[{"@type":"Article","@id":"https:\/\/www.vfplus.org.za\/af\/jongste-nuus\/koppe-moet-rol-in-gesondheidsdepartement-oor-mediese-regseise\/#article","isPartOf":{"@id":"https:\/\/www.vfplus.org.za\/af\/jongste-nuus\/koppe-moet-rol-in-gesondheidsdepartement-oor-mediese-regseise\/"},"author":{"name":"brand_candy_amy","@id":"https:\/\/www.vfplus.org.za\/af\/#\/schema\/person\/2c3e703fc713d95efd7b7bf7b34646f4"},"headline":"Koppe moet rol in gesondheidsdepartement oor mediese regseise","datePublished":"2024-09-12T08:16:48+00:00","dateModified":"2024-09-12T09:55:38+00:00","mainEntityOfPage":{"@id":"https:\/\/www.vfplus.org.za\/af\/jongste-nuus\/koppe-moet-rol-in-gesondheidsdepartement-oor-mediese-regseise\/"},"wordCount":409,"publisher":{"@id":"https:\/\/www.vfplus.org.za\/af\/#organization"},"image":{"@id":"https:\/\/www.vfplus.org.za\/af\/jongste-nuus\/koppe-moet-rol-in-gesondheidsdepartement-oor-mediese-regseise\/#primaryimage"},"thumbnailUrl":"https:\/\/www.vfplus.org.za\/wp-content\/uploads\/2024\/09\/freedomfront_plus_Koppe-moet-rol-in-gesondheidsdepartement-oor-mediese-regseise-1.png","articleSection":["Jongste nuus","Mediaverklarings"],"inLanguage":"af-ZA"},{"@type":"WebPage","@id":"https:\/\/www.vfplus.org.za\/af\/jongste-nuus\/koppe-moet-rol-in-gesondheidsdepartement-oor-mediese-regseise\/","url":"https:\/\/www.vfplus.org.za\/af\/jongste-nuus\/koppe-moet-rol-in-gesondheidsdepartement-oor-mediese-regseise\/","name":"Koppe moet rol in gesondheidsdepartement oor mediese regseise | Vryheidsfront Plus","isPartOf":{"@id":"https:\/\/www.vfplus.org.za\/af\/#website"},"primaryImageOfPage":{"@id":"https:\/\/www.vfplus.org.za\/af\/jongste-nuus\/koppe-moet-rol-in-gesondheidsdepartement-oor-mediese-regseise\/#primaryimage"},"image":{"@id":"https:\/\/www.vfplus.org.za\/af\/jongste-nuus\/koppe-moet-rol-in-gesondheidsdepartement-oor-mediese-regseise\/#primaryimage"},"thumbnailUrl":"https:\/\/www.vfplus.org.za\/wp-content\/uploads\/2024\/09\/freedomfront_plus_Koppe-moet-rol-in-gesondheidsdepartement-oor-mediese-regseise-1.png","datePublished":"2024-09-12T08:16:48+00:00","dateModified":"2024-09-12T09:55:38+00:00","description":"Die omvangryke regseise teen die departement van gesondheid oor die laaste jare is \u0149 duidelike simptoom van die verval in openbare gesondheidsorg en die","breadcrumb":{"@id":"https:\/\/www.vfplus.org.za\/af\/jongste-nuus\/koppe-moet-rol-in-gesondheidsdepartement-oor-mediese-regseise\/#breadcrumb"},"inLanguage":"af-ZA","potentialAction":[{"@type":"ReadAction","target":["https:\/\/www.vfplus.org.za\/af\/jongste-nuus\/koppe-moet-rol-in-gesondheidsdepartement-oor-mediese-regseise\/"]}]},{"@type":"ImageObject","inLanguage":"af-ZA","@id":"https:\/\/www.vfplus.org.za\/af\/jongste-nuus\/koppe-moet-rol-in-gesondheidsdepartement-oor-mediese-regseise\/#primaryimage","url":"https:\/\/www.vfplus.org.za\/wp-content\/uploads\/2024\/09\/freedomfront_plus_Koppe-moet-rol-in-gesondheidsdepartement-oor-mediese-regseise-1.png","contentUrl":"https:\/\/www.vfplus.org.za\/wp-content\/uploads\/2024\/09\/freedomfront_plus_Koppe-moet-rol-in-gesondheidsdepartement-oor-mediese-regseise-1.png","width":1024,"height":768},{"@type":"BreadcrumbList","@id":"https:\/\/www.vfplus.org.za\/af\/jongste-nuus\/koppe-moet-rol-in-gesondheidsdepartement-oor-mediese-regseise\/#breadcrumb","itemListElement":[{"@type":"ListItem","position":1,"name":"Tuis","item":"https:\/\/www.vfplus.org.za\/af\/"},{"@type":"ListItem","position":2,"name":"Koppe moet rol in gesondheidsdepartement oor mediese regseise"}]},{"@type":"WebSite","@id":"https:\/\/www.vfplus.org.za\/af\/#website","url":"https:\/\/www.vfplus.org.za\/af\/","name":"Freedom Front Plus","description":"Stand Up | Stand Together | Stand Strong","publisher":{"@id":"https:\/\/www.vfplus.org.za\/af\/#organization"},"potentialAction":[{"@type":"SearchAction","target":{"@type":"EntryPoint","urlTemplate":"https:\/\/www.vfplus.org.za\/af\/?s={search_term_string}"},"query-input":{"@type":"PropertyValueSpecification","valueRequired":true,"valueName":"search_term_string"}}],"inLanguage":"af-ZA"},{"@type":"Organization","@id":"https:\/\/www.vfplus.org.za\/af\/#organization","name":"Vryheidsfront Plus","alternateName":"VF Plus","url":"https:\/\/www.vfplus.org.za\/af\/","logo":{"@type":"ImageObject","inLanguage":"af-ZA","@id":"https:\/\/www.vfplus.org.za\/af\/#\/schema\/logo\/image\/","url":"https:\/\/www.vfplus.org.za\/wp-content\/uploads\/2022\/11\/vfplus-logo-01.png","contentUrl":"https:\/\/www.vfplus.org.za\/wp-content\/uploads\/2022\/11\/vfplus-logo-01.png","width":130,"height":130,"caption":"Vryheidsfront Plus"},"image":{"@id":"https:\/\/www.vfplus.org.za\/af\/#\/schema\/logo\/image\/"},"sameAs":["https:\/\/www.facebook.com\/VFplus?fref=ts","https:\/\/x.com\/VFplus","https:\/\/www.instagram.com\/vfplus_ffplus\/?hl=en","https:\/\/www.youtube.com\/user\/VRYHEIDSFRONTplus"]},{"@type":"Person","@id":"https:\/\/www.vfplus.org.za\/af\/#\/schema\/person\/2c3e703fc713d95efd7b7bf7b34646f4","name":"brand_candy_amy","image":{"@type":"ImageObject","inLanguage":"af-ZA","@id":"https:\/\/secure.gravatar.com\/avatar\/d295c22bd41c5cb61e8aa7fcafe90d2d2302363bc123897b40165ee0165d4f6b?s=96&d=mm&r=g45c99b902ec3fd12cf6977a6b6edf27a","url":"https:\/\/secure.gravatar.com\/avatar\/d295c22bd41c5cb61e8aa7fcafe90d2d2302363bc123897b40165ee0165d4f6b?s=96&d=mm&r=g","contentUrl":"https:\/\/secure.gravatar.com\/avatar\/d295c22bd41c5cb61e8aa7fcafe90d2d2302363bc123897b40165ee0165d4f6b?s=96&d=mm&r=g","caption":"brand_candy_amy"},"sameAs":["https:\/\/brandcandy.co.za"],"url":"https:\/\/www.vfplus.org.za\/af\/author\/brand_candy_amy\/"}]}},"authors":[{"term_id":301,"user_id":0,"is_guest":1,"slug":"philip-van-staden","display_name":"Philip van Staden","avatar_url":{"url":"https:\/\/www.vfplus.org.za\/wp-content\/uploads\/2023\/04\/freedomfront-plus-author-mr-philip-van-staden-01.jpg","url2x":"https:\/\/www.vfplus.org.za\/wp-content\/uploads\/2023\/04\/freedomfront-plus-author-mr-philip-van-staden-01.jpg"},"author_category":"","user_url":"","last_name":"","first_name":"","job_title":"","description":""}],"_links":{"self":[{"href":"https:\/\/www.vfplus.org.za\/af\/wp-json\/wp\/v2\/posts\/76829","targetHints":{"allow":["GET"]}}],"collection":[{"href":"https:\/\/www.vfplus.org.za\/af\/wp-json\/wp\/v2\/posts"}],"about":[{"href":"https:\/\/www.vfplus.org.za\/af\/wp-json\/wp\/v2\/types\/post"}],"author":[{"embeddable":true,"href":"https:\/\/www.vfplus.org.za\/af\/wp-json\/wp\/v2\/users\/5"}],"replies":[{"embeddable":true,"href":"https:\/\/www.vfplus.org.za\/af\/wp-json\/wp\/v2\/comments?post=76829"}],"version-history":[{"count":1,"href":"https:\/\/www.vfplus.org.za\/af\/wp-json\/wp\/v2\/posts\/76829\/revisions"}],"predecessor-version":[{"id":76832,"href":"https:\/\/www.vfplus.org.za\/af\/wp-json\/wp\/v2\/posts\/76829\/revisions\/76832"}],"wp:featuredmedia":[{"embeddable":true,"href":"https:\/\/www.vfplus.org.za\/af\/wp-json\/wp\/v2\/media\/76841"}],"wp:attachment":[{"href":"https:\/\/www.vfplus.org.za\/af\/wp-json\/wp\/v2\/media?parent=76829"}],"wp:term":[{"taxonomy":"category","embeddable":true,"href":"https:\/\/www.vfplus.org.za\/af\/wp-json\/wp\/v2\/categories?post=76829"},{"taxonomy":"post_tag","embeddable":true,"href":"https:\/\/www.vfplus.org.za\/af\/wp-json\/wp\/v2\/tags?post=76829"},{"taxonomy":"author","embeddable":true,"href":"https:\/\/www.vfplus.org.za\/af\/wp-json\/wp\/v2\/ppma_author?post=76829"}],"curies":[{"name":"wp","href":"https:\/\/api.w.org\/{rel}","templated":true}]}}